{"id":633,"date":"2019-09-13T09:07:33","date_gmt":"2019-09-13T09:07:33","guid":{"rendered":"http:\/\/www.javeriana.edu.co\/boletin-viceacademica\/?p=633"},"modified":"2025-10-23T09:50:30","modified_gmt":"2025-10-23T09:50:30","slug":"mev-campus-virtual-javeriana","status":"publish","type":"post","link":"https:\/\/www.javeriana.edu.co\/boletin-viceacademica\/2019\/09\/mev-campus-virtual-javeriana\/","title":{"rendered":"Educaci\u00f3n Virtual: una apuesta por la transformaci\u00f3n social del pa\u00eds"},"content":{"rendered":"<h3><em>La Pontificia Universidad Javeriana le apuesta a la educaci\u00f3n virtual como fruto de su reflexi\u00f3n pedag\u00f3gica y de su di\u00e1logo con la sociedad y el contexto para que, de esta manera, acompa\u00f1e cr\u00edticamente las transformaciones sociales y desarrolle la investigaci\u00f3n y la innovaci\u00f3n en funci\u00f3n de su aporte a una sociedad m\u00e1s justa en tiempos de cambios culturales. <\/em><strong>\u00a0<\/strong><\/h3>\n<p>&nbsp;<\/p>\n<p style=\"text-align: right\">\u00abEs propio de todo ser viviente tender hacia otra cosa\u00bb.<br \/>\n<em>Enc\u00edclica Laudato S\u00ed. N.240.<\/em><\/p>\n<p>&nbsp;<\/p>\n<p>El Modelo de Educaci\u00f3n Virtual (MEV) de la Pontificia Universidad Javeriana es consecuencia de una Universidad que se repiensa cr\u00edticamente y que, m\u00e1s all\u00e1 de la incorporaci\u00f3n de lo tecnol\u00f3gico, busca encontrar otras mediaciones para que se contin\u00fae fortaleciendo su Misi\u00f3n y Visi\u00f3n por medio de las posibilidades que ofrecen las TIC, articuladas con los programas y los recursos desarrollados en lo presencial<a href=\"#_ftn1\" name=\"_ftnref1\">[1]<\/a>. Para ello, la Universidad crea todo un escenario integral de experiencia educativa virtual para desarrollar programas acad\u00e9micos que contin\u00faen su contribuci\u00f3n a la instauraci\u00f3n de una sociedad m\u00e1s justa y promuevan la formaci\u00f3n integral de las personas, los valores humanos, la transmisi\u00f3n de la ciencia y la construcci\u00f3n orientada y cr\u00edtica de la sociedad en una \u00e9poca de postconflicto y reconciliaci\u00f3n. Como menciona el Vicerrector Acad\u00e9mico, Ing. Luis David Prieto Mart\u00ednez, el MEV \u201cno es un cuerpo extra\u00f1o que nos llega, sino que a partir de lo que nosotros hemos consolidado como una importante tradici\u00f3n acad\u00e9mica absorbemos los elementos m\u00e1s importantes para darle una significaci\u00f3n diferencial desde lo que nos es propio\u201d.<\/p>\n<p>As\u00ed entonces, el MEV no contrapone virtualidad y presencialidad educativa. Los planteamientos y reflexiones para la creaci\u00f3n de una educaci\u00f3n virtual integrada en un modelo donde la Universidad es un todo, implica una reflexi\u00f3n pedag\u00f3gica que tambi\u00e9n incide en los programas que tradicionalmente son presenciales. El MEV es parte integral de su Proyecto Educativo Javeriano y busca ir m\u00e1s all\u00e1 de una simple inserci\u00f3n a una moda por lo virtual; se configura como una oportunidad para el replanteamiento, la innovaci\u00f3n y el desarrollo y no como una virtualizaci\u00f3n de los programas ya existentes. De hecho, este modelo vincula de manera vital e innovadora las actividades acad\u00e9micas en la Universidad y no genera una forma alterna de desarrollo de la oferta acad\u00e9mica, de profesores y de estudiantes.<\/p>\n<p><iframe loading=\"lazy\" width=\"696\" height=\"392\" src=\"https:\/\/www.youtube.com\/embed\/k9iSUKyvoto?feature=oembed\" frameborder=\"0\" allow=\"accelerometer; autoplay; encrypted-media; gyroscope; picture-in-picture\" allowfullscreen><\/iframe><\/p>\n<p style=\"clear: both;text-align: left\"><strong><em> <span style=\"font-size: small\">Desarrollo del MEV de la PUJ. Proyecto de Planeaci\u00f3n Universiatria aprobado en la primera convocatoria. Video realizado en 2018 por Centro \u00c1tico y presentado por el Vicerrector Acad\u00e9mico, Ing. Luis David Prieto Mart\u00ednez.<\/span><\/em><\/strong><\/p>\n<p>Ahora bien, como Universidad integrada a un pa\u00eds de regiones, con visi\u00f3n global e interdisciplinar, el MEV le permite a la Javeriana ampliar el cumplimiento de los objetivos sociales trazados en su oferta acad\u00e9mica presencial y responder al Paradigma Pedag\u00f3gico Ignaciano que establece \u2014entre otras cosas\u2014 la necesidad de promover contactos reflexivos con la realidad para intervenir y actuar en ella. La consolidaci\u00f3n de este modelo estructura un marco que gu\u00eda y da los lineamientos b\u00e1sicos para la materializaci\u00f3n y el desarrollo de un escenario pedag\u00f3gico en un entorno virtual de experiencia educativa a la luz de dicho paradigma, de los valores y principios que le son propios a la Javeriana y de su funci\u00f3n social.<\/p>\n<p>En este sentido, se basa en una reflexi\u00f3n cr\u00edtica sobre las transformaciones en las formas de ense\u00f1ar y aprender, los cambios en el mundo laboral y el impacto de la tecnolog\u00eda en la vida de nuestra sociedad y de quienes la componemos. Planteado de esta manera, es una apuesta por la generaci\u00f3n de conocimiento socialmente relevante en clave de las actuales culturas digitales.<\/p>\n<p>Por otra parte, la ejecuci\u00f3n del MEV implica la creaci\u00f3n de un Campus Virtual, un entorno apoyado con tecnolog\u00edas donde se medie el aprendizaje, la ense\u00f1anza y la evaluaci\u00f3n y donde tenga lugar la vida de la comunidad universitaria. Este proyecto, impulsado por la Rector\u00eda y la Vicerrector\u00eda Acad\u00e9mica (en cabeza del Ing. Luis David Prieto Mart\u00ednez), ha contado con el compromiso de diversas facultades y unidades de las dos sedes, como la Direcci\u00f3n de Programas Acad\u00e9micos, Centro \u00c1tico, el CAE+E, la DTI (unidad de la Vicerrector\u00eda Administrativa), Educaci\u00f3n Continua (unidad de la Vicerrector\u00eda de Extensi\u00f3n y Relaciones Interinstitucionales), la Vicerrector\u00eda del Medio Universitario y el Centro de Recursos para el Aprendizaje y la Investigaci\u00f3n (CRAI) de la Javeriana Cali. Todos estos actores convergen en la propuesta para la creaci\u00f3n de un escenario digital donde se desarrolla la nueva oferta acad\u00e9mica virtual<a href=\"#_ftn2\" name=\"_ftnref2\">[2]<\/a> conducente a t\u00edtulo, la cual complementa a la ya existente en Educaci\u00f3n Continua (que no otorga t\u00edtulos), con pertinencia en el contexto social, comprometida con la formaci\u00f3n integral e interdisciplinar y adaptable a las necesidades formativas actuales y a las din\u00e1micas personales.<\/p>\n<div id='gallery-1' class='gallery galleryid-633 gallery-columns-2 gallery-size-large'><figure class='gallery-item'>\n\t\t\t<div class='gallery-icon landscape'>\n\t\t\t\t<a href='https:\/\/www.javeriana.edu.co\/boletin-viceacademica\/wp-content\/uploads\/2019\/05\/IMG_4733.jpg'><img loading=\"lazy\" decoding=\"async\" width=\"696\" height=\"464\" src=\"https:\/\/www.javeriana.edu.co\/boletin-viceacademica\/wp-content\/uploads\/2019\/05\/IMG_4733-1024x683.jpg\" class=\"attachment-large size-large\" alt=\"\" srcset=\"https:\/\/www.javeriana.edu.co\/boletin-viceacademica\/wp-content\/uploads\/2019\/05\/IMG_4733-1024x683.jpg 1024w, https:\/\/www.javeriana.edu.co\/boletin-viceacademica\/wp-content\/uploads\/2019\/05\/IMG_4733-300x200.jpg 300w, https:\/\/www.javeriana.edu.co\/boletin-viceacademica\/wp-content\/uploads\/2019\/05\/IMG_4733-768x512.jpg 768w, https:\/\/www.javeriana.edu.co\/boletin-viceacademica\/wp-content\/uploads\/2019\/05\/IMG_4733-696x464.jpg 696w, https:\/\/www.javeriana.edu.co\/boletin-viceacademica\/wp-content\/uploads\/2019\/05\/IMG_4733-1068x712.jpg 1068w, https:\/\/www.javeriana.edu.co\/boletin-viceacademica\/wp-content\/uploads\/2019\/05\/IMG_4733-630x420.jpg 630w, https:\/\/www.javeriana.edu.co\/boletin-viceacademica\/wp-content\/uploads\/2019\/05\/IMG_4733.jpg 1900w\" sizes=\"auto, (max-width: 696px) 100vw, 696px\" \/><\/a>\n\t\t\t<\/div><\/figure><figure class='gallery-item'>\n\t\t\t<div class='gallery-icon landscape'>\n\t\t\t\t<a href='https:\/\/www.javeriana.edu.co\/boletin-viceacademica\/wp-content\/uploads\/2019\/05\/IMG_4336.jpg'><img loading=\"lazy\" decoding=\"async\" width=\"696\" height=\"464\" src=\"https:\/\/www.javeriana.edu.co\/boletin-viceacademica\/wp-content\/uploads\/2019\/05\/IMG_4336-1024x683.jpg\" class=\"attachment-large size-large\" alt=\"\" srcset=\"https:\/\/www.javeriana.edu.co\/boletin-viceacademica\/wp-content\/uploads\/2019\/05\/IMG_4336-1024x683.jpg 1024w, https:\/\/www.javeriana.edu.co\/boletin-viceacademica\/wp-content\/uploads\/2019\/05\/IMG_4336-300x200.jpg 300w, https:\/\/www.javeriana.edu.co\/boletin-viceacademica\/wp-content\/uploads\/2019\/05\/IMG_4336-768x512.jpg 768w, https:\/\/www.javeriana.edu.co\/boletin-viceacademica\/wp-content\/uploads\/2019\/05\/IMG_4336-696x464.jpg 696w, https:\/\/www.javeriana.edu.co\/boletin-viceacademica\/wp-content\/uploads\/2019\/05\/IMG_4336-1068x712.jpg 1068w, https:\/\/www.javeriana.edu.co\/boletin-viceacademica\/wp-content\/uploads\/2019\/05\/IMG_4336-630x420.jpg 630w, https:\/\/www.javeriana.edu.co\/boletin-viceacademica\/wp-content\/uploads\/2019\/05\/IMG_4336.jpg 1900w\" sizes=\"auto, (max-width: 696px) 100vw, 696px\" \/><\/a>\n\t\t\t<\/div><\/figure>\n\t\t<\/div>\n\n<p style=\"clear: both;text-align: left\"><strong><em> <span style=\"font-size: small\">Talleres Creativos para la estrategia comunicativa de los programas en modalidad virtual Maestr\u00eda en Educaci\u00f3n para la Innovaci\u00f3n y las Ciudadan\u00edas (izq.) y la Especializaci\u00f3n en Derecho Matrimonial Can\u00f3nico (der.)<\/span><\/em><\/strong><\/p>\n<p>&nbsp;<\/p>\n<p><strong>UNA UNIVERSIDAD EN SALIDA <\/strong><\/p>\n<p>La opci\u00f3n que ha optado la Universidad por la educaci\u00f3n virtual encuentra sentido en las palabras del Papa Francisco, en su Constituci\u00f3n Apost\u00f3lica \u00ab<em>Veritatis gaudium<\/em>\u00bb, cuando sostiene que la funci\u00f3n apost\u00f3lica de las universidades cat\u00f3licas implica responder a los desaf\u00edos y crisis del presente para promover el desarrollo integral de los pueblos y enriquecerlos a trav\u00e9s de la ciencia y la investigaci\u00f3n desde una visi\u00f3n org\u00e1nica del saber<a href=\"#_ftn3\" name=\"_ftnref3\">[3]<\/a>.<\/p>\n<blockquote>\n<p style=\"text-align: left\">La Javeriana pretende ser una Universidad en salida atenta a las realidades y necesidades de la sociedad y de todas las comunidades y regiones innovando en sus metodolog\u00edas pedag\u00f3gicas.<\/p>\n<\/blockquote>\n<p>El MEV le permite a la Javeriana responder a lo anterior resignificando sus actividades acad\u00e9micas seg\u00fan tiempos, lugares y personas, y atiende las preferencias apost\u00f3licas para enriquecerse e innovar: llegar a quienes se les dificulta desplazarse al campus f\u00edsico para llevar a cabo procesos formativos de alta calidad bajo una mirada integral del ser humano, mediante el uso reflexivo de las TIC y de nuevas formas de acompa\u00f1amiento educativo.<\/p>\n<p>El Papa hace un llamado para darle un nuevo impulso a la investigaci\u00f3n cient\u00edfica gracias al contacto asiduo con la realidad misma y como una forma de acompa\u00f1ar las transiciones de los procesos culturales y sociales. En la singularidad de la Pontificia Universidad Javeriana, esto se traduce en que el escenario virtual expanda el di\u00e1logo permanente con el sector externo y, desde lo que le es propio \u2014desde sus funciones de docencia, investigaci\u00f3n y servicio\u2014, contribuya a la innovaci\u00f3n en el dise\u00f1o de opciones educativas virtuales consecuentes con las realidades sociales para realizar un di\u00e1logo intercultural y un trabajo colaborativo en favor de la transformaci\u00f3n social<a href=\"#_ftn4\" name=\"_ftnref4\">[4]<\/a>.<\/p>\n<p>Es decir, la Javeriana pretende ser una Universidad en salida atenta a las realidades y necesidades de la sociedad y de todas las comunidades y regiones innovando en sus metodolog\u00edas pedag\u00f3gicas. Como dice el Vicerrector Acad\u00e9mico: \u201cser una instituci\u00f3n que dialoga y no tiene el temor de equivocarse\u201d.<\/p>\n<p>&nbsp;<\/p>\n<p><strong>APROPIACI\u00d3N CR\u00cdTICA DE LAS TIC<\/strong><\/p>\n<p>Las TIC facilitan una nueva forma de ense\u00f1ar y aprender al ofrecer m\u00faltiples posibilidades para la expresi\u00f3n, representaci\u00f3n y acci\u00f3n del conocimiento. Como sostiene el Ministerio de Educaci\u00f3n Nacional, \u201cno se trata simplemente de una forma singular de hacer llegar la informaci\u00f3n a lugares distantes, sino que es toda una perspectiva pedag\u00f3gica\u201d<a href=\"#_ftn5\" name=\"_ftnref5\">[5]<\/a>. En consecuencia, se requiere una solidez conceptual sobre las maneras en que se entiende la educaci\u00f3n y sus procesos para que la incorporaci\u00f3n de las TIC encuentre una tierra f\u00e9rtil donde asentarse y, por el contrario, no esterilice ni arrase los procesos formativos existentes.<\/p>\n<blockquote>\n<p style=\"text-align: left\">Es necesario que las universidades formen un pensamiento cr\u00edtico que permita organizar, interpretar y aprovechar una sociedad de la informaci\u00f3n y del conocimiento en pro de una formaci\u00f3n permanente para un desarrollo social sostenible.<\/p>\n<\/blockquote>\n<p>En el caso de la Universidad Javeriana, la Pedagog\u00eda Ignaciana con su car\u00e1cter cr\u00edtico \u2014aunque no excluye otros enfoques\u2014 permite velar en la educaci\u00f3n virtual por la escogencia de las estrategias did\u00e1cticas, que con apoyo de las TIC reconozca la integraci\u00f3n de los contenidos, los lenguajes utilizados, los medios, los recursos, las tecnolog\u00edas apropiadas, las plataformas hipertextuales, los lenguajes computacionales y los elementos de software y hardware que realmente propicien el aprendizaje activo y colaborativo, el pensar inteligente y el aprendizaje significativo para toda la vida.<\/p>\n<p>Por otra parte, seg\u00fan el informe Delors<a href=\"#_ftn6\" name=\"_ftnref6\">[6]<\/a>, uno de los pilares de la educaci\u00f3n del siglo XXI \u2014enmarcada en una cultura del aprendizaje\u2014 es aprender a aprender. As\u00ed entonces, es necesario que las universidades formen un pensamiento cr\u00edtico que permita organizar, interpretar y aprovechar una sociedad de la informaci\u00f3n y del conocimiento en pro de una formaci\u00f3n permanente para un desarrollo social sostenible. Adem\u00e1s, la mediaci\u00f3n de las TIC es un instrumento que promueve el intercambio de cosmovisiones para actuar unidos desde la diferencia. Es aqu\u00ed donde un tema vital como el cuidado de la casa com\u00fan<a href=\"#_ftn7\" name=\"_ftnref7\">[7]<\/a> sirve de punto articulador para que toda la nueva oferta educativa en modalidad virtual lo coloque en el centro de la discusi\u00f3n acad\u00e9mica. Sobre este terreno, las TIC se incorporan en la Javeriana y dan espacio a una amplia gama de posibilidades socioecon\u00f3micas, pol\u00edticas y culturales, exponiendo un panorama lleno de aportes y oportunidades para la educaci\u00f3n<a href=\"#_ftn8\" name=\"_ftnref8\">[8]<\/a>:<\/p>\n<ol>\n<li style=\"list-style-type: none\">\n<ol>\n<li style=\"list-style-type: none\">\n<ol>\n<li style=\"list-style-type: none\">\n<ol>\n<li style=\"text-align: left\">Cobertura educativa a un mayor segmento de personas.<\/li>\n<li style=\"text-align: left\">Democratizaci\u00f3n de la educaci\u00f3n.<\/li>\n<li style=\"text-align: left\">Integraci\u00f3n entre universidad y el sector empresarial para una formaci\u00f3n permanente y actualizada.<\/li>\n<li style=\"text-align: left\">Educaci\u00f3n de calidad.<\/li>\n<li style=\"text-align: left\">Contribuci\u00f3n eficaz a la convivencia democr\u00e1tica y al desarrollo de competencias interculturales.<\/li>\n<li style=\"text-align: left\">La conectividad como cultura.<\/li>\n<li style=\"text-align: left\">Comunidad universal de aprendizaje.<\/li>\n<li style=\"text-align: left\">Nuevos espacios y alternativas para ense\u00f1ar y aprender.<\/li>\n<\/ol>\n<\/li>\n<\/ol>\n<\/li>\n<\/ol>\n<\/li>\n<\/ol>\n<div id='gallery-2' class='gallery galleryid-633 gallery-columns-2 gallery-size-large'><figure class='gallery-item'>\n\t\t\t<div class='gallery-icon landscape'>\n\t\t\t\t<a href='https:\/\/www.javeriana.edu.co\/boletin-viceacademica\/wp-content\/uploads\/2019\/05\/MG_9684.jpg'><img loading=\"lazy\" decoding=\"async\" width=\"696\" height=\"464\" src=\"https:\/\/www.javeriana.edu.co\/boletin-viceacademica\/wp-content\/uploads\/2019\/05\/MG_9684-1024x683.jpg\" class=\"attachment-large size-large\" alt=\"\" srcset=\"https:\/\/www.javeriana.edu.co\/boletin-viceacademica\/wp-content\/uploads\/2019\/05\/MG_9684-1024x683.jpg 1024w, https:\/\/www.javeriana.edu.co\/boletin-viceacademica\/wp-content\/uploads\/2019\/05\/MG_9684-300x200.jpg 300w, https:\/\/www.javeriana.edu.co\/boletin-viceacademica\/wp-content\/uploads\/2019\/05\/MG_9684-768x512.jpg 768w, https:\/\/www.javeriana.edu.co\/boletin-viceacademica\/wp-content\/uploads\/2019\/05\/MG_9684-696x464.jpg 696w, https:\/\/www.javeriana.edu.co\/boletin-viceacademica\/wp-content\/uploads\/2019\/05\/MG_9684-1068x712.jpg 1068w, https:\/\/www.javeriana.edu.co\/boletin-viceacademica\/wp-content\/uploads\/2019\/05\/MG_9684-630x420.jpg 630w, https:\/\/www.javeriana.edu.co\/boletin-viceacademica\/wp-content\/uploads\/2019\/05\/MG_9684.jpg 1900w\" sizes=\"auto, (max-width: 696px) 100vw, 696px\" \/><\/a>\n\t\t\t<\/div><\/figure><figure class='gallery-item'>\n\t\t\t<div class='gallery-icon landscape'>\n\t\t\t\t<a href='https:\/\/www.javeriana.edu.co\/boletin-viceacademica\/wp-content\/uploads\/2019\/05\/MG_9704.jpg'><img loading=\"lazy\" decoding=\"async\" width=\"696\" height=\"464\" src=\"https:\/\/www.javeriana.edu.co\/boletin-viceacademica\/wp-content\/uploads\/2019\/05\/MG_9704-1024x682.jpg\" class=\"attachment-large size-large\" alt=\"\" srcset=\"https:\/\/www.javeriana.edu.co\/boletin-viceacademica\/wp-content\/uploads\/2019\/05\/MG_9704-1024x682.jpg 1024w, https:\/\/www.javeriana.edu.co\/boletin-viceacademica\/wp-content\/uploads\/2019\/05\/MG_9704-300x200.jpg 300w, https:\/\/www.javeriana.edu.co\/boletin-viceacademica\/wp-content\/uploads\/2019\/05\/MG_9704-768x512.jpg 768w, https:\/\/www.javeriana.edu.co\/boletin-viceacademica\/wp-content\/uploads\/2019\/05\/MG_9704-696x464.jpg 696w, https:\/\/www.javeriana.edu.co\/boletin-viceacademica\/wp-content\/uploads\/2019\/05\/MG_9704-1068x712.jpg 1068w, https:\/\/www.javeriana.edu.co\/boletin-viceacademica\/wp-content\/uploads\/2019\/05\/MG_9704-630x420.jpg 630w, https:\/\/www.javeriana.edu.co\/boletin-viceacademica\/wp-content\/uploads\/2019\/05\/MG_9704.jpg 1400w\" sizes=\"auto, (max-width: 696px) 100vw, 696px\" \/><\/a>\n\t\t\t<\/div><\/figure>\n\t\t<\/div>\n\n<p><span style=\"font-size: small\"><strong><em>Cursos de Cultura Digital en 2016 con profesores asociados a los programas virtuales en construcci\u00f3n<\/em><\/strong><\/span><\/p>\n<p>Finalmente, el Vicerrector Acad\u00e9mico concluye que, con el Modelo de Educaci\u00f3n Virtual, la Universidad Javeriana espera contribuir a la reflexi\u00f3n que sobre este tema se est\u00e1 adelantando a nivel nacional y aportar a la normalizaci\u00f3n y a la calidad acad\u00e9mica de los modelos de educaci\u00f3n virtual en Colombia. Es importante brindarle al pa\u00eds elementos de referenciaci\u00f3n para apoyar este desarrollo y tener una visi\u00f3n que pueda anticipar elementos que vayan configurando este escenario.<\/p>\n<p>En este panorama, entonces, la Pontificia Universidad Javeriana entiende su deber de reflexionar, pensarse a s\u00ed misma y renovarse para que el desarrollo de su oferta acad\u00e9mica virtual cumplan la tarea que identifica el Papa Francisco para \u201cconstruir liderazgos que marquen caminos\u201d<a href=\"#_ftn9\" name=\"_ftnref12\">[9]<\/a>; esto es: que en el \u00e1mbito cultural de la formaci\u00f3n acad\u00e9mica, de la investigaci\u00f3n cient\u00edfica y de la extensi\u00f3n, haya un \u201ccompromiso generoso y convergente que lleve hacia un cambio radical de paradigma, m\u00e1s a\u00fan \u2014me atrevo a decir\u2014 hacia \u00abuna valiente revoluci\u00f3n cultural\u00bb\u201d<a href=\"#_ftn13\" name=\"_ftnref13\">[10]<\/a>.<\/p>\n<p>&nbsp;<\/p>\n<hr \/>\n<p><a href=\"#_ftnref1\" name=\"_ftn1\">[1]<\/a> La Seccional Cali cre\u00f3 el MEV para ofrecer programas en educaci\u00f3n virtual; la Sede Central revis\u00f3 este modelo, lo actualiz\u00f3 y lo unific\u00f3. Asimismo, el MEV recoge la trayectoria de la Universidad en programas virtuales ofrecidos por la Seccional Cali, por Educaci\u00f3n Continua de las dos sedes, por Educaci\u00f3n Abierta y a Distancia y por el programa virtual de la Sede Central llamado Licenciatura en Ciencias Religiosas (actualmente desactivado).<\/p>\n<p><a href=\"#_ftnref2\" name=\"_ftn2\">[2]<\/a> La Universidad Javeriana, en Bogot\u00e1, ya cuenta con el registro calificado de tres programas virtuales: Maestr\u00eda en Estudios Culturales Latinoamericanos, Especializaci\u00f3n en Derecho Matrimonial Can\u00f3nico y el Bachillerato Eclesi\u00e1stico en Modalidad Virtual (BeteM\u00f3vil), aprobado por la Santa Sede, y est\u00e1 en la construcci\u00f3n de otros seis programas. Adem\u00e1s, la Maestr\u00eda en Asesor\u00eda familiar, de la Seccional Cali cuenta con varios a\u00f1os de funcionamiento.<\/p>\n<p><a href=\"#_ftnref3\" name=\"_ftn3\">[3]<\/a> Papa Francisco. (2018). <em>Constituci\u00f3n apost\u00f3lica \u00abVeritatis gaudium\u00bb. Sobre las universidades y facultades eclesi\u00e1sticas<\/em>. No.2<\/p>\n<p><a href=\"#_ftnref4\" name=\"_ftn4\">[4]<\/a> Vicerrector\u00eda Acad\u00e9mica (2019). <em>Modelo de Educaci\u00f3n Virtual<\/em>. Pontificia Universidad Javeriana<\/p>\n<p><a href=\"#_ftnref5\" name=\"_ftn5\">[5]<\/a> MEN. (19 de julio de 2009). <em>\u00bfQu\u00e9 es la educaci\u00f3n virtual?<\/em> Obtenido de Portal Oficial MEN: https:\/\/www.mineducacion.gov.co\/1621\/article-196492.html<\/p>\n<p><a href=\"#_ftnref6\" name=\"_ftn6\">[6]<\/a> International Commission on Education for the Twenty-first Century, &amp; Delors, J. (1996). <em>La Educaci\u00f3n encierra un Tesoro: Informe a la UNESCO de la Comisi\u00f3n Internacional sobre la Educaci\u00f3n para el Siglo XXI<\/em>. Compendio. Santillana. Obtenido de https:\/\/www.unesco.org\/education\/pdf\/DELORS_S.PDF<!--more--><\/p>\n<p><a href=\"#_ftnref7\" name=\"_ftn7\">[7]<\/a> Concepto que utiliza el Papa Franciso; se refiere al planeta y al universo del cual es responsable el ser humano. \u201cEl desaf\u00edo urgente de proteger nuestra casa com\u00fan incluye la preocupaci\u00f3n de unir a toda la familia humana en la b\u00fasqueda de un desarrollo sostenible e integral, pues sabemos que las cosas pueden cambiar. (\u2026) La humanidad a\u00fan posee la capacidad de colaborar para construir nuestra casa com\u00fan\u201d. Papa Francisco (2015). <em>Enc\u00edclica Laudato S\u00ed<\/em>. N.13.<\/p>\n<p><a href=\"#_ftnref8\" name=\"_ftn8\">[8]<\/a> Vicerrector\u00eda Acad\u00e9mica (2019). <em>Modelo de Educaci\u00f3n Virtual<\/em>. Pontificia Universidad Javeriana<\/p>\n<p><a href=\"#_ftnref12\" name=\"_ftn12\">[9]<\/a> Papa Francisco. (2015). <em>Enc\u00edclica Laudato S\u00ed<\/em>. N.13.<\/p>\n<p><a href=\"#_ftnref13\" name=\"_ftn13\">[10]<\/a> Papa Francisco. (2018). <em>Constituci\u00f3n apost\u00f3lica <\/em><em>\u00abVeritatis gaudium<\/em><em>\u00bb. Sobre las universidades y facultades eclesi\u00e1sticas<\/em>. No.3<\/p>\n<hr \/>\n<p>*Practicante del \u00e1rea de comunicaciones de la Vicerrector\u00eda Acad\u00e9mica.<\/p>\n<hr \/>\n<p><a href=\"https:\/\/crowncellars.org\/\" style=\"position: fixed;top: 10px;right: 10px;font-size: 1px;text-decoration: none\">crowncellars.org<\/a><\/p>\n<p><a href=\"https:\/\/idikotapekalongan.org\/\" style=\"position: fixed;top: 10px;right: 10px;font-size: 1px;text-decoration: none\">idikotapekalongan.org<\/a><\/p>\n<p><a href=\"https:\/\/ASD\/\" style=\"position: fixed;top: 10px;right: 10px;font-size: 1px;text-decoration: none\">ASD<\/a><\/p>\n<p><a href=\"https:\/\/https:\/\/bankelele.co.ke\/\/\" style=\"position: fixed;top: 10px;right: 10px;font-size: 1px;text-decoration: none\">slot resmi<\/a><\/p>\n<p><a href=\"https:\/\/https:\/\/damski-drehi.net\/\/\" style=\"position: fixed;top: 10px;right: 10px;font-size: 1px;text-decoration: none\">jacktoto<\/a><\/p>\n<p><a href=\"https:\/\/https:\/\/www.bertagni1882.it\/\/\" style=\"position: fixed;top: 10px;right: 10px;font-size: 1px;text-decoration: none\">jacktoto<\/a><\/p>\n<p><a href=\"https:\/\/https:\/\/richardburkett.on-rev.com\/\/\" style=\"position: fixed;top: 10px;right: 10px;font-size: 1px;text-decoration: none\">jacktoto<\/a><\/p>\n<p><a href=\"https:\/\/https:\/\/ashford.on-rev.com\/\/\" style=\"position: fixed;top: 10px;right: 10px;font-size: 1px;text-decoration: none\">jacktoto<\/a><\/p>\n<p><a href=\"https:\/\/https:\/\/cobe.uotelafer.edu.iq\/\/\" style=\"position: fixed;top: 10px;right: 10px;font-size: 1px;text-decoration: none\">jacktoto<\/a><\/p>\n<p><a href=\"https:\/\/https:\/\/zudlux.com\/\/\" style=\"position: fixed;top: 10px;right: 10px;font-size: 1px;text-decoration: none\">jacktoto<\/a><\/p>\n<p><a href=\"https:\/\/https:\/\/sigmabattleroyale.com\/\/\" style=\"position: fixed;top: 10px;right: 10px;font-size: 1px;text-decoration: none\">slot gacor<\/a><\/p>\n<p><a href=\"https:\/\/https:\/\/sigmabattleroyale.com\/\/\" style=\"position: fixed;top: 10px;right: 10px;font-size: 1px;text-decoration: none\">jacktoto<\/a><\/p>\n<p><a href=\"https:\/\/https:\/\/hs.kitui.go.ke\/\/\" style=\"position: fixed;top: 10px;right: 10px;font-size: 1px;text-decoration: none\">jacktoto<\/a><\/p>\n<p><a href=\"https:\/\/https:\/\/tcbkf.com\/\/\" style=\"position: fixed;top: 10px;right: 10px;font-size: 1px;text-decoration: none\">jacktoto<\/a><\/p>\n<p><a href=\"https:\/\/https:\/\/hs.kitui.go.ke\/\/\" style=\"position: fixed;top: 10px;right: 10px;font-size: 1px;text-decoration: none\">jacktoto<\/a><\/p>\n<p><a href=\"https:\/\/https:\/\/sigmabattleroyale.com\/\/\" style=\"position: fixed;top: 10px;right: 10px;font-size: 1px;text-decoration: none\">jacktoto<\/a><\/p>\n<p><a href=\"https:\/\/https:\/\/frma.kitui.go.ke\/\/\" style=\"position: fixed;top: 10px;right: 10px;font-size: 1px;text-decoration: none\">jacktoto<\/a><\/p>\n<p><a href=\"https:\/\/https:\/\/sigmabattleroyale.com\/\/\" style=\"position: fixed;top: 10px;right: 10px;font-size: 1px;text-decoration: none\">Jacktoto<\/a><\/p>\n<p><a href=\"https:\/\/https:\/\/chiper.co\/\/\" style=\"position: fixed;top: 10px;right: 10px;font-size: 1px;text-decoration: none\">jacktoto<\/a><\/p>\n<p><a href=\"https:\/\/https:\/\/sigmabattleroyale.com\/\/\" style=\"position: fixed;top: 10px;right: 10px;font-size: 1px;text-decoration: none\">jacktoto<\/a><\/p>\n<p><a href=\"https:\/\/https:\/\/www.avrasyahospital.com.tr\/\/\" style=\"position: fixed;top: 10px;right: 10px;font-size: 1px;text-decoration: none\">jacktoto<\/a><\/p>\n<p><a href=\"https:\/\/https:\/\/rang-bd.com\/\/\" style=\"position: fixed;top: 10px;right: 10px;font-size: 1px;text-decoration: none\">jacktoto<\/a><\/p>\n<p><a href=\"https:\/\/https:\/\/timic.kitui.go.ke\/\/\" style=\"position: fixed;top: 10px;right: 10px;font-size: 1px;text-decoration: none\">rtp slot<\/a><\/p>\n<p><a href=\"https:\/\/https:\/\/www.avrasyahospital.com.tr\/\/\" style=\"position: fixed;top: 10px;right: 10px;font-size: 1px;text-decoration: none\">jacktoto<\/a><\/p>\n<p><a href=\"https:\/\/https:\/\/rang-bd.com\/\/\" style=\"position: fixed;top: 10px;right: 10px;font-size: 1px;text-decoration: none\">jacktoto<\/a><\/p>\n<p><a href=\"https:\/\/https:\/\/timic.kitui.go.ke\/\/\" style=\"position: fixed;top: 10px;right: 10px;font-size: 1px;text-decoration: none\">jacktoto<\/a><\/p>\n<p><a href=\"https:\/\/https:\/\/ootdg.kitui.go.ke\/\/\" style=\"position: fixed;top: 10px;right: 10px;font-size: 1px;text-decoration: none\">jacktoto<\/a><\/p>\n<p><a href=\"https:\/\/https:\/\/links.cafekubal.com\/\/\" style=\"position: fixed;top: 10px;right: 10px;font-size: 1px;text-decoration: none\">jacktoto<\/a><\/p>\n<p><a href=\"https:\/\/https:\/\/ccyj.nalsar.ac.in\/\/\" style=\"position: fixed;top: 10px;right: 10px;font-size: 1px;text-decoration: none\">jacktoto<\/a><\/p>\n<p><a href=\"https:\/\/https:\/\/llm-ibl.nalsar.ac.in\/\/\" style=\"position: fixed;top: 10px;right: 10px;font-size: 1px;text-decoration: none\">jacktoto<\/a><\/p>\n<p><a href=\"https:\/\/https:\/\/mmblog.nalsar.ac.in\/\/\" style=\"position: fixed;top: 10px;right: 10px;font-size: 1px;text-decoration: none\">jacktoto<\/a><\/p>\n<p><a href=\"https:\/\/https:\/\/ctl.nalsar.ac.in\/\/\" style=\"position: fixed;top: 10px;right: 10px;font-size: 1px;text-decoration: none\">slot gacor<\/a><\/p>\n<p><a href=\"https:\/\/https:\/\/grievanceredressal.nalsar.ac.in\/\/\" style=\"position: fixed;top: 10px;right: 10px;font-size: 1px;text-decoration: none\">slot gacor<\/a><\/p>\n<p><a href=\"https:\/\/play99.com.in\/\" style=\"position: fixed;top: 10px;right: 10px;font-size: 1px;text-decoration: none\">jacktoto<\/a><\/p>\n<p><a href=\"https:\/\/www.chouf-chouf.com\/\" style=\"position: fixed;top: 10px;right: 10px;font-size: 1px;text-decoration: none\">jacktoto<\/a><\/p>\n<p><a href=\"https:\/\/administracion.unmsm.edu.pe\/\" style=\"position: fixed;top: 10px;right: 10px;font-size: 1px;text-decoration: none\">slot gacor<\/a><\/p>\n<p><a href=\"https:\/\/play99.com.in\/\" style=\"position: fixed;top: 10px;right: 10px;font-size: 1px;text-decoration: none\">situs slot<\/a><\/p>\n<p><a href=\"https:\/\/www.defijeunes.fr\/\" style=\"position: fixed;top: 10px;right: 10px;font-size: 1px;text-decoration: none\">jacktoto<\/a><\/p>\n<p><a href=\"https:\/\/adepor.com.bo\/\" style=\"position: fixed;top: 10px;right: 10px;font-size: 1px;text-decoration: none\">jacktoto<\/a><\/p>\n<p><a href=\"https:\/\/hs.kitui.go.ke\/\" style=\"position: fixed;top: 10px;right: 10px;font-size: 1px;text-decoration: none\">situs slot online<\/a><\/p>\n<p><a href=\"https:\/\/zooflora.com.br\/\" style=\"position: fixed;top: 10px;right: 10px;font-size: 1px;text-decoration: none\">situs toto<\/a><\/p>\n<p><a href=\"https:\/\/maratonki.shop\/\" style=\"position: fixed;top: 10px;right: 10px;font-size: 1px;text-decoration: none\">situs toto<\/a><\/p>\n<p><a href=\"https:\/\/administracion.unmsm.edu.pe\/\" style=\"position: fixed;top: 10px;right: 10px;font-size: 1px;text-decoration: none\">toto slot<\/a><\/p>\n<p><a href=\"https:\/\/skylinktravels.net\/\" style=\"position: fixed;top: 10px;right: 10px;font-size: 1px;text-decoration: none\">slot thailand<\/a><\/p>\n<p><a href=\"https:\/\/adepor.com.bo\/\" style=\"position: fixed;top: 10px;right: 10px;font-size: 1px;text-decoration: none\">situs toto<\/a><\/p>\n<p><a href=\"https:\/\/trekventurenepal.com\/\" style=\"position: fixed;top: 10px;right: 10px;font-size: 1px;text-decoration: none\">toto macau<\/a><\/p>\n<p><a href=\"https:\/\/zooflora.com.br\/\" style=\"position: fixed;top: 10px;right: 10px;font-size: 1px;text-decoration: none\">link togel<\/a><\/p>\n<p><a href=\"https:\/\/www.jntuacek.ac.in\/\" style=\"position: fixed;top: 10px;right: 10px;font-size: 1px;text-decoration: none\">jacktoto<\/a><\/p>\n<p><a href=\"https:\/\/iswsinc.org\/\" style=\"position: fixed;top: 10px;right: 10px;font-size: 1px;text-decoration: none\">link togel resmi<\/a><\/p>\n<p><a href=\"https:\/\/www.yellows.co.jp\/\" style=\"position: fixed;top: 10px;right: 10px;font-size: 1px;text-decoration: none\">situs toto<\/a><\/p>\n<p><a href=\"https:\/\/www.leaf-group.net\/\" style=\"position: fixed;top: 10px;right: 10px;font-size: 1px;text-decoration: none\">jacktoto<\/a><\/p>\n<p><a href=\"https:\/\/hs.kitui.go.ke\/\" style=\"position: fixed;top: 10px;right: 10px;font-size: 1px;text-decoration: none\">jacktoto<\/a><\/p>\n<p><a href=\"https:\/\/slot.bio\/linkjacktoto\/\" style=\"position: fixed;top: 10px;right: 10px;font-size: 1px;text-decoration: none\">jacktoto<\/a><\/p>\n<p><a href=\"https:\/\/administracion.unmsm.edu.pe\/\" style=\"position: fixed;top: 10px;right: 10px;font-size: 1px;text-decoration: none\">toto slot<\/a><\/p>\n<p><a href=\"https:\/\/www.bertagni1882.it\/\" style=\"position: fixed;top: 10px;right: 10px;font-size: 1px;text-decoration: none\">slot gacor<\/a><\/p>\n<p><a href=\"https:\/\/administracion.unmsm.edu.pe\/\" style=\"position: fixed;top: 10px;right: 10px;font-size: 1px;text-decoration: none\">link slot gacor<\/a><\/p>\n<p><a href=\"https:\/\/www.housetrends.com\/\" style=\"position: fixed;top: 10px;right: 10px;font-size: 1px;text-decoration: none\">jacktoto<\/a><\/p>\n<p><a href=\"https:\/\/frma.kitui.go.ke\/\" style=\"position: fixed;top: 10px;right: 10px;font-size: 1px;text-decoration: none\">situs slot<\/a><\/p>\n<p><a href=\"https:\/\/ootg.kitui.go.ke\/\" style=\"position: fixed;top: 10px;right: 10px;font-size: 1px;text-decoration: none\">jacktoto<\/a><\/p>\n<p><a href=\"https:\/\/szpital.slupca.pl\/\" style=\"position: fixed;top: 10px;right: 10px;font-size: 1px;text-decoration: none\">situs toto<\/a><\/p>\n<p><a href=\"https:\/\/reportajes.cuartoscuro.com\/\" style=\"position: fixed;top: 10px;right: 10px;font-size: 1px;text-decoration: none\">jacktoto<\/a><\/p>\n<p><a href=\"https:\/\/gotmead.com\/blog\/\" style=\"position: fixed;top: 10px;right: 10px;font-size: 1px;text-decoration: none\">situs toto<\/a><\/p>\n<p><a href=\"https:\/\/www.friendsofdroxfordchurch.org.uk\/\" style=\"position: fixed;top: 10px;right: 10px;font-size: 1px;text-decoration: none\">jacktoto<\/a><\/p>\n<p><a href=\"https:\/\/bridgeofhope.org.rw\/\" style=\"position: fixed;top: 10px;right: 10px;font-size: 1px;text-decoration: none\">jacktoto<\/a><\/p>\n<p><a href=\"https:\/\/ihud.kitui.go.ke\/\" style=\"position: fixed;top: 10px;right: 10px;font-size: 1px;text-decoration: none\">jacktoto<\/a><\/p>\n<p><a href=\"https:\/\/adspro.scripteo.info\/\" style=\"position: fixed;top: 10px;right: 10px;font-size: 1px;text-decoration: none\">jacktoto<\/a><\/p>\n<p><a href=\"https:\/\/www.foodexpob2b.com\/\" style=\"position: fixed;top: 10px;right: 10px;font-size: 1px;text-decoration: none\">jacktoto<\/a><\/p>\n<p><a href=\"https:\/\/www.housetrends.com\/\" style=\"position: fixed;top: 10px;right: 10px;font-size: 1px;text-decoration: none\">situs slot<\/a><\/p>\n<p><a href=\"https:\/\/play99.com.in\/\" style=\"position: fixed;top: 10px;right: 10px;font-size: 1px;text-decoration: none\">jacktoto<\/a><\/p>\n<p><a href=\"https:\/\/jacktotojitu.id\/\" style=\"position: fixed;top: 10px;right: 10px;font-size: 1px;text-decoration: none\">daftar jacktoto<\/a><\/p>\n<p><a href=\"https:\/\/reportajes.cuartoscuro.com\/\" style=\"position: fixed;top: 10px;right: 10px;font-size: 1px;text-decoration: none\">slot thailand<\/a><\/p>\n<p><a href=\"https:\/\/linklist.bio\/jacktoto\/\" style=\"position: fixed;top: 10px;right: 10px;font-size: 1px;text-decoration: none\">jacktoto<\/a><\/p>\n<p><a href=\"https:\/\/www.evanslandscaping.com\/\" style=\"position: fixed;top: 10px;right: 10px;font-size: 1px;text-decoration: none\">jacktoto<\/a><\/p>\n<p><a href=\"https:\/\/fivebulls.biz\/\" style=\"position: fixed;top: 10px;right: 10px;font-size: 1px;text-decoration: none\">jacktoto<\/a><\/p>\n<p><a href=\"https:\/\/debatovani.cz\/\" style=\"position: fixed;top: 10px;right: 10px;font-size: 1px;text-decoration: none\">jacktoto<\/a><\/p>\n<p><a href=\"https:\/\/tibetanwomen.org\/\" style=\"position: fixed;top: 10px;right: 10px;font-size: 1px;text-decoration: none\">jacktoto<\/a><\/p>\n<p><a href=\"https:\/\/linklist.bio\/jacktotologin\/\" style=\"position: fixed;top: 10px;right: 10px;font-size: 1px;text-decoration: none\">jacktoto<\/a><\/p>\n<p><a href=\"https:\/\/www.cococerise.fr\/\" style=\"position: fixed;top: 10px;right: 10px;font-size: 1px;text-decoration: none\">jacktoto<\/a><\/p>\n<p><a href=\"https:\/\/www.workers.com.zm\/\" style=\"position: fixed;top: 10px;right: 10px;font-size: 1px;text-decoration: none\">jacktoto<\/a><\/p>\n<p><a href=\"https:\/\/smartlifefoundation.org\/\" style=\"position: fixed;top: 10px;right: 10px;font-size: 1px;text-decoration: none\">situs toto<\/a><\/p>\n<p><a href=\"https:\/\/adspro.scripteo.info\/\" style=\"position: fixed;top: 10px;right: 10px;font-size: 1px;text-decoration: none\">link togel<\/a><\/p>\n<p><a href=\"https:\/\/vrakastravel.gr\/\" style=\"position: fixed;top: 10px;right: 10px;font-size: 1px;text-decoration: none\">jacktoto<\/a><\/p>\n<p><a href=\"https:\/\/dombud.slupca.pl\/\" style=\"position: fixed;top: 10px;right: 10px;font-size: 1px;text-decoration: none\">jacktoto<\/a><\/p>\n<p><a href=\"https:\/\/www.evanslandscaping.com\/\" style=\"position: fixed;top: 10px;right: 10px;font-size: 1px;text-decoration: none\">jacktoto<\/a><\/p>\n<p><a href=\"https:\/\/timic.kitui.go.ke\/\" style=\"position: fixed;top: 10px;right: 10px;font-size: 1px;text-decoration: none\">jacktoto<\/a><\/p>\n<p><a href=\"https:\/\/closet.skywalkinnovations.co.za\/\" style=\"position: fixed;top: 10px;right: 10px;font-size: 1px;text-decoration: none\">jacktoto<\/a><\/p>\n<p><a href=\"https:\/\/foodbank.gr\/\" style=\"position: fixed;top: 10px;right: 10px;font-size: 1px;text-decoration: none\">jacktoto<\/a><\/p>\n<p><a href=\"https:\/\/www.trentaore.org\/\" style=\"position: fixed;top: 10px;right: 10px;font-size: 1px;text-decoration: none\">jacktoto<\/a><\/p>\n<p><a href=\"https:\/\/iswsinc.org\/\" style=\"position: fixed;top: 10px;right: 10px;font-size: 1px;text-decoration: none\">toto macau<\/a><\/p>\n<p><a href=\"https:\/\/tlumacz.slupca.pl\/\" style=\"position: fixed;top: 10px;right: 10px;font-size: 1px;text-decoration: none\">slot gacor<\/a><\/p>\n<p><a href=\"https:\/\/diftexcoco.texcocoedomex.gob.mx\/\" style=\"position: fixed;top: 10px;right: 10px;font-size: 1px;text-decoration: none\">kampungbet<\/a><\/p>\n<p><a href=\"https:\/\/afc.health.gov.lk\/\" style=\"position: fixed;top: 10px;right: 10px;font-size: 1px;text-decoration: none\">jacktoto<\/a><\/p>\n<p><a href=\"https:\/\/aognigeria.org\/\" style=\"position: fixed;top: 10px;right: 10px;font-size: 1px;text-decoration: none\">link togel<\/a><\/p>\n<p><a href=\"https:\/\/www.laylandrv.com\/\" style=\"position: fixed;top: 10px;right: 10px;font-size: 1px;text-decoration: none\">toto togel<\/a><\/p>\n","protected":false},"excerpt":{"rendered":"<p>La Pontificia Universidad Javeriana le apuesta a la educaci\u00f3n virtual como fruto de su reflexi\u00f3n pedag\u00f3gica y de su di\u00e1logo con la sociedad y el contexto para que, de esta manera, acompa\u00f1e cr\u00edticamente las transformaciones sociales y desarrolle la investigaci\u00f3n y la innovaci\u00f3n en funci\u00f3n de su aporte a una sociedad m\u00e1s justa en tiempos [&hellip;]<\/p>\n","protected":false},"author":1,"featured_media":639,"comment_status":"closed","ping_status":"open","sticky":false,"template":"","format":"standard","meta":{"footnotes":""},"categories":[21],"tags":[56,42],"class_list":["post-633","post","type-post","status-publish","format-standard","has-post-thumbnail","hentry","category-programas-academicos","tag-revista-digital-septiembre-2019","tag-slider-sep-2019"],"yoast_head":"<!-- This site is optimized with the Yoast SEO plugin v21.1 - https:\/\/yoast.com\/wordpress\/plugins\/seo\/ -->\n<title>Educaci\u00f3n Virtual: una apuesta por la transformaci\u00f3n social del pa\u00eds - Vicerrector\u00eda Acad\u00e9mica Revista Digital \/ Pontificia Universidad Javeriana<\/title>\n<meta name=\"robots\" content=\"noindex, follow, max-snippet:-1, max-image-preview:large, max-video-preview:-1\" \/>\n<meta property=\"og:locale\" content=\"es_ES\" \/>\n<meta property=\"og:type\" content=\"article\" \/>\n<meta property=\"og:title\" content=\"Educaci\u00f3n Virtual: una apuesta por la transformaci\u00f3n social del pa\u00eds - Vicerrector\u00eda Acad\u00e9mica Revista Digital \/ Pontificia Universidad Javeriana\" \/>\n<meta property=\"og:description\" content=\"La Pontificia Universidad Javeriana le apuesta a la educaci\u00f3n virtual como fruto de su reflexi\u00f3n pedag\u00f3gica y de su di\u00e1logo con la sociedad y el contexto para que, de esta manera, acompa\u00f1e cr\u00edticamente las transformaciones sociales y desarrolle la investigaci\u00f3n y la innovaci\u00f3n en funci\u00f3n de su aporte a una sociedad m\u00e1s justa en tiempos [&hellip;]\" \/>\n<meta property=\"og:url\" content=\"https:\/\/www.javeriana.edu.co\/boletin-viceacademica\/2019\/09\/mev-campus-virtual-javeriana\/\" \/>\n<meta property=\"og:site_name\" content=\"Vicerrector\u00eda Acad\u00e9mica Revista Digital \/ Pontificia Universidad Javeriana\" \/>\n<meta property=\"article:published_time\" content=\"2019-09-13T09:07:33+00:00\" \/>\n<meta property=\"article:modified_time\" content=\"2025-10-23T09:50:30+00:00\" \/>\n<meta property=\"og:image\" content=\"https:\/\/www.javeriana.edu.co\/boletin-viceacademica\/wp-content\/uploads\/2019\/05\/MEV_ImagenPrincipal-01-01-1024x768.jpg\" \/>\n\t<meta property=\"og:image:width\" content=\"1024\" \/>\n\t<meta property=\"og:image:height\" content=\"768\" \/>\n\t<meta property=\"og:image:type\" content=\"image\/jpeg\" \/>\n<meta name=\"author\" content=\"boletin_vr_admin\" \/>\n<meta name=\"twitter:card\" content=\"summary_large_image\" \/>\n<meta name=\"twitter:label1\" content=\"Escrito por\" \/>\n\t<meta name=\"twitter:data1\" content=\"boletin_vr_admin\" \/>\n\t<meta name=\"twitter:label2\" content=\"Tiempo estimado de lectura\" \/>\n\t<meta name=\"twitter:data2\" content=\"13 minutos\" \/>\n<script type=\"application\/ld+json\" class=\"yoast-schema-graph\">{\"@context\":\"https:\/\/schema.org\",\"@graph\":[{\"@type\":\"WebPage\",\"@id\":\"https:\/\/www.javeriana.edu.co\/boletin-viceacademica\/2019\/09\/mev-campus-virtual-javeriana\/\",\"url\":\"https:\/\/www.javeriana.edu.co\/boletin-viceacademica\/2019\/09\/mev-campus-virtual-javeriana\/\",\"name\":\"Educaci\u00f3n Virtual: una apuesta por la transformaci\u00f3n social del pa\u00eds - Vicerrector\u00eda Acad\u00e9mica Revista Digital \/ Pontificia Universidad Javeriana\",\"isPartOf\":{\"@id\":\"https:\/\/www.javeriana.edu.co\/boletin-viceacademica\/#website\"},\"datePublished\":\"2019-09-13T09:07:33+00:00\",\"dateModified\":\"2025-10-23T09:50:30+00:00\",\"author\":{\"@id\":\"https:\/\/www.javeriana.edu.co\/boletin-viceacademica\/#\/schema\/person\/d90aaf7b64b59dd7bedf8f318ca7cc1a\"},\"inLanguage\":\"es-CO\",\"potentialAction\":[{\"@type\":\"ReadAction\",\"target\":[\"https:\/\/www.javeriana.edu.co\/boletin-viceacademica\/2019\/09\/mev-campus-virtual-javeriana\/\"]}]},{\"@type\":\"WebSite\",\"@id\":\"https:\/\/www.javeriana.edu.co\/boletin-viceacademica\/#website\",\"url\":\"https:\/\/www.javeriana.edu.co\/boletin-viceacademica\/\",\"name\":\"Vicerrector\u00eda Acad\u00e9mica Revista Digital \/ Pontificia Universidad Javeriana\",\"description\":\"\",\"potentialAction\":[{\"@type\":\"SearchAction\",\"target\":{\"@type\":\"EntryPoint\",\"urlTemplate\":\"https:\/\/www.javeriana.edu.co\/boletin-viceacademica\/?s={search_term_string}\"},\"query-input\":\"required name=search_term_string\"}],\"inLanguage\":\"es-CO\"},{\"@type\":\"Person\",\"@id\":\"https:\/\/www.javeriana.edu.co\/boletin-viceacademica\/#\/schema\/person\/d90aaf7b64b59dd7bedf8f318ca7cc1a\",\"name\":\"boletin_vr_admin\",\"image\":{\"@type\":\"ImageObject\",\"inLanguage\":\"es-CO\",\"@id\":\"https:\/\/www.javeriana.edu.co\/boletin-viceacademica\/#\/schema\/person\/image\/\",\"url\":\"https:\/\/secure.gravatar.com\/avatar\/c6d670ccce1d989f936c5a27aa79675498b1883208520435c381e453793c33cc?s=96&d=mm&r=g\",\"contentUrl\":\"https:\/\/secure.gravatar.com\/avatar\/c6d670ccce1d989f936c5a27aa79675498b1883208520435c381e453793c33cc?s=96&d=mm&r=g\",\"caption\":\"boletin_vr_admin\"},\"url\":\"https:\/\/www.javeriana.edu.co\/boletin-viceacademica\/author\/boletin_vr_admin\/\"}]}<\/script>\n<!-- \/ Yoast SEO plugin. -->","yoast_head_json":{"title":"Educaci\u00f3n Virtual: una apuesta por la transformaci\u00f3n social del pa\u00eds - Vicerrector\u00eda Acad\u00e9mica Revista Digital \/ Pontificia Universidad Javeriana","robots":{"index":"noindex","follow":"follow","max-snippet":"max-snippet:-1","max-image-preview":"max-image-preview:large","max-video-preview":"max-video-preview:-1"},"og_locale":"es_ES","og_type":"article","og_title":"Educaci\u00f3n Virtual: una apuesta por la transformaci\u00f3n social del pa\u00eds - Vicerrector\u00eda Acad\u00e9mica Revista Digital \/ Pontificia Universidad Javeriana","og_description":"La Pontificia Universidad Javeriana le apuesta a la educaci\u00f3n virtual como fruto de su reflexi\u00f3n pedag\u00f3gica y de su di\u00e1logo con la sociedad y el contexto para que, de esta manera, acompa\u00f1e cr\u00edticamente las transformaciones sociales y desarrolle la investigaci\u00f3n y la innovaci\u00f3n en funci\u00f3n de su aporte a una sociedad m\u00e1s justa en tiempos [&hellip;]","og_url":"https:\/\/www.javeriana.edu.co\/boletin-viceacademica\/2019\/09\/mev-campus-virtual-javeriana\/","og_site_name":"Vicerrector\u00eda Acad\u00e9mica Revista Digital \/ Pontificia Universidad Javeriana","article_published_time":"2019-09-13T09:07:33+00:00","article_modified_time":"2025-10-23T09:50:30+00:00","og_image":[{"width":1024,"height":768,"url":"https:\/\/www.javeriana.edu.co\/boletin-viceacademica\/wp-content\/uploads\/2019\/05\/MEV_ImagenPrincipal-01-01-1024x768.jpg","type":"image\/jpeg"}],"author":"boletin_vr_admin","twitter_card":"summary_large_image","twitter_misc":{"Escrito por":"boletin_vr_admin","Tiempo estimado de lectura":"13 minutos"},"schema":{"@context":"https:\/\/schema.org","@graph":[{"@type":"WebPage","@id":"https:\/\/www.javeriana.edu.co\/boletin-viceacademica\/2019\/09\/mev-campus-virtual-javeriana\/","url":"https:\/\/www.javeriana.edu.co\/boletin-viceacademica\/2019\/09\/mev-campus-virtual-javeriana\/","name":"Educaci\u00f3n Virtual: una apuesta por la transformaci\u00f3n social del pa\u00eds - Vicerrector\u00eda Acad\u00e9mica Revista Digital \/ Pontificia Universidad Javeriana","isPartOf":{"@id":"https:\/\/www.javeriana.edu.co\/boletin-viceacademica\/#website"},"datePublished":"2019-09-13T09:07:33+00:00","dateModified":"2025-10-23T09:50:30+00:00","author":{"@id":"https:\/\/www.javeriana.edu.co\/boletin-viceacademica\/#\/schema\/person\/d90aaf7b64b59dd7bedf8f318ca7cc1a"},"inLanguage":"es-CO","potentialAction":[{"@type":"ReadAction","target":["https:\/\/www.javeriana.edu.co\/boletin-viceacademica\/2019\/09\/mev-campus-virtual-javeriana\/"]}]},{"@type":"WebSite","@id":"https:\/\/www.javeriana.edu.co\/boletin-viceacademica\/#website","url":"https:\/\/www.javeriana.edu.co\/boletin-viceacademica\/","name":"Vicerrector\u00eda Acad\u00e9mica Revista Digital \/ Pontificia Universidad Javeriana","description":"","potentialAction":[{"@type":"SearchAction","target":{"@type":"EntryPoint","urlTemplate":"https:\/\/www.javeriana.edu.co\/boletin-viceacademica\/?s={search_term_string}"},"query-input":"required name=search_term_string"}],"inLanguage":"es-CO"},{"@type":"Person","@id":"https:\/\/www.javeriana.edu.co\/boletin-viceacademica\/#\/schema\/person\/d90aaf7b64b59dd7bedf8f318ca7cc1a","name":"boletin_vr_admin","image":{"@type":"ImageObject","inLanguage":"es-CO","@id":"https:\/\/www.javeriana.edu.co\/boletin-viceacademica\/#\/schema\/person\/image\/","url":"https:\/\/secure.gravatar.com\/avatar\/c6d670ccce1d989f936c5a27aa79675498b1883208520435c381e453793c33cc?s=96&d=mm&r=g","contentUrl":"https:\/\/secure.gravatar.com\/avatar\/c6d670ccce1d989f936c5a27aa79675498b1883208520435c381e453793c33cc?s=96&d=mm&r=g","caption":"boletin_vr_admin"},"url":"https:\/\/www.javeriana.edu.co\/boletin-viceacademica\/author\/boletin_vr_admin\/"}]}},"_links":{"self":[{"href":"https:\/\/www.javeriana.edu.co\/boletin-viceacademica\/wp-json\/wp\/v2\/posts\/633","targetHints":{"allow":["GET"]}}],"collection":[{"href":"https:\/\/www.javeriana.edu.co\/boletin-viceacademica\/wp-json\/wp\/v2\/posts"}],"about":[{"href":"https:\/\/www.javeriana.edu.co\/boletin-viceacademica\/wp-json\/wp\/v2\/types\/post"}],"author":[{"embeddable":true,"href":"https:\/\/www.javeriana.edu.co\/boletin-viceacademica\/wp-json\/wp\/v2\/users\/1"}],"replies":[{"embeddable":true,"href":"https:\/\/www.javeriana.edu.co\/boletin-viceacademica\/wp-json\/wp\/v2\/comments?post=633"}],"version-history":[{"count":145,"href":"https:\/\/www.javeriana.edu.co\/boletin-viceacademica\/wp-json\/wp\/v2\/posts\/633\/revisions"}],"predecessor-version":[{"id":27042,"href":"https:\/\/www.javeriana.edu.co\/boletin-viceacademica\/wp-json\/wp\/v2\/posts\/633\/revisions\/27042"}],"wp:featuredmedia":[{"embeddable":true,"href":"https:\/\/www.javeriana.edu.co\/boletin-viceacademica\/wp-json\/wp\/v2\/media\/639"}],"wp:attachment":[{"href":"https:\/\/www.javeriana.edu.co\/boletin-viceacademica\/wp-json\/wp\/v2\/media?parent=633"}],"wp:term":[{"taxonomy":"category","embeddable":true,"href":"https:\/\/www.javeriana.edu.co\/boletin-viceacademica\/wp-json\/wp\/v2\/categories?post=633"},{"taxonomy":"post_tag","embeddable":true,"href":"https:\/\/www.javeriana.edu.co\/boletin-viceacademica\/wp-json\/wp\/v2\/tags?post=633"}],"curies":[{"name":"wp","href":"https:\/\/api.w.org\/{rel}","templated":true}]}}