{"id":378,"date":"2016-09-22T15:40:38","date_gmt":"2016-09-22T15:40:38","guid":{"rendered":"http:\/\/www.javeriana.edu.co\/laudato-si\/?p=378"},"modified":"2016-12-16T16:20:36","modified_gmt":"2016-12-16T16:20:36","slug":"el-dialogo-ver","status":"publish","type":"post","link":"http:\/\/www.javeriana.edu.co\/laudato-si\/el-dialogo-ver\/","title":{"rendered":"Di\u00e1logo &#8211; Ver"},"content":{"rendered":"<p>[et_pb_section admin_label=&#8221;Section&#8221; fullwidth=&#8221;on&#8221; specialty=&#8221;off&#8221;][et_pb_fullwidth_image admin_label=&#8221;Fullwidth Image&#8221; src=&#8221;http:\/\/www.javeriana.edu.co\/laudato-si\/wp-content\/uploads\/2016\/08\/BANNER-DIALOGO.png&#8221; show_in_lightbox=&#8221;off&#8221; url_new_window=&#8221;off&#8221; use_overlay=&#8221;off&#8221; animation=&#8221;left&#8221; use_border_color=&#8221;off&#8221; border_color=&#8221;#ffffff&#8221; border_style=&#8221;solid&#8221;] [\/et_pb_fullwidth_image][\/et_pb_section][et_pb_section admin_label=&#8221;Section&#8221; fullwidth=&#8221;off&#8221; specialty=&#8221;off&#8221;][et_pb_row admin_label=&#8221;Row&#8221;][et_pb_column type=&#8221;3_4&#8243;][et_pb_text admin_label=&#8221;Text&#8221; background_layout=&#8221;light&#8221; text_orientation=&#8221;left&#8221; use_border_color=&#8221;off&#8221; border_color=&#8221;#ffffff&#8221; border_style=&#8221;solid&#8221; text_text_color=&#8221;#444444&#8243;]<\/p>\n<h2 class=\"Default\" style=\"text-align: center;\" align=\"center\"><span style=\"color: #008000;\"><b><span style=\"font-size: 24pt; font-family: Calibri; font-variant: small-caps;\">Di\u00e1logo &#8211;\u00a0Ver<\/span><\/b><\/span><\/h2>\n<p><span style=\"font-weight: 400;\">En el primer cap\u00edtulo de la enc\u00edclica, que recorre los numerales 17 al 61, el Papa Francisco describe claramente \u201c<\/span><i><span style=\"font-weight: 400;\">lo que le est\u00e1 pasando a nuestra casa<\/span><\/i><span style=\"font-weight: 400;\">\u201d. Problemas globales como la contaminaci\u00f3n, el cambio clim\u00e1tico, la disponibilidad del agua y la p\u00e9rdida de biodiversidad, abordados a partir de lo que significa actuar con justicia y equidad, especialmente para favorecer a los m\u00e1s pobres, es una invitaci\u00f3n a reflexionar acerca de nuestro estilo de vida.<\/span><\/p>\n<p style=\"text-align: center;\"><iframe loading=\"lazy\" src=\"https:\/\/www.youtube-nocookie.com\/embed\/BkDNXLOxPzQ?rel=0\" width=\"640\" height=\"360\" frameborder=\"0\" allowfullscreen=\"allowfullscreen\"><\/iframe><\/p>\n<p style=\"text-align: left;\"><span style=\"font-weight: 400;\">Luego de leer este primer cap\u00edtulo de la enc\u00edclica y ver el video, es evidente que \u201c<\/span><i><span style=\"font-weight: 400;\">necesitamos fortalecer la conciencia de que somos una sola familia humana. No hay fronteras ni barreras pol\u00edticas o sociales que nos permitan aislarnos, y por eso mismo tampoco hay espacio para la globalizaci\u00f3n de la indiferencia<\/span><\/i><span style=\"font-weight: 400;\">\u201d (No. 52).<\/span><\/p>\n<blockquote>\n<p style=\"text-align: left;\">\u00bfQu\u00e9 opini\u00f3n tienes acerca de los datos que se nos ofrecen en este cap\u00edtulo? \u00bfEst\u00e1s de acuerdo con Francisco en que nuestra casa com\u00fan se est\u00e1 convirtiendo en un dep\u00f3sito de porquer\u00eda? \u00bfEn qu\u00e9 fundamentas tu respuesta?<\/p>\n<p style=\"text-align: left;\"><span style=\"font-weight: 400;\"><br \/>\nPara algunos cient\u00edficos el calentamiento global no solo es una farsa sino una pol\u00e9mica in\u00fatil. \u00bfTu que piensas al respecto? \u00bfHas pensado si tu estilo de vida puede contribuir a este problema?<\/span><\/p>\n<p>&nbsp;<\/p>\n<p style=\"text-align: left;\"><span style=\"font-weight: 400;\">El tema del agua y la pobreza es otra arista importante en la que el Papa nos invita a reflexionar. \u00bfTu que experiencia has tenido que puedas compartir?<\/span><\/p>\n<\/blockquote>\n<p style=\"text-align: center;\"><b>No se trata de responder todas las preguntas planteadas, ni de seguir un orden secuencial al abordarlas, pero tu participaci\u00f3n es muy importante, esperamos animes el dialogo con tus participaci\u00f3n.<\/b><\/p>\n<p>[\/et_pb_text][et_pb_comments admin_label=&#8221;Comments&#8221; show_avatar=&#8221;on&#8221; show_reply=&#8221;on&#8221; show_count=&#8221;on&#8221; background_layout=&#8221;light&#8221; use_border_color=&#8221;off&#8221; border_color=&#8221;#ffffff&#8221; border_style=&#8221;solid&#8221; custom_button=&#8221;off&#8221; button_letter_spacing=&#8221;0&#8243; button_use_icon=&#8221;default&#8221; button_icon_placement=&#8221;right&#8221; button_on_hover=&#8221;on&#8221; button_letter_spacing_hover=&#8221;0&#8243;] [\/et_pb_comments][\/et_pb_column][et_pb_column type=&#8221;1_4&#8243;][et_pb_text admin_label=&#8221;Text&#8221; background_layout=&#8221;light&#8221; text_orientation=&#8221;left&#8221; use_border_color=&#8221;off&#8221; border_color=&#8221;#ffffff&#8221; border_style=&#8221;solid&#8221;]<\/p>\n<p><a class=\"twitter-timeline\" href=\"https:\/\/twitter.com\/UniJaveriana\" data-widget-id=\"733022423642198016\">Tweets por el @UniJaveriana.<\/a><br \/>\n<script>\/\/ <![CDATA[\n!function(d,s,id){var js,fjs=d.getElementsByTagName(s)[0],p=\/^http:\/.test(d.location)?'http':'https';if(!d.getElementById(id)){js=d.createElement(s);js.id=id;js.src=p+\":\/\/platform.twitter.com\/widgets.js\";fjs.parentNode.insertBefore(js,fjs);}}(document,\"script\",\"twitter-wjs\");\n\/\/ ]]><\/script><\/p>\n<p>[\/et_pb_text][et_pb_text admin_label=&#8221;Text&#8221; background_layout=&#8221;light&#8221; text_orientation=&#8221;left&#8221; use_border_color=&#8221;off&#8221; border_color=&#8221;#ffffff&#8221; border_style=&#8221;solid&#8221; text_text_color=&#8221;#444444&#8243;]<\/p>\n<h2 style=\"text-align: center;\"><strong>Di\u00e1logos:<\/strong><\/h2>\n<ul>\n<li><em><a href=\"http:\/\/www.javeriana.edu.co\/laudato-si\/?p=72\">El llamado para la reflexi\u00f3n<\/a><\/em><\/li>\n<li><em><a href=\"http:\/\/www.javeriana.edu.co\/laudato-si\/?p=347\">El llamado &#8211; Introducci\u00f3n<\/a><\/em><\/li>\n<li><em>Ver &#8211; Cap\u00edtulo 1 \u2013 Lo que est\u00e1 le pasando a nuestra casa<\/em><\/li>\n<li><em><a href=\"http:\/\/www.javeriana.edu.co\/laudato-si\/?p=477\">Juzgar &#8211; Cap\u00edtulo 2 \u2013 El evangelio de la creaci\u00f3n<\/a><\/em><\/li>\n<li><em><a href=\"http:\/\/www.javeriana.edu.co\/laudato-si\/?p=542\">Juzgar &#8211; Cap\u00edtulo 3 \u2013 Ra\u00edz humana de la crisis ecol\u00f3gica<\/a><\/em><\/li>\n<li><em><a href=\"http:\/\/www.javeriana.edu.co\/laudato-si\/?p=658\">Juzgar \u2013 Cap\u00edtulo 4 \u2013 Una ecolog\u00eda Integral<\/a><\/em><\/li>\n<li><a href=\"http:\/\/www.javeriana.edu.co\/laudato-si\/?p=725\"><em>Actuar<\/em><\/a><\/li>\n<\/ul>\n<p>[\/et_pb_text][\/et_pb_column][\/et_pb_row][\/et_pb_section][et_pb_section admin_label=&#8221;Section&#8221; global_module=&#8221;526&#8243; fullwidth=&#8221;off&#8221; specialty=&#8221;off&#8221; transparent_background=&#8221;off&#8221; background_color=&#8221;#515151&#8243; allow_player_pause=&#8221;off&#8221; inner_shadow=&#8221;off&#8221; parallax=&#8221;off&#8221; parallax_method=&#8221;off&#8221; padding_mobile=&#8221;off&#8221; make_fullwidth=&#8221;off&#8221; use_custom_width=&#8221;off&#8221; width_unit=&#8221;on&#8221; make_equal=&#8221;off&#8221; use_custom_gutter=&#8221;off&#8221; disabled=&#8221;off&#8221; disabled_on=&#8221;off|off|off&#8221;][et_pb_row global_parent=&#8221;526&#8243; admin_label=&#8221;Row&#8221;][et_pb_column type=&#8221;1_4&#8243;][et_pb_image global_parent=&#8221;526&#8243; admin_label=&#8221;Logo Javeriana&#8221; src=&#8221;http:\/\/www.javeriana.edu.co\/laudato-si\/wp-content\/uploads\/2016\/08\/LOGOS-PUJ.png&#8221; show_in_lightbox=&#8221;off&#8221; url_new_window=&#8221;on&#8221; use_overlay=&#8221;off&#8221; animation=&#8221;left&#8221; sticky=&#8221;off&#8221; align=&#8221;left&#8221; force_fullwidth=&#8221;off&#8221; always_center_on_mobile=&#8221;on&#8221; use_border_color=&#8221;off&#8221; border_color=&#8221;#ffffff&#8221; border_style=&#8221;solid&#8221; url=&#8221;http:\/\/www.javeriana.edu.co\/institucional\/laudato-si&#8221;] [\/et_pb_image][\/et_pb_column][et_pb_column type=&#8221;1_4&#8243;][et_pb_image global_parent=&#8221;526&#8243; admin_label=&#8221;Logo CAE&#8221; src=&#8221;http:\/\/www.javeriana.edu.co\/laudato-si\/wp-content\/uploads\/2016\/08\/LOGOS-CAEE.png&#8221; show_in_lightbox=&#8221;off&#8221; url_new_window=&#8221;on&#8221; use_overlay=&#8221;off&#8221; animation=&#8221;left&#8221; sticky=&#8221;off&#8221; align=&#8221;left&#8221; force_fullwidth=&#8221;off&#8221; always_center_on_mobile=&#8221;on&#8221; use_border_color=&#8221;off&#8221; border_color=&#8221;#ffffff&#8221; border_style=&#8221;solid&#8221; url=&#8221;http:\/\/caee.javeriana.edu.co\/&#8221;] [\/et_pb_image][\/et_pb_column][et_pb_column type=&#8221;1_4&#8243;][et_pb_image global_parent=&#8221;526&#8243; admin_label=&#8221;Logo Centro Atico&#8221; src=&#8221;http:\/\/www.javeriana.edu.co\/laudato-si\/wp-content\/uploads\/2016\/08\/LOGOS-ATICO.png&#8221; show_in_lightbox=&#8221;off&#8221; url_new_window=&#8221;on&#8221; use_overlay=&#8221;off&#8221; animation=&#8221;left&#8221; sticky=&#8221;off&#8221; align=&#8221;left&#8221; force_fullwidth=&#8221;off&#8221; always_center_on_mobile=&#8221;on&#8221; use_border_color=&#8221;off&#8221; border_color=&#8221;#ffffff&#8221; border_style=&#8221;solid&#8221; url=&#8221;http:\/\/www.javeriana.edu.co\/vicerrectoria-academica\/atico&#8221;] [\/et_pb_image][\/et_pb_column][et_pb_column type=&#8221;1_4&#8243;][et_pb_image global_parent=&#8221;526&#8243; admin_label=&#8221;Logo DTI&#8221; src=&#8221;http:\/\/www.javeriana.edu.co\/laudato-si\/wp-content\/uploads\/2016\/08\/LOGOS-DTI.png&#8221; show_in_lightbox=&#8221;off&#8221; url_new_window=&#8221;off&#8221; use_overlay=&#8221;off&#8221; animation=&#8221;left&#8221; sticky=&#8221;off&#8221; align=&#8221;left&#8221; force_fullwidth=&#8221;off&#8221; always_center_on_mobile=&#8221;on&#8221; use_border_color=&#8221;off&#8221; border_color=&#8221;#ffffff&#8221; border_style=&#8221;solid&#8221;] [\/et_pb_image][\/et_pb_column][\/et_pb_row][\/et_pb_section]<\/p>\n","protected":false},"excerpt":{"rendered":"<p>[et_pb_section admin_label=&#8221;Section&#8221; fullwidth=&#8221;on&#8221; specialty=&#8221;off&#8221;][et_pb_fullwidth_image admin_label=&#8221;Fullwidth Image&#8221; src=&#8221;http:\/\/www.javeriana.edu.co\/laudato-si\/wp-content\/uploads\/2016\/08\/BANNER-DIALOGO.png&#8221; show_in_lightbox=&#8221;off&#8221; url_new_window=&#8221;off&#8221; use_overlay=&#8221;off&#8221; animation=&#8221;left&#8221; use_border_color=&#8221;off&#8221; border_color=&#8221;#ffffff&#8221; border_style=&#8221;solid&#8221;] [\/et_pb_fullwidth_image][\/et_pb_section][et_pb_section admin_label=&#8221;Section&#8221; fullwidth=&#8221;off&#8221; specialty=&#8221;off&#8221;][et_pb_row admin_label=&#8221;Row&#8221;][et_pb_column type=&#8221;3_4&#8243;][et_pb_text admin_label=&#8221;Text&#8221; background_layout=&#8221;light&#8221; text_orientation=&#8221;left&#8221; use_border_color=&#8221;off&#8221; border_color=&#8221;#ffffff&#8221; border_style=&#8221;solid&#8221; text_text_color=&#8221;#444444&#8243;] Di\u00e1logo &#8211;\u00a0Ver En el primer cap\u00edtulo de la enc\u00edclica, que recorre los numerales 17 al 61, el Papa Francisco describe claramente \u201clo que le est\u00e1 pasando a nuestra [&hellip;]<\/p>\n","protected":false},"author":2,"featured_media":0,"comment_status":"open","ping_status":"open","sticky":false,"template":"","format":"standard","meta":{"footnotes":""},"categories":[1],"tags":[],"_links":{"self":[{"href":"http:\/\/www.javeriana.edu.co\/laudato-si\/wp-json\/wp\/v2\/posts\/378"}],"collection":[{"href":"http:\/\/www.javeriana.edu.co\/laudato-si\/wp-json\/wp\/v2\/posts"}],"about":[{"href":"http:\/\/www.javeriana.edu.co\/laudato-si\/wp-json\/wp\/v2\/types\/post"}],"author":[{"embeddable":true,"href":"http:\/\/www.javeriana.edu.co\/laudato-si\/wp-json\/wp\/v2\/users\/2"}],"replies":[{"embeddable":true,"href":"http:\/\/www.javeriana.edu.co\/laudato-si\/wp-json\/wp\/v2\/comments?post=378"}],"version-history":[{"count":20,"href":"http:\/\/www.javeriana.edu.co\/laudato-si\/wp-json\/wp\/v2\/posts\/378\/revisions"}],"predecessor-version":[{"id":753,"href":"http:\/\/www.javeriana.edu.co\/laudato-si\/wp-json\/wp\/v2\/posts\/378\/revisions\/753"}],"wp:attachment":[{"href":"http:\/\/www.javeriana.edu.co\/laudato-si\/wp-json\/wp\/v2\/media?parent=378"}],"wp:term":[{"taxonomy":"category","embeddable":true,"href":"http:\/\/www.javeriana.edu.co\/laudato-si\/wp-json\/wp\/v2\/categories?post=378"},{"taxonomy":"post_tag","embeddable":true,"href":"http:\/\/www.javeriana.edu.co\/laudato-si\/wp-json\/wp\/v2\/tags?post=378"}],"curies":[{"name":"wp","href":"https:\/\/api.w.org\/{rel}","templated":true}]}}