{"id":477,"date":"2016-10-24T15:22:53","date_gmt":"2016-10-24T15:22:53","guid":{"rendered":"http:\/\/www.javeriana.edu.co\/laudato-si\/?p=477"},"modified":"2016-12-16T16:20:02","modified_gmt":"2016-12-16T16:20:02","slug":"el-dialogo-juzgar","status":"publish","type":"post","link":"http:\/\/www.javeriana.edu.co\/laudato-si\/el-dialogo-juzgar\/","title":{"rendered":"Di\u00e1logo &#8211; Juzgar -El evangelio de la creaci\u00f3n"},"content":{"rendered":"<p>[et_pb_section admin_label=&#8221;Section&#8221; fullwidth=&#8221;on&#8221; specialty=&#8221;off&#8221;][et_pb_fullwidth_image admin_label=&#8221;Fullwidth Image&#8221; src=&#8221;http:\/\/www.javeriana.edu.co\/laudato-si\/wp-content\/uploads\/2016\/08\/BANNER-DIALOGO.png&#8221; show_in_lightbox=&#8221;off&#8221; url_new_window=&#8221;off&#8221; use_overlay=&#8221;off&#8221; animation=&#8221;left&#8221; use_border_color=&#8221;off&#8221; border_color=&#8221;#ffffff&#8221; border_style=&#8221;solid&#8221;] [\/et_pb_fullwidth_image][\/et_pb_section][et_pb_section admin_label=&#8221;section&#8221;][et_pb_row admin_label=&#8221;row&#8221;][et_pb_column type=&#8221;3_4&#8243;][et_pb_text admin_label=&#8221;Text&#8221; background_layout=&#8221;light&#8221; text_orientation=&#8221;left&#8221; use_border_color=&#8221;off&#8221; border_color=&#8221;#ffffff&#8221; border_style=&#8221;solid&#8221; text_text_color=&#8221;#444444&#8243;]<\/p>\n<h2 class=\"Default\" style=\"text-align: center;\" align=\"center\"><span style=\"color: #008000;\"><b><span style=\"font-size: 24pt; font-family: Calibri; font-variant: small-caps;\">El di\u00e1logo \u2013 Cap\u00edtulo 2 &#8211; El evangelio de la creaci\u00f3n<br \/>\n<\/span><\/b><\/span><\/h2>\n<p><strong>Preguntas para la reflexi\u00f3n:<\/strong><\/p>\n<p>El segundo cap\u00edtulo de la enc\u00edclica inicia con una pregunta pertinente: \u201c<em>\u00bfPor qu\u00e9 incluir en este documento, dirigido a todas las personas de buena voluntad, un cap\u00edtulo referido a convicciones creyentes?<\/em>\u201d (No. 62).<\/p>\n<p>La respuesta se empieza a visualizar en cuando se entiende al ser humano que se esconde detr\u00e1s del texto, con su experiencia y su formaci\u00f3n. Un hombre que creci\u00f3 y vivi\u00f3 en un ambiente donde la religiosidad es importante, pero donde la diversidad es generosa.<\/p>\n<p>Un papa latinoamericano que est\u00e1 convencido de la importancia de un cambio cualitativo entre el hombre y la naturaleza en donde \u201c<em>si de verdad queremos construir una ecolog\u00eda que nos permita sanar todo lo que hemos destruido, entonces ninguna rama de las ciencias y ninguna forma de sabidur\u00eda puede ser dejada de lado, tampoco la religiosa con su propio lenguaje<\/em>\u201d (No. 63).<\/p>\n<p style=\"text-align: center;\"><iframe loading=\"lazy\" src=\"https:\/\/www.youtube.com\/embed\/IPvqBeknrPk?rel=0\" width=\"560\" height=\"315\" frameborder=\"0\" allowfullscreen=\"allowfullscreen\"><\/iframe><\/p>\n<blockquote><p>Luego de leer este segundo cap\u00edtulo de la enc\u00edclica y ver el video, independientemente de nuestra confesi\u00f3n de fe, \u00bfc\u00f3mo podemos entender este llamado que hace Francisco a vivir en armon\u00eda con las dem\u00e1s personas y con la naturaleza? \u00bfCrees que practicar una religi\u00f3n deber\u00eda ayudarnos a reflejar mejor esa armon\u00eda en nuestras vidas, como creyentes, ciudadanos, trabajadores y consumidores?<\/p><\/blockquote>\n<p style=\"text-align: center;\">Tu participaci\u00f3n es muy importante, esperamos tus respuestas y comentarios.<\/p>\n<p>[\/et_pb_text][et_pb_comments admin_label=&#8221;Comments&#8221; show_avatar=&#8221;on&#8221; show_reply=&#8221;on&#8221; show_count=&#8221;on&#8221; background_layout=&#8221;light&#8221; use_border_color=&#8221;off&#8221; border_color=&#8221;#ffffff&#8221; border_style=&#8221;solid&#8221; custom_button=&#8221;off&#8221; button_letter_spacing=&#8221;0&#8243; button_use_icon=&#8221;default&#8221; button_icon_placement=&#8221;right&#8221; button_on_hover=&#8221;on&#8221; button_letter_spacing_hover=&#8221;0&#8243;] [\/et_pb_comments][\/et_pb_column][et_pb_column type=&#8221;1_4&#8243;][et_pb_text admin_label=&#8221;Text&#8221; background_layout=&#8221;light&#8221; text_orientation=&#8221;left&#8221; use_border_color=&#8221;off&#8221; border_color=&#8221;#ffffff&#8221; border_style=&#8221;solid&#8221;]<\/p>\n<p><a class=\"twitter-timeline\" href=\"https:\/\/twitter.com\/UniJaveriana\" data-widget-id=\"733022423642198016\">Tweets por el @UniJaveriana.<\/a><br \/>\n<script>\/\/ <![CDATA[\n!function(d,s,id){var js,fjs=d.getElementsByTagName(s)[0],p=\/^http:\/.test(d.location)?'http':'https';if(!d.getElementById(id)){js=d.createElement(s);js.id=id;js.src=p+\":\/\/platform.twitter.com\/widgets.js\";fjs.parentNode.insertBefore(js,fjs);}}(document,\"script\",\"twitter-wjs\");\n\/\/ ]]><\/script><\/p>\n<p>[\/et_pb_text][et_pb_text admin_label=&#8221;Text&#8221; background_layout=&#8221;light&#8221; text_orientation=&#8221;left&#8221; use_border_color=&#8221;off&#8221; border_color=&#8221;#ffffff&#8221; border_style=&#8221;solid&#8221; text_text_color=&#8221;#444444&#8243;]<\/p>\n<h2 style=\"text-align: center;\"><strong>Di\u00e1logos:<\/strong><\/h2>\n<ul>\n<li><em><a href=\"http:\/\/www.javeriana.edu.co\/laudato-si\/?p=72\">El llamado para la reflexi\u00f3n<\/a><\/em><\/li>\n<li><em><a href=\"http:\/\/www.javeriana.edu.co\/laudato-si\/?p=347\">El llamado &#8211; Introducci\u00f3n<\/a><\/em><\/li>\n<li><em><a href=\"http:\/\/www.javeriana.edu.co\/laudato-si\/?p=378\">Ver &#8211; Cap\u00edtulo 1 \u2013 Lo que est\u00e1 le pasando a nuestra casa<\/a><\/em><\/li>\n<li><em>Juzgar &#8211; Cap\u00edtulo 2 \u2013 El evangelio de la creaci\u00f3n<\/em><\/li>\n<li><em><a href=\"http:\/\/www.javeriana.edu.co\/laudato-si\/?p=542\">Juzgar &#8211; Cap\u00edtulo 3 \u2013 Ra\u00edz humana de la crisis ecol\u00f3gica<\/a><\/em><\/li>\n<li><em><a href=\"http:\/\/www.javeriana.edu.co\/laudato-si\/?p=658\">Juzgar \u2013 Cap\u00edtulo 4 \u2013 Una ecolog\u00eda Integral<\/a><\/em><\/li>\n<li><a href=\"http:\/\/www.javeriana.edu.co\/laudato-si\/?p=725\"><em>Actuar<\/em><\/a><\/li>\n<\/ul>\n<p>[\/et_pb_text][\/et_pb_column][\/et_pb_row][\/et_pb_section][et_pb_section admin_label=&#8221;Section&#8221; global_module=&#8221;526&#8243; fullwidth=&#8221;off&#8221; specialty=&#8221;off&#8221; transparent_background=&#8221;off&#8221; background_color=&#8221;#515151&#8243; allow_player_pause=&#8221;off&#8221; inner_shadow=&#8221;off&#8221; parallax=&#8221;off&#8221; parallax_method=&#8221;off&#8221; padding_mobile=&#8221;off&#8221; make_fullwidth=&#8221;off&#8221; use_custom_width=&#8221;off&#8221; width_unit=&#8221;on&#8221; make_equal=&#8221;off&#8221; use_custom_gutter=&#8221;off&#8221; disabled=&#8221;off&#8221; disabled_on=&#8221;off|off|off&#8221;][et_pb_row global_parent=&#8221;526&#8243; admin_label=&#8221;Row&#8221;][et_pb_column type=&#8221;1_4&#8243;][et_pb_image global_parent=&#8221;526&#8243; admin_label=&#8221;Logo Javeriana&#8221; src=&#8221;http:\/\/www.javeriana.edu.co\/laudato-si\/wp-content\/uploads\/2016\/08\/LOGOS-PUJ.png&#8221; show_in_lightbox=&#8221;off&#8221; url_new_window=&#8221;on&#8221; use_overlay=&#8221;off&#8221; animation=&#8221;left&#8221; sticky=&#8221;off&#8221; align=&#8221;left&#8221; force_fullwidth=&#8221;off&#8221; always_center_on_mobile=&#8221;on&#8221; use_border_color=&#8221;off&#8221; border_color=&#8221;#ffffff&#8221; border_style=&#8221;solid&#8221; url=&#8221;http:\/\/www.javeriana.edu.co\/institucional\/laudato-si&#8221;] [\/et_pb_image][\/et_pb_column][et_pb_column type=&#8221;1_4&#8243;][et_pb_image global_parent=&#8221;526&#8243; admin_label=&#8221;Logo CAE&#8221; src=&#8221;http:\/\/www.javeriana.edu.co\/laudato-si\/wp-content\/uploads\/2016\/08\/LOGOS-CAEE.png&#8221; show_in_lightbox=&#8221;off&#8221; url_new_window=&#8221;on&#8221; use_overlay=&#8221;off&#8221; animation=&#8221;left&#8221; sticky=&#8221;off&#8221; align=&#8221;left&#8221; force_fullwidth=&#8221;off&#8221; always_center_on_mobile=&#8221;on&#8221; use_border_color=&#8221;off&#8221; border_color=&#8221;#ffffff&#8221; border_style=&#8221;solid&#8221; url=&#8221;http:\/\/caee.javeriana.edu.co\/&#8221;] [\/et_pb_image][\/et_pb_column][et_pb_column type=&#8221;1_4&#8243;][et_pb_image global_parent=&#8221;526&#8243; admin_label=&#8221;Logo Centro Atico&#8221; src=&#8221;http:\/\/www.javeriana.edu.co\/laudato-si\/wp-content\/uploads\/2016\/08\/LOGOS-ATICO.png&#8221; show_in_lightbox=&#8221;off&#8221; url_new_window=&#8221;on&#8221; use_overlay=&#8221;off&#8221; animation=&#8221;left&#8221; sticky=&#8221;off&#8221; align=&#8221;left&#8221; force_fullwidth=&#8221;off&#8221; always_center_on_mobile=&#8221;on&#8221; use_border_color=&#8221;off&#8221; border_color=&#8221;#ffffff&#8221; border_style=&#8221;solid&#8221; url=&#8221;http:\/\/www.javeriana.edu.co\/vicerrectoria-academica\/atico&#8221;] [\/et_pb_image][\/et_pb_column][et_pb_column type=&#8221;1_4&#8243;][et_pb_image global_parent=&#8221;526&#8243; admin_label=&#8221;Logo DTI&#8221; src=&#8221;http:\/\/www.javeriana.edu.co\/laudato-si\/wp-content\/uploads\/2016\/08\/LOGOS-DTI.png&#8221; show_in_lightbox=&#8221;off&#8221; url_new_window=&#8221;off&#8221; use_overlay=&#8221;off&#8221; animation=&#8221;left&#8221; sticky=&#8221;off&#8221; align=&#8221;left&#8221; force_fullwidth=&#8221;off&#8221; always_center_on_mobile=&#8221;on&#8221; use_border_color=&#8221;off&#8221; border_color=&#8221;#ffffff&#8221; border_style=&#8221;solid&#8221;] [\/et_pb_image][\/et_pb_column][\/et_pb_row][\/et_pb_section]<\/p>\n","protected":false},"excerpt":{"rendered":"<p>[et_pb_section admin_label=&#8221;Section&#8221; fullwidth=&#8221;on&#8221; specialty=&#8221;off&#8221;][et_pb_fullwidth_image admin_label=&#8221;Fullwidth Image&#8221; src=&#8221;http:\/\/www.javeriana.edu.co\/laudato-si\/wp-content\/uploads\/2016\/08\/BANNER-DIALOGO.png&#8221; show_in_lightbox=&#8221;off&#8221; url_new_window=&#8221;off&#8221; use_overlay=&#8221;off&#8221; animation=&#8221;left&#8221; use_border_color=&#8221;off&#8221; border_color=&#8221;#ffffff&#8221; border_style=&#8221;solid&#8221;] [\/et_pb_fullwidth_image][\/et_pb_section][et_pb_section admin_label=&#8221;section&#8221;][et_pb_row admin_label=&#8221;row&#8221;][et_pb_column type=&#8221;3_4&#8243;][et_pb_text admin_label=&#8221;Text&#8221; background_layout=&#8221;light&#8221; text_orientation=&#8221;left&#8221; use_border_color=&#8221;off&#8221; border_color=&#8221;#ffffff&#8221; border_style=&#8221;solid&#8221; text_text_color=&#8221;#444444&#8243;] El di\u00e1logo \u2013 Cap\u00edtulo 2 &#8211; El evangelio de la creaci\u00f3n Preguntas para la reflexi\u00f3n: El segundo cap\u00edtulo de la enc\u00edclica inicia con una pregunta pertinente: \u201c\u00bfPor qu\u00e9 incluir en [&hellip;]<\/p>\n","protected":false},"author":2,"featured_media":0,"comment_status":"open","ping_status":"open","sticky":false,"template":"","format":"standard","meta":{"footnotes":""},"categories":[1],"tags":[],"_links":{"self":[{"href":"http:\/\/www.javeriana.edu.co\/laudato-si\/wp-json\/wp\/v2\/posts\/477"}],"collection":[{"href":"http:\/\/www.javeriana.edu.co\/laudato-si\/wp-json\/wp\/v2\/posts"}],"about":[{"href":"http:\/\/www.javeriana.edu.co\/laudato-si\/wp-json\/wp\/v2\/types\/post"}],"author":[{"embeddable":true,"href":"http:\/\/www.javeriana.edu.co\/laudato-si\/wp-json\/wp\/v2\/users\/2"}],"replies":[{"embeddable":true,"href":"http:\/\/www.javeriana.edu.co\/laudato-si\/wp-json\/wp\/v2\/comments?post=477"}],"version-history":[{"count":18,"href":"http:\/\/www.javeriana.edu.co\/laudato-si\/wp-json\/wp\/v2\/posts\/477\/revisions"}],"predecessor-version":[{"id":752,"href":"http:\/\/www.javeriana.edu.co\/laudato-si\/wp-json\/wp\/v2\/posts\/477\/revisions\/752"}],"wp:attachment":[{"href":"http:\/\/www.javeriana.edu.co\/laudato-si\/wp-json\/wp\/v2\/media?parent=477"}],"wp:term":[{"taxonomy":"category","embeddable":true,"href":"http:\/\/www.javeriana.edu.co\/laudato-si\/wp-json\/wp\/v2\/categories?post=477"},{"taxonomy":"post_tag","embeddable":true,"href":"http:\/\/www.javeriana.edu.co\/laudato-si\/wp-json\/wp\/v2\/tags?post=477"}],"curies":[{"name":"wp","href":"https:\/\/api.w.org\/{rel}","templated":true}]}}