{"id":1867,"date":"2018-03-21T19:21:17","date_gmt":"2018-03-22T00:21:17","guid":{"rendered":"http:\/\/www.javeriana.edu.co\/mentalpuntodeapoyo\/?p=1867"},"modified":"2026-04-24T01:07:31","modified_gmt":"2026-04-24T06:07:31","slug":"ano-nuevo-vida-buena","status":"publish","type":"post","link":"http:\/\/www.javeriana.edu.co\/mentalpuntodeapoyo\/?p=1867","title":{"rendered":"A\u00d1O NUEVO, VIDA BUENA"},"content":{"rendered":"<div id=\"pl-1867\"  class=\"panel-layout\" ><div id=\"pg-1867-0\"  class=\"panel-grid panel-no-style\" ><div id=\"pgc-1867-0-0\"  class=\"panel-grid-cell\" ><div id=\"panel-1867-0-0-0\" class=\"so-panel widget widget_sow-editor panel-first-child\" data-index=\"0\" ><div\n\t\t\t\n\t\t\tclass=\"so-widget-sow-editor so-widget-sow-editor-base\"\n\t\t\t\n\t\t>\n<div class=\"siteorigin-widget-tinymce textwidget\">\n\t<p>Empez\u00f3 un nuevo a\u00f1o y con \u00e9l la esperanza que podemos alcanzar <strong>una vida buena<\/strong>. \u00bfEs humano preguntarse si el a\u00f1o nuevo traer\u00e1 mejores oportunidades que el anterior y si ser\u00e1 m\u00e1s satisfactorio? Muchos por la curiosidad acuden a la lectura del tarot, hor\u00f3scopo, o cartas adivinatorias, buscando certezas.<\/p>\n<p>No tenemos respuestas, pero si, que es posible conseguir una <strong>vida buena <\/strong>si trabajamos en algunos prop\u00f3sitos colectivos que, complementados con las aspiraciones individuales, lo podremos alcanzar<\/p>\n<p>\u00a0<\/p>\n<ul>\n<li>En las relaciones con los otros, t\u00f3mate un tiempo para entender su perspectiva. Que tu punto de vista no sea el \u00fanico valedero.<\/li>\n<\/ul>\n<p>\u00a0<\/p>\n<ul>\n<li>Dale la vuelta a lo que te hace sufrir, crea otras posibilidades m\u00e1s llevaderas que transformen la situaci\u00f3n en un mejor vivir.<\/li>\n<\/ul>\n<p>\u00a0<\/p>\n<ul>\n<li>Renueva tu compromiso con la naturaleza. Cuida una planta, conserva un equilibrio con el medio ambiente, s\u00e9 razonable con el uso de los recursos naturales, eso nos brindar\u00e1 tranquilidad a largo plazo.<\/li>\n<\/ul>\n<p>\u00a0<\/p>\n<ul>\n<li>S\u00e9 solidario con los otros, eso te dar\u00e1 un sentido de vida. El mundo no gira alrededor de uno.<\/li>\n<\/ul>\n<p>\u00a0<\/p>\n<ul>\n<li>Cuida de los tuyos como a ti mismo. En los cuidados mant\u00e9n el principio. Ni tanto que queme al santo, ni tanto que no lo alumbre.<\/li>\n<\/ul>\n<p>\u00a0<\/p>\n<ul>\n<li>Cultiva tu espiritualidad, cuida tu cuerpo, equilibra tus emociones, haz las cosas lo mejor posible y mant\u00e9n buenas relaciones con tu familia, amigos, colegas; ellos son el soporte de la existencia.<\/li>\n<\/ul>\n<p>\u00a0<\/p>\n<ul>\n<li>\u00a1Procura ser feliz y haz feliz a los otros! Ese es el sentido de una vida buena.<\/li>\n<\/ul>\n<p>\u00a0<\/p>\n<\/div>\n<\/div><\/div><div id=\"panel-1867-0-0-1\" class=\"so-panel widget widget_sow-post-carousel panel-last-child\" data-index=\"1\" ><div\n\t\t\t\n\t\t\tclass=\"so-widget-sow-post-carousel so-widget-sow-post-carousel-base-ad93eedad001-1867\"\n\t\t\t\n\t\t>\t<div\n\t\tclass=\"sow-post-carousel-wrapper sow-post-carousel-theme-base\"\n\t\tstyle=\"overflow: hidden; max-width: 100%; min-height: 182px\"\n\t>\n\t\t<div class=\"sow-carousel-title has-title\">\n\t<h3 class=\"widget-title\">Tambi\u00e9n le puede interesar<\/h3>\t\t<div class=\"sow-carousel-navigation \">\n\t\t\t\t\t\t<a href=\"#\" class=\"sow-carousel-next\" title=\"Siguiente\" aria-label=\"Entradas siguientes\" role=\"button\"><\/a>\n\t\t\t\t\t\t<a href=\"#\" class=\"sow-carousel-previous\" title=\"Anterior\" aria-label=\"Entradas anteriores\" role=\"button\"><\/a>\n\t\t\t\t\t<\/div>\n\t<\/div>\n\n<div class=\"sow-carousel-container \">\n\t\t<div class=\"sow-carousel-wrapper\"\n\t\tdata-dir=\"ltr\"\n\t\tstyle=\"opacity: 0;\"\n\t\tdata-widget=\"post\" data-fetching=\"false\" data-page=\"1\" data-ajax-url=\"http:\/\/www.javeriana.edu.co\/mentalpuntodeapoyo\/wp-admin\/admin-ajax.php?_widgets_nonce=31ffc8c261\" data-item_count=\"285\" data-carousel_settings=\"{&quot;loop&quot;:true,&quot;animation&quot;:&quot;ease&quot;,&quot;animation_speed&quot;:800,&quot;autoplay&quot;:&quot;&quot;,&quot;pauseOnHover&quot;:&quot;&quot;,&quot;autoplaySpeed&quot;:8000,&quot;item_overflow&quot;:true,&quot;autoplay_continuous_scroll&quot;:false}\" data-responsive=\"{&quot;desktop_slides_to_scroll&quot;:1,&quot;tablet_landscape_breakpoint&quot;:1366,&quot;tablet_landscape_slides_to_scroll&quot;:2,&quot;tablet_portrait_breakpoint&quot;:1025,&quot;tablet_portrait_slides_to_scroll&quot;:2,&quot;mobile_breakpoint&quot;:480,&quot;mobile_slides_to_scroll&quot;:1}\" data-variable_width=\"true\" \t>\n\t\t<div\n\t\t\tclass=\"sow-carousel-items\"\n\t\t\t\t\t>\n\t\t\t\t<div class=\"sow-carousel-item\" tabindex=\"-1\" style=\"float: left;\">\n\t\t<div class=\"sow-carousel-thumbnail\">\n\t\t\t\t\t\t\t<a\n\t\t\t\thref=\"http:\/\/www.javeriana.edu.co\/mentalpuntodeapoyo\/?p=46531\"\n\t\t\t\t\t\t\t\t\t\tstyle=\"background-image: url( http:\/\/www.javeriana.edu.co\/mentalpuntodeapoyo\/wp-content\/uploads\/2025\/11\/Podcast-en-video-mi-vida-como-freelancer-lila-1-5-272x182.jpg )\"\n\t\t\t\t\taria-labelledby=\"sow-carousel-id-46531\"\n\t\t\t\t\ttabindex=\"-1\"\n\t\t\t\t>\n\t\t\t\t\t<span class=\"overlay\"><\/span>\n\t\t\t\t<\/a>\n\t\t\t\t\t<\/div>\n\t\t<h3 class=\"sow-carousel-item-title\">\n\t\t\t<a\n\t\t\t\thref=\"http:\/\/www.javeriana.edu.co\/mentalpuntodeapoyo\/?p=46531\"\n\t\t\t\tid=\"sow-carousel-id-46531\"\n\t\t\t\t\t\t\t\ttabindex=\"-1\"\n\t\t\t>\n\n\t\t\t\tVIDA COM\u00daN COMUNIDAD DEBIDA: EP 10 &#8211; \u00bfY CU\u00c1LES SON OTRAS MANERAS?\t\t\t<\/a>\n\t\t<\/h3>\n\t<\/div>\n\t<div class=\"sow-carousel-item\" tabindex=\"-1\" style=\"float: left;\">\n\t\t<div class=\"sow-carousel-thumbnail\">\n\t\t\t\t\t\t\t<a\n\t\t\t\thref=\"http:\/\/www.javeriana.edu.co\/mentalpuntodeapoyo\/?p=46527\"\n\t\t\t\t\t\t\t\t\t\tstyle=\"background-image: url( http:\/\/www.javeriana.edu.co\/mentalpuntodeapoyo\/wp-content\/uploads\/2025\/11\/ERP-9-272x182.jpg )\"\n\t\t\t\t\taria-labelledby=\"sow-carousel-id-46527\"\n\t\t\t\t\ttabindex=\"-1\"\n\t\t\t\t>\n\t\t\t\t\t<span class=\"overlay\"><\/span>\n\t\t\t\t<\/a>\n\t\t\t\t\t<\/div>\n\t\t<h3 class=\"sow-carousel-item-title\">\n\t\t\t<a\n\t\t\t\thref=\"http:\/\/www.javeriana.edu.co\/mentalpuntodeapoyo\/?p=46527\"\n\t\t\t\tid=\"sow-carousel-id-46527\"\n\t\t\t\t\t\t\t\ttabindex=\"-1\"\n\t\t\t>\n\n\t\t\t\tVIDA COM\u00daN COMUNIDAD DEBIDA: EP 9 &#8211; LA SALUD MENTAL EN LAS COMUNIDADES IND\u00cdGENAS\t\t\t<\/a>\n\t\t<\/h3>\n\t<\/div>\n\t<div class=\"sow-carousel-item\" tabindex=\"-1\" style=\"float: left;\">\n\t\t<div class=\"sow-carousel-thumbnail\">\n\t\t\t\t\t\t\t<a\n\t\t\t\thref=\"http:\/\/www.javeriana.edu.co\/mentalpuntodeapoyo\/?p=45868\"\n\t\t\t\t\t\t\t\t\t\tstyle=\"background-image: url( http:\/\/www.javeriana.edu.co\/mentalpuntodeapoyo\/wp-content\/uploads\/2025\/11\/SALUD-MENTAL_page-0001-272x182.jpg )\"\n\t\t\t\t\taria-labelledby=\"sow-carousel-id-45868\"\n\t\t\t\t\ttabindex=\"-1\"\n\t\t\t\t>\n\t\t\t\t\t<span class=\"overlay\"><\/span>\n\t\t\t\t<\/a>\n\t\t\t\t\t<\/div>\n\t\t<h3 class=\"sow-carousel-item-title\">\n\t\t\t<a\n\t\t\t\thref=\"http:\/\/www.javeriana.edu.co\/mentalpuntodeapoyo\/?p=45868\"\n\t\t\t\tid=\"sow-carousel-id-45868\"\n\t\t\t\t\t\t\t\ttabindex=\"-1\"\n\t\t\t>\n\n\t\t\t\tLa salud mental\t\t\t<\/a>\n\t\t<\/h3>\n\t<\/div>\n\t<div class=\"sow-carousel-item\" tabindex=\"-1\" style=\"float: left;\">\n\t\t<div class=\"sow-carousel-thumbnail\">\n\t\t\t\t\t\t\t<a\n\t\t\t\thref=\"http:\/\/www.javeriana.edu.co\/mentalpuntodeapoyo\/?p=45864\"\n\t\t\t\t\t\t\t\t\t\tstyle=\"background-image: url( http:\/\/www.javeriana.edu.co\/mentalpuntodeapoyo\/wp-content\/uploads\/2025\/11\/Podcast-en-video-mi-vida-como-freelancer-lila-1-4-272x182.jpg )\"\n\t\t\t\t\taria-labelledby=\"sow-carousel-id-45864\"\n\t\t\t\t\ttabindex=\"-1\"\n\t\t\t\t>\n\t\t\t\t\t<span class=\"overlay\"><\/span>\n\t\t\t\t<\/a>\n\t\t\t\t\t<\/div>\n\t\t<h3 class=\"sow-carousel-item-title\">\n\t\t\t<a\n\t\t\t\thref=\"http:\/\/www.javeriana.edu.co\/mentalpuntodeapoyo\/?p=45864\"\n\t\t\t\tid=\"sow-carousel-id-45864\"\n\t\t\t\t\t\t\t\ttabindex=\"-1\"\n\t\t\t>\n\n\t\t\t\tVIDA COM\u00daN COMUNIDAD DEBIDA: EP 8 &#8211; \u00bfCONTRIBUYE LA VIDA CONTEMPOR\u00c1NEA A LA SALUD MENTAL?\t\t\t<\/a>\n\t\t<\/h3>\n\t<\/div>\n\t<div class=\"sow-carousel-item\" tabindex=\"-1\" style=\"float: left;\">\n\t\t<div class=\"sow-carousel-thumbnail\">\n\t\t\t\t\t\t\t<a\n\t\t\t\thref=\"http:\/\/www.javeriana.edu.co\/mentalpuntodeapoyo\/?p=44966\"\n\t\t\t\t\t\t\t\t\t\tstyle=\"background-image: url( http:\/\/www.javeriana.edu.co\/mentalpuntodeapoyo\/wp-content\/uploads\/2025\/11\/Podcast-en-video-mi-vida-como-freelancer-lila-1-3-272x182.jpg )\"\n\t\t\t\t\taria-labelledby=\"sow-carousel-id-44966\"\n\t\t\t\t\ttabindex=\"-1\"\n\t\t\t\t>\n\t\t\t\t\t<span class=\"overlay\"><\/span>\n\t\t\t\t<\/a>\n\t\t\t\t\t<\/div>\n\t\t<h3 class=\"sow-carousel-item-title\">\n\t\t\t<a\n\t\t\t\thref=\"http:\/\/www.javeriana.edu.co\/mentalpuntodeapoyo\/?p=44966\"\n\t\t\t\tid=\"sow-carousel-id-44966\"\n\t\t\t\t\t\t\t\ttabindex=\"-1\"\n\t\t\t>\n\n\t\t\t\tVIDA COM\u00daN COMUNIDAD DEBIDA: EP 7 &#8211; COMO ES VIVIR CON UN TRASTORNO MENTAL\t\t\t<\/a>\n\t\t<\/h3>\n\t<\/div>\n\t<div class=\"sow-carousel-item\" tabindex=\"-1\" style=\"float: left;\">\n\t\t<div class=\"sow-carousel-thumbnail\">\n\t\t\t\t\t\t\t<a\n\t\t\t\thref=\"http:\/\/www.javeriana.edu.co\/mentalpuntodeapoyo\/?p=44958\"\n\t\t\t\t\t\t\t\t\t\tstyle=\"background-image: url( http:\/\/www.javeriana.edu.co\/mentalpuntodeapoyo\/wp-content\/uploads\/2025\/11\/ENVEJECIMIENTO-SALUDABLE_page-0001-272x182.jpg )\"\n\t\t\t\t\taria-labelledby=\"sow-carousel-id-44958\"\n\t\t\t\t\ttabindex=\"-1\"\n\t\t\t\t>\n\t\t\t\t\t<span class=\"overlay\"><\/span>\n\t\t\t\t<\/a>\n\t\t\t\t\t<\/div>\n\t\t<h3 class=\"sow-carousel-item-title\">\n\t\t\t<a\n\t\t\t\thref=\"http:\/\/www.javeriana.edu.co\/mentalpuntodeapoyo\/?p=44958\"\n\t\t\t\tid=\"sow-carousel-id-44958\"\n\t\t\t\t\t\t\t\ttabindex=\"-1\"\n\t\t\t>\n\n\t\t\t\tEnvejecimiento saludable y prevenci\u00f3n de la demencia\t\t\t<\/a>\n\t\t<\/h3>\n\t<\/div>\n\t<div class=\"sow-carousel-item\" tabindex=\"-1\" style=\"float: left;\">\n\t\t<div class=\"sow-carousel-thumbnail\">\n\t\t\t\t\t\t\t<a\n\t\t\t\thref=\"http:\/\/www.javeriana.edu.co\/mentalpuntodeapoyo\/?p=44954\"\n\t\t\t\t\t\t\t\t\t\tstyle=\"background-image: url( http:\/\/www.javeriana.edu.co\/mentalpuntodeapoyo\/wp-content\/uploads\/2025\/11\/cinco-acciones-que-estigmatizan-272x182.png )\"\n\t\t\t\t\taria-labelledby=\"sow-carousel-id-44954\"\n\t\t\t\t\ttabindex=\"-1\"\n\t\t\t\t>\n\t\t\t\t\t<span class=\"overlay\"><\/span>\n\t\t\t\t<\/a>\n\t\t\t\t\t<\/div>\n\t\t<h3 class=\"sow-carousel-item-title\">\n\t\t\t<a\n\t\t\t\thref=\"http:\/\/www.javeriana.edu.co\/mentalpuntodeapoyo\/?p=44954\"\n\t\t\t\tid=\"sow-carousel-id-44954\"\n\t\t\t\t\t\t\t\ttabindex=\"-1\"\n\t\t\t>\n\n\t\t\t\tAcciones que estigmatizan a las personas mayores con trastorno mental\t\t\t<\/a>\n\t\t<\/h3>\n\t<\/div>\n\t<div class=\"sow-carousel-item\" tabindex=\"-1\" style=\"float: left;\">\n\t\t<div class=\"sow-carousel-thumbnail\">\n\t\t\t\t\t\t\t<a\n\t\t\t\thref=\"http:\/\/www.javeriana.edu.co\/mentalpuntodeapoyo\/?p=44950\"\n\t\t\t\t\t\t\t\t\t\tstyle=\"background-image: url( http:\/\/www.javeriana.edu.co\/mentalpuntodeapoyo\/wp-content\/uploads\/2025\/11\/PERSONAS-MAYORES-DERECHOS-PROTEGIDOS_page-0001-272x182.jpg )\"\n\t\t\t\t\taria-labelledby=\"sow-carousel-id-44950\"\n\t\t\t\t\ttabindex=\"-1\"\n\t\t\t\t>\n\t\t\t\t\t<span class=\"overlay\"><\/span>\n\t\t\t\t<\/a>\n\t\t\t\t\t<\/div>\n\t\t<h3 class=\"sow-carousel-item-title\">\n\t\t\t<a\n\t\t\t\thref=\"http:\/\/www.javeriana.edu.co\/mentalpuntodeapoyo\/?p=44950\"\n\t\t\t\tid=\"sow-carousel-id-44950\"\n\t\t\t\t\t\t\t\ttabindex=\"-1\"\n\t\t\t>\n\n\t\t\t\tDerechos de las persona mayores\t\t\t<\/a>\n\t\t<\/h3>\n\t<\/div>\n\t<div class=\"sow-carousel-item\" tabindex=\"-1\" style=\"float: left;\">\n\t\t<div class=\"sow-carousel-thumbnail\">\n\t\t\t\t\t\t\t<a\n\t\t\t\t\thref=\"http:\/\/www.javeriana.edu.co\/mentalpuntodeapoyo\/?p=44962\"\n\t\t\t\t\tclass=\"sow-carousel-default-thumbnail\"\n\t\t\t\t\t\t\t\t\t\t\t\t\t\t\taria-labelledby=\"sow-carousel-id-44962\"\n\t\t\t\t\ttabindex=\"-1\"\n\t\t\t\t>\n\t\t\t\t\t<span class=\"overlay\"><\/span>\n\t\t\t\t<\/a>\n\t\t\t\t\t<\/div>\n\t\t<h3 class=\"sow-carousel-item-title\">\n\t\t\t<a\n\t\t\t\thref=\"http:\/\/www.javeriana.edu.co\/mentalpuntodeapoyo\/?p=44962\"\n\t\t\t\tid=\"sow-carousel-id-44962\"\n\t\t\t\t\t\t\t\ttabindex=\"-1\"\n\t\t\t>\n\n\t\t\t\tSalud mental y poblaciones diferenciales\t\t\t<\/a>\n\t\t<\/h3>\n\t<\/div>\n\t<div class=\"sow-carousel-item\" tabindex=\"-1\" style=\"float: left;\">\n\t\t<div class=\"sow-carousel-thumbnail\">\n\t\t\t\t\t\t\t<a\n\t\t\t\thref=\"http:\/\/www.javeriana.edu.co\/mentalpuntodeapoyo\/?p=44426\"\n\t\t\t\t\t\t\t\t\t\tstyle=\"background-image: url( http:\/\/www.javeriana.edu.co\/mentalpuntodeapoyo\/wp-content\/uploads\/2025\/11\/Podcast-en-video-mi-vida-como-freelancer-lila-1-2-272x182.jpg )\"\n\t\t\t\t\taria-labelledby=\"sow-carousel-id-44426\"\n\t\t\t\t\ttabindex=\"-1\"\n\t\t\t\t>\n\t\t\t\t\t<span class=\"overlay\"><\/span>\n\t\t\t\t<\/a>\n\t\t\t\t\t<\/div>\n\t\t<h3 class=\"sow-carousel-item-title\">\n\t\t\t<a\n\t\t\t\thref=\"http:\/\/www.javeriana.edu.co\/mentalpuntodeapoyo\/?p=44426\"\n\t\t\t\tid=\"sow-carousel-id-44426\"\n\t\t\t\t\t\t\t\ttabindex=\"-1\"\n\t\t\t>\n\n\t\t\t\tVIDA COM\u00daN COMUNIDAD DEBIDA: EP 6 &#8211; EDAD, ETNIA Y G\u00c9NERO: \u00bfTIENEN QUE VER CON LA SALUD MENTAL?\t\t\t<\/a>\n\t\t<\/h3>\n\t<\/div>\n\t\t<\/div>\n\t\t\t<\/div>\n\n\t<\/div>\n\t\t<input type=\"hidden\" name=\"instance_hash\" value=\"42157352\"\/>\n\t<\/div>\n<\/div><\/div><\/div><\/div><\/div>","protected":false},"excerpt":{"rendered":"<p>Empez\u00f3 un nuevo a\u00f1o y con \u00e9l la esperanza que podemos alcanzar una vida buena. \u00bfEs humano preguntarse si el a\u00f1o nuevo traer\u00e1 mejores oportunidades que el anterior y si ser\u00e1 m\u00e1s satisfactorio? Muchos por la curiosidad acuden a la <a href=\"http:\/\/www.javeriana.edu.co\/mentalpuntodeapoyo\/?p=44426\" class=\"read-more\">Read More &#8230;<\/a><\/p>\n","protected":false},"author":4,"featured_media":0,"comment_status":"open","ping_status":"open","sticky":false,"template":"","format":"standard","meta":{"footnotes":""},"categories":[70,16,104],"tags":[425,650,389,506,507,633,531,583,504,458,639,649,644,638,652,421,615,612,418,640,510,651,637,358,677,579,489,428,459,404,672,390,388,578],"yoast_head":"<!-- This site is optimized with the Yoast SEO plugin v23.0 - https:\/\/yoast.com\/wordpress\/plugins\/seo\/ -->\n<title>A\u00d1O NUEVO, VIDA BUENA - APS - Punto de Apoyo<\/title>\n<meta name=\"robots\" content=\"index, follow, max-snippet:-1, max-image-preview:large, max-video-preview:-1\" \/>\n<link rel=\"canonical\" href=\"http:\/\/www.javeriana.edu.co\/mentalpuntodeapoyo\/?p=1867\" \/>\n<meta property=\"og:locale\" content=\"es_ES\" \/>\n<meta property=\"og:type\" content=\"article\" \/>\n<meta property=\"og:title\" content=\"A\u00d1O NUEVO, VIDA BUENA - APS - Punto de Apoyo\" \/>\n<meta property=\"og:description\" content=\"Empez\u00f3 un nuevo a\u00f1o y con \u00e9l la esperanza que podemos alcanzar una vida buena. \u00bfEs humano preguntarse si el a\u00f1o nuevo traer\u00e1 mejores oportunidades que el anterior y si ser\u00e1 m\u00e1s satisfactorio? Muchos por la curiosidad acuden a la Read More ...\" \/>\n<meta property=\"og:url\" content=\"http:\/\/www.javeriana.edu.co\/mentalpuntodeapoyo\/?p=1867\" \/>\n<meta property=\"og:site_name\" content=\"APS - Punto de Apoyo\" \/>\n<meta property=\"article:published_time\" content=\"2018-03-22T00:21:17+00:00\" \/>\n<meta property=\"article:modified_time\" content=\"2026-04-24T06:07:31+00:00\" \/>\n<meta name=\"author\" content=\"Claudia Irene Giraldo Villate\" \/>\n<meta name=\"twitter:card\" content=\"summary_large_image\" \/>\n<meta name=\"twitter:label1\" content=\"Escrito por\" \/>\n\t<meta name=\"twitter:data1\" content=\"Claudia Irene Giraldo Villate\" \/>\n\t<meta name=\"twitter:label2\" content=\"Tiempo de lectura\" \/>\n\t<meta name=\"twitter:data2\" content=\"3 minutos\" \/>\n<script type=\"application\/ld+json\" class=\"yoast-schema-graph\">{\"@context\":\"https:\/\/schema.org\",\"@graph\":[{\"@type\":\"Article\",\"@id\":\"http:\/\/www.javeriana.edu.co\/mentalpuntodeapoyo\/?p=1867#article\",\"isPartOf\":{\"@id\":\"http:\/\/www.javeriana.edu.co\/mentalpuntodeapoyo\/?p=1867\"},\"author\":{\"name\":\"Claudia Irene Giraldo Villate\",\"@id\":\"https:\/\/www.javeriana.edu.co\/mentalpuntodeapoyo\/#\/schema\/person\/f7e5b8799a1c1f2a7734a3a589d75679\"},\"headline\":\"A\u00d1O NUEVO, VIDA BUENA\",\"datePublished\":\"2018-03-22T00:21:17+00:00\",\"dateModified\":\"2026-04-24T06:07:31+00:00\",\"mainEntityOfPage\":{\"@id\":\"http:\/\/www.javeriana.edu.co\/mentalpuntodeapoyo\/?p=1867\"},\"wordCount\":576,\"commentCount\":0,\"publisher\":{\"@id\":\"https:\/\/www.javeriana.edu.co\/mentalpuntodeapoyo\/#organization\"},\"keywords\":[\"Actividades de la vida diaria\",\"Actividades humanas\",\"Adaptaci\u00f3n psicol\u00f3gica\",\"Adultos j\u00f3venes\",\"Adultos mayores\",\"Adultos medios\",\"Ambiente social\",\"Amigos\",\"audiencia:todos\",\"Autocuidado\",\"Ciencias sociales\",\"Comportamiento de salud\",\"Comportamiento social\",\"Disciplinas y actividades conductuales\",\"Emociones\",\"Esperanza\",\"Espiritualidad\",\"Familia\",\"Felicidad\",\"Fen\u00f3menos psicol\u00f3gicos\",\"formato:texto\",\"Humanidades\",\"Mecanismos de comportamiento y comportamiento\",\"naturaleza\",\"nivelprevenci\u00f3n:Universal\",\"prop\u00f3sito:reflexi\u00f3n\",\"Psicolog\u00eda\",\"Redes comunitarias\",\"Relaciones familiares\",\"Relaciones interpersonales\",\"Religi\u00f3n y psicolog\u00eda\",\"Sentido de coherencia\",\"tema:buen vivir\",\"tipo:narrativa\"],\"articleSection\":[\"Blog\",\"Noticias\",\"Vida buena\"],\"inLanguage\":\"es\",\"potentialAction\":[{\"@type\":\"CommentAction\",\"name\":\"Comment\",\"target\":[\"http:\/\/www.javeriana.edu.co\/mentalpuntodeapoyo\/?p=1867#respond\"]}]},{\"@type\":\"WebPage\",\"@id\":\"http:\/\/www.javeriana.edu.co\/mentalpuntodeapoyo\/?p=1867\",\"url\":\"http:\/\/www.javeriana.edu.co\/mentalpuntodeapoyo\/?p=1867\",\"name\":\"A\u00d1O NUEVO, VIDA BUENA - APS - Punto de Apoyo\",\"isPartOf\":{\"@id\":\"https:\/\/www.javeriana.edu.co\/mentalpuntodeapoyo\/#website\"},\"datePublished\":\"2018-03-22T00:21:17+00:00\",\"dateModified\":\"2026-04-24T06:07:31+00:00\",\"breadcrumb\":{\"@id\":\"http:\/\/www.javeriana.edu.co\/mentalpuntodeapoyo\/?p=1867#breadcrumb\"},\"inLanguage\":\"es\",\"potentialAction\":[{\"@type\":\"ReadAction\",\"target\":[\"http:\/\/www.javeriana.edu.co\/mentalpuntodeapoyo\/?p=1867\"]}]},{\"@type\":\"BreadcrumbList\",\"@id\":\"http:\/\/www.javeriana.edu.co\/mentalpuntodeapoyo\/?p=1867#breadcrumb\",\"itemListElement\":[{\"@type\":\"ListItem\",\"position\":1,\"name\":\"Portada\",\"item\":\"http:\/\/www.javeriana.edu.co\/mentalpuntodeapoyo\/\"},{\"@type\":\"ListItem\",\"position\":2,\"name\":\"A\u00d1O NUEVO, VIDA BUENA\"}]},{\"@type\":\"WebSite\",\"@id\":\"https:\/\/www.javeriana.edu.co\/mentalpuntodeapoyo\/#website\",\"url\":\"https:\/\/www.javeriana.edu.co\/mentalpuntodeapoyo\/\",\"name\":\"APS - Punto de Apoyo\",\"description\":\"Programa Intervenciones en Salud Mental PUHJ-HUSI\",\"publisher\":{\"@id\":\"https:\/\/www.javeriana.edu.co\/mentalpuntodeapoyo\/#organization\"},\"alternateName\":\"APS - Punto de Apoyo\",\"potentialAction\":[{\"@type\":\"SearchAction\",\"target\":{\"@type\":\"EntryPoint\",\"urlTemplate\":\"https:\/\/www.javeriana.edu.co\/mentalpuntodeapoyo\/?s={search_term_string}\"},\"query-input\":\"required name=search_term_string\"}],\"inLanguage\":\"es\"},{\"@type\":\"Organization\",\"@id\":\"https:\/\/www.javeriana.edu.co\/mentalpuntodeapoyo\/#organization\",\"name\":\"APS - Punto de Apoyo\",\"alternateName\":\"APS - Punto de Apoyo\",\"url\":\"https:\/\/www.javeriana.edu.co\/mentalpuntodeapoyo\/\",\"logo\":{\"@type\":\"ImageObject\",\"inLanguage\":\"es\",\"@id\":\"https:\/\/www.javeriana.edu.co\/mentalpuntodeapoyo\/#\/schema\/logo\/image\/\",\"url\":\"http:\/\/www.javeriana.edu.co\/mentalpuntodeapoyo\/wp-content\/uploads\/2018\/01\/cropped-logoFooter-2.png\",\"contentUrl\":\"http:\/\/www.javeriana.edu.co\/mentalpuntodeapoyo\/wp-content\/uploads\/2018\/01\/cropped-logoFooter-2.png\",\"width\":92,\"height\":92,\"caption\":\"APS - Punto de Apoyo\"},\"image\":{\"@id\":\"https:\/\/www.javeriana.edu.co\/mentalpuntodeapoyo\/#\/schema\/logo\/image\/\"}},{\"@type\":\"Person\",\"@id\":\"https:\/\/www.javeriana.edu.co\/mentalpuntodeapoyo\/#\/schema\/person\/f7e5b8799a1c1f2a7734a3a589d75679\",\"name\":\"Claudia Irene Giraldo Villate\",\"image\":{\"@type\":\"ImageObject\",\"inLanguage\":\"es\",\"@id\":\"https:\/\/www.javeriana.edu.co\/mentalpuntodeapoyo\/#\/schema\/person\/image\/\",\"url\":\"http:\/\/1.gravatar.com\/avatar\/d5ac53715e0ec67b5052840c72afddb9?s=96&d=mm&r=g\",\"contentUrl\":\"http:\/\/1.gravatar.com\/avatar\/d5ac53715e0ec67b5052840c72afddb9?s=96&d=mm&r=g\",\"caption\":\"Claudia Irene Giraldo Villate\"},\"url\":\"http:\/\/www.javeriana.edu.co\/mentalpuntodeapoyo\/?author=4\"}]}<\/script>\n<!-- \/ Yoast SEO plugin. -->","yoast_head_json":{"title":"A\u00d1O NUEVO, VIDA BUENA - APS - Punto de Apoyo","robots":{"index":"index","follow":"follow","max-snippet":"max-snippet:-1","max-image-preview":"max-image-preview:large","max-video-preview":"max-video-preview:-1"},"canonical":"http:\/\/www.javeriana.edu.co\/mentalpuntodeapoyo\/?p=1867","og_locale":"es_ES","og_type":"article","og_title":"A\u00d1O NUEVO, VIDA BUENA - APS - Punto de Apoyo","og_description":"Empez\u00f3 un nuevo a\u00f1o y con \u00e9l la esperanza que podemos alcanzar una vida buena. \u00bfEs humano preguntarse si el a\u00f1o nuevo traer\u00e1 mejores oportunidades que el anterior y si ser\u00e1 m\u00e1s satisfactorio? Muchos por la curiosidad acuden a la Read More ...","og_url":"http:\/\/www.javeriana.edu.co\/mentalpuntodeapoyo\/?p=1867","og_site_name":"APS - Punto de Apoyo","article_published_time":"2018-03-22T00:21:17+00:00","article_modified_time":"2026-04-24T06:07:31+00:00","author":"Claudia Irene Giraldo Villate","twitter_card":"summary_large_image","twitter_misc":{"Escrito por":"Claudia Irene Giraldo Villate","Tiempo de lectura":"3 minutos"},"schema":{"@context":"https:\/\/schema.org","@graph":[{"@type":"Article","@id":"http:\/\/www.javeriana.edu.co\/mentalpuntodeapoyo\/?p=1867#article","isPartOf":{"@id":"http:\/\/www.javeriana.edu.co\/mentalpuntodeapoyo\/?p=1867"},"author":{"name":"Claudia Irene Giraldo Villate","@id":"https:\/\/www.javeriana.edu.co\/mentalpuntodeapoyo\/#\/schema\/person\/f7e5b8799a1c1f2a7734a3a589d75679"},"headline":"A\u00d1O NUEVO, VIDA BUENA","datePublished":"2018-03-22T00:21:17+00:00","dateModified":"2026-04-24T06:07:31+00:00","mainEntityOfPage":{"@id":"http:\/\/www.javeriana.edu.co\/mentalpuntodeapoyo\/?p=1867"},"wordCount":576,"commentCount":0,"publisher":{"@id":"https:\/\/www.javeriana.edu.co\/mentalpuntodeapoyo\/#organization"},"keywords":["Actividades de la vida diaria","Actividades humanas","Adaptaci\u00f3n psicol\u00f3gica","Adultos j\u00f3venes","Adultos mayores","Adultos medios","Ambiente social","Amigos","audiencia:todos","Autocuidado","Ciencias sociales","Comportamiento de salud","Comportamiento social","Disciplinas y actividades conductuales","Emociones","Esperanza","Espiritualidad","Familia","Felicidad","Fen\u00f3menos psicol\u00f3gicos","formato:texto","Humanidades","Mecanismos de comportamiento y comportamiento","naturaleza","nivelprevenci\u00f3n:Universal","prop\u00f3sito:reflexi\u00f3n","Psicolog\u00eda","Redes comunitarias","Relaciones familiares","Relaciones interpersonales","Religi\u00f3n y psicolog\u00eda","Sentido de coherencia","tema:buen vivir","tipo:narrativa"],"articleSection":["Blog","Noticias","Vida buena"],"inLanguage":"es","potentialAction":[{"@type":"CommentAction","name":"Comment","target":["http:\/\/www.javeriana.edu.co\/mentalpuntodeapoyo\/?p=1867#respond"]}]},{"@type":"WebPage","@id":"http:\/\/www.javeriana.edu.co\/mentalpuntodeapoyo\/?p=1867","url":"http:\/\/www.javeriana.edu.co\/mentalpuntodeapoyo\/?p=1867","name":"A\u00d1O NUEVO, VIDA BUENA - APS - Punto de Apoyo","isPartOf":{"@id":"https:\/\/www.javeriana.edu.co\/mentalpuntodeapoyo\/#website"},"datePublished":"2018-03-22T00:21:17+00:00","dateModified":"2026-04-24T06:07:31+00:00","breadcrumb":{"@id":"http:\/\/www.javeriana.edu.co\/mentalpuntodeapoyo\/?p=1867#breadcrumb"},"inLanguage":"es","potentialAction":[{"@type":"ReadAction","target":["http:\/\/www.javeriana.edu.co\/mentalpuntodeapoyo\/?p=1867"]}]},{"@type":"BreadcrumbList","@id":"http:\/\/www.javeriana.edu.co\/mentalpuntodeapoyo\/?p=1867#breadcrumb","itemListElement":[{"@type":"ListItem","position":1,"name":"Portada","item":"http:\/\/www.javeriana.edu.co\/mentalpuntodeapoyo\/"},{"@type":"ListItem","position":2,"name":"A\u00d1O NUEVO, VIDA BUENA"}]},{"@type":"WebSite","@id":"https:\/\/www.javeriana.edu.co\/mentalpuntodeapoyo\/#website","url":"https:\/\/www.javeriana.edu.co\/mentalpuntodeapoyo\/","name":"APS - Punto de Apoyo","description":"Programa Intervenciones en Salud Mental PUHJ-HUSI","publisher":{"@id":"https:\/\/www.javeriana.edu.co\/mentalpuntodeapoyo\/#organization"},"alternateName":"APS - Punto de Apoyo","potentialAction":[{"@type":"SearchAction","target":{"@type":"EntryPoint","urlTemplate":"https:\/\/www.javeriana.edu.co\/mentalpuntodeapoyo\/?s={search_term_string}"},"query-input":"required name=search_term_string"}],"inLanguage":"es"},{"@type":"Organization","@id":"https:\/\/www.javeriana.edu.co\/mentalpuntodeapoyo\/#organization","name":"APS - Punto de Apoyo","alternateName":"APS - Punto de Apoyo","url":"https:\/\/www.javeriana.edu.co\/mentalpuntodeapoyo\/","logo":{"@type":"ImageObject","inLanguage":"es","@id":"https:\/\/www.javeriana.edu.co\/mentalpuntodeapoyo\/#\/schema\/logo\/image\/","url":"http:\/\/www.javeriana.edu.co\/mentalpuntodeapoyo\/wp-content\/uploads\/2018\/01\/cropped-logoFooter-2.png","contentUrl":"http:\/\/www.javeriana.edu.co\/mentalpuntodeapoyo\/wp-content\/uploads\/2018\/01\/cropped-logoFooter-2.png","width":92,"height":92,"caption":"APS - Punto de Apoyo"},"image":{"@id":"https:\/\/www.javeriana.edu.co\/mentalpuntodeapoyo\/#\/schema\/logo\/image\/"}},{"@type":"Person","@id":"https:\/\/www.javeriana.edu.co\/mentalpuntodeapoyo\/#\/schema\/person\/f7e5b8799a1c1f2a7734a3a589d75679","name":"Claudia Irene Giraldo Villate","image":{"@type":"ImageObject","inLanguage":"es","@id":"https:\/\/www.javeriana.edu.co\/mentalpuntodeapoyo\/#\/schema\/person\/image\/","url":"http:\/\/1.gravatar.com\/avatar\/d5ac53715e0ec67b5052840c72afddb9?s=96&d=mm&r=g","contentUrl":"http:\/\/1.gravatar.com\/avatar\/d5ac53715e0ec67b5052840c72afddb9?s=96&d=mm&r=g","caption":"Claudia Irene Giraldo Villate"},"url":"http:\/\/www.javeriana.edu.co\/mentalpuntodeapoyo\/?author=4"}]}},"_links":{"self":[{"href":"http:\/\/www.javeriana.edu.co\/mentalpuntodeapoyo\/index.php?rest_route=\/wp\/v2\/posts\/1867"}],"collection":[{"href":"http:\/\/www.javeriana.edu.co\/mentalpuntodeapoyo\/index.php?rest_route=\/wp\/v2\/posts"}],"about":[{"href":"http:\/\/www.javeriana.edu.co\/mentalpuntodeapoyo\/index.php?rest_route=\/wp\/v2\/types\/post"}],"author":[{"embeddable":true,"href":"http:\/\/www.javeriana.edu.co\/mentalpuntodeapoyo\/index.php?rest_route=\/wp\/v2\/users\/4"}],"replies":[{"embeddable":true,"href":"http:\/\/www.javeriana.edu.co\/mentalpuntodeapoyo\/index.php?rest_route=%2Fwp%2Fv2%2Fcomments&post=1867"}],"version-history":[{"count":195,"href":"http:\/\/www.javeriana.edu.co\/mentalpuntodeapoyo\/index.php?rest_route=\/wp\/v2\/posts\/1867\/revisions"}],"predecessor-version":[{"id":95805,"href":"http:\/\/www.javeriana.edu.co\/mentalpuntodeapoyo\/index.php?rest_route=\/wp\/v2\/posts\/1867\/revisions\/95805"}],"wp:attachment":[{"href":"http:\/\/www.javeriana.edu.co\/mentalpuntodeapoyo\/index.php?rest_route=%2Fwp%2Fv2%2Fmedia&parent=1867"}],"wp:term":[{"taxonomy":"category","embeddable":true,"href":"http:\/\/www.javeriana.edu.co\/mentalpuntodeapoyo\/index.php?rest_route=%2Fwp%2Fv2%2Fcategories&post=1867"},{"taxonomy":"post_tag","embeddable":true,"href":"http:\/\/www.javeriana.edu.co\/mentalpuntodeapoyo\/index.php?rest_route=%2Fwp%2Fv2%2Ftags&post=1867"}],"curies":[{"name":"wp","href":"https:\/\/api.w.org\/{rel}","templated":true}]}}