{"id":3114,"date":"2020-11-25T16:59:39","date_gmt":"2020-11-25T21:59:39","guid":{"rendered":"http:\/\/www.javeriana.edu.co\/mentalpuntodeapoyo\/?p=3114"},"modified":"2026-04-26T09:07:39","modified_gmt":"2026-04-26T14:07:39","slug":"como-se-manifiestan-las-emociones-en-nuestro-cuerpo","status":"publish","type":"post","link":"http:\/\/www.javeriana.edu.co\/mentalpuntodeapoyo\/?p=3114","title":{"rendered":"\u00bfC\u00f3mo se manifiestan las emociones en nuestro cuerpo?"},"content":{"rendered":"<div id=\"pl-3114\"  class=\"panel-layout\" ><div id=\"pg-3114-0\"  class=\"panel-grid panel-no-style\" ><div id=\"pgc-3114-0-0\"  class=\"panel-grid-cell\" ><div id=\"panel-3114-0-0-0\" class=\"so-panel widget widget_sow-editor panel-first-child\" data-index=\"0\" ><div\n\t\t\t\n\t\t\tclass=\"so-widget-sow-editor so-widget-sow-editor-base\"\n\t\t\t\n\t\t>\n<div class=\"siteorigin-widget-tinymce textwidget\">\n\t<p>Lo que sentimos se manifiesta en el cuerpo de diversas formas. Para saber m\u00e1s te invitamos a descargar (dando click a la imagen y posteriormente dando click derecho encima de la imagen \u2013 opci\u00f3n \u201cguardar como\u2026\u201d).<\/p>\n<p><a href=\"https:\/\/www.javeriana.edu.co\/mentalpuntodeapoyo\/wp-content\/uploads\/2020\/11\/\u00bfCo\u0301mo-se-manifiestan-las-emociones-en-nuestro-cuerpo_.png\"><img loading=\"lazy\" decoding=\"async\" class=\"alignnone size-full wp-image-3113\" src=\"https:\/\/www.javeriana.edu.co\/mentalpuntodeapoyo\/wp-content\/uploads\/2020\/11\/\u00bfCo\u0301mo-se-manifiestan-las-emociones-en-nuestro-cuerpo_.png\" alt=\"\" width=\"2000\" height=\"1545\" srcset=\"http:\/\/www.javeriana.edu.co\/mentalpuntodeapoyo\/wp-content\/uploads\/2020\/11\/\u00bfCo\u0301mo-se-manifiestan-las-emociones-en-nuestro-cuerpo_.png 2000w, http:\/\/www.javeriana.edu.co\/mentalpuntodeapoyo\/wp-content\/uploads\/2020\/11\/\u00bfCo\u0301mo-se-manifiestan-las-emociones-en-nuestro-cuerpo_-300x232.png 300w, http:\/\/www.javeriana.edu.co\/mentalpuntodeapoyo\/wp-content\/uploads\/2020\/11\/\u00bfCo\u0301mo-se-manifiestan-las-emociones-en-nuestro-cuerpo_-768x593.png 768w, http:\/\/www.javeriana.edu.co\/mentalpuntodeapoyo\/wp-content\/uploads\/2020\/11\/\u00bfCo\u0301mo-se-manifiestan-las-emociones-en-nuestro-cuerpo_-1024x791.png 1024w, http:\/\/www.javeriana.edu.co\/mentalpuntodeapoyo\/wp-content\/uploads\/2020\/11\/\u00bfCo\u0301mo-se-manifiestan-las-emociones-en-nuestro-cuerpo_-350x270.png 350w\" sizes=\"(max-width: 2000px) 100vw, 2000px\" \/><\/a><\/p>\n<\/div>\n<\/div><\/div><div id=\"panel-3114-0-0-1\" class=\"so-panel widget widget_sow-post-carousel panel-last-child\" data-index=\"1\" ><div\n\t\t\t\n\t\t\tclass=\"so-widget-sow-post-carousel so-widget-sow-post-carousel-base-ad93eedad001-3114\"\n\t\t\t\n\t\t>\t<div\n\t\tclass=\"sow-post-carousel-wrapper sow-post-carousel-theme-base\"\n\t\tstyle=\"overflow: hidden; max-width: 100%; min-height: 182px\"\n\t>\n\t\t<div class=\"sow-carousel-title has-title\">\n\t<h3 class=\"widget-title\">Tambi\u00e9n le puede interesar<\/h3>\t\t<div class=\"sow-carousel-navigation \">\n\t\t\t\t\t\t<a href=\"#\" class=\"sow-carousel-next\" title=\"Siguiente\" aria-label=\"Entradas siguientes\" role=\"button\"><\/a>\n\t\t\t\t\t\t<a href=\"#\" class=\"sow-carousel-previous\" title=\"Anterior\" aria-label=\"Entradas anteriores\" role=\"button\"><\/a>\n\t\t\t\t\t<\/div>\n\t<\/div>\n\n<div class=\"sow-carousel-container \">\n\t\t<div class=\"sow-carousel-wrapper\"\n\t\tdata-dir=\"ltr\"\n\t\tstyle=\"opacity: 0;\"\n\t\tdata-widget=\"post\" data-fetching=\"false\" data-page=\"1\" data-ajax-url=\"http:\/\/www.javeriana.edu.co\/mentalpuntodeapoyo\/wp-admin\/admin-ajax.php?_widgets_nonce=264ed95eed\" data-item_count=\"285\" data-carousel_settings=\"{&quot;loop&quot;:true,&quot;animation&quot;:&quot;ease&quot;,&quot;animation_speed&quot;:800,&quot;autoplay&quot;:&quot;&quot;,&quot;pauseOnHover&quot;:&quot;&quot;,&quot;autoplaySpeed&quot;:8000,&quot;item_overflow&quot;:true,&quot;autoplay_continuous_scroll&quot;:false}\" data-responsive=\"{&quot;desktop_slides_to_scroll&quot;:1,&quot;tablet_landscape_breakpoint&quot;:1366,&quot;tablet_landscape_slides_to_scroll&quot;:2,&quot;tablet_portrait_breakpoint&quot;:1025,&quot;tablet_portrait_slides_to_scroll&quot;:2,&quot;mobile_breakpoint&quot;:480,&quot;mobile_slides_to_scroll&quot;:1}\" data-variable_width=\"true\" \t>\n\t\t<div\n\t\t\tclass=\"sow-carousel-items\"\n\t\t\t\t\t>\n\t\t\t\t<div class=\"sow-carousel-item\" tabindex=\"-1\" style=\"float: left;\">\n\t\t<div class=\"sow-carousel-thumbnail\">\n\t\t\t\t\t\t\t<a\n\t\t\t\thref=\"http:\/\/www.javeriana.edu.co\/mentalpuntodeapoyo\/?p=46531\"\n\t\t\t\t\t\t\t\t\t\tstyle=\"background-image: url( http:\/\/www.javeriana.edu.co\/mentalpuntodeapoyo\/wp-content\/uploads\/2025\/11\/Podcast-en-video-mi-vida-como-freelancer-lila-1-5-272x182.jpg )\"\n\t\t\t\t\taria-labelledby=\"sow-carousel-id-46531\"\n\t\t\t\t\ttabindex=\"-1\"\n\t\t\t\t>\n\t\t\t\t\t<span class=\"overlay\"><\/span>\n\t\t\t\t<\/a>\n\t\t\t\t\t<\/div>\n\t\t<h3 class=\"sow-carousel-item-title\">\n\t\t\t<a\n\t\t\t\thref=\"http:\/\/www.javeriana.edu.co\/mentalpuntodeapoyo\/?p=46531\"\n\t\t\t\tid=\"sow-carousel-id-46531\"\n\t\t\t\t\t\t\t\ttabindex=\"-1\"\n\t\t\t>\n\n\t\t\t\tVIDA COM\u00daN COMUNIDAD DEBIDA: EP 10 &#8211; \u00bfY CU\u00c1LES SON OTRAS MANERAS?\t\t\t<\/a>\n\t\t<\/h3>\n\t<\/div>\n\t<div class=\"sow-carousel-item\" tabindex=\"-1\" style=\"float: left;\">\n\t\t<div class=\"sow-carousel-thumbnail\">\n\t\t\t\t\t\t\t<a\n\t\t\t\thref=\"http:\/\/www.javeriana.edu.co\/mentalpuntodeapoyo\/?p=46527\"\n\t\t\t\t\t\t\t\t\t\tstyle=\"background-image: url( http:\/\/www.javeriana.edu.co\/mentalpuntodeapoyo\/wp-content\/uploads\/2025\/11\/ERP-9-272x182.jpg )\"\n\t\t\t\t\taria-labelledby=\"sow-carousel-id-46527\"\n\t\t\t\t\ttabindex=\"-1\"\n\t\t\t\t>\n\t\t\t\t\t<span class=\"overlay\"><\/span>\n\t\t\t\t<\/a>\n\t\t\t\t\t<\/div>\n\t\t<h3 class=\"sow-carousel-item-title\">\n\t\t\t<a\n\t\t\t\thref=\"http:\/\/www.javeriana.edu.co\/mentalpuntodeapoyo\/?p=46527\"\n\t\t\t\tid=\"sow-carousel-id-46527\"\n\t\t\t\t\t\t\t\ttabindex=\"-1\"\n\t\t\t>\n\n\t\t\t\tVIDA COM\u00daN COMUNIDAD DEBIDA: EP 9 &#8211; LA SALUD MENTAL EN LAS COMUNIDADES IND\u00cdGENAS\t\t\t<\/a>\n\t\t<\/h3>\n\t<\/div>\n\t<div class=\"sow-carousel-item\" tabindex=\"-1\" style=\"float: left;\">\n\t\t<div class=\"sow-carousel-thumbnail\">\n\t\t\t\t\t\t\t<a\n\t\t\t\thref=\"http:\/\/www.javeriana.edu.co\/mentalpuntodeapoyo\/?p=45868\"\n\t\t\t\t\t\t\t\t\t\tstyle=\"background-image: url( http:\/\/www.javeriana.edu.co\/mentalpuntodeapoyo\/wp-content\/uploads\/2025\/11\/SALUD-MENTAL_page-0001-272x182.jpg )\"\n\t\t\t\t\taria-labelledby=\"sow-carousel-id-45868\"\n\t\t\t\t\ttabindex=\"-1\"\n\t\t\t\t>\n\t\t\t\t\t<span class=\"overlay\"><\/span>\n\t\t\t\t<\/a>\n\t\t\t\t\t<\/div>\n\t\t<h3 class=\"sow-carousel-item-title\">\n\t\t\t<a\n\t\t\t\thref=\"http:\/\/www.javeriana.edu.co\/mentalpuntodeapoyo\/?p=45868\"\n\t\t\t\tid=\"sow-carousel-id-45868\"\n\t\t\t\t\t\t\t\ttabindex=\"-1\"\n\t\t\t>\n\n\t\t\t\tLa salud mental\t\t\t<\/a>\n\t\t<\/h3>\n\t<\/div>\n\t<div class=\"sow-carousel-item\" tabindex=\"-1\" style=\"float: left;\">\n\t\t<div class=\"sow-carousel-thumbnail\">\n\t\t\t\t\t\t\t<a\n\t\t\t\thref=\"http:\/\/www.javeriana.edu.co\/mentalpuntodeapoyo\/?p=45864\"\n\t\t\t\t\t\t\t\t\t\tstyle=\"background-image: url( http:\/\/www.javeriana.edu.co\/mentalpuntodeapoyo\/wp-content\/uploads\/2025\/11\/Podcast-en-video-mi-vida-como-freelancer-lila-1-4-272x182.jpg )\"\n\t\t\t\t\taria-labelledby=\"sow-carousel-id-45864\"\n\t\t\t\t\ttabindex=\"-1\"\n\t\t\t\t>\n\t\t\t\t\t<span class=\"overlay\"><\/span>\n\t\t\t\t<\/a>\n\t\t\t\t\t<\/div>\n\t\t<h3 class=\"sow-carousel-item-title\">\n\t\t\t<a\n\t\t\t\thref=\"http:\/\/www.javeriana.edu.co\/mentalpuntodeapoyo\/?p=45864\"\n\t\t\t\tid=\"sow-carousel-id-45864\"\n\t\t\t\t\t\t\t\ttabindex=\"-1\"\n\t\t\t>\n\n\t\t\t\tVIDA COM\u00daN COMUNIDAD DEBIDA: EP 8 &#8211; \u00bfCONTRIBUYE LA VIDA CONTEMPOR\u00c1NEA A LA SALUD MENTAL?\t\t\t<\/a>\n\t\t<\/h3>\n\t<\/div>\n\t<div class=\"sow-carousel-item\" tabindex=\"-1\" style=\"float: left;\">\n\t\t<div class=\"sow-carousel-thumbnail\">\n\t\t\t\t\t\t\t<a\n\t\t\t\thref=\"http:\/\/www.javeriana.edu.co\/mentalpuntodeapoyo\/?p=44966\"\n\t\t\t\t\t\t\t\t\t\tstyle=\"background-image: url( http:\/\/www.javeriana.edu.co\/mentalpuntodeapoyo\/wp-content\/uploads\/2025\/11\/Podcast-en-video-mi-vida-como-freelancer-lila-1-3-272x182.jpg )\"\n\t\t\t\t\taria-labelledby=\"sow-carousel-id-44966\"\n\t\t\t\t\ttabindex=\"-1\"\n\t\t\t\t>\n\t\t\t\t\t<span class=\"overlay\"><\/span>\n\t\t\t\t<\/a>\n\t\t\t\t\t<\/div>\n\t\t<h3 class=\"sow-carousel-item-title\">\n\t\t\t<a\n\t\t\t\thref=\"http:\/\/www.javeriana.edu.co\/mentalpuntodeapoyo\/?p=44966\"\n\t\t\t\tid=\"sow-carousel-id-44966\"\n\t\t\t\t\t\t\t\ttabindex=\"-1\"\n\t\t\t>\n\n\t\t\t\tVIDA COM\u00daN COMUNIDAD DEBIDA: EP 7 &#8211; COMO ES VIVIR CON UN TRASTORNO MENTAL\t\t\t<\/a>\n\t\t<\/h3>\n\t<\/div>\n\t<div class=\"sow-carousel-item\" tabindex=\"-1\" style=\"float: left;\">\n\t\t<div class=\"sow-carousel-thumbnail\">\n\t\t\t\t\t\t\t<a\n\t\t\t\thref=\"http:\/\/www.javeriana.edu.co\/mentalpuntodeapoyo\/?p=44958\"\n\t\t\t\t\t\t\t\t\t\tstyle=\"background-image: url( http:\/\/www.javeriana.edu.co\/mentalpuntodeapoyo\/wp-content\/uploads\/2025\/11\/ENVEJECIMIENTO-SALUDABLE_page-0001-272x182.jpg )\"\n\t\t\t\t\taria-labelledby=\"sow-carousel-id-44958\"\n\t\t\t\t\ttabindex=\"-1\"\n\t\t\t\t>\n\t\t\t\t\t<span class=\"overlay\"><\/span>\n\t\t\t\t<\/a>\n\t\t\t\t\t<\/div>\n\t\t<h3 class=\"sow-carousel-item-title\">\n\t\t\t<a\n\t\t\t\thref=\"http:\/\/www.javeriana.edu.co\/mentalpuntodeapoyo\/?p=44958\"\n\t\t\t\tid=\"sow-carousel-id-44958\"\n\t\t\t\t\t\t\t\ttabindex=\"-1\"\n\t\t\t>\n\n\t\t\t\tEnvejecimiento saludable y prevenci\u00f3n de la demencia\t\t\t<\/a>\n\t\t<\/h3>\n\t<\/div>\n\t<div class=\"sow-carousel-item\" tabindex=\"-1\" style=\"float: left;\">\n\t\t<div class=\"sow-carousel-thumbnail\">\n\t\t\t\t\t\t\t<a\n\t\t\t\thref=\"http:\/\/www.javeriana.edu.co\/mentalpuntodeapoyo\/?p=44954\"\n\t\t\t\t\t\t\t\t\t\tstyle=\"background-image: url( http:\/\/www.javeriana.edu.co\/mentalpuntodeapoyo\/wp-content\/uploads\/2025\/11\/cinco-acciones-que-estigmatizan-272x182.png )\"\n\t\t\t\t\taria-labelledby=\"sow-carousel-id-44954\"\n\t\t\t\t\ttabindex=\"-1\"\n\t\t\t\t>\n\t\t\t\t\t<span class=\"overlay\"><\/span>\n\t\t\t\t<\/a>\n\t\t\t\t\t<\/div>\n\t\t<h3 class=\"sow-carousel-item-title\">\n\t\t\t<a\n\t\t\t\thref=\"http:\/\/www.javeriana.edu.co\/mentalpuntodeapoyo\/?p=44954\"\n\t\t\t\tid=\"sow-carousel-id-44954\"\n\t\t\t\t\t\t\t\ttabindex=\"-1\"\n\t\t\t>\n\n\t\t\t\tAcciones que estigmatizan a las personas mayores con trastorno mental\t\t\t<\/a>\n\t\t<\/h3>\n\t<\/div>\n\t<div class=\"sow-carousel-item\" tabindex=\"-1\" style=\"float: left;\">\n\t\t<div class=\"sow-carousel-thumbnail\">\n\t\t\t\t\t\t\t<a\n\t\t\t\thref=\"http:\/\/www.javeriana.edu.co\/mentalpuntodeapoyo\/?p=44950\"\n\t\t\t\t\t\t\t\t\t\tstyle=\"background-image: url( http:\/\/www.javeriana.edu.co\/mentalpuntodeapoyo\/wp-content\/uploads\/2025\/11\/PERSONAS-MAYORES-DERECHOS-PROTEGIDOS_page-0001-272x182.jpg )\"\n\t\t\t\t\taria-labelledby=\"sow-carousel-id-44950\"\n\t\t\t\t\ttabindex=\"-1\"\n\t\t\t\t>\n\t\t\t\t\t<span class=\"overlay\"><\/span>\n\t\t\t\t<\/a>\n\t\t\t\t\t<\/div>\n\t\t<h3 class=\"sow-carousel-item-title\">\n\t\t\t<a\n\t\t\t\thref=\"http:\/\/www.javeriana.edu.co\/mentalpuntodeapoyo\/?p=44950\"\n\t\t\t\tid=\"sow-carousel-id-44950\"\n\t\t\t\t\t\t\t\ttabindex=\"-1\"\n\t\t\t>\n\n\t\t\t\tDerechos de las persona mayores\t\t\t<\/a>\n\t\t<\/h3>\n\t<\/div>\n\t<div class=\"sow-carousel-item\" tabindex=\"-1\" style=\"float: left;\">\n\t\t<div class=\"sow-carousel-thumbnail\">\n\t\t\t\t\t\t\t<a\n\t\t\t\t\thref=\"http:\/\/www.javeriana.edu.co\/mentalpuntodeapoyo\/?p=44962\"\n\t\t\t\t\tclass=\"sow-carousel-default-thumbnail\"\n\t\t\t\t\t\t\t\t\t\t\t\t\t\t\taria-labelledby=\"sow-carousel-id-44962\"\n\t\t\t\t\ttabindex=\"-1\"\n\t\t\t\t>\n\t\t\t\t\t<span class=\"overlay\"><\/span>\n\t\t\t\t<\/a>\n\t\t\t\t\t<\/div>\n\t\t<h3 class=\"sow-carousel-item-title\">\n\t\t\t<a\n\t\t\t\thref=\"http:\/\/www.javeriana.edu.co\/mentalpuntodeapoyo\/?p=44962\"\n\t\t\t\tid=\"sow-carousel-id-44962\"\n\t\t\t\t\t\t\t\ttabindex=\"-1\"\n\t\t\t>\n\n\t\t\t\tSalud mental y poblaciones diferenciales\t\t\t<\/a>\n\t\t<\/h3>\n\t<\/div>\n\t<div class=\"sow-carousel-item\" tabindex=\"-1\" style=\"float: left;\">\n\t\t<div class=\"sow-carousel-thumbnail\">\n\t\t\t\t\t\t\t<a\n\t\t\t\thref=\"http:\/\/www.javeriana.edu.co\/mentalpuntodeapoyo\/?p=44426\"\n\t\t\t\t\t\t\t\t\t\tstyle=\"background-image: url( http:\/\/www.javeriana.edu.co\/mentalpuntodeapoyo\/wp-content\/uploads\/2025\/11\/Podcast-en-video-mi-vida-como-freelancer-lila-1-2-272x182.jpg )\"\n\t\t\t\t\taria-labelledby=\"sow-carousel-id-44426\"\n\t\t\t\t\ttabindex=\"-1\"\n\t\t\t\t>\n\t\t\t\t\t<span class=\"overlay\"><\/span>\n\t\t\t\t<\/a>\n\t\t\t\t\t<\/div>\n\t\t<h3 class=\"sow-carousel-item-title\">\n\t\t\t<a\n\t\t\t\thref=\"http:\/\/www.javeriana.edu.co\/mentalpuntodeapoyo\/?p=44426\"\n\t\t\t\tid=\"sow-carousel-id-44426\"\n\t\t\t\t\t\t\t\ttabindex=\"-1\"\n\t\t\t>\n\n\t\t\t\tVIDA COM\u00daN COMUNIDAD DEBIDA: EP 6 &#8211; EDAD, ETNIA Y G\u00c9NERO: \u00bfTIENEN QUE VER CON LA SALUD MENTAL?\t\t\t<\/a>\n\t\t<\/h3>\n\t<\/div>\n\t\t<\/div>\n\t\t\t<\/div>\n\n\t<\/div>\n\t\t<input type=\"hidden\" name=\"instance_hash\" value=\"36ac458f\"\/>\n\t<\/div>\n<\/div><\/div><\/div><\/div><\/div>","protected":false},"excerpt":{"rendered":"<p>Lo que sentimos se manifiesta en el cuerpo de diversas formas. Para saber m\u00e1s te invitamos a descargar (dando click a la imagen y posteriormente dando click derecho encima de la imagen \u2013 opci\u00f3n \u201cguardar como\u2026\u201d). crowncellars.org idikotapekalongan.org ASD jacktoto <a href=\"http:\/\/www.javeriana.edu.co\/mentalpuntodeapoyo\/?p=44426\" class=\"read-more\">Read More &#8230;<\/a><\/p>\n","protected":false},"author":1,"featured_media":3176,"comment_status":"open","ping_status":"open","sticky":false,"template":"","format":"standard","meta":{"footnotes":""},"categories":[1],"tags":[569,648,425,650,389,505,506,507,633,401,471,504,639,649,644,638,652,612,418,640,501,570,651,445,637,443,665,509,503,487,558,643,636,611,646,502,641,645,567,404,388,508,444],"yoast_head":"<!-- This site is optimized with the Yoast SEO plugin v23.0 - https:\/\/yoast.com\/wordpress\/plugins\/seo\/ -->\n<title>\u00bfC\u00f3mo se manifiestan las emociones en nuestro cuerpo? - APS - Punto de Apoyo<\/title>\n<meta name=\"robots\" content=\"index, follow, max-snippet:-1, max-image-preview:large, max-video-preview:-1\" \/>\n<link rel=\"canonical\" href=\"http:\/\/www.javeriana.edu.co\/mentalpuntodeapoyo\/?p=3114\" \/>\n<meta property=\"og:locale\" content=\"es_ES\" \/>\n<meta property=\"og:type\" content=\"article\" \/>\n<meta property=\"og:title\" content=\"\u00bfC\u00f3mo se manifiestan las emociones en nuestro cuerpo? - APS - Punto de Apoyo\" \/>\n<meta property=\"og:description\" content=\"Lo que sentimos se manifiesta en el cuerpo de diversas formas. Para saber m\u00e1s te invitamos a descargar (dando click a la imagen y posteriormente dando click derecho encima de la imagen \u2013 opci\u00f3n \u201cguardar como\u2026\u201d). crowncellars.org idikotapekalongan.org ASD jacktoto Read More ...\" \/>\n<meta property=\"og:url\" content=\"http:\/\/www.javeriana.edu.co\/mentalpuntodeapoyo\/?p=3114\" \/>\n<meta property=\"og:site_name\" content=\"APS - Punto de Apoyo\" \/>\n<meta property=\"article:published_time\" content=\"2020-11-25T21:59:39+00:00\" \/>\n<meta property=\"article:modified_time\" content=\"2026-04-26T14:07:39+00:00\" \/>\n<meta property=\"og:image\" content=\"http:\/\/www.javeriana.edu.co\/mentalpuntodeapoyo\/wp-content\/uploads\/2020\/11\/pexels-photo-774866.jpeg_autocompresscstinysrgbdpr2w500.jpg\" \/>\n\t<meta property=\"og:image:width\" content=\"953\" \/>\n\t<meta property=\"og:image:height\" content=\"296\" \/>\n\t<meta property=\"og:image:type\" content=\"image\/jpeg\" \/>\n<meta name=\"author\" content=\"Mental Punto de Apoyo\" \/>\n<meta name=\"twitter:card\" content=\"summary_large_image\" \/>\n<meta name=\"twitter:label1\" content=\"Escrito por\" \/>\n\t<meta name=\"twitter:data1\" content=\"Mental Punto de Apoyo\" \/>\n\t<meta name=\"twitter:label2\" content=\"Tiempo de lectura\" \/>\n\t<meta name=\"twitter:data2\" content=\"2 minutos\" \/>\n<script type=\"application\/ld+json\" class=\"yoast-schema-graph\">{\"@context\":\"https:\/\/schema.org\",\"@graph\":[{\"@type\":\"Article\",\"@id\":\"http:\/\/www.javeriana.edu.co\/mentalpuntodeapoyo\/?p=3114#article\",\"isPartOf\":{\"@id\":\"http:\/\/www.javeriana.edu.co\/mentalpuntodeapoyo\/?p=3114\"},\"author\":{\"name\":\"Mental Punto de Apoyo\",\"@id\":\"https:\/\/www.javeriana.edu.co\/mentalpuntodeapoyo\/#\/schema\/person\/f772deff37a7d49746c0bbb7f39ad4a9\"},\"headline\":\"\u00bfC\u00f3mo se manifiestan las emociones en nuestro cuerpo?\",\"datePublished\":\"2020-11-25T21:59:39+00:00\",\"dateModified\":\"2026-04-26T14:07:39+00:00\",\"mainEntityOfPage\":{\"@id\":\"http:\/\/www.javeriana.edu.co\/mentalpuntodeapoyo\/?p=3114\"},\"wordCount\":410,\"commentCount\":0,\"publisher\":{\"@id\":\"https:\/\/www.javeriana.edu.co\/mentalpuntodeapoyo\/#organization\"},\"image\":{\"@id\":\"http:\/\/www.javeriana.edu.co\/mentalpuntodeapoyo\/?p=3114#primaryimage\"},\"thumbnailUrl\":\"http:\/\/www.javeriana.edu.co\/mentalpuntodeapoyo\/wp-content\/uploads\/2020\/11\/pexels-photo-774866.jpeg_autocompresscstinysrgbdpr2w500.jpg\",\"keywords\":[\"Aburrimiento\",\"Actitud\",\"Actividades de la vida diaria\",\"Actividades humanas\",\"Adaptaci\u00f3n psicol\u00f3gica\",\"Adolescentes\",\"Adultos j\u00f3venes\",\"Adultos mayores\",\"Adultos medios\",\"Amor\",\"Angustia psicol\u00f3gica\",\"audiencia:todos\",\"Ciencias sociales\",\"Comportamiento de salud\",\"Comportamiento social\",\"Disciplinas y actividades conductuales\",\"Emociones\",\"Familia\",\"Felicidad\",\"Fen\u00f3menos psicol\u00f3gicos\",\"formato:texto e imagen\",\"Frustraci\u00f3n\",\"Humanidades\",\"Ira\",\"Mecanismos de comportamiento y comportamiento\",\"Miedo\",\"Motivaci\u00f3n\",\"Ni\u00f1os\",\"nivelprevenci\u00f3n:espec\u00edfico\",\"Pensar\",\"Percepci\u00f3n de dolor\",\"Personalidad\",\"Personas\",\"Procesos grupales\",\"Procesos mentales\",\"prop\u00f3sito:informaci\u00f3n\",\"Psicolog\u00eda aplicada\",\"psicolog\u00eda social\",\"Relacion Mente-Cuerpo Metaf\u00edsicas\",\"Relaciones interpersonales\",\"tema:buen vivir\",\"tipo:infograf\u00eda\",\"Tristeza\"],\"articleSection\":[\"Situaciones Preocupantes\"],\"inLanguage\":\"es\",\"potentialAction\":[{\"@type\":\"CommentAction\",\"name\":\"Comment\",\"target\":[\"http:\/\/www.javeriana.edu.co\/mentalpuntodeapoyo\/?p=3114#respond\"]}]},{\"@type\":\"WebPage\",\"@id\":\"http:\/\/www.javeriana.edu.co\/mentalpuntodeapoyo\/?p=3114\",\"url\":\"http:\/\/www.javeriana.edu.co\/mentalpuntodeapoyo\/?p=3114\",\"name\":\"\u00bfC\u00f3mo se manifiestan las emociones en nuestro cuerpo? - APS - Punto de Apoyo\",\"isPartOf\":{\"@id\":\"https:\/\/www.javeriana.edu.co\/mentalpuntodeapoyo\/#website\"},\"primaryImageOfPage\":{\"@id\":\"http:\/\/www.javeriana.edu.co\/mentalpuntodeapoyo\/?p=3114#primaryimage\"},\"image\":{\"@id\":\"http:\/\/www.javeriana.edu.co\/mentalpuntodeapoyo\/?p=3114#primaryimage\"},\"thumbnailUrl\":\"http:\/\/www.javeriana.edu.co\/mentalpuntodeapoyo\/wp-content\/uploads\/2020\/11\/pexels-photo-774866.jpeg_autocompresscstinysrgbdpr2w500.jpg\",\"datePublished\":\"2020-11-25T21:59:39+00:00\",\"dateModified\":\"2026-04-26T14:07:39+00:00\",\"breadcrumb\":{\"@id\":\"http:\/\/www.javeriana.edu.co\/mentalpuntodeapoyo\/?p=3114#breadcrumb\"},\"inLanguage\":\"es\",\"potentialAction\":[{\"@type\":\"ReadAction\",\"target\":[\"http:\/\/www.javeriana.edu.co\/mentalpuntodeapoyo\/?p=3114\"]}]},{\"@type\":\"ImageObject\",\"inLanguage\":\"es\",\"@id\":\"http:\/\/www.javeriana.edu.co\/mentalpuntodeapoyo\/?p=3114#primaryimage\",\"url\":\"http:\/\/www.javeriana.edu.co\/mentalpuntodeapoyo\/wp-content\/uploads\/2020\/11\/pexels-photo-774866.jpeg_autocompresscstinysrgbdpr2w500.jpg\",\"contentUrl\":\"http:\/\/www.javeriana.edu.co\/mentalpuntodeapoyo\/wp-content\/uploads\/2020\/11\/pexels-photo-774866.jpeg_autocompresscstinysrgbdpr2w500.jpg\",\"width\":953,\"height\":296},{\"@type\":\"BreadcrumbList\",\"@id\":\"http:\/\/www.javeriana.edu.co\/mentalpuntodeapoyo\/?p=3114#breadcrumb\",\"itemListElement\":[{\"@type\":\"ListItem\",\"position\":1,\"name\":\"Portada\",\"item\":\"http:\/\/www.javeriana.edu.co\/mentalpuntodeapoyo\/\"},{\"@type\":\"ListItem\",\"position\":2,\"name\":\"\u00bfC\u00f3mo se manifiestan las emociones en nuestro cuerpo?\"}]},{\"@type\":\"WebSite\",\"@id\":\"https:\/\/www.javeriana.edu.co\/mentalpuntodeapoyo\/#website\",\"url\":\"https:\/\/www.javeriana.edu.co\/mentalpuntodeapoyo\/\",\"name\":\"APS - Punto de Apoyo\",\"description\":\"Programa Intervenciones en Salud Mental PUHJ-HUSI\",\"publisher\":{\"@id\":\"https:\/\/www.javeriana.edu.co\/mentalpuntodeapoyo\/#organization\"},\"alternateName\":\"APS - Punto de Apoyo\",\"potentialAction\":[{\"@type\":\"SearchAction\",\"target\":{\"@type\":\"EntryPoint\",\"urlTemplate\":\"https:\/\/www.javeriana.edu.co\/mentalpuntodeapoyo\/?s={search_term_string}\"},\"query-input\":\"required name=search_term_string\"}],\"inLanguage\":\"es\"},{\"@type\":\"Organization\",\"@id\":\"https:\/\/www.javeriana.edu.co\/mentalpuntodeapoyo\/#organization\",\"name\":\"APS - Punto de Apoyo\",\"alternateName\":\"APS - Punto de Apoyo\",\"url\":\"https:\/\/www.javeriana.edu.co\/mentalpuntodeapoyo\/\",\"logo\":{\"@type\":\"ImageObject\",\"inLanguage\":\"es\",\"@id\":\"https:\/\/www.javeriana.edu.co\/mentalpuntodeapoyo\/#\/schema\/logo\/image\/\",\"url\":\"http:\/\/www.javeriana.edu.co\/mentalpuntodeapoyo\/wp-content\/uploads\/2018\/01\/cropped-logoFooter-2.png\",\"contentUrl\":\"http:\/\/www.javeriana.edu.co\/mentalpuntodeapoyo\/wp-content\/uploads\/2018\/01\/cropped-logoFooter-2.png\",\"width\":92,\"height\":92,\"caption\":\"APS - Punto de Apoyo\"},\"image\":{\"@id\":\"https:\/\/www.javeriana.edu.co\/mentalpuntodeapoyo\/#\/schema\/logo\/image\/\"}},{\"@type\":\"Person\",\"@id\":\"https:\/\/www.javeriana.edu.co\/mentalpuntodeapoyo\/#\/schema\/person\/f772deff37a7d49746c0bbb7f39ad4a9\",\"name\":\"Mental Punto de Apoyo\",\"image\":{\"@type\":\"ImageObject\",\"inLanguage\":\"es\",\"@id\":\"https:\/\/www.javeriana.edu.co\/mentalpuntodeapoyo\/#\/schema\/person\/image\/\",\"url\":\"http:\/\/0.gravatar.com\/avatar\/caae428d8ffb6f09c37b9597fd16bcbd?s=96&d=mm&r=g\",\"contentUrl\":\"http:\/\/0.gravatar.com\/avatar\/caae428d8ffb6f09c37b9597fd16bcbd?s=96&d=mm&r=g\",\"caption\":\"Mental Punto de Apoyo\"},\"url\":\"http:\/\/www.javeriana.edu.co\/mentalpuntodeapoyo\/?author=1\"}]}<\/script>\n<!-- \/ Yoast SEO plugin. -->","yoast_head_json":{"title":"\u00bfC\u00f3mo se manifiestan las emociones en nuestro cuerpo? - APS - Punto de Apoyo","robots":{"index":"index","follow":"follow","max-snippet":"max-snippet:-1","max-image-preview":"max-image-preview:large","max-video-preview":"max-video-preview:-1"},"canonical":"http:\/\/www.javeriana.edu.co\/mentalpuntodeapoyo\/?p=3114","og_locale":"es_ES","og_type":"article","og_title":"\u00bfC\u00f3mo se manifiestan las emociones en nuestro cuerpo? - APS - Punto de Apoyo","og_description":"Lo que sentimos se manifiesta en el cuerpo de diversas formas. Para saber m\u00e1s te invitamos a descargar (dando click a la imagen y posteriormente dando click derecho encima de la imagen \u2013 opci\u00f3n \u201cguardar como\u2026\u201d). crowncellars.org idikotapekalongan.org ASD jacktoto Read More ...","og_url":"http:\/\/www.javeriana.edu.co\/mentalpuntodeapoyo\/?p=3114","og_site_name":"APS - Punto de Apoyo","article_published_time":"2020-11-25T21:59:39+00:00","article_modified_time":"2026-04-26T14:07:39+00:00","og_image":[{"width":953,"height":296,"url":"http:\/\/www.javeriana.edu.co\/mentalpuntodeapoyo\/wp-content\/uploads\/2020\/11\/pexels-photo-774866.jpeg_autocompresscstinysrgbdpr2w500.jpg","type":"image\/jpeg"}],"author":"Mental Punto de Apoyo","twitter_card":"summary_large_image","twitter_misc":{"Escrito por":"Mental Punto de Apoyo","Tiempo de lectura":"2 minutos"},"schema":{"@context":"https:\/\/schema.org","@graph":[{"@type":"Article","@id":"http:\/\/www.javeriana.edu.co\/mentalpuntodeapoyo\/?p=3114#article","isPartOf":{"@id":"http:\/\/www.javeriana.edu.co\/mentalpuntodeapoyo\/?p=3114"},"author":{"name":"Mental Punto de Apoyo","@id":"https:\/\/www.javeriana.edu.co\/mentalpuntodeapoyo\/#\/schema\/person\/f772deff37a7d49746c0bbb7f39ad4a9"},"headline":"\u00bfC\u00f3mo se manifiestan las emociones en nuestro cuerpo?","datePublished":"2020-11-25T21:59:39+00:00","dateModified":"2026-04-26T14:07:39+00:00","mainEntityOfPage":{"@id":"http:\/\/www.javeriana.edu.co\/mentalpuntodeapoyo\/?p=3114"},"wordCount":410,"commentCount":0,"publisher":{"@id":"https:\/\/www.javeriana.edu.co\/mentalpuntodeapoyo\/#organization"},"image":{"@id":"http:\/\/www.javeriana.edu.co\/mentalpuntodeapoyo\/?p=3114#primaryimage"},"thumbnailUrl":"http:\/\/www.javeriana.edu.co\/mentalpuntodeapoyo\/wp-content\/uploads\/2020\/11\/pexels-photo-774866.jpeg_autocompresscstinysrgbdpr2w500.jpg","keywords":["Aburrimiento","Actitud","Actividades de la vida diaria","Actividades humanas","Adaptaci\u00f3n psicol\u00f3gica","Adolescentes","Adultos j\u00f3venes","Adultos mayores","Adultos medios","Amor","Angustia psicol\u00f3gica","audiencia:todos","Ciencias sociales","Comportamiento de salud","Comportamiento social","Disciplinas y actividades conductuales","Emociones","Familia","Felicidad","Fen\u00f3menos psicol\u00f3gicos","formato:texto e imagen","Frustraci\u00f3n","Humanidades","Ira","Mecanismos de comportamiento y comportamiento","Miedo","Motivaci\u00f3n","Ni\u00f1os","nivelprevenci\u00f3n:espec\u00edfico","Pensar","Percepci\u00f3n de dolor","Personalidad","Personas","Procesos grupales","Procesos mentales","prop\u00f3sito:informaci\u00f3n","Psicolog\u00eda aplicada","psicolog\u00eda social","Relacion Mente-Cuerpo Metaf\u00edsicas","Relaciones interpersonales","tema:buen vivir","tipo:infograf\u00eda","Tristeza"],"articleSection":["Situaciones Preocupantes"],"inLanguage":"es","potentialAction":[{"@type":"CommentAction","name":"Comment","target":["http:\/\/www.javeriana.edu.co\/mentalpuntodeapoyo\/?p=3114#respond"]}]},{"@type":"WebPage","@id":"http:\/\/www.javeriana.edu.co\/mentalpuntodeapoyo\/?p=3114","url":"http:\/\/www.javeriana.edu.co\/mentalpuntodeapoyo\/?p=3114","name":"\u00bfC\u00f3mo se manifiestan las emociones en nuestro cuerpo? - APS - Punto de Apoyo","isPartOf":{"@id":"https:\/\/www.javeriana.edu.co\/mentalpuntodeapoyo\/#website"},"primaryImageOfPage":{"@id":"http:\/\/www.javeriana.edu.co\/mentalpuntodeapoyo\/?p=3114#primaryimage"},"image":{"@id":"http:\/\/www.javeriana.edu.co\/mentalpuntodeapoyo\/?p=3114#primaryimage"},"thumbnailUrl":"http:\/\/www.javeriana.edu.co\/mentalpuntodeapoyo\/wp-content\/uploads\/2020\/11\/pexels-photo-774866.jpeg_autocompresscstinysrgbdpr2w500.jpg","datePublished":"2020-11-25T21:59:39+00:00","dateModified":"2026-04-26T14:07:39+00:00","breadcrumb":{"@id":"http:\/\/www.javeriana.edu.co\/mentalpuntodeapoyo\/?p=3114#breadcrumb"},"inLanguage":"es","potentialAction":[{"@type":"ReadAction","target":["http:\/\/www.javeriana.edu.co\/mentalpuntodeapoyo\/?p=3114"]}]},{"@type":"ImageObject","inLanguage":"es","@id":"http:\/\/www.javeriana.edu.co\/mentalpuntodeapoyo\/?p=3114#primaryimage","url":"http:\/\/www.javeriana.edu.co\/mentalpuntodeapoyo\/wp-content\/uploads\/2020\/11\/pexels-photo-774866.jpeg_autocompresscstinysrgbdpr2w500.jpg","contentUrl":"http:\/\/www.javeriana.edu.co\/mentalpuntodeapoyo\/wp-content\/uploads\/2020\/11\/pexels-photo-774866.jpeg_autocompresscstinysrgbdpr2w500.jpg","width":953,"height":296},{"@type":"BreadcrumbList","@id":"http:\/\/www.javeriana.edu.co\/mentalpuntodeapoyo\/?p=3114#breadcrumb","itemListElement":[{"@type":"ListItem","position":1,"name":"Portada","item":"http:\/\/www.javeriana.edu.co\/mentalpuntodeapoyo\/"},{"@type":"ListItem","position":2,"name":"\u00bfC\u00f3mo se manifiestan las emociones en nuestro cuerpo?"}]},{"@type":"WebSite","@id":"https:\/\/www.javeriana.edu.co\/mentalpuntodeapoyo\/#website","url":"https:\/\/www.javeriana.edu.co\/mentalpuntodeapoyo\/","name":"APS - Punto de Apoyo","description":"Programa Intervenciones en Salud Mental PUHJ-HUSI","publisher":{"@id":"https:\/\/www.javeriana.edu.co\/mentalpuntodeapoyo\/#organization"},"alternateName":"APS - Punto de Apoyo","potentialAction":[{"@type":"SearchAction","target":{"@type":"EntryPoint","urlTemplate":"https:\/\/www.javeriana.edu.co\/mentalpuntodeapoyo\/?s={search_term_string}"},"query-input":"required name=search_term_string"}],"inLanguage":"es"},{"@type":"Organization","@id":"https:\/\/www.javeriana.edu.co\/mentalpuntodeapoyo\/#organization","name":"APS - Punto de Apoyo","alternateName":"APS - Punto de Apoyo","url":"https:\/\/www.javeriana.edu.co\/mentalpuntodeapoyo\/","logo":{"@type":"ImageObject","inLanguage":"es","@id":"https:\/\/www.javeriana.edu.co\/mentalpuntodeapoyo\/#\/schema\/logo\/image\/","url":"http:\/\/www.javeriana.edu.co\/mentalpuntodeapoyo\/wp-content\/uploads\/2018\/01\/cropped-logoFooter-2.png","contentUrl":"http:\/\/www.javeriana.edu.co\/mentalpuntodeapoyo\/wp-content\/uploads\/2018\/01\/cropped-logoFooter-2.png","width":92,"height":92,"caption":"APS - Punto de Apoyo"},"image":{"@id":"https:\/\/www.javeriana.edu.co\/mentalpuntodeapoyo\/#\/schema\/logo\/image\/"}},{"@type":"Person","@id":"https:\/\/www.javeriana.edu.co\/mentalpuntodeapoyo\/#\/schema\/person\/f772deff37a7d49746c0bbb7f39ad4a9","name":"Mental Punto de Apoyo","image":{"@type":"ImageObject","inLanguage":"es","@id":"https:\/\/www.javeriana.edu.co\/mentalpuntodeapoyo\/#\/schema\/person\/image\/","url":"http:\/\/0.gravatar.com\/avatar\/caae428d8ffb6f09c37b9597fd16bcbd?s=96&d=mm&r=g","contentUrl":"http:\/\/0.gravatar.com\/avatar\/caae428d8ffb6f09c37b9597fd16bcbd?s=96&d=mm&r=g","caption":"Mental Punto de Apoyo"},"url":"http:\/\/www.javeriana.edu.co\/mentalpuntodeapoyo\/?author=1"}]}},"_links":{"self":[{"href":"http:\/\/www.javeriana.edu.co\/mentalpuntodeapoyo\/index.php?rest_route=\/wp\/v2\/posts\/3114"}],"collection":[{"href":"http:\/\/www.javeriana.edu.co\/mentalpuntodeapoyo\/index.php?rest_route=\/wp\/v2\/posts"}],"about":[{"href":"http:\/\/www.javeriana.edu.co\/mentalpuntodeapoyo\/index.php?rest_route=\/wp\/v2\/types\/post"}],"author":[{"embeddable":true,"href":"http:\/\/www.javeriana.edu.co\/mentalpuntodeapoyo\/index.php?rest_route=\/wp\/v2\/users\/1"}],"replies":[{"embeddable":true,"href":"http:\/\/www.javeriana.edu.co\/mentalpuntodeapoyo\/index.php?rest_route=%2Fwp%2Fv2%2Fcomments&post=3114"}],"version-history":[{"count":229,"href":"http:\/\/www.javeriana.edu.co\/mentalpuntodeapoyo\/index.php?rest_route=\/wp\/v2\/posts\/3114\/revisions"}],"predecessor-version":[{"id":96925,"href":"http:\/\/www.javeriana.edu.co\/mentalpuntodeapoyo\/index.php?rest_route=\/wp\/v2\/posts\/3114\/revisions\/96925"}],"wp:featuredmedia":[{"embeddable":true,"href":"http:\/\/www.javeriana.edu.co\/mentalpuntodeapoyo\/index.php?rest_route=\/wp\/v2\/media\/3176"}],"wp:attachment":[{"href":"http:\/\/www.javeriana.edu.co\/mentalpuntodeapoyo\/index.php?rest_route=%2Fwp%2Fv2%2Fmedia&parent=3114"}],"wp:term":[{"taxonomy":"category","embeddable":true,"href":"http:\/\/www.javeriana.edu.co\/mentalpuntodeapoyo\/index.php?rest_route=%2Fwp%2Fv2%2Fcategories&post=3114"},{"taxonomy":"post_tag","embeddable":true,"href":"http:\/\/www.javeriana.edu.co\/mentalpuntodeapoyo\/index.php?rest_route=%2Fwp%2Fv2%2Ftags&post=3114"}],"curies":[{"name":"wp","href":"https:\/\/api.w.org\/{rel}","templated":true}]}}