{"id":3254,"date":"2020-11-26T18:28:23","date_gmt":"2020-11-26T23:28:23","guid":{"rendered":"http:\/\/www.javeriana.edu.co\/mentalpuntodeapoyo\/?p=3254"},"modified":"2026-05-01T03:25:56","modified_gmt":"2026-05-01T08:25:56","slug":"discapacidad-adaptacion-como-individuos","status":"publish","type":"post","link":"http:\/\/www.javeriana.edu.co\/mentalpuntodeapoyo\/?p=3254","title":{"rendered":"Discapacidad. Adaptaci\u00f3n como individuos"},"content":{"rendered":"<div id=\"pl-3254\"  class=\"panel-layout\" ><div id=\"pg-3254-0\"  class=\"panel-grid panel-no-style\" ><div id=\"pgc-3254-0-0\"  class=\"panel-grid-cell\" ><div id=\"panel-3254-0-0-0\" class=\"so-panel widget widget_sow-editor panel-first-child\" data-index=\"0\" ><div\n\t\t\t\n\t\t\tclass=\"so-widget-sow-editor so-widget-sow-editor-base\"\n\t\t\t\n\t\t>\n<div class=\"siteorigin-widget-tinymce textwidget\">\n\t<p>La discapacidad muchas veces es una situaci\u00f3n que no vemos venir, que no se puede prevenir y es por ello que como individuos debemos adaptarnos a ella. Has click para obtener m\u00e1s informaci\u00f3n en nuestra <a href=\"https:\/\/www.javeriana.edu.co\/mentalpuntodeapoyo\/wp-content\/uploads\/2020\/11\/Discapacidad-Individuo.pdf\">Infograf\u00eda<\/a><\/p>\n<p>Si quieres hablar con alguien no dudes en contactarnos, somos <a href=\"https:\/\/www.javeriana.edu.co\/mentescolectivas\/\">mentes colectivas<\/a>.<\/p>\n<p><embed src=\"https:\/\/www.javeriana.edu.co\/mentalpuntodeapoyo\/wp-content\/uploads\/2020\/11\/Discapacidad-Individuo.pdf\" type=\"application\/pdf\" width=\"100%\" height=\"1800px\"><\/embed><\/p>\n<\/div>\n<\/div><\/div><div id=\"panel-3254-0-0-1\" class=\"so-panel widget widget_sow-post-carousel panel-last-child\" data-index=\"1\" ><div\n\t\t\t\n\t\t\tclass=\"so-widget-sow-post-carousel so-widget-sow-post-carousel-base-ad93eedad001-3254\"\n\t\t\t\n\t\t>\t<div\n\t\tclass=\"sow-post-carousel-wrapper sow-post-carousel-theme-base\"\n\t\tstyle=\"overflow: hidden; max-width: 100%; min-height: 182px\"\n\t>\n\t\t<div class=\"sow-carousel-title\">\n\t\t\t<div class=\"sow-carousel-navigation \">\n\t\t\t\t\t\t<a href=\"#\" class=\"sow-carousel-next\" title=\"Siguiente\" aria-label=\"Entradas siguientes\" role=\"button\"><\/a>\n\t\t\t\t\t\t<a href=\"#\" class=\"sow-carousel-previous\" title=\"Anterior\" aria-label=\"Entradas anteriores\" role=\"button\"><\/a>\n\t\t\t\t\t<\/div>\n\t<\/div>\n\n<div class=\"sow-carousel-container \">\n\t\t<div class=\"sow-carousel-wrapper\"\n\t\tdata-dir=\"ltr\"\n\t\tstyle=\"opacity: 0;\"\n\t\tdata-widget=\"post\" data-fetching=\"false\" data-page=\"1\" data-ajax-url=\"http:\/\/www.javeriana.edu.co\/mentalpuntodeapoyo\/wp-admin\/admin-ajax.php?_widgets_nonce=23ab8adb41\" data-item_count=\"285\" data-carousel_settings=\"{&quot;loop&quot;:true,&quot;animation&quot;:&quot;ease&quot;,&quot;animation_speed&quot;:800,&quot;autoplay&quot;:&quot;&quot;,&quot;pauseOnHover&quot;:&quot;&quot;,&quot;autoplaySpeed&quot;:8000,&quot;item_overflow&quot;:true,&quot;autoplay_continuous_scroll&quot;:false}\" data-responsive=\"{&quot;desktop_slides_to_scroll&quot;:1,&quot;tablet_landscape_breakpoint&quot;:1366,&quot;tablet_landscape_slides_to_scroll&quot;:2,&quot;tablet_portrait_breakpoint&quot;:1025,&quot;tablet_portrait_slides_to_scroll&quot;:2,&quot;mobile_breakpoint&quot;:480,&quot;mobile_slides_to_scroll&quot;:1}\" data-variable_width=\"true\" \t>\n\t\t<div\n\t\t\tclass=\"sow-carousel-items\"\n\t\t\t\t\t>\n\t\t\t\t<div class=\"sow-carousel-item\" tabindex=\"-1\" style=\"float: left;\">\n\t\t<div class=\"sow-carousel-thumbnail\">\n\t\t\t\t\t\t\t<a\n\t\t\t\thref=\"http:\/\/www.javeriana.edu.co\/mentalpuntodeapoyo\/?p=46531\"\n\t\t\t\t\t\t\t\t\t\tstyle=\"background-image: url( http:\/\/www.javeriana.edu.co\/mentalpuntodeapoyo\/wp-content\/uploads\/2025\/11\/Podcast-en-video-mi-vida-como-freelancer-lila-1-5-272x182.jpg )\"\n\t\t\t\t\taria-labelledby=\"sow-carousel-id-46531\"\n\t\t\t\t\ttabindex=\"-1\"\n\t\t\t\t>\n\t\t\t\t\t<span class=\"overlay\"><\/span>\n\t\t\t\t<\/a>\n\t\t\t\t\t<\/div>\n\t\t<h3 class=\"sow-carousel-item-title\">\n\t\t\t<a\n\t\t\t\thref=\"http:\/\/www.javeriana.edu.co\/mentalpuntodeapoyo\/?p=46531\"\n\t\t\t\tid=\"sow-carousel-id-46531\"\n\t\t\t\t\t\t\t\ttabindex=\"-1\"\n\t\t\t>\n\n\t\t\t\tVIDA COM\u00daN COMUNIDAD DEBIDA: EP 10 &#8211; \u00bfY CU\u00c1LES SON OTRAS MANERAS?\t\t\t<\/a>\n\t\t<\/h3>\n\t<\/div>\n\t<div class=\"sow-carousel-item\" tabindex=\"-1\" style=\"float: left;\">\n\t\t<div class=\"sow-carousel-thumbnail\">\n\t\t\t\t\t\t\t<a\n\t\t\t\thref=\"http:\/\/www.javeriana.edu.co\/mentalpuntodeapoyo\/?p=46527\"\n\t\t\t\t\t\t\t\t\t\tstyle=\"background-image: url( http:\/\/www.javeriana.edu.co\/mentalpuntodeapoyo\/wp-content\/uploads\/2025\/11\/ERP-9-272x182.jpg )\"\n\t\t\t\t\taria-labelledby=\"sow-carousel-id-46527\"\n\t\t\t\t\ttabindex=\"-1\"\n\t\t\t\t>\n\t\t\t\t\t<span class=\"overlay\"><\/span>\n\t\t\t\t<\/a>\n\t\t\t\t\t<\/div>\n\t\t<h3 class=\"sow-carousel-item-title\">\n\t\t\t<a\n\t\t\t\thref=\"http:\/\/www.javeriana.edu.co\/mentalpuntodeapoyo\/?p=46527\"\n\t\t\t\tid=\"sow-carousel-id-46527\"\n\t\t\t\t\t\t\t\ttabindex=\"-1\"\n\t\t\t>\n\n\t\t\t\tVIDA COM\u00daN COMUNIDAD DEBIDA: EP 9 &#8211; LA SALUD MENTAL EN LAS COMUNIDADES IND\u00cdGENAS\t\t\t<\/a>\n\t\t<\/h3>\n\t<\/div>\n\t<div class=\"sow-carousel-item\" tabindex=\"-1\" style=\"float: left;\">\n\t\t<div class=\"sow-carousel-thumbnail\">\n\t\t\t\t\t\t\t<a\n\t\t\t\thref=\"http:\/\/www.javeriana.edu.co\/mentalpuntodeapoyo\/?p=45868\"\n\t\t\t\t\t\t\t\t\t\tstyle=\"background-image: url( http:\/\/www.javeriana.edu.co\/mentalpuntodeapoyo\/wp-content\/uploads\/2025\/11\/SALUD-MENTAL_page-0001-272x182.jpg )\"\n\t\t\t\t\taria-labelledby=\"sow-carousel-id-45868\"\n\t\t\t\t\ttabindex=\"-1\"\n\t\t\t\t>\n\t\t\t\t\t<span class=\"overlay\"><\/span>\n\t\t\t\t<\/a>\n\t\t\t\t\t<\/div>\n\t\t<h3 class=\"sow-carousel-item-title\">\n\t\t\t<a\n\t\t\t\thref=\"http:\/\/www.javeriana.edu.co\/mentalpuntodeapoyo\/?p=45868\"\n\t\t\t\tid=\"sow-carousel-id-45868\"\n\t\t\t\t\t\t\t\ttabindex=\"-1\"\n\t\t\t>\n\n\t\t\t\tLa salud mental\t\t\t<\/a>\n\t\t<\/h3>\n\t<\/div>\n\t<div class=\"sow-carousel-item\" tabindex=\"-1\" style=\"float: left;\">\n\t\t<div class=\"sow-carousel-thumbnail\">\n\t\t\t\t\t\t\t<a\n\t\t\t\thref=\"http:\/\/www.javeriana.edu.co\/mentalpuntodeapoyo\/?p=45864\"\n\t\t\t\t\t\t\t\t\t\tstyle=\"background-image: url( http:\/\/www.javeriana.edu.co\/mentalpuntodeapoyo\/wp-content\/uploads\/2025\/11\/Podcast-en-video-mi-vida-como-freelancer-lila-1-4-272x182.jpg )\"\n\t\t\t\t\taria-labelledby=\"sow-carousel-id-45864\"\n\t\t\t\t\ttabindex=\"-1\"\n\t\t\t\t>\n\t\t\t\t\t<span class=\"overlay\"><\/span>\n\t\t\t\t<\/a>\n\t\t\t\t\t<\/div>\n\t\t<h3 class=\"sow-carousel-item-title\">\n\t\t\t<a\n\t\t\t\thref=\"http:\/\/www.javeriana.edu.co\/mentalpuntodeapoyo\/?p=45864\"\n\t\t\t\tid=\"sow-carousel-id-45864\"\n\t\t\t\t\t\t\t\ttabindex=\"-1\"\n\t\t\t>\n\n\t\t\t\tVIDA COM\u00daN COMUNIDAD DEBIDA: EP 8 &#8211; \u00bfCONTRIBUYE LA VIDA CONTEMPOR\u00c1NEA A LA SALUD MENTAL?\t\t\t<\/a>\n\t\t<\/h3>\n\t<\/div>\n\t<div class=\"sow-carousel-item\" tabindex=\"-1\" style=\"float: left;\">\n\t\t<div class=\"sow-carousel-thumbnail\">\n\t\t\t\t\t\t\t<a\n\t\t\t\thref=\"http:\/\/www.javeriana.edu.co\/mentalpuntodeapoyo\/?p=44966\"\n\t\t\t\t\t\t\t\t\t\tstyle=\"background-image: url( http:\/\/www.javeriana.edu.co\/mentalpuntodeapoyo\/wp-content\/uploads\/2025\/11\/Podcast-en-video-mi-vida-como-freelancer-lila-1-3-272x182.jpg )\"\n\t\t\t\t\taria-labelledby=\"sow-carousel-id-44966\"\n\t\t\t\t\ttabindex=\"-1\"\n\t\t\t\t>\n\t\t\t\t\t<span class=\"overlay\"><\/span>\n\t\t\t\t<\/a>\n\t\t\t\t\t<\/div>\n\t\t<h3 class=\"sow-carousel-item-title\">\n\t\t\t<a\n\t\t\t\thref=\"http:\/\/www.javeriana.edu.co\/mentalpuntodeapoyo\/?p=44966\"\n\t\t\t\tid=\"sow-carousel-id-44966\"\n\t\t\t\t\t\t\t\ttabindex=\"-1\"\n\t\t\t>\n\n\t\t\t\tVIDA COM\u00daN COMUNIDAD DEBIDA: EP 7 &#8211; COMO ES VIVIR CON UN TRASTORNO MENTAL\t\t\t<\/a>\n\t\t<\/h3>\n\t<\/div>\n\t<div class=\"sow-carousel-item\" tabindex=\"-1\" style=\"float: left;\">\n\t\t<div class=\"sow-carousel-thumbnail\">\n\t\t\t\t\t\t\t<a\n\t\t\t\thref=\"http:\/\/www.javeriana.edu.co\/mentalpuntodeapoyo\/?p=44958\"\n\t\t\t\t\t\t\t\t\t\tstyle=\"background-image: url( http:\/\/www.javeriana.edu.co\/mentalpuntodeapoyo\/wp-content\/uploads\/2025\/11\/ENVEJECIMIENTO-SALUDABLE_page-0001-272x182.jpg )\"\n\t\t\t\t\taria-labelledby=\"sow-carousel-id-44958\"\n\t\t\t\t\ttabindex=\"-1\"\n\t\t\t\t>\n\t\t\t\t\t<span class=\"overlay\"><\/span>\n\t\t\t\t<\/a>\n\t\t\t\t\t<\/div>\n\t\t<h3 class=\"sow-carousel-item-title\">\n\t\t\t<a\n\t\t\t\thref=\"http:\/\/www.javeriana.edu.co\/mentalpuntodeapoyo\/?p=44958\"\n\t\t\t\tid=\"sow-carousel-id-44958\"\n\t\t\t\t\t\t\t\ttabindex=\"-1\"\n\t\t\t>\n\n\t\t\t\tEnvejecimiento saludable y prevenci\u00f3n de la demencia\t\t\t<\/a>\n\t\t<\/h3>\n\t<\/div>\n\t<div class=\"sow-carousel-item\" tabindex=\"-1\" style=\"float: left;\">\n\t\t<div class=\"sow-carousel-thumbnail\">\n\t\t\t\t\t\t\t<a\n\t\t\t\thref=\"http:\/\/www.javeriana.edu.co\/mentalpuntodeapoyo\/?p=44954\"\n\t\t\t\t\t\t\t\t\t\tstyle=\"background-image: url( http:\/\/www.javeriana.edu.co\/mentalpuntodeapoyo\/wp-content\/uploads\/2025\/11\/cinco-acciones-que-estigmatizan-272x182.png )\"\n\t\t\t\t\taria-labelledby=\"sow-carousel-id-44954\"\n\t\t\t\t\ttabindex=\"-1\"\n\t\t\t\t>\n\t\t\t\t\t<span class=\"overlay\"><\/span>\n\t\t\t\t<\/a>\n\t\t\t\t\t<\/div>\n\t\t<h3 class=\"sow-carousel-item-title\">\n\t\t\t<a\n\t\t\t\thref=\"http:\/\/www.javeriana.edu.co\/mentalpuntodeapoyo\/?p=44954\"\n\t\t\t\tid=\"sow-carousel-id-44954\"\n\t\t\t\t\t\t\t\ttabindex=\"-1\"\n\t\t\t>\n\n\t\t\t\tAcciones que estigmatizan a las personas mayores con trastorno mental\t\t\t<\/a>\n\t\t<\/h3>\n\t<\/div>\n\t<div class=\"sow-carousel-item\" tabindex=\"-1\" style=\"float: left;\">\n\t\t<div class=\"sow-carousel-thumbnail\">\n\t\t\t\t\t\t\t<a\n\t\t\t\thref=\"http:\/\/www.javeriana.edu.co\/mentalpuntodeapoyo\/?p=44950\"\n\t\t\t\t\t\t\t\t\t\tstyle=\"background-image: url( http:\/\/www.javeriana.edu.co\/mentalpuntodeapoyo\/wp-content\/uploads\/2025\/11\/PERSONAS-MAYORES-DERECHOS-PROTEGIDOS_page-0001-272x182.jpg )\"\n\t\t\t\t\taria-labelledby=\"sow-carousel-id-44950\"\n\t\t\t\t\ttabindex=\"-1\"\n\t\t\t\t>\n\t\t\t\t\t<span class=\"overlay\"><\/span>\n\t\t\t\t<\/a>\n\t\t\t\t\t<\/div>\n\t\t<h3 class=\"sow-carousel-item-title\">\n\t\t\t<a\n\t\t\t\thref=\"http:\/\/www.javeriana.edu.co\/mentalpuntodeapoyo\/?p=44950\"\n\t\t\t\tid=\"sow-carousel-id-44950\"\n\t\t\t\t\t\t\t\ttabindex=\"-1\"\n\t\t\t>\n\n\t\t\t\tDerechos de las persona mayores\t\t\t<\/a>\n\t\t<\/h3>\n\t<\/div>\n\t<div class=\"sow-carousel-item\" tabindex=\"-1\" style=\"float: left;\">\n\t\t<div class=\"sow-carousel-thumbnail\">\n\t\t\t\t\t\t\t<a\n\t\t\t\t\thref=\"http:\/\/www.javeriana.edu.co\/mentalpuntodeapoyo\/?p=44962\"\n\t\t\t\t\tclass=\"sow-carousel-default-thumbnail\"\n\t\t\t\t\t\t\t\t\t\t\t\t\t\t\taria-labelledby=\"sow-carousel-id-44962\"\n\t\t\t\t\ttabindex=\"-1\"\n\t\t\t\t>\n\t\t\t\t\t<span class=\"overlay\"><\/span>\n\t\t\t\t<\/a>\n\t\t\t\t\t<\/div>\n\t\t<h3 class=\"sow-carousel-item-title\">\n\t\t\t<a\n\t\t\t\thref=\"http:\/\/www.javeriana.edu.co\/mentalpuntodeapoyo\/?p=44962\"\n\t\t\t\tid=\"sow-carousel-id-44962\"\n\t\t\t\t\t\t\t\ttabindex=\"-1\"\n\t\t\t>\n\n\t\t\t\tSalud mental y poblaciones diferenciales\t\t\t<\/a>\n\t\t<\/h3>\n\t<\/div>\n\t<div class=\"sow-carousel-item\" tabindex=\"-1\" style=\"float: left;\">\n\t\t<div class=\"sow-carousel-thumbnail\">\n\t\t\t\t\t\t\t<a\n\t\t\t\thref=\"http:\/\/www.javeriana.edu.co\/mentalpuntodeapoyo\/?p=44426\"\n\t\t\t\t\t\t\t\t\t\tstyle=\"background-image: url( http:\/\/www.javeriana.edu.co\/mentalpuntodeapoyo\/wp-content\/uploads\/2025\/11\/Podcast-en-video-mi-vida-como-freelancer-lila-1-2-272x182.jpg )\"\n\t\t\t\t\taria-labelledby=\"sow-carousel-id-44426\"\n\t\t\t\t\ttabindex=\"-1\"\n\t\t\t\t>\n\t\t\t\t\t<span class=\"overlay\"><\/span>\n\t\t\t\t<\/a>\n\t\t\t\t\t<\/div>\n\t\t<h3 class=\"sow-carousel-item-title\">\n\t\t\t<a\n\t\t\t\thref=\"http:\/\/www.javeriana.edu.co\/mentalpuntodeapoyo\/?p=44426\"\n\t\t\t\tid=\"sow-carousel-id-44426\"\n\t\t\t\t\t\t\t\ttabindex=\"-1\"\n\t\t\t>\n\n\t\t\t\tVIDA COM\u00daN COMUNIDAD DEBIDA: EP 6 &#8211; EDAD, ETNIA Y G\u00c9NERO: \u00bfTIENEN QUE VER CON LA SALUD MENTAL?\t\t\t<\/a>\n\t\t<\/h3>\n\t<\/div>\n\t\t<\/div>\n\t\t\t<\/div>\n\n\t<\/div>\n\t\t<input type=\"hidden\" name=\"instance_hash\" value=\"cc7a765a\"\/>\n\t<\/div>\n<\/div><\/div><\/div><\/div><\/div>","protected":false},"excerpt":{"rendered":"<p>La discapacidad muchas veces es una situaci\u00f3n que no vemos venir, que no se puede prevenir y es por ello que como individuos debemos adaptarnos a ella. Has click para obtener m\u00e1s informaci\u00f3n en nuestra Infograf\u00eda Si quieres hablar con <a href=\"http:\/\/www.javeriana.edu.co\/mentalpuntodeapoyo\/?p=44426\" class=\"read-more\">Read More &#8230;<\/a><\/p>\n","protected":false},"author":1,"featured_media":3587,"comment_status":"open","ping_status":"open","sticky":false,"template":"","format":"standard","meta":{"footnotes":""},"categories":[116,110,106,115,114],"tags":[569,648,525,650,389,505,506,507,633,431,531,583,401,801,471,467,593,429,788,555,678,580,654,458,787,406,534,790,639,776,649,644,451,799,762,484,693,410,774,800,638,470,652,446,421,615,741,612,575,418,640,501,570,400,538,445,637,443,665,468,503,789,420,718,710,802,694,736,643,636,433,793,794,795,588,402,591,611,646,502,645,552,434,404,672,419,424,482,391,390,596,494,472,508,647,839,444],"yoast_head":"<!-- This site is optimized with the Yoast SEO plugin v23.0 - https:\/\/yoast.com\/wordpress\/plugins\/seo\/ -->\n<title>Discapacidad. Adaptaci\u00f3n como individuos - APS - Punto de Apoyo<\/title>\n<meta name=\"robots\" content=\"index, follow, max-snippet:-1, max-image-preview:large, max-video-preview:-1\" \/>\n<link rel=\"canonical\" href=\"http:\/\/www.javeriana.edu.co\/mentalpuntodeapoyo\/?p=3254\" \/>\n<meta property=\"og:locale\" content=\"es_ES\" \/>\n<meta property=\"og:type\" content=\"article\" \/>\n<meta property=\"og:title\" content=\"Discapacidad. Adaptaci\u00f3n como individuos - APS - Punto de Apoyo\" \/>\n<meta property=\"og:description\" content=\"La discapacidad muchas veces es una situaci\u00f3n que no vemos venir, que no se puede prevenir y es por ello que como individuos debemos adaptarnos a ella. Has click para obtener m\u00e1s informaci\u00f3n en nuestra Infograf\u00eda Si quieres hablar con Read More ...\" \/>\n<meta property=\"og:url\" content=\"http:\/\/www.javeriana.edu.co\/mentalpuntodeapoyo\/?p=3254\" \/>\n<meta property=\"og:site_name\" content=\"APS - Punto de Apoyo\" \/>\n<meta property=\"article:published_time\" content=\"2020-11-26T23:28:23+00:00\" \/>\n<meta property=\"article:modified_time\" content=\"2026-05-01T08:25:56+00:00\" \/>\n<meta property=\"og:image\" content=\"http:\/\/www.javeriana.edu.co\/mentalpuntodeapoyo\/wp-content\/uploads\/2020\/11\/pexels-thisisengineering-3912992.jpg\" \/>\n\t<meta property=\"og:image:width\" content=\"953\" \/>\n\t<meta property=\"og:image:height\" content=\"296\" \/>\n\t<meta property=\"og:image:type\" content=\"image\/jpeg\" \/>\n<meta name=\"author\" content=\"Mental Punto de Apoyo\" \/>\n<meta name=\"twitter:card\" content=\"summary_large_image\" \/>\n<meta name=\"twitter:label1\" content=\"Escrito por\" \/>\n\t<meta name=\"twitter:data1\" content=\"Mental Punto de Apoyo\" \/>\n\t<meta name=\"twitter:label2\" content=\"Tiempo de lectura\" \/>\n\t<meta name=\"twitter:data2\" content=\"2 minutos\" \/>\n<script type=\"application\/ld+json\" class=\"yoast-schema-graph\">{\"@context\":\"https:\/\/schema.org\",\"@graph\":[{\"@type\":\"Article\",\"@id\":\"http:\/\/www.javeriana.edu.co\/mentalpuntodeapoyo\/?p=3254#article\",\"isPartOf\":{\"@id\":\"http:\/\/www.javeriana.edu.co\/mentalpuntodeapoyo\/?p=3254\"},\"author\":{\"name\":\"Mental Punto de Apoyo\",\"@id\":\"https:\/\/www.javeriana.edu.co\/mentalpuntodeapoyo\/#\/schema\/person\/f772deff37a7d49746c0bbb7f39ad4a9\"},\"headline\":\"Discapacidad. Adaptaci\u00f3n como individuos\",\"datePublished\":\"2020-11-26T23:28:23+00:00\",\"dateModified\":\"2026-05-01T08:25:56+00:00\",\"mainEntityOfPage\":{\"@id\":\"http:\/\/www.javeriana.edu.co\/mentalpuntodeapoyo\/?p=3254\"},\"wordCount\":421,\"commentCount\":0,\"publisher\":{\"@id\":\"https:\/\/www.javeriana.edu.co\/mentalpuntodeapoyo\/#organization\"},\"image\":{\"@id\":\"http:\/\/www.javeriana.edu.co\/mentalpuntodeapoyo\/?p=3254#primaryimage\"},\"thumbnailUrl\":\"http:\/\/www.javeriana.edu.co\/mentalpuntodeapoyo\/wp-content\/uploads\/2020\/11\/pexels-thisisengineering-3912992.jpg\",\"keywords\":[\"Aburrimiento\",\"Actitud\",\"Actitud hacia la salud\",\"Actividades humanas\",\"Adaptaci\u00f3n psicol\u00f3gica\",\"Adolescentes\",\"Adultos j\u00f3venes\",\"Adultos mayores\",\"Adultos medios\",\"Ajuste emocional\",\"Ambiente social\",\"Amigos\",\"Amor\",\"Amputados\",\"Angustia psicol\u00f3gica\",\"Ansiedad\",\"Apat\u00eda\",\"Apoyo social\",\"Asco\",\"Atletas\",\"audiencia:Beneficiario\",\"Autoconcepto\",\"Autocontrol\",\"Autocuidado\",\"Autoexamen\",\"Calidad de vida\",\"Caracter\u00edsticas familiares\",\"Celos\",\"Ciencias sociales\",\"Competencia mental\",\"Comportamiento de salud\",\"Comportamiento social\",\"Confianza\",\"Consenso\",\"Coraje\",\"Culpa\",\"Dependencia psicol\u00f3gica\",\"Desarrollo Humano\",\"Discapacidad intelectual\",\"discapacidades de aprendizaje\",\"Disciplinas y actividades conductuales\",\"Duelo\",\"Emociones\",\"Empat\u00eda\",\"Esperanza\",\"Espiritualidad\",\"Euforia\",\"Familia\",\"Fatiga mental\",\"Felicidad\",\"Fen\u00f3menos psicol\u00f3gicos\",\"formato:texto e imagen\",\"Frustraci\u00f3n\",\"Hostilidad\",\"Individualidad\",\"Ira\",\"Mecanismos de comportamiento y comportamiento\",\"Miedo\",\"Motivaci\u00f3n\",\"Ni\u00f1os con discapacidad\",\"nivelprevenci\u00f3n:espec\u00edfico\",\"Odio\",\"Optimismo\",\"Orientaci\u00f3n\",\"Pacientes\",\"Para-Atletas\",\"Pena\",\"Perd\u00f3n\",\"Personalidad\",\"Personas\",\"Personas con discapacidad\",\"Personas con discapacidad auditiva\",\"Personas con discapacidad mal\",\"Personas con discapacidad visual\",\"Personas con trastornos mentales\",\"Placer\",\"Prejuicio\",\"Procesos grupales\",\"Procesos mentales\",\"prop\u00f3sito:informaci\u00f3n\",\"psicolog\u00eda social\",\"Reducci\u00f3n de da\u00f1os\",\"Regulaci\u00f3n emocional\",\"Relaciones interpersonales\",\"Religi\u00f3n y psicolog\u00eda\",\"Resiliencia psicol\u00f3gica\",\"Respeto\",\"Retroalimentaci\u00f3n psicol\u00f3gica\",\"Satisfacci\u00f3n personal\",\"Sentido de coherencia\",\"Sentimiento\",\"Soledad\",\"tema:trastornos de salud mental\",\"tipo:infograf\u00eda\",\"Trastornos mentales\",\"trastornos neurodesarrollo\",\"Tristeza\"],\"articleSection\":[\"Cuidado y cuidadores\",\"Curso de vida y salud mental\",\"Inclusi\u00f3n y diversidad\",\"Problemas y trastornos mentales\",\"Sufrimiento emocional\"],\"inLanguage\":\"es\",\"potentialAction\":[{\"@type\":\"CommentAction\",\"name\":\"Comment\",\"target\":[\"http:\/\/www.javeriana.edu.co\/mentalpuntodeapoyo\/?p=3254#respond\"]}]},{\"@type\":\"WebPage\",\"@id\":\"http:\/\/www.javeriana.edu.co\/mentalpuntodeapoyo\/?p=3254\",\"url\":\"http:\/\/www.javeriana.edu.co\/mentalpuntodeapoyo\/?p=3254\",\"name\":\"Discapacidad. Adaptaci\u00f3n como individuos - APS - Punto de Apoyo\",\"isPartOf\":{\"@id\":\"https:\/\/www.javeriana.edu.co\/mentalpuntodeapoyo\/#website\"},\"primaryImageOfPage\":{\"@id\":\"http:\/\/www.javeriana.edu.co\/mentalpuntodeapoyo\/?p=3254#primaryimage\"},\"image\":{\"@id\":\"http:\/\/www.javeriana.edu.co\/mentalpuntodeapoyo\/?p=3254#primaryimage\"},\"thumbnailUrl\":\"http:\/\/www.javeriana.edu.co\/mentalpuntodeapoyo\/wp-content\/uploads\/2020\/11\/pexels-thisisengineering-3912992.jpg\",\"datePublished\":\"2020-11-26T23:28:23+00:00\",\"dateModified\":\"2026-05-01T08:25:56+00:00\",\"breadcrumb\":{\"@id\":\"http:\/\/www.javeriana.edu.co\/mentalpuntodeapoyo\/?p=3254#breadcrumb\"},\"inLanguage\":\"es\",\"potentialAction\":[{\"@type\":\"ReadAction\",\"target\":[\"http:\/\/www.javeriana.edu.co\/mentalpuntodeapoyo\/?p=3254\"]}]},{\"@type\":\"ImageObject\",\"inLanguage\":\"es\",\"@id\":\"http:\/\/www.javeriana.edu.co\/mentalpuntodeapoyo\/?p=3254#primaryimage\",\"url\":\"http:\/\/www.javeriana.edu.co\/mentalpuntodeapoyo\/wp-content\/uploads\/2020\/11\/pexels-thisisengineering-3912992.jpg\",\"contentUrl\":\"http:\/\/www.javeriana.edu.co\/mentalpuntodeapoyo\/wp-content\/uploads\/2020\/11\/pexels-thisisengineering-3912992.jpg\",\"width\":953,\"height\":296},{\"@type\":\"BreadcrumbList\",\"@id\":\"http:\/\/www.javeriana.edu.co\/mentalpuntodeapoyo\/?p=3254#breadcrumb\",\"itemListElement\":[{\"@type\":\"ListItem\",\"position\":1,\"name\":\"Portada\",\"item\":\"http:\/\/www.javeriana.edu.co\/mentalpuntodeapoyo\/\"},{\"@type\":\"ListItem\",\"position\":2,\"name\":\"Discapacidad. Adaptaci\u00f3n como individuos\"}]},{\"@type\":\"WebSite\",\"@id\":\"https:\/\/www.javeriana.edu.co\/mentalpuntodeapoyo\/#website\",\"url\":\"https:\/\/www.javeriana.edu.co\/mentalpuntodeapoyo\/\",\"name\":\"APS - Punto de Apoyo\",\"description\":\"Programa Intervenciones en Salud Mental PUHJ-HUSI\",\"publisher\":{\"@id\":\"https:\/\/www.javeriana.edu.co\/mentalpuntodeapoyo\/#organization\"},\"alternateName\":\"APS - Punto de Apoyo\",\"potentialAction\":[{\"@type\":\"SearchAction\",\"target\":{\"@type\":\"EntryPoint\",\"urlTemplate\":\"https:\/\/www.javeriana.edu.co\/mentalpuntodeapoyo\/?s={search_term_string}\"},\"query-input\":\"required name=search_term_string\"}],\"inLanguage\":\"es\"},{\"@type\":\"Organization\",\"@id\":\"https:\/\/www.javeriana.edu.co\/mentalpuntodeapoyo\/#organization\",\"name\":\"APS - Punto de Apoyo\",\"alternateName\":\"APS - Punto de Apoyo\",\"url\":\"https:\/\/www.javeriana.edu.co\/mentalpuntodeapoyo\/\",\"logo\":{\"@type\":\"ImageObject\",\"inLanguage\":\"es\",\"@id\":\"https:\/\/www.javeriana.edu.co\/mentalpuntodeapoyo\/#\/schema\/logo\/image\/\",\"url\":\"http:\/\/www.javeriana.edu.co\/mentalpuntodeapoyo\/wp-content\/uploads\/2018\/01\/cropped-logoFooter-2.png\",\"contentUrl\":\"http:\/\/www.javeriana.edu.co\/mentalpuntodeapoyo\/wp-content\/uploads\/2018\/01\/cropped-logoFooter-2.png\",\"width\":92,\"height\":92,\"caption\":\"APS - Punto de Apoyo\"},\"image\":{\"@id\":\"https:\/\/www.javeriana.edu.co\/mentalpuntodeapoyo\/#\/schema\/logo\/image\/\"}},{\"@type\":\"Person\",\"@id\":\"https:\/\/www.javeriana.edu.co\/mentalpuntodeapoyo\/#\/schema\/person\/f772deff37a7d49746c0bbb7f39ad4a9\",\"name\":\"Mental Punto de Apoyo\",\"image\":{\"@type\":\"ImageObject\",\"inLanguage\":\"es\",\"@id\":\"https:\/\/www.javeriana.edu.co\/mentalpuntodeapoyo\/#\/schema\/person\/image\/\",\"url\":\"http:\/\/0.gravatar.com\/avatar\/caae428d8ffb6f09c37b9597fd16bcbd?s=96&d=mm&r=g\",\"contentUrl\":\"http:\/\/0.gravatar.com\/avatar\/caae428d8ffb6f09c37b9597fd16bcbd?s=96&d=mm&r=g\",\"caption\":\"Mental Punto de Apoyo\"},\"url\":\"http:\/\/www.javeriana.edu.co\/mentalpuntodeapoyo\/?author=1\"}]}<\/script>\n<!-- \/ Yoast SEO plugin. -->","yoast_head_json":{"title":"Discapacidad. Adaptaci\u00f3n como individuos - APS - Punto de Apoyo","robots":{"index":"index","follow":"follow","max-snippet":"max-snippet:-1","max-image-preview":"max-image-preview:large","max-video-preview":"max-video-preview:-1"},"canonical":"http:\/\/www.javeriana.edu.co\/mentalpuntodeapoyo\/?p=3254","og_locale":"es_ES","og_type":"article","og_title":"Discapacidad. Adaptaci\u00f3n como individuos - APS - Punto de Apoyo","og_description":"La discapacidad muchas veces es una situaci\u00f3n que no vemos venir, que no se puede prevenir y es por ello que como individuos debemos adaptarnos a ella. Has click para obtener m\u00e1s informaci\u00f3n en nuestra Infograf\u00eda Si quieres hablar con Read More ...","og_url":"http:\/\/www.javeriana.edu.co\/mentalpuntodeapoyo\/?p=3254","og_site_name":"APS - Punto de Apoyo","article_published_time":"2020-11-26T23:28:23+00:00","article_modified_time":"2026-05-01T08:25:56+00:00","og_image":[{"width":953,"height":296,"url":"http:\/\/www.javeriana.edu.co\/mentalpuntodeapoyo\/wp-content\/uploads\/2020\/11\/pexels-thisisengineering-3912992.jpg","type":"image\/jpeg"}],"author":"Mental Punto de Apoyo","twitter_card":"summary_large_image","twitter_misc":{"Escrito por":"Mental Punto de Apoyo","Tiempo de lectura":"2 minutos"},"schema":{"@context":"https:\/\/schema.org","@graph":[{"@type":"Article","@id":"http:\/\/www.javeriana.edu.co\/mentalpuntodeapoyo\/?p=3254#article","isPartOf":{"@id":"http:\/\/www.javeriana.edu.co\/mentalpuntodeapoyo\/?p=3254"},"author":{"name":"Mental Punto de Apoyo","@id":"https:\/\/www.javeriana.edu.co\/mentalpuntodeapoyo\/#\/schema\/person\/f772deff37a7d49746c0bbb7f39ad4a9"},"headline":"Discapacidad. Adaptaci\u00f3n como individuos","datePublished":"2020-11-26T23:28:23+00:00","dateModified":"2026-05-01T08:25:56+00:00","mainEntityOfPage":{"@id":"http:\/\/www.javeriana.edu.co\/mentalpuntodeapoyo\/?p=3254"},"wordCount":421,"commentCount":0,"publisher":{"@id":"https:\/\/www.javeriana.edu.co\/mentalpuntodeapoyo\/#organization"},"image":{"@id":"http:\/\/www.javeriana.edu.co\/mentalpuntodeapoyo\/?p=3254#primaryimage"},"thumbnailUrl":"http:\/\/www.javeriana.edu.co\/mentalpuntodeapoyo\/wp-content\/uploads\/2020\/11\/pexels-thisisengineering-3912992.jpg","keywords":["Aburrimiento","Actitud","Actitud hacia la salud","Actividades humanas","Adaptaci\u00f3n psicol\u00f3gica","Adolescentes","Adultos j\u00f3venes","Adultos mayores","Adultos medios","Ajuste emocional","Ambiente social","Amigos","Amor","Amputados","Angustia psicol\u00f3gica","Ansiedad","Apat\u00eda","Apoyo social","Asco","Atletas","audiencia:Beneficiario","Autoconcepto","Autocontrol","Autocuidado","Autoexamen","Calidad de vida","Caracter\u00edsticas familiares","Celos","Ciencias sociales","Competencia mental","Comportamiento de salud","Comportamiento social","Confianza","Consenso","Coraje","Culpa","Dependencia psicol\u00f3gica","Desarrollo Humano","Discapacidad intelectual","discapacidades de aprendizaje","Disciplinas y actividades conductuales","Duelo","Emociones","Empat\u00eda","Esperanza","Espiritualidad","Euforia","Familia","Fatiga mental","Felicidad","Fen\u00f3menos psicol\u00f3gicos","formato:texto e imagen","Frustraci\u00f3n","Hostilidad","Individualidad","Ira","Mecanismos de comportamiento y comportamiento","Miedo","Motivaci\u00f3n","Ni\u00f1os con discapacidad","nivelprevenci\u00f3n:espec\u00edfico","Odio","Optimismo","Orientaci\u00f3n","Pacientes","Para-Atletas","Pena","Perd\u00f3n","Personalidad","Personas","Personas con discapacidad","Personas con discapacidad auditiva","Personas con discapacidad mal","Personas con discapacidad visual","Personas con trastornos mentales","Placer","Prejuicio","Procesos grupales","Procesos mentales","prop\u00f3sito:informaci\u00f3n","psicolog\u00eda social","Reducci\u00f3n de da\u00f1os","Regulaci\u00f3n emocional","Relaciones interpersonales","Religi\u00f3n y psicolog\u00eda","Resiliencia psicol\u00f3gica","Respeto","Retroalimentaci\u00f3n psicol\u00f3gica","Satisfacci\u00f3n personal","Sentido de coherencia","Sentimiento","Soledad","tema:trastornos de salud mental","tipo:infograf\u00eda","Trastornos mentales","trastornos neurodesarrollo","Tristeza"],"articleSection":["Cuidado y cuidadores","Curso de vida y salud mental","Inclusi\u00f3n y diversidad","Problemas y trastornos mentales","Sufrimiento emocional"],"inLanguage":"es","potentialAction":[{"@type":"CommentAction","name":"Comment","target":["http:\/\/www.javeriana.edu.co\/mentalpuntodeapoyo\/?p=3254#respond"]}]},{"@type":"WebPage","@id":"http:\/\/www.javeriana.edu.co\/mentalpuntodeapoyo\/?p=3254","url":"http:\/\/www.javeriana.edu.co\/mentalpuntodeapoyo\/?p=3254","name":"Discapacidad. Adaptaci\u00f3n como individuos - APS - Punto de Apoyo","isPartOf":{"@id":"https:\/\/www.javeriana.edu.co\/mentalpuntodeapoyo\/#website"},"primaryImageOfPage":{"@id":"http:\/\/www.javeriana.edu.co\/mentalpuntodeapoyo\/?p=3254#primaryimage"},"image":{"@id":"http:\/\/www.javeriana.edu.co\/mentalpuntodeapoyo\/?p=3254#primaryimage"},"thumbnailUrl":"http:\/\/www.javeriana.edu.co\/mentalpuntodeapoyo\/wp-content\/uploads\/2020\/11\/pexels-thisisengineering-3912992.jpg","datePublished":"2020-11-26T23:28:23+00:00","dateModified":"2026-05-01T08:25:56+00:00","breadcrumb":{"@id":"http:\/\/www.javeriana.edu.co\/mentalpuntodeapoyo\/?p=3254#breadcrumb"},"inLanguage":"es","potentialAction":[{"@type":"ReadAction","target":["http:\/\/www.javeriana.edu.co\/mentalpuntodeapoyo\/?p=3254"]}]},{"@type":"ImageObject","inLanguage":"es","@id":"http:\/\/www.javeriana.edu.co\/mentalpuntodeapoyo\/?p=3254#primaryimage","url":"http:\/\/www.javeriana.edu.co\/mentalpuntodeapoyo\/wp-content\/uploads\/2020\/11\/pexels-thisisengineering-3912992.jpg","contentUrl":"http:\/\/www.javeriana.edu.co\/mentalpuntodeapoyo\/wp-content\/uploads\/2020\/11\/pexels-thisisengineering-3912992.jpg","width":953,"height":296},{"@type":"BreadcrumbList","@id":"http:\/\/www.javeriana.edu.co\/mentalpuntodeapoyo\/?p=3254#breadcrumb","itemListElement":[{"@type":"ListItem","position":1,"name":"Portada","item":"http:\/\/www.javeriana.edu.co\/mentalpuntodeapoyo\/"},{"@type":"ListItem","position":2,"name":"Discapacidad. Adaptaci\u00f3n como individuos"}]},{"@type":"WebSite","@id":"https:\/\/www.javeriana.edu.co\/mentalpuntodeapoyo\/#website","url":"https:\/\/www.javeriana.edu.co\/mentalpuntodeapoyo\/","name":"APS - Punto de Apoyo","description":"Programa Intervenciones en Salud Mental PUHJ-HUSI","publisher":{"@id":"https:\/\/www.javeriana.edu.co\/mentalpuntodeapoyo\/#organization"},"alternateName":"APS - Punto de Apoyo","potentialAction":[{"@type":"SearchAction","target":{"@type":"EntryPoint","urlTemplate":"https:\/\/www.javeriana.edu.co\/mentalpuntodeapoyo\/?s={search_term_string}"},"query-input":"required name=search_term_string"}],"inLanguage":"es"},{"@type":"Organization","@id":"https:\/\/www.javeriana.edu.co\/mentalpuntodeapoyo\/#organization","name":"APS - Punto de Apoyo","alternateName":"APS - Punto de Apoyo","url":"https:\/\/www.javeriana.edu.co\/mentalpuntodeapoyo\/","logo":{"@type":"ImageObject","inLanguage":"es","@id":"https:\/\/www.javeriana.edu.co\/mentalpuntodeapoyo\/#\/schema\/logo\/image\/","url":"http:\/\/www.javeriana.edu.co\/mentalpuntodeapoyo\/wp-content\/uploads\/2018\/01\/cropped-logoFooter-2.png","contentUrl":"http:\/\/www.javeriana.edu.co\/mentalpuntodeapoyo\/wp-content\/uploads\/2018\/01\/cropped-logoFooter-2.png","width":92,"height":92,"caption":"APS - Punto de Apoyo"},"image":{"@id":"https:\/\/www.javeriana.edu.co\/mentalpuntodeapoyo\/#\/schema\/logo\/image\/"}},{"@type":"Person","@id":"https:\/\/www.javeriana.edu.co\/mentalpuntodeapoyo\/#\/schema\/person\/f772deff37a7d49746c0bbb7f39ad4a9","name":"Mental Punto de Apoyo","image":{"@type":"ImageObject","inLanguage":"es","@id":"https:\/\/www.javeriana.edu.co\/mentalpuntodeapoyo\/#\/schema\/person\/image\/","url":"http:\/\/0.gravatar.com\/avatar\/caae428d8ffb6f09c37b9597fd16bcbd?s=96&d=mm&r=g","contentUrl":"http:\/\/0.gravatar.com\/avatar\/caae428d8ffb6f09c37b9597fd16bcbd?s=96&d=mm&r=g","caption":"Mental Punto de Apoyo"},"url":"http:\/\/www.javeriana.edu.co\/mentalpuntodeapoyo\/?author=1"}]}},"_links":{"self":[{"href":"http:\/\/www.javeriana.edu.co\/mentalpuntodeapoyo\/index.php?rest_route=\/wp\/v2\/posts\/3254"}],"collection":[{"href":"http:\/\/www.javeriana.edu.co\/mentalpuntodeapoyo\/index.php?rest_route=\/wp\/v2\/posts"}],"about":[{"href":"http:\/\/www.javeriana.edu.co\/mentalpuntodeapoyo\/index.php?rest_route=\/wp\/v2\/types\/post"}],"author":[{"embeddable":true,"href":"http:\/\/www.javeriana.edu.co\/mentalpuntodeapoyo\/index.php?rest_route=\/wp\/v2\/users\/1"}],"replies":[{"embeddable":true,"href":"http:\/\/www.javeriana.edu.co\/mentalpuntodeapoyo\/index.php?rest_route=%2Fwp%2Fv2%2Fcomments&post=3254"}],"version-history":[{"count":227,"href":"http:\/\/www.javeriana.edu.co\/mentalpuntodeapoyo\/index.php?rest_route=\/wp\/v2\/posts\/3254\/revisions"}],"predecessor-version":[{"id":98107,"href":"http:\/\/www.javeriana.edu.co\/mentalpuntodeapoyo\/index.php?rest_route=\/wp\/v2\/posts\/3254\/revisions\/98107"}],"wp:featuredmedia":[{"embeddable":true,"href":"http:\/\/www.javeriana.edu.co\/mentalpuntodeapoyo\/index.php?rest_route=\/wp\/v2\/media\/3587"}],"wp:attachment":[{"href":"http:\/\/www.javeriana.edu.co\/mentalpuntodeapoyo\/index.php?rest_route=%2Fwp%2Fv2%2Fmedia&parent=3254"}],"wp:term":[{"taxonomy":"category","embeddable":true,"href":"http:\/\/www.javeriana.edu.co\/mentalpuntodeapoyo\/index.php?rest_route=%2Fwp%2Fv2%2Fcategories&post=3254"},{"taxonomy":"post_tag","embeddable":true,"href":"http:\/\/www.javeriana.edu.co\/mentalpuntodeapoyo\/index.php?rest_route=%2Fwp%2Fv2%2Ftags&post=3254"}],"curies":[{"name":"wp","href":"https:\/\/api.w.org\/{rel}","templated":true}]}}