{"id":3925,"date":"2022-01-19T11:49:26","date_gmt":"2022-01-19T16:49:26","guid":{"rendered":"http:\/\/www.javeriana.edu.co\/mentalpuntodeapoyo\/?p=3925"},"modified":"2026-04-26T09:07:54","modified_gmt":"2026-04-26T14:07:54","slug":"tusas-y-rupturas-amorosas-mentes-colectivas-podcast-2","status":"publish","type":"post","link":"http:\/\/www.javeriana.edu.co\/mentalpuntodeapoyo\/?p=3925","title":{"rendered":"Suicidio |Mentes Colectivas Podcast"},"content":{"rendered":"<div id=\"pl-3925\"  class=\"panel-layout\" ><div id=\"pg-3925-0\"  class=\"panel-grid panel-no-style\" ><div id=\"pgc-3925-0-0\"  class=\"panel-grid-cell\" ><div id=\"panel-3925-0-0-0\" class=\"so-panel widget widget_sow-editor panel-first-child\" data-index=\"0\" ><div\n\t\t\t\n\t\t\tclass=\"so-widget-sow-editor so-widget-sow-editor-base\"\n\t\t\t\n\t\t>\n<div class=\"siteorigin-widget-tinymce textwidget\">\n\t<p><a href=\"https:\/\/open.spotify.com\/episode\/1S5L24n2biiLXKlXrBZ1qm\">https:\/\/open.spotify.com\/episode\/1S5L24n2biiLXKlXrBZ1qm<\/a><\/p>\n<\/div>\n<\/div><\/div><div id=\"panel-3925-0-0-1\" class=\"so-panel widget widget_sow-post-carousel\" data-index=\"1\" ><div\n\t\t\t\n\t\t\tclass=\"so-widget-sow-post-carousel so-widget-sow-post-carousel-base-ad93eedad001-3925\"\n\t\t\t\n\t\t>\t<div\n\t\tclass=\"sow-post-carousel-wrapper sow-post-carousel-theme-base\"\n\t\tstyle=\"overflow: hidden; max-width: 100%; min-height: 182px\"\n\t>\n\t\t<div class=\"sow-carousel-title has-title\">\n\t<h3 class=\"widget-title\">Tambi\u00e9n le puede interesar<\/h3>\t\t<div class=\"sow-carousel-navigation \">\n\t\t\t\t\t\t<a href=\"#\" class=\"sow-carousel-next\" title=\"Siguiente\" aria-label=\"Entradas siguientes\" role=\"button\"><\/a>\n\t\t\t\t\t\t<a href=\"#\" class=\"sow-carousel-previous\" title=\"Anterior\" aria-label=\"Entradas anteriores\" role=\"button\"><\/a>\n\t\t\t\t\t<\/div>\n\t<\/div>\n\n<div class=\"sow-carousel-container \">\n\t\t<div class=\"sow-carousel-wrapper\"\n\t\tdata-dir=\"ltr\"\n\t\tstyle=\"opacity: 0;\"\n\t\tdata-widget=\"post\" data-fetching=\"false\" data-page=\"1\" data-ajax-url=\"http:\/\/www.javeriana.edu.co\/mentalpuntodeapoyo\/wp-admin\/admin-ajax.php?_widgets_nonce=f63f940a03\" data-item_count=\"285\" data-carousel_settings=\"{&quot;loop&quot;:true,&quot;animation&quot;:&quot;ease&quot;,&quot;animation_speed&quot;:800,&quot;autoplay&quot;:&quot;&quot;,&quot;pauseOnHover&quot;:&quot;&quot;,&quot;autoplaySpeed&quot;:8000,&quot;item_overflow&quot;:true,&quot;autoplay_continuous_scroll&quot;:false}\" data-responsive=\"{&quot;desktop_slides_to_scroll&quot;:1,&quot;tablet_landscape_breakpoint&quot;:1366,&quot;tablet_landscape_slides_to_scroll&quot;:2,&quot;tablet_portrait_breakpoint&quot;:1025,&quot;tablet_portrait_slides_to_scroll&quot;:2,&quot;mobile_breakpoint&quot;:480,&quot;mobile_slides_to_scroll&quot;:1}\" data-variable_width=\"true\" \t>\n\t\t<div\n\t\t\tclass=\"sow-carousel-items\"\n\t\t\t\t\t>\n\t\t\t\t<div class=\"sow-carousel-item\" tabindex=\"-1\" style=\"float: left;\">\n\t\t<div class=\"sow-carousel-thumbnail\">\n\t\t\t\t\t\t\t<a\n\t\t\t\thref=\"http:\/\/www.javeriana.edu.co\/mentalpuntodeapoyo\/?p=46531\"\n\t\t\t\t\t\t\t\t\t\tstyle=\"background-image: url( http:\/\/www.javeriana.edu.co\/mentalpuntodeapoyo\/wp-content\/uploads\/2025\/11\/Podcast-en-video-mi-vida-como-freelancer-lila-1-5-272x182.jpg )\"\n\t\t\t\t\taria-labelledby=\"sow-carousel-id-46531\"\n\t\t\t\t\ttabindex=\"-1\"\n\t\t\t\t>\n\t\t\t\t\t<span class=\"overlay\"><\/span>\n\t\t\t\t<\/a>\n\t\t\t\t\t<\/div>\n\t\t<h3 class=\"sow-carousel-item-title\">\n\t\t\t<a\n\t\t\t\thref=\"http:\/\/www.javeriana.edu.co\/mentalpuntodeapoyo\/?p=46531\"\n\t\t\t\tid=\"sow-carousel-id-46531\"\n\t\t\t\t\t\t\t\ttabindex=\"-1\"\n\t\t\t>\n\n\t\t\t\tVIDA COM\u00daN COMUNIDAD DEBIDA: EP 10 &#8211; \u00bfY CU\u00c1LES SON OTRAS MANERAS?\t\t\t<\/a>\n\t\t<\/h3>\n\t<\/div>\n\t<div class=\"sow-carousel-item\" tabindex=\"-1\" style=\"float: left;\">\n\t\t<div class=\"sow-carousel-thumbnail\">\n\t\t\t\t\t\t\t<a\n\t\t\t\thref=\"http:\/\/www.javeriana.edu.co\/mentalpuntodeapoyo\/?p=46527\"\n\t\t\t\t\t\t\t\t\t\tstyle=\"background-image: url( http:\/\/www.javeriana.edu.co\/mentalpuntodeapoyo\/wp-content\/uploads\/2025\/11\/ERP-9-272x182.jpg )\"\n\t\t\t\t\taria-labelledby=\"sow-carousel-id-46527\"\n\t\t\t\t\ttabindex=\"-1\"\n\t\t\t\t>\n\t\t\t\t\t<span class=\"overlay\"><\/span>\n\t\t\t\t<\/a>\n\t\t\t\t\t<\/div>\n\t\t<h3 class=\"sow-carousel-item-title\">\n\t\t\t<a\n\t\t\t\thref=\"http:\/\/www.javeriana.edu.co\/mentalpuntodeapoyo\/?p=46527\"\n\t\t\t\tid=\"sow-carousel-id-46527\"\n\t\t\t\t\t\t\t\ttabindex=\"-1\"\n\t\t\t>\n\n\t\t\t\tVIDA COM\u00daN COMUNIDAD DEBIDA: EP 9 &#8211; LA SALUD MENTAL EN LAS COMUNIDADES IND\u00cdGENAS\t\t\t<\/a>\n\t\t<\/h3>\n\t<\/div>\n\t<div class=\"sow-carousel-item\" tabindex=\"-1\" style=\"float: left;\">\n\t\t<div class=\"sow-carousel-thumbnail\">\n\t\t\t\t\t\t\t<a\n\t\t\t\thref=\"http:\/\/www.javeriana.edu.co\/mentalpuntodeapoyo\/?p=45868\"\n\t\t\t\t\t\t\t\t\t\tstyle=\"background-image: url( http:\/\/www.javeriana.edu.co\/mentalpuntodeapoyo\/wp-content\/uploads\/2025\/11\/SALUD-MENTAL_page-0001-272x182.jpg )\"\n\t\t\t\t\taria-labelledby=\"sow-carousel-id-45868\"\n\t\t\t\t\ttabindex=\"-1\"\n\t\t\t\t>\n\t\t\t\t\t<span class=\"overlay\"><\/span>\n\t\t\t\t<\/a>\n\t\t\t\t\t<\/div>\n\t\t<h3 class=\"sow-carousel-item-title\">\n\t\t\t<a\n\t\t\t\thref=\"http:\/\/www.javeriana.edu.co\/mentalpuntodeapoyo\/?p=45868\"\n\t\t\t\tid=\"sow-carousel-id-45868\"\n\t\t\t\t\t\t\t\ttabindex=\"-1\"\n\t\t\t>\n\n\t\t\t\tLa salud mental\t\t\t<\/a>\n\t\t<\/h3>\n\t<\/div>\n\t<div class=\"sow-carousel-item\" tabindex=\"-1\" style=\"float: left;\">\n\t\t<div class=\"sow-carousel-thumbnail\">\n\t\t\t\t\t\t\t<a\n\t\t\t\thref=\"http:\/\/www.javeriana.edu.co\/mentalpuntodeapoyo\/?p=45864\"\n\t\t\t\t\t\t\t\t\t\tstyle=\"background-image: url( http:\/\/www.javeriana.edu.co\/mentalpuntodeapoyo\/wp-content\/uploads\/2025\/11\/Podcast-en-video-mi-vida-como-freelancer-lila-1-4-272x182.jpg )\"\n\t\t\t\t\taria-labelledby=\"sow-carousel-id-45864\"\n\t\t\t\t\ttabindex=\"-1\"\n\t\t\t\t>\n\t\t\t\t\t<span class=\"overlay\"><\/span>\n\t\t\t\t<\/a>\n\t\t\t\t\t<\/div>\n\t\t<h3 class=\"sow-carousel-item-title\">\n\t\t\t<a\n\t\t\t\thref=\"http:\/\/www.javeriana.edu.co\/mentalpuntodeapoyo\/?p=45864\"\n\t\t\t\tid=\"sow-carousel-id-45864\"\n\t\t\t\t\t\t\t\ttabindex=\"-1\"\n\t\t\t>\n\n\t\t\t\tVIDA COM\u00daN COMUNIDAD DEBIDA: EP 8 &#8211; \u00bfCONTRIBUYE LA VIDA CONTEMPOR\u00c1NEA A LA SALUD MENTAL?\t\t\t<\/a>\n\t\t<\/h3>\n\t<\/div>\n\t<div class=\"sow-carousel-item\" tabindex=\"-1\" style=\"float: left;\">\n\t\t<div class=\"sow-carousel-thumbnail\">\n\t\t\t\t\t\t\t<a\n\t\t\t\thref=\"http:\/\/www.javeriana.edu.co\/mentalpuntodeapoyo\/?p=44966\"\n\t\t\t\t\t\t\t\t\t\tstyle=\"background-image: url( http:\/\/www.javeriana.edu.co\/mentalpuntodeapoyo\/wp-content\/uploads\/2025\/11\/Podcast-en-video-mi-vida-como-freelancer-lila-1-3-272x182.jpg )\"\n\t\t\t\t\taria-labelledby=\"sow-carousel-id-44966\"\n\t\t\t\t\ttabindex=\"-1\"\n\t\t\t\t>\n\t\t\t\t\t<span class=\"overlay\"><\/span>\n\t\t\t\t<\/a>\n\t\t\t\t\t<\/div>\n\t\t<h3 class=\"sow-carousel-item-title\">\n\t\t\t<a\n\t\t\t\thref=\"http:\/\/www.javeriana.edu.co\/mentalpuntodeapoyo\/?p=44966\"\n\t\t\t\tid=\"sow-carousel-id-44966\"\n\t\t\t\t\t\t\t\ttabindex=\"-1\"\n\t\t\t>\n\n\t\t\t\tVIDA COM\u00daN COMUNIDAD DEBIDA: EP 7 &#8211; COMO ES VIVIR CON UN TRASTORNO MENTAL\t\t\t<\/a>\n\t\t<\/h3>\n\t<\/div>\n\t<div class=\"sow-carousel-item\" tabindex=\"-1\" style=\"float: left;\">\n\t\t<div class=\"sow-carousel-thumbnail\">\n\t\t\t\t\t\t\t<a\n\t\t\t\thref=\"http:\/\/www.javeriana.edu.co\/mentalpuntodeapoyo\/?p=44958\"\n\t\t\t\t\t\t\t\t\t\tstyle=\"background-image: url( http:\/\/www.javeriana.edu.co\/mentalpuntodeapoyo\/wp-content\/uploads\/2025\/11\/ENVEJECIMIENTO-SALUDABLE_page-0001-272x182.jpg )\"\n\t\t\t\t\taria-labelledby=\"sow-carousel-id-44958\"\n\t\t\t\t\ttabindex=\"-1\"\n\t\t\t\t>\n\t\t\t\t\t<span class=\"overlay\"><\/span>\n\t\t\t\t<\/a>\n\t\t\t\t\t<\/div>\n\t\t<h3 class=\"sow-carousel-item-title\">\n\t\t\t<a\n\t\t\t\thref=\"http:\/\/www.javeriana.edu.co\/mentalpuntodeapoyo\/?p=44958\"\n\t\t\t\tid=\"sow-carousel-id-44958\"\n\t\t\t\t\t\t\t\ttabindex=\"-1\"\n\t\t\t>\n\n\t\t\t\tEnvejecimiento saludable y prevenci\u00f3n de la demencia\t\t\t<\/a>\n\t\t<\/h3>\n\t<\/div>\n\t<div class=\"sow-carousel-item\" tabindex=\"-1\" style=\"float: left;\">\n\t\t<div class=\"sow-carousel-thumbnail\">\n\t\t\t\t\t\t\t<a\n\t\t\t\thref=\"http:\/\/www.javeriana.edu.co\/mentalpuntodeapoyo\/?p=44954\"\n\t\t\t\t\t\t\t\t\t\tstyle=\"background-image: url( http:\/\/www.javeriana.edu.co\/mentalpuntodeapoyo\/wp-content\/uploads\/2025\/11\/cinco-acciones-que-estigmatizan-272x182.png )\"\n\t\t\t\t\taria-labelledby=\"sow-carousel-id-44954\"\n\t\t\t\t\ttabindex=\"-1\"\n\t\t\t\t>\n\t\t\t\t\t<span class=\"overlay\"><\/span>\n\t\t\t\t<\/a>\n\t\t\t\t\t<\/div>\n\t\t<h3 class=\"sow-carousel-item-title\">\n\t\t\t<a\n\t\t\t\thref=\"http:\/\/www.javeriana.edu.co\/mentalpuntodeapoyo\/?p=44954\"\n\t\t\t\tid=\"sow-carousel-id-44954\"\n\t\t\t\t\t\t\t\ttabindex=\"-1\"\n\t\t\t>\n\n\t\t\t\tAcciones que estigmatizan a las personas mayores con trastorno mental\t\t\t<\/a>\n\t\t<\/h3>\n\t<\/div>\n\t<div class=\"sow-carousel-item\" tabindex=\"-1\" style=\"float: left;\">\n\t\t<div class=\"sow-carousel-thumbnail\">\n\t\t\t\t\t\t\t<a\n\t\t\t\thref=\"http:\/\/www.javeriana.edu.co\/mentalpuntodeapoyo\/?p=44950\"\n\t\t\t\t\t\t\t\t\t\tstyle=\"background-image: url( http:\/\/www.javeriana.edu.co\/mentalpuntodeapoyo\/wp-content\/uploads\/2025\/11\/PERSONAS-MAYORES-DERECHOS-PROTEGIDOS_page-0001-272x182.jpg )\"\n\t\t\t\t\taria-labelledby=\"sow-carousel-id-44950\"\n\t\t\t\t\ttabindex=\"-1\"\n\t\t\t\t>\n\t\t\t\t\t<span class=\"overlay\"><\/span>\n\t\t\t\t<\/a>\n\t\t\t\t\t<\/div>\n\t\t<h3 class=\"sow-carousel-item-title\">\n\t\t\t<a\n\t\t\t\thref=\"http:\/\/www.javeriana.edu.co\/mentalpuntodeapoyo\/?p=44950\"\n\t\t\t\tid=\"sow-carousel-id-44950\"\n\t\t\t\t\t\t\t\ttabindex=\"-1\"\n\t\t\t>\n\n\t\t\t\tDerechos de las persona mayores\t\t\t<\/a>\n\t\t<\/h3>\n\t<\/div>\n\t<div class=\"sow-carousel-item\" tabindex=\"-1\" style=\"float: left;\">\n\t\t<div class=\"sow-carousel-thumbnail\">\n\t\t\t\t\t\t\t<a\n\t\t\t\t\thref=\"http:\/\/www.javeriana.edu.co\/mentalpuntodeapoyo\/?p=44962\"\n\t\t\t\t\tclass=\"sow-carousel-default-thumbnail\"\n\t\t\t\t\t\t\t\t\t\t\t\t\t\t\taria-labelledby=\"sow-carousel-id-44962\"\n\t\t\t\t\ttabindex=\"-1\"\n\t\t\t\t>\n\t\t\t\t\t<span class=\"overlay\"><\/span>\n\t\t\t\t<\/a>\n\t\t\t\t\t<\/div>\n\t\t<h3 class=\"sow-carousel-item-title\">\n\t\t\t<a\n\t\t\t\thref=\"http:\/\/www.javeriana.edu.co\/mentalpuntodeapoyo\/?p=44962\"\n\t\t\t\tid=\"sow-carousel-id-44962\"\n\t\t\t\t\t\t\t\ttabindex=\"-1\"\n\t\t\t>\n\n\t\t\t\tSalud mental y poblaciones diferenciales\t\t\t<\/a>\n\t\t<\/h3>\n\t<\/div>\n\t<div class=\"sow-carousel-item\" tabindex=\"-1\" style=\"float: left;\">\n\t\t<div class=\"sow-carousel-thumbnail\">\n\t\t\t\t\t\t\t<a\n\t\t\t\thref=\"http:\/\/www.javeriana.edu.co\/mentalpuntodeapoyo\/?p=44426\"\n\t\t\t\t\t\t\t\t\t\tstyle=\"background-image: url( http:\/\/www.javeriana.edu.co\/mentalpuntodeapoyo\/wp-content\/uploads\/2025\/11\/Podcast-en-video-mi-vida-como-freelancer-lila-1-2-272x182.jpg )\"\n\t\t\t\t\taria-labelledby=\"sow-carousel-id-44426\"\n\t\t\t\t\ttabindex=\"-1\"\n\t\t\t\t>\n\t\t\t\t\t<span class=\"overlay\"><\/span>\n\t\t\t\t<\/a>\n\t\t\t\t\t<\/div>\n\t\t<h3 class=\"sow-carousel-item-title\">\n\t\t\t<a\n\t\t\t\thref=\"http:\/\/www.javeriana.edu.co\/mentalpuntodeapoyo\/?p=44426\"\n\t\t\t\tid=\"sow-carousel-id-44426\"\n\t\t\t\t\t\t\t\ttabindex=\"-1\"\n\t\t\t>\n\n\t\t\t\tVIDA COM\u00daN COMUNIDAD DEBIDA: EP 6 &#8211; EDAD, ETNIA Y G\u00c9NERO: \u00bfTIENEN QUE VER CON LA SALUD MENTAL?\t\t\t<\/a>\n\t\t<\/h3>\n\t<\/div>\n\t\t<\/div>\n\t\t\t<\/div>\n\n\t<\/div>\n\t\t<input type=\"hidden\" name=\"instance_hash\" value=\"e5f73000\"\/>\n\t<\/div>\n<\/div><\/div><div id=\"panel-3925-0-0-2\" class=\"so-panel widget widget_sow-post-carousel panel-last-child\" data-index=\"2\" ><div\n\t\t\t\n\t\t\tclass=\"so-widget-sow-post-carousel so-widget-sow-post-carousel-base-ad93eedad001-44426\"\n\t\t\t\n\t\t>\t<div\n\t\tclass=\"sow-post-carousel-wrapper sow-post-carousel-theme-base\"\n\t\tstyle=\"overflow: hidden; max-width: 100%; min-height: 182px\"\n\t>\n\t\t<div class=\"sow-carousel-title has-title\">\n\t<h3 class=\"widget-title\">Podcast que le pueden interesar<\/h3>\t\t<div class=\"sow-carousel-navigation \">\n\t\t\t\t\t\t<a href=\"#\" class=\"sow-carousel-next\" title=\"Siguiente\" aria-label=\"Entradas siguientes\" role=\"button\"><\/a>\n\t\t\t\t\t\t<a href=\"#\" class=\"sow-carousel-previous\" title=\"Anterior\" aria-label=\"Entradas anteriores\" role=\"button\"><\/a>\n\t\t\t\t\t<\/div>\n\t<\/div>\n\n<div class=\"sow-carousel-container \">\n\t\t<div class=\"sow-carousel-wrapper\"\n\t\tdata-dir=\"ltr\"\n\t\tstyle=\"opacity: 0;\"\n\t\tdata-widget=\"post\" data-fetching=\"false\" data-page=\"1\" data-ajax-url=\"http:\/\/www.javeriana.edu.co\/mentalpuntodeapoyo\/wp-admin\/admin-ajax.php?_widgets_nonce=f63f940a03\" data-item_count=\"5\" data-carousel_settings=\"{&quot;loop&quot;:true,&quot;animation&quot;:&quot;ease&quot;,&quot;animation_speed&quot;:800,&quot;autoplay&quot;:&quot;&quot;,&quot;pauseOnHover&quot;:&quot;&quot;,&quot;autoplaySpeed&quot;:8000,&quot;item_overflow&quot;:true,&quot;autoplay_continuous_scroll&quot;:false}\" data-responsive=\"{&quot;desktop_slides_to_scroll&quot;:1,&quot;tablet_landscape_breakpoint&quot;:1366,&quot;tablet_landscape_slides_to_scroll&quot;:2,&quot;tablet_portrait_breakpoint&quot;:1025,&quot;tablet_portrait_slides_to_scroll&quot;:2,&quot;mobile_breakpoint&quot;:480,&quot;mobile_slides_to_scroll&quot;:1}\" data-variable_width=\"true\" \t>\n\t\t<div\n\t\t\tclass=\"sow-carousel-items\"\n\t\t\t\t\t>\n\t\t\t\t<div class=\"sow-carousel-item\" tabindex=\"-1\" style=\"float: left;\">\n\t\t<div class=\"sow-carousel-thumbnail\">\n\t\t\t\t\t\t\t<a\n\t\t\t\thref=\"http:\/\/www.javeriana.edu.co\/mentalpuntodeapoyo\/?p=4275\"\n\t\t\t\t\t\t\t\t\t\tstyle=\"background-image: url( http:\/\/www.javeriana.edu.co\/mentalpuntodeapoyo\/wp-content\/uploads\/2022\/09\/pexels-anete-lusina-6334561-1-272x182.jpg )\"\n\t\t\t\t\taria-labelledby=\"sow-carousel-id-4275\"\n\t\t\t\t\ttabindex=\"-1\"\n\t\t\t\t>\n\t\t\t\t\t<span class=\"overlay\"><\/span>\n\t\t\t\t<\/a>\n\t\t\t\t\t<\/div>\n\t\t<h3 class=\"sow-carousel-item-title\">\n\t\t\t<a\n\t\t\t\thref=\"http:\/\/www.javeriana.edu.co\/mentalpuntodeapoyo\/?p=4275\"\n\t\t\t\tid=\"sow-carousel-id-4275\"\n\t\t\t\t\t\t\t\ttabindex=\"-1\"\n\t\t\t>\n\n\t\t\t\tPrimeros auxilios emocionales | Borr\u00f3n y Mente Nueva\t\t\t<\/a>\n\t\t<\/h3>\n\t<\/div>\n\t<div class=\"sow-carousel-item\" tabindex=\"-1\" style=\"float: left;\">\n\t\t<div class=\"sow-carousel-thumbnail\">\n\t\t\t\t\t\t\t<a\n\t\t\t\thref=\"http:\/\/www.javeriana.edu.co\/mentalpuntodeapoyo\/?p=4229\"\n\t\t\t\t\t\t\t\t\t\tstyle=\"background-image: url( http:\/\/www.javeriana.edu.co\/mentalpuntodeapoyo\/wp-content\/uploads\/2022\/09\/Rinterpersonal-1-272x182.jpg )\"\n\t\t\t\t\taria-labelledby=\"sow-carousel-id-4229\"\n\t\t\t\t\ttabindex=\"-1\"\n\t\t\t\t>\n\t\t\t\t\t<span class=\"overlay\"><\/span>\n\t\t\t\t<\/a>\n\t\t\t\t\t<\/div>\n\t\t<h3 class=\"sow-carousel-item-title\">\n\t\t\t<a\n\t\t\t\thref=\"http:\/\/www.javeriana.edu.co\/mentalpuntodeapoyo\/?p=4229\"\n\t\t\t\tid=\"sow-carousel-id-4229\"\n\t\t\t\t\t\t\t\ttabindex=\"-1\"\n\t\t\t>\n\n\t\t\t\tRelaciones Interpersonales |Borr\u00f3n y Mente Nueva\t\t\t<\/a>\n\t\t<\/h3>\n\t<\/div>\n\t<div class=\"sow-carousel-item\" tabindex=\"-1\" style=\"float: left;\">\n\t\t<div class=\"sow-carousel-thumbnail\">\n\t\t\t\t\t\t\t<a\n\t\t\t\thref=\"http:\/\/www.javeriana.edu.co\/mentalpuntodeapoyo\/?p=3925\"\n\t\t\t\t\t\t\t\t\t\tstyle=\"background-image: url( http:\/\/www.javeriana.edu.co\/mentalpuntodeapoyo\/wp-content\/uploads\/2021\/07\/pexels-liza-summer-6382693-1-272x182.jpg )\"\n\t\t\t\t\taria-labelledby=\"sow-carousel-id-3925\"\n\t\t\t\t\ttabindex=\"-1\"\n\t\t\t\t>\n\t\t\t\t\t<span class=\"overlay\"><\/span>\n\t\t\t\t<\/a>\n\t\t\t\t\t<\/div>\n\t\t<h3 class=\"sow-carousel-item-title\">\n\t\t\t<a\n\t\t\t\thref=\"http:\/\/www.javeriana.edu.co\/mentalpuntodeapoyo\/?p=3925\"\n\t\t\t\tid=\"sow-carousel-id-3925\"\n\t\t\t\t\t\t\t\ttabindex=\"-1\"\n\t\t\t>\n\n\t\t\t\tSuicidio |Mentes Colectivas Podcast\t\t\t<\/a>\n\t\t<\/h3>\n\t<\/div>\n\t<div class=\"sow-carousel-item\" tabindex=\"-1\" style=\"float: left;\">\n\t\t<div class=\"sow-carousel-thumbnail\">\n\t\t\t\t\t\t\t<a\n\t\t\t\thref=\"http:\/\/www.javeriana.edu.co\/mentalpuntodeapoyo\/?p=3750\"\n\t\t\t\t\t\t\t\t\t\tstyle=\"background-image: url( http:\/\/www.javeriana.edu.co\/mentalpuntodeapoyo\/wp-content\/uploads\/2021\/07\/pexels-liza-summer-6382693-1-272x182.jpg )\"\n\t\t\t\t\taria-labelledby=\"sow-carousel-id-3750\"\n\t\t\t\t\ttabindex=\"-1\"\n\t\t\t\t>\n\t\t\t\t\t<span class=\"overlay\"><\/span>\n\t\t\t\t<\/a>\n\t\t\t\t\t<\/div>\n\t\t<h3 class=\"sow-carousel-item-title\">\n\t\t\t<a\n\t\t\t\thref=\"http:\/\/www.javeriana.edu.co\/mentalpuntodeapoyo\/?p=3750\"\n\t\t\t\tid=\"sow-carousel-id-3750\"\n\t\t\t\t\t\t\t\ttabindex=\"-1\"\n\t\t\t>\n\n\t\t\t\tTusas y rupturas amorosas |Mentes Colectivas Podcast\t\t\t<\/a>\n\t\t<\/h3>\n\t<\/div>\n\t<div class=\"sow-carousel-item\" tabindex=\"-1\" style=\"float: left;\">\n\t\t<div class=\"sow-carousel-thumbnail\">\n\t\t\t\t\t\t\t<a\n\t\t\t\thref=\"http:\/\/www.javeriana.edu.co\/mentalpuntodeapoyo\/?p=3746\"\n\t\t\t\t\t\t\t\t\t\tstyle=\"background-image: url( http:\/\/www.javeriana.edu.co\/mentalpuntodeapoyo\/wp-content\/uploads\/2021\/07\/pexels-sora-shimazaki-5668473-1-272x182.jpg )\"\n\t\t\t\t\taria-labelledby=\"sow-carousel-id-3746\"\n\t\t\t\t\ttabindex=\"-1\"\n\t\t\t\t>\n\t\t\t\t\t<span class=\"overlay\"><\/span>\n\t\t\t\t<\/a>\n\t\t\t\t\t<\/div>\n\t\t<h3 class=\"sow-carousel-item-title\">\n\t\t\t<a\n\t\t\t\thref=\"http:\/\/www.javeriana.edu.co\/mentalpuntodeapoyo\/?p=3746\"\n\t\t\t\tid=\"sow-carousel-id-3746\"\n\t\t\t\t\t\t\t\ttabindex=\"-1\"\n\t\t\t>\n\n\t\t\t\tLa Culpa | Mentes colectivas Podcast\t\t\t<\/a>\n\t\t<\/h3>\n\t<\/div>\n\t\t<\/div>\n\t\t\t<\/div>\n\n\t<\/div>\n\t\t<input type=\"hidden\" name=\"instance_hash\" value=\"7c799e66\"\/>\n\t<\/div>\n<\/div><\/div><\/div><\/div><\/div>","protected":false},"excerpt":{"rendered":"<p>https:\/\/open.spotify.com\/episode\/1S5L24n2biiLXKlXrBZ1qm idikotamagelang.org crowncellars.org idikotapekalongan.org situs slot gacor ASD jacktoto jacktoto jacktoto jacktoto situs togel jacktoto link jacktoto jacktoto jacktoto jacktoto jacktoto slot gacor situs slot jacktoto jacktoto situs slot online situs toto situs toto toto slot slot thailand situs toto <a href=\"http:\/\/www.javeriana.edu.co\/mentalpuntodeapoyo\/?p=3746\" class=\"read-more\">Read More &#8230;<\/a><\/p>\n","protected":false},"author":1,"featured_media":3785,"comment_status":"open","ping_status":"open","sticky":false,"template":"","format":"link","meta":{"footnotes":""},"categories":[379,1,114],"tags":[648,389,505,506,507,633,488,531,583,401,471,467,593,429,504,580,654,756,406,656,639,661,382,649,630,644,480,432,403,473,484,410,638,470,652,421,392,612,418,640,513,439,547,548,757,637,422,665,503,694,487,664,643,636,761,591,646,758,502,489,641,586,645,493,550,428,434,459,419,426,424,603,390,551,713,494,760,472,512,435,541,492,545,657,759,647,440,444],"yoast_head":"<!-- This site is optimized with the Yoast SEO plugin v23.0 - https:\/\/yoast.com\/wordpress\/plugins\/seo\/ -->\n<title>Suicidio |Mentes Colectivas Podcast - APS - Punto de Apoyo<\/title>\n<meta name=\"robots\" content=\"index, follow, max-snippet:-1, max-image-preview:large, max-video-preview:-1\" \/>\n<link rel=\"canonical\" href=\"http:\/\/www.javeriana.edu.co\/mentalpuntodeapoyo\/?p=3925\" \/>\n<meta property=\"og:locale\" content=\"es_ES\" \/>\n<meta property=\"og:type\" content=\"article\" \/>\n<meta property=\"og:title\" content=\"Suicidio |Mentes Colectivas Podcast - APS - Punto de Apoyo\" \/>\n<meta property=\"og:description\" content=\"https:\/\/open.spotify.com\/episode\/1S5L24n2biiLXKlXrBZ1qm idikotamagelang.org crowncellars.org idikotapekalongan.org situs slot gacor ASD jacktoto jacktoto jacktoto jacktoto situs togel jacktoto link jacktoto jacktoto jacktoto jacktoto jacktoto slot gacor situs slot jacktoto jacktoto situs slot online situs toto situs toto toto slot slot thailand situs toto Read More ...\" \/>\n<meta property=\"og:url\" content=\"http:\/\/www.javeriana.edu.co\/mentalpuntodeapoyo\/?p=3925\" \/>\n<meta property=\"og:site_name\" content=\"APS - Punto de Apoyo\" \/>\n<meta property=\"article:published_time\" content=\"2022-01-19T16:49:26+00:00\" \/>\n<meta property=\"article:modified_time\" content=\"2026-04-26T14:07:54+00:00\" \/>\n<meta property=\"og:image\" content=\"http:\/\/www.javeriana.edu.co\/mentalpuntodeapoyo\/wp-content\/uploads\/2021\/07\/pexels-liza-summer-6382693-1.jpg\" \/>\n\t<meta property=\"og:image:width\" content=\"953\" \/>\n\t<meta property=\"og:image:height\" content=\"296\" \/>\n\t<meta property=\"og:image:type\" content=\"image\/jpeg\" \/>\n<meta name=\"author\" content=\"Mental Punto de Apoyo\" \/>\n<meta name=\"twitter:card\" content=\"summary_large_image\" \/>\n<meta name=\"twitter:label1\" content=\"Escrito por\" \/>\n\t<meta name=\"twitter:data1\" content=\"Mental Punto de Apoyo\" \/>\n\t<meta name=\"twitter:label2\" content=\"Tiempo de lectura\" \/>\n\t<meta name=\"twitter:data2\" content=\"3 minutos\" \/>\n<script type=\"application\/ld+json\" class=\"yoast-schema-graph\">{\"@context\":\"https:\/\/schema.org\",\"@graph\":[{\"@type\":\"Article\",\"@id\":\"http:\/\/www.javeriana.edu.co\/mentalpuntodeapoyo\/?p=3925#article\",\"isPartOf\":{\"@id\":\"http:\/\/www.javeriana.edu.co\/mentalpuntodeapoyo\/?p=3925\"},\"author\":{\"name\":\"Mental Punto de Apoyo\",\"@id\":\"https:\/\/www.javeriana.edu.co\/mentalpuntodeapoyo\/#\/schema\/person\/f772deff37a7d49746c0bbb7f39ad4a9\"},\"headline\":\"Suicidio |Mentes Colectivas Podcast\",\"datePublished\":\"2022-01-19T16:49:26+00:00\",\"dateModified\":\"2026-04-26T14:07:54+00:00\",\"mainEntityOfPage\":{\"@id\":\"http:\/\/www.javeriana.edu.co\/mentalpuntodeapoyo\/?p=3925\"},\"wordCount\":518,\"commentCount\":0,\"publisher\":{\"@id\":\"https:\/\/www.javeriana.edu.co\/mentalpuntodeapoyo\/#organization\"},\"image\":{\"@id\":\"http:\/\/www.javeriana.edu.co\/mentalpuntodeapoyo\/?p=3925#primaryimage\"},\"thumbnailUrl\":\"http:\/\/www.javeriana.edu.co\/mentalpuntodeapoyo\/wp-content\/uploads\/2021\/07\/pexels-liza-summer-6382693-1.jpg\",\"keywords\":[\"Actitud\",\"Adaptaci\u00f3n psicol\u00f3gica\",\"Adolescentes\",\"Adultos j\u00f3venes\",\"Adultos mayores\",\"Adultos medios\",\"Aislamiento social\",\"Ambiente social\",\"Amigos\",\"Amor\",\"Angustia psicol\u00f3gica\",\"Ansiedad\",\"Apat\u00eda\",\"Apoyo social\",\"audiencia:todos\",\"Autoconcepto\",\"Autocontrol\",\"Automutilaci\u00f3n\",\"Calidad de vida\",\"Ciencias conductuales\",\"Ciencias sociales\",\"Comportamiento autolesivo\",\"Comportamiento de b\u00fasqueda de ayuda\",\"Comportamiento de salud\",\"Comportamiento impulsivo\",\"Comportamiento social\",\"Comportamientos de riesgo para la salud\",\"Comunicaci\u00f3n\",\"Conflicto familiar\",\"Consumidores de drogas\",\"Culpa\",\"Desarrollo Humano\",\"Disciplinas y actividades conductuales\",\"Duelo\",\"Emociones\",\"Esperanza\",\"Estereotipos\",\"Familia\",\"Felicidad\",\"Fen\u00f3menos psicol\u00f3gicos\",\"formato:Audio\",\"Habilidades sociales\",\"Ideaci\u00f3n suicida\",\"intento de suicidio\",\"Intervenci\u00f3n en crisis\",\"Mecanismos de comportamiento y comportamiento\",\"Moralidad\",\"Motivaci\u00f3n\",\"nivelprevenci\u00f3n:espec\u00edfico\",\"Pena\",\"Pensar\",\"Percepci\u00f3n\",\"Personalidad\",\"Personas\",\"Pesimismo\",\"Prejuicio\",\"Procesos mentales\",\"Procesos psicoterape\u00faticos\",\"prop\u00f3sito:informaci\u00f3n\",\"Psicolog\u00eda\",\"Psicolog\u00eda aplicada\",\"Psicolog\u00eda Educativa\",\"psicolog\u00eda social\",\"Psicoterapia\",\"Psiquiatr\u00eda\",\"Redes comunitarias\",\"Regulaci\u00f3n emocional\",\"Relaciones familiares\",\"Resiliencia psicol\u00f3gica\",\"Resoluci\u00f3n de problemas\",\"Respeto\",\"Rumiaci\u00f3n Cognitiva\",\"Sentido de coherencia\",\"Servicios de salud mental\",\"Servicios de urgencias psiqui\u00e1tricas\",\"Soledad\",\"Suicidio consumado\",\"tema:trastornos de salud mental\",\"tipo:podcast\/programa radial\",\"Toma de decisiones\",\"Toma de riesgos\",\"trastorno depresivo\",\"Trastorno depresivo mayor\",\"trastornos del estado de \u00e1nimo\",\"Trastornos disociativos\",\"Trastornos mentales\",\"trastornos relacionados con sustancias\",\"Tristeza\"],\"articleSection\":[\"Podcast\",\"Situaciones Preocupantes\",\"Sufrimiento emocional\"],\"inLanguage\":\"es\",\"potentialAction\":[{\"@type\":\"CommentAction\",\"name\":\"Comment\",\"target\":[\"http:\/\/www.javeriana.edu.co\/mentalpuntodeapoyo\/?p=3925#respond\"]}]},{\"@type\":\"WebPage\",\"@id\":\"http:\/\/www.javeriana.edu.co\/mentalpuntodeapoyo\/?p=3925\",\"url\":\"http:\/\/www.javeriana.edu.co\/mentalpuntodeapoyo\/?p=3925\",\"name\":\"Suicidio |Mentes Colectivas Podcast - APS - Punto de Apoyo\",\"isPartOf\":{\"@id\":\"https:\/\/www.javeriana.edu.co\/mentalpuntodeapoyo\/#website\"},\"primaryImageOfPage\":{\"@id\":\"http:\/\/www.javeriana.edu.co\/mentalpuntodeapoyo\/?p=3925#primaryimage\"},\"image\":{\"@id\":\"http:\/\/www.javeriana.edu.co\/mentalpuntodeapoyo\/?p=3925#primaryimage\"},\"thumbnailUrl\":\"http:\/\/www.javeriana.edu.co\/mentalpuntodeapoyo\/wp-content\/uploads\/2021\/07\/pexels-liza-summer-6382693-1.jpg\",\"datePublished\":\"2022-01-19T16:49:26+00:00\",\"dateModified\":\"2026-04-26T14:07:54+00:00\",\"breadcrumb\":{\"@id\":\"http:\/\/www.javeriana.edu.co\/mentalpuntodeapoyo\/?p=3925#breadcrumb\"},\"inLanguage\":\"es\",\"potentialAction\":[{\"@type\":\"ReadAction\",\"target\":[\"http:\/\/www.javeriana.edu.co\/mentalpuntodeapoyo\/?p=3925\"]}]},{\"@type\":\"ImageObject\",\"inLanguage\":\"es\",\"@id\":\"http:\/\/www.javeriana.edu.co\/mentalpuntodeapoyo\/?p=3925#primaryimage\",\"url\":\"http:\/\/www.javeriana.edu.co\/mentalpuntodeapoyo\/wp-content\/uploads\/2021\/07\/pexels-liza-summer-6382693-1.jpg\",\"contentUrl\":\"http:\/\/www.javeriana.edu.co\/mentalpuntodeapoyo\/wp-content\/uploads\/2021\/07\/pexels-liza-summer-6382693-1.jpg\",\"width\":953,\"height\":296},{\"@type\":\"BreadcrumbList\",\"@id\":\"http:\/\/www.javeriana.edu.co\/mentalpuntodeapoyo\/?p=3925#breadcrumb\",\"itemListElement\":[{\"@type\":\"ListItem\",\"position\":1,\"name\":\"Portada\",\"item\":\"http:\/\/www.javeriana.edu.co\/mentalpuntodeapoyo\/\"},{\"@type\":\"ListItem\",\"position\":2,\"name\":\"Suicidio |Mentes Colectivas Podcast\"}]},{\"@type\":\"WebSite\",\"@id\":\"https:\/\/www.javeriana.edu.co\/mentalpuntodeapoyo\/#website\",\"url\":\"https:\/\/www.javeriana.edu.co\/mentalpuntodeapoyo\/\",\"name\":\"APS - Punto de Apoyo\",\"description\":\"Programa Intervenciones en Salud Mental PUHJ-HUSI\",\"publisher\":{\"@id\":\"https:\/\/www.javeriana.edu.co\/mentalpuntodeapoyo\/#organization\"},\"alternateName\":\"APS - Punto de Apoyo\",\"potentialAction\":[{\"@type\":\"SearchAction\",\"target\":{\"@type\":\"EntryPoint\",\"urlTemplate\":\"https:\/\/www.javeriana.edu.co\/mentalpuntodeapoyo\/?s={search_term_string}\"},\"query-input\":\"required name=search_term_string\"}],\"inLanguage\":\"es\"},{\"@type\":\"Organization\",\"@id\":\"https:\/\/www.javeriana.edu.co\/mentalpuntodeapoyo\/#organization\",\"name\":\"APS - Punto de Apoyo\",\"alternateName\":\"APS - Punto de Apoyo\",\"url\":\"https:\/\/www.javeriana.edu.co\/mentalpuntodeapoyo\/\",\"logo\":{\"@type\":\"ImageObject\",\"inLanguage\":\"es\",\"@id\":\"https:\/\/www.javeriana.edu.co\/mentalpuntodeapoyo\/#\/schema\/logo\/image\/\",\"url\":\"http:\/\/www.javeriana.edu.co\/mentalpuntodeapoyo\/wp-content\/uploads\/2018\/01\/cropped-logoFooter-2.png\",\"contentUrl\":\"http:\/\/www.javeriana.edu.co\/mentalpuntodeapoyo\/wp-content\/uploads\/2018\/01\/cropped-logoFooter-2.png\",\"width\":92,\"height\":92,\"caption\":\"APS - Punto de Apoyo\"},\"image\":{\"@id\":\"https:\/\/www.javeriana.edu.co\/mentalpuntodeapoyo\/#\/schema\/logo\/image\/\"}},{\"@type\":\"Person\",\"@id\":\"https:\/\/www.javeriana.edu.co\/mentalpuntodeapoyo\/#\/schema\/person\/f772deff37a7d49746c0bbb7f39ad4a9\",\"name\":\"Mental Punto de Apoyo\",\"image\":{\"@type\":\"ImageObject\",\"inLanguage\":\"es\",\"@id\":\"https:\/\/www.javeriana.edu.co\/mentalpuntodeapoyo\/#\/schema\/person\/image\/\",\"url\":\"http:\/\/0.gravatar.com\/avatar\/caae428d8ffb6f09c37b9597fd16bcbd?s=96&d=mm&r=g\",\"contentUrl\":\"http:\/\/0.gravatar.com\/avatar\/caae428d8ffb6f09c37b9597fd16bcbd?s=96&d=mm&r=g\",\"caption\":\"Mental Punto de Apoyo\"},\"url\":\"http:\/\/www.javeriana.edu.co\/mentalpuntodeapoyo\/?author=1\"}]}<\/script>\n<!-- \/ Yoast SEO plugin. -->","yoast_head_json":{"title":"Suicidio |Mentes Colectivas Podcast - APS - Punto de Apoyo","robots":{"index":"index","follow":"follow","max-snippet":"max-snippet:-1","max-image-preview":"max-image-preview:large","max-video-preview":"max-video-preview:-1"},"canonical":"http:\/\/www.javeriana.edu.co\/mentalpuntodeapoyo\/?p=3925","og_locale":"es_ES","og_type":"article","og_title":"Suicidio |Mentes Colectivas Podcast - APS - Punto de Apoyo","og_description":"https:\/\/open.spotify.com\/episode\/1S5L24n2biiLXKlXrBZ1qm idikotamagelang.org crowncellars.org idikotapekalongan.org situs slot gacor ASD jacktoto jacktoto jacktoto jacktoto situs togel jacktoto link jacktoto jacktoto jacktoto jacktoto jacktoto slot gacor situs slot jacktoto jacktoto situs slot online situs toto situs toto toto slot slot thailand situs toto Read More ...","og_url":"http:\/\/www.javeriana.edu.co\/mentalpuntodeapoyo\/?p=3925","og_site_name":"APS - Punto de Apoyo","article_published_time":"2022-01-19T16:49:26+00:00","article_modified_time":"2026-04-26T14:07:54+00:00","og_image":[{"width":953,"height":296,"url":"http:\/\/www.javeriana.edu.co\/mentalpuntodeapoyo\/wp-content\/uploads\/2021\/07\/pexels-liza-summer-6382693-1.jpg","type":"image\/jpeg"}],"author":"Mental Punto de Apoyo","twitter_card":"summary_large_image","twitter_misc":{"Escrito por":"Mental Punto de Apoyo","Tiempo de lectura":"3 minutos"},"schema":{"@context":"https:\/\/schema.org","@graph":[{"@type":"Article","@id":"http:\/\/www.javeriana.edu.co\/mentalpuntodeapoyo\/?p=3925#article","isPartOf":{"@id":"http:\/\/www.javeriana.edu.co\/mentalpuntodeapoyo\/?p=3925"},"author":{"name":"Mental Punto de Apoyo","@id":"https:\/\/www.javeriana.edu.co\/mentalpuntodeapoyo\/#\/schema\/person\/f772deff37a7d49746c0bbb7f39ad4a9"},"headline":"Suicidio |Mentes Colectivas Podcast","datePublished":"2022-01-19T16:49:26+00:00","dateModified":"2026-04-26T14:07:54+00:00","mainEntityOfPage":{"@id":"http:\/\/www.javeriana.edu.co\/mentalpuntodeapoyo\/?p=3925"},"wordCount":518,"commentCount":0,"publisher":{"@id":"https:\/\/www.javeriana.edu.co\/mentalpuntodeapoyo\/#organization"},"image":{"@id":"http:\/\/www.javeriana.edu.co\/mentalpuntodeapoyo\/?p=3925#primaryimage"},"thumbnailUrl":"http:\/\/www.javeriana.edu.co\/mentalpuntodeapoyo\/wp-content\/uploads\/2021\/07\/pexels-liza-summer-6382693-1.jpg","keywords":["Actitud","Adaptaci\u00f3n psicol\u00f3gica","Adolescentes","Adultos j\u00f3venes","Adultos mayores","Adultos medios","Aislamiento social","Ambiente social","Amigos","Amor","Angustia psicol\u00f3gica","Ansiedad","Apat\u00eda","Apoyo social","audiencia:todos","Autoconcepto","Autocontrol","Automutilaci\u00f3n","Calidad de vida","Ciencias conductuales","Ciencias sociales","Comportamiento autolesivo","Comportamiento de b\u00fasqueda de ayuda","Comportamiento de salud","Comportamiento impulsivo","Comportamiento social","Comportamientos de riesgo para la salud","Comunicaci\u00f3n","Conflicto familiar","Consumidores de drogas","Culpa","Desarrollo Humano","Disciplinas y actividades conductuales","Duelo","Emociones","Esperanza","Estereotipos","Familia","Felicidad","Fen\u00f3menos psicol\u00f3gicos","formato:Audio","Habilidades sociales","Ideaci\u00f3n suicida","intento de suicidio","Intervenci\u00f3n en crisis","Mecanismos de comportamiento y comportamiento","Moralidad","Motivaci\u00f3n","nivelprevenci\u00f3n:espec\u00edfico","Pena","Pensar","Percepci\u00f3n","Personalidad","Personas","Pesimismo","Prejuicio","Procesos mentales","Procesos psicoterape\u00faticos","prop\u00f3sito:informaci\u00f3n","Psicolog\u00eda","Psicolog\u00eda aplicada","Psicolog\u00eda Educativa","psicolog\u00eda social","Psicoterapia","Psiquiatr\u00eda","Redes comunitarias","Regulaci\u00f3n emocional","Relaciones familiares","Resiliencia psicol\u00f3gica","Resoluci\u00f3n de problemas","Respeto","Rumiaci\u00f3n Cognitiva","Sentido de coherencia","Servicios de salud mental","Servicios de urgencias psiqui\u00e1tricas","Soledad","Suicidio consumado","tema:trastornos de salud mental","tipo:podcast\/programa radial","Toma de decisiones","Toma de riesgos","trastorno depresivo","Trastorno depresivo mayor","trastornos del estado de \u00e1nimo","Trastornos disociativos","Trastornos mentales","trastornos relacionados con sustancias","Tristeza"],"articleSection":["Podcast","Situaciones Preocupantes","Sufrimiento emocional"],"inLanguage":"es","potentialAction":[{"@type":"CommentAction","name":"Comment","target":["http:\/\/www.javeriana.edu.co\/mentalpuntodeapoyo\/?p=3925#respond"]}]},{"@type":"WebPage","@id":"http:\/\/www.javeriana.edu.co\/mentalpuntodeapoyo\/?p=3925","url":"http:\/\/www.javeriana.edu.co\/mentalpuntodeapoyo\/?p=3925","name":"Suicidio |Mentes Colectivas Podcast - APS - Punto de Apoyo","isPartOf":{"@id":"https:\/\/www.javeriana.edu.co\/mentalpuntodeapoyo\/#website"},"primaryImageOfPage":{"@id":"http:\/\/www.javeriana.edu.co\/mentalpuntodeapoyo\/?p=3925#primaryimage"},"image":{"@id":"http:\/\/www.javeriana.edu.co\/mentalpuntodeapoyo\/?p=3925#primaryimage"},"thumbnailUrl":"http:\/\/www.javeriana.edu.co\/mentalpuntodeapoyo\/wp-content\/uploads\/2021\/07\/pexels-liza-summer-6382693-1.jpg","datePublished":"2022-01-19T16:49:26+00:00","dateModified":"2026-04-26T14:07:54+00:00","breadcrumb":{"@id":"http:\/\/www.javeriana.edu.co\/mentalpuntodeapoyo\/?p=3925#breadcrumb"},"inLanguage":"es","potentialAction":[{"@type":"ReadAction","target":["http:\/\/www.javeriana.edu.co\/mentalpuntodeapoyo\/?p=3925"]}]},{"@type":"ImageObject","inLanguage":"es","@id":"http:\/\/www.javeriana.edu.co\/mentalpuntodeapoyo\/?p=3925#primaryimage","url":"http:\/\/www.javeriana.edu.co\/mentalpuntodeapoyo\/wp-content\/uploads\/2021\/07\/pexels-liza-summer-6382693-1.jpg","contentUrl":"http:\/\/www.javeriana.edu.co\/mentalpuntodeapoyo\/wp-content\/uploads\/2021\/07\/pexels-liza-summer-6382693-1.jpg","width":953,"height":296},{"@type":"BreadcrumbList","@id":"http:\/\/www.javeriana.edu.co\/mentalpuntodeapoyo\/?p=3925#breadcrumb","itemListElement":[{"@type":"ListItem","position":1,"name":"Portada","item":"http:\/\/www.javeriana.edu.co\/mentalpuntodeapoyo\/"},{"@type":"ListItem","position":2,"name":"Suicidio |Mentes Colectivas Podcast"}]},{"@type":"WebSite","@id":"https:\/\/www.javeriana.edu.co\/mentalpuntodeapoyo\/#website","url":"https:\/\/www.javeriana.edu.co\/mentalpuntodeapoyo\/","name":"APS - Punto de Apoyo","description":"Programa Intervenciones en Salud Mental PUHJ-HUSI","publisher":{"@id":"https:\/\/www.javeriana.edu.co\/mentalpuntodeapoyo\/#organization"},"alternateName":"APS - Punto de Apoyo","potentialAction":[{"@type":"SearchAction","target":{"@type":"EntryPoint","urlTemplate":"https:\/\/www.javeriana.edu.co\/mentalpuntodeapoyo\/?s={search_term_string}"},"query-input":"required name=search_term_string"}],"inLanguage":"es"},{"@type":"Organization","@id":"https:\/\/www.javeriana.edu.co\/mentalpuntodeapoyo\/#organization","name":"APS - Punto de Apoyo","alternateName":"APS - Punto de Apoyo","url":"https:\/\/www.javeriana.edu.co\/mentalpuntodeapoyo\/","logo":{"@type":"ImageObject","inLanguage":"es","@id":"https:\/\/www.javeriana.edu.co\/mentalpuntodeapoyo\/#\/schema\/logo\/image\/","url":"http:\/\/www.javeriana.edu.co\/mentalpuntodeapoyo\/wp-content\/uploads\/2018\/01\/cropped-logoFooter-2.png","contentUrl":"http:\/\/www.javeriana.edu.co\/mentalpuntodeapoyo\/wp-content\/uploads\/2018\/01\/cropped-logoFooter-2.png","width":92,"height":92,"caption":"APS - Punto de Apoyo"},"image":{"@id":"https:\/\/www.javeriana.edu.co\/mentalpuntodeapoyo\/#\/schema\/logo\/image\/"}},{"@type":"Person","@id":"https:\/\/www.javeriana.edu.co\/mentalpuntodeapoyo\/#\/schema\/person\/f772deff37a7d49746c0bbb7f39ad4a9","name":"Mental Punto de Apoyo","image":{"@type":"ImageObject","inLanguage":"es","@id":"https:\/\/www.javeriana.edu.co\/mentalpuntodeapoyo\/#\/schema\/person\/image\/","url":"http:\/\/0.gravatar.com\/avatar\/caae428d8ffb6f09c37b9597fd16bcbd?s=96&d=mm&r=g","contentUrl":"http:\/\/0.gravatar.com\/avatar\/caae428d8ffb6f09c37b9597fd16bcbd?s=96&d=mm&r=g","caption":"Mental Punto de Apoyo"},"url":"http:\/\/www.javeriana.edu.co\/mentalpuntodeapoyo\/?author=1"}]}},"_links":{"self":[{"href":"http:\/\/www.javeriana.edu.co\/mentalpuntodeapoyo\/index.php?rest_route=\/wp\/v2\/posts\/3925"}],"collection":[{"href":"http:\/\/www.javeriana.edu.co\/mentalpuntodeapoyo\/index.php?rest_route=\/wp\/v2\/posts"}],"about":[{"href":"http:\/\/www.javeriana.edu.co\/mentalpuntodeapoyo\/index.php?rest_route=\/wp\/v2\/types\/post"}],"author":[{"embeddable":true,"href":"http:\/\/www.javeriana.edu.co\/mentalpuntodeapoyo\/index.php?rest_route=\/wp\/v2\/users\/1"}],"replies":[{"embeddable":true,"href":"http:\/\/www.javeriana.edu.co\/mentalpuntodeapoyo\/index.php?rest_route=%2Fwp%2Fv2%2Fcomments&post=3925"}],"version-history":[{"count":344,"href":"http:\/\/www.javeriana.edu.co\/mentalpuntodeapoyo\/index.php?rest_route=\/wp\/v2\/posts\/3925\/revisions"}],"predecessor-version":[{"id":96937,"href":"http:\/\/www.javeriana.edu.co\/mentalpuntodeapoyo\/index.php?rest_route=\/wp\/v2\/posts\/3925\/revisions\/96937"}],"wp:featuredmedia":[{"embeddable":true,"href":"http:\/\/www.javeriana.edu.co\/mentalpuntodeapoyo\/index.php?rest_route=\/wp\/v2\/media\/3785"}],"wp:attachment":[{"href":"http:\/\/www.javeriana.edu.co\/mentalpuntodeapoyo\/index.php?rest_route=%2Fwp%2Fv2%2Fmedia&parent=3925"}],"wp:term":[{"taxonomy":"category","embeddable":true,"href":"http:\/\/www.javeriana.edu.co\/mentalpuntodeapoyo\/index.php?rest_route=%2Fwp%2Fv2%2Fcategories&post=3925"},{"taxonomy":"post_tag","embeddable":true,"href":"http:\/\/www.javeriana.edu.co\/mentalpuntodeapoyo\/index.php?rest_route=%2Fwp%2Fv2%2Ftags&post=3925"}],"curies":[{"name":"wp","href":"https:\/\/api.w.org\/{rel}","templated":true}]}}