{"id":10016,"date":"2017-10-11T07:58:39","date_gmt":"2017-10-11T12:58:39","guid":{"rendered":"http:\/\/www.javeriana.edu.co\/pesquisa\/?p=10016"},"modified":"2022-05-16T12:28:05","modified_gmt":"2022-05-16T17:28:05","slug":"adios-al-doctor-juanito","status":"publish","type":"post","link":"http:\/\/www.javeriana.edu.co\/pesquisa\/adios-al-doctor-juanito\/","title":{"rendered":"Adi\u00f3s al \u2018doctor Juanito\u2019"},"content":{"rendered":"<p>El doctor Juanito trabaj\u00f3 en <em>El Espectador<\/em> como reportero, editor y columnista, siempre enfocado en contar historias de ciencia a los lectores. Fue uno de los fundadores de la Asociaci\u00f3n Colombiana de Periodismo Cient\u00edfico (ACPC) en los a\u00f1os 70 del siglo pasado, y cuando estaba moribunda hizo que renaciera con vigor al finalizar los 90.<\/p>\n<p>En 2002, cuando fue elegido presidente de la Academia Nacional de Medicina, la acogi\u00f3 en el tercer piso de la hermosa casa donde funciona la biblioteca. All\u00ed, buscando la excelencia, sello que imprimi\u00f3 en todos sus proyectos, fue el mas solidario pero el m\u00e1s exigente con la labor de la Asociaci\u00f3n, que no solamente se dedic\u00f3 a producir historias de ciencia para los medios de comunicaci\u00f3n a trav\u00e9s de la Agencia de Noticias de Ciencia y Tecnolog\u00eda de Colombia (Noticyt), sino tambi\u00e9n a investigar sobre el quehacer del periodista cient\u00edfico en proyectos cofinanciados por Colciencias y a formar futuros profesionales.<\/p>\n<p><span style=\"font-size: 14px;\">El periodismo cient\u00edfico colombiano, y el de salud, le deben mucho al doctor Juan Mendoza Vega. Cuando lanz\u00f3 su libro <\/span><em style=\"font-size: 14px;\">Cuarenta a\u00f1os de periodismo m\u00e9dico<\/em><span style=\"font-size: 14px;\">, la ACPC fue la encargada de presentarlo en sesi\u00f3n de la Academia. <a href=\"https:\/\/encolombia.com\/medicina\/revistas-medicas\/academedicina\/va-62\/academ25262-cuarenta\/\" target=\"_blank\" rel=\"noopener\">Aqu\u00ed<\/a>\u00a0el texto.<\/span><\/p>\n","protected":false},"excerpt":{"rendered":"<p>Un sentido homenaje al neurocirujano Juan Mendoza Vega, fallecido el s\u00e1bado 7 de octubre. Adem\u00e1s de m\u00e9dico, fue uno de los primeros periodistas cient\u00edficos del pa\u00eds.<\/p>\n","protected":false},"author":25,"featured_media":0,"comment_status":"open","ping_status":"open","sticky":false,"template":"","format":"standard","meta":{"footnotes":""},"categories":[127],"tags":[460,927,929,928,930,931],"class_list":{"0":"post-10016","1":"post","2":"type-post","3":"status-publish","4":"format-standard","6":"category-innovacion","7":"tag-ciencia","8":"tag-juan-mendoza-vega","9":"tag-obituario","10":"tag-periodismo-cientifico","11":"tag-periodismo-de-salud","12":"tag-tributo"},"_links":{"self":[{"href":"http:\/\/www.javeriana.edu.co\/pesquisa\/wp-json\/wp\/v2\/posts\/10016","targetHints":{"allow":["GET"]}}],"collection":[{"href":"http:\/\/www.javeriana.edu.co\/pesquisa\/wp-json\/wp\/v2\/posts"}],"about":[{"href":"http:\/\/www.javeriana.edu.co\/pesquisa\/wp-json\/wp\/v2\/types\/post"}],"author":[{"embeddable":true,"href":"http:\/\/www.javeriana.edu.co\/pesquisa\/wp-json\/wp\/v2\/users\/25"}],"replies":[{"embeddable":true,"href":"http:\/\/www.javeriana.edu.co\/pesquisa\/wp-json\/wp\/v2\/comments?post=10016"}],"version-history":[{"count":6,"href":"http:\/\/www.javeriana.edu.co\/pesquisa\/wp-json\/wp\/v2\/posts\/10016\/revisions"}],"predecessor-version":[{"id":31150,"href":"http:\/\/www.javeriana.edu.co\/pesquisa\/wp-json\/wp\/v2\/posts\/10016\/revisions\/31150"}],"wp:attachment":[{"href":"http:\/\/www.javeriana.edu.co\/pesquisa\/wp-json\/wp\/v2\/media?parent=10016"}],"wp:term":[{"taxonomy":"category","embeddable":true,"href":"http:\/\/www.javeriana.edu.co\/pesquisa\/wp-json\/wp\/v2\/categories?post=10016"},{"taxonomy":"post_tag","embeddable":true,"href":"http:\/\/www.javeriana.edu.co\/pesquisa\/wp-json\/wp\/v2\/tags?post=10016"}],"curies":[{"name":"wp","href":"https:\/\/api.w.org\/{rel}","templated":true}]}}