{"id":10187,"date":"2017-11-10T13:53:45","date_gmt":"2017-11-10T18:53:45","guid":{"rendered":"http:\/\/www.javeriana.edu.co\/pesquisa\/?p=10187"},"modified":"2022-05-16T12:44:50","modified_gmt":"2022-05-16T17:44:50","slug":"sabanas-gemelas","status":"publish","type":"post","link":"http:\/\/www.javeriana.edu.co\/pesquisa\/sabanas-gemelas\/","title":{"rendered":"Sabanas \u201cgemelas\u201d"},"content":{"rendered":"<p>Hay dos fotograf\u00edas aparentemente iguales. En las dos hay un caballo y una silla para montarlo; dos jinetes usando un sombrero y de fondo, vegetaci\u00f3n: paisajes que representan a dos sabanas colombianas. Una, ubicada en C\u00f3rdoba, Sucre y Bolivar; otra, en la regi\u00f3n de los Llanos. Fue Juan David Anzola, artista visual de la Pontificia Universidad Javeriana, quien las captur\u00f3. Fue tambi\u00e9n \u00e9l quien realiz\u00f3 varios viajes por algunos departamentos del pa\u00eds, pasando por Monter\u00eda, Sincelejo, Sahag\u00fan, San Antonio de Palmito, Corozal, San Pedro, Puerto L\u00f3pez, Yopal, Trinidad del Pauto, Man\u00ed, Hato Corozal, Orocu\u00e9 y otros cuantos lugares del norte y este de Colombia.<\/p>\n<p>Anzola viajaba solo en busca de tierras ganaderas. \u201cYo iba a conocer las fincas y a hablar con la gente\u201d, cuenta. En las dos regiones fue muy bien recibido por las personas que iba contactando viaje tras viaje, \u201cla visita nunca duerme en la cama de uno, pero as\u00ed me recibieron algunas veces\u201d. Lo invitaban a enlazar el ganado, a pescar, a hacer el almuerzo, a sacar los caballos de las caballerizas. \u00c9l dec\u00eda que s\u00ed a todo cargando a veces con su c\u00e1mara, y otras con su libreta de dibujos o su grabadora para captar sonidos. Luego empez\u00f3 a buscar eventos como festivales y carreras de caballos, todo lo que le diera pistas acerca de la cultura sabanera.<\/p>\n<p>As\u00ed fue recolectado diferencias y semejanzas. Parecidos como que tanto en el Llano y en la Costa cantan al ganado para calmarlo, que ambos grupos de sabaneros tienen \u201cese amor profundo por su territorio\u201d, la costumbre de la vaquer\u00eda y la vida campesina, o que la m\u00fasica t\u00edpica tiene su or\u00edgen en el canto al ganado. Tambi\u00e9n oposiciones como que el sabanero de la costa es m\u00e1s alegre y lujoso mientras que en el Llano, al ser un terreno agreste, el sabanero se siente vulnerable y, por lo tanto, es m\u00e1s austero y rudo. En la forma de comer tambi\u00e9n hay ciertas diferencias: en la costa est\u00e1 la costumbre de comer bollo y suero coste\u00f1o, mientras que en el Llano se come carne en todas sus variables por lo que, seg\u00fan Anzola, el llanero siempre carga con su cuchillo, que es de uso personal, para comer; adem\u00e1s, se come r\u00e1pido a diferencia de la Costa, donde se come m\u00e1s despacio y con cuchillo prestado.<\/p>\n<p>Como evidencia de esos parecidos y disparidades quedaron dibujos, fotograf\u00edas, videos y audios. Anzola un\u00eda en un solo son los cantos y los sonidos del viento y los p\u00e1jaros llaneros y coste\u00f1os. Con eso, simb\u00f3licamente, tambi\u00e9n estaba uniendo dos culturas y dejando muestra de c\u00f3mo se vive un mismo estilo de vida en dos zonas del pa\u00eds.<\/p>\n<p><iframe title=\"Sabana Sabana\" width=\"814\" height=\"458\" src=\"https:\/\/www.youtube.com\/embed\/ZfDO5lgKQsU?feature=oembed\" frameborder=\"0\" allow=\"accelerometer; autoplay; clipboard-write; encrypted-media; gyroscope; picture-in-picture\" allowfullscreen><\/iframe><\/p>\n<p>Hace m\u00e1s de cinco meses, Anzola decidi\u00f3 abrir un grupo en Facebook en el que ya hay m\u00e1s de 1.700 miembros que son sabaneros de la Costa y el Llano. Este medio se ha convertido en un punto de encuentro de las dos sabanas para crear di\u00e1logos; es all\u00ed donde ahora los mismos sabaneros comparten fotograf\u00edas, videos o experiencias de su cultura.<\/p>\n<p>As\u00ed, este artista cumpli\u00f3 con la misi\u00f3n de esta investigaci\u00f3n que present\u00f3 como su trabajo de grado: hacer que los sabaneros del Llano y de la Costa se entendieran y conocieran que, si bien las dos zonas no son iguales, del otro lado del pa\u00eds tambi\u00e9n existen personas que se hacen llamar sabaneros y viven en torno a una misma pasi\u00f3n. La cercan\u00eda de Anzola con los sabaneros y el compartir con ellos tambi\u00e9n fue una manera de lograr su prop\u00f3sito. Se sentaba con habitantes del Llano y les mostraba una canci\u00f3n t\u00edpica de la Costa. \u201cUy, eso es una vaina muy llanera\u201d, le dec\u00edan.<\/p>\n<p>As\u00ed empezaba a crear esa conciencia en la mente de los sabaneros y a ellos les gustaba. Las reacciones fueron buenas, \u201ca la gente le gusta ver que hablen de lo que ellos hacen\u201d, y entonces ellos tambi\u00e9n hablan horas y horas de caballos, del ganado, de la m\u00fasica\u201d, y diariamente, desde las dos sabanas, le env\u00edan m\u00e1s fotos, m\u00e1s videos y m\u00e1s historias sin que las pida.<\/p>\n<figure id=\"attachment_20245\" aria-describedby=\"caption-attachment-20245\" style=\"width: 768px\" class=\"wp-caption aligncenter\"><img fetchpriority=\"high\" decoding=\"async\" class=\"size-full wp-image-20245\" src=\"http:\/\/www.javeriana.edu.co\/pesquisa\/wp-content\/uploads\/2017\/11\/Sabanas-2-768x512-1.jpg\" alt=\"El ganado, un elemento fundamental que une la cultura sabanera del Llano con la de la Costa Caribe.\" width=\"768\" height=\"512\" srcset=\"http:\/\/www.javeriana.edu.co\/pesquisa\/wp-content\/uploads\/2017\/11\/Sabanas-2-768x512-1.jpg 768w, http:\/\/www.javeriana.edu.co\/pesquisa\/wp-content\/uploads\/2017\/11\/Sabanas-2-768x512-1-300x200.jpg 300w, http:\/\/www.javeriana.edu.co\/pesquisa\/wp-content\/uploads\/2017\/11\/Sabanas-2-768x512-1-150x100.jpg 150w, http:\/\/www.javeriana.edu.co\/pesquisa\/wp-content\/uploads\/2017\/11\/Sabanas-2-768x512-1-450x300.jpg 450w, http:\/\/www.javeriana.edu.co\/pesquisa\/wp-content\/uploads\/2017\/11\/Sabanas-2-768x512-1-600x400.jpg 600w, http:\/\/www.javeriana.edu.co\/pesquisa\/wp-content\/uploads\/2017\/11\/Sabanas-2-768x512-1-272x182.jpg 272w\" sizes=\"(max-width: 768px) 100vw, 768px\" \/><figcaption id=\"caption-attachment-20245\" class=\"wp-caption-text\">El ganado, un elemento fundamental que une la cultura sabanera del Llano con la de la Costa Caribe.<\/figcaption><\/figure>\n<p>Anzola, como persona, aprendi\u00f3 desde afilar un cuchillo hasta poner una teja, a ayudar o \u201cal menos a no estorbar\u201d, como \u00e9l dice, y, sobre todo, a apreciar ese conocimiento. Como artista, aprendi\u00f3 a analizar, develar y entender las im\u00e1genes que obten\u00eda de las dos sabanas. Para \u00e9l, las fotograf\u00edas son tanto del fot\u00f3grafo como del fotografiado, as\u00ed que devolv\u00eda todas las que tomaba a las personas para que fueran ellas quienes las conservaran. \u201cYo iba a tomar relatos, fotos y dibujos, \u00bfqu\u00e9 tiene que devolver uno? Todo lo que obtuvo. Eso es un punto central\u201d, dice, a\u00f1adiendo que ese acto de reciprocidad fue siempre muy importante en cada lugar que visit\u00f3 donde le ofrec\u00edan todo sin esperar nada a cambio.<\/p>\n<p>Para el artista, este trabajo tambi\u00e9n fue la oportunidad de volver a vincularse con el campo, puesto que sus abuelos fueron campesinos, al igual que explorar un tema que lo apasiona, raz\u00f3n por la que inic\u00f3 la investigaci\u00f3n desde varios a\u00f1os atr\u00e1s. Sin duda, vendr\u00e1n nuevos viajes que lo seguir\u00e1n induciendo cada vez m\u00e1s en ese mundo de la cultura sabanera.<\/p>\n<hr \/>\n<p><strong>T\u00cdTULO DE LA INVESTIGACI\u00d3N<\/strong>: Sabana- Sabana<br \/>\n<strong style=\"font-size: 14px;\">INVESTIGADOR<\/strong><span style=\"font-size: 14px;\">: Juan David Anzola Rodr\u00edguez<br \/>\n<\/span><span style=\"font-size: 14px;\">Facultad de Artes Visuales<br \/>\n<\/span><strong style=\"font-size: 14px;\">PERIODO DE LA INVESTIGACI\u00d3N<\/strong><span style=\"font-size: 14px;\">: Enero a junio de 2017 (con muchos viajes previos)<\/span><\/p>\n","protected":false},"excerpt":{"rendered":"<p>Juan David Anzola, artista visual de la Universidad Javeriana realiz\u00f3 alrededor de 20 incursiones en dos sabanas desconocidas entre s\u00ed, de diferentes regiones de Colombia. Su objetivo: propiciar un encuentro.<\/p>\n","protected":false},"author":86,"featured_media":20243,"comment_status":"open","ping_status":"open","sticky":false,"template":"","format":"standard","meta":{"footnotes":""},"categories":[199],"tags":[996,997,994,995,745,993],"class_list":{"0":"post-10187","1":"post","2":"type-post","3":"status-publish","4":"format-standard","5":"has-post-thumbnail","7":"category-cultura","8":"tag-costa-caribe","9":"tag-cultura","10":"tag-ganaderia","11":"tag-llano","12":"tag-practicas-culturales","13":"tag-sabana"},"_links":{"self":[{"href":"http:\/\/www.javeriana.edu.co\/pesquisa\/wp-json\/wp\/v2\/posts\/10187","targetHints":{"allow":["GET"]}}],"collection":[{"href":"http:\/\/www.javeriana.edu.co\/pesquisa\/wp-json\/wp\/v2\/posts"}],"about":[{"href":"http:\/\/www.javeriana.edu.co\/pesquisa\/wp-json\/wp\/v2\/types\/post"}],"author":[{"embeddable":true,"href":"http:\/\/www.javeriana.edu.co\/pesquisa\/wp-json\/wp\/v2\/users\/86"}],"replies":[{"embeddable":true,"href":"http:\/\/www.javeriana.edu.co\/pesquisa\/wp-json\/wp\/v2\/comments?post=10187"}],"version-history":[{"count":7,"href":"http:\/\/www.javeriana.edu.co\/pesquisa\/wp-json\/wp\/v2\/posts\/10187\/revisions"}],"predecessor-version":[{"id":31172,"href":"http:\/\/www.javeriana.edu.co\/pesquisa\/wp-json\/wp\/v2\/posts\/10187\/revisions\/31172"}],"wp:featuredmedia":[{"embeddable":true,"href":"http:\/\/www.javeriana.edu.co\/pesquisa\/wp-json\/wp\/v2\/media\/20243"}],"wp:attachment":[{"href":"http:\/\/www.javeriana.edu.co\/pesquisa\/wp-json\/wp\/v2\/media?parent=10187"}],"wp:term":[{"taxonomy":"category","embeddable":true,"href":"http:\/\/www.javeriana.edu.co\/pesquisa\/wp-json\/wp\/v2\/categories?post=10187"},{"taxonomy":"post_tag","embeddable":true,"href":"http:\/\/www.javeriana.edu.co\/pesquisa\/wp-json\/wp\/v2\/tags?post=10187"}],"curies":[{"name":"wp","href":"https:\/\/api.w.org\/{rel}","templated":true}]}}