{"id":10347,"date":"2017-12-14T09:55:14","date_gmt":"2017-12-14T14:55:14","guid":{"rendered":"http:\/\/www.javeriana.edu.co\/pesquisa\/?p=10347"},"modified":"2023-03-07T16:53:44","modified_gmt":"2023-03-07T21:53:44","slug":"salome-victoria-mojica-soy-inmensamente-feliz-con-lo-que-hago","status":"publish","type":"post","link":"http:\/\/www.javeriana.edu.co\/pesquisa\/salome-victoria-mojica-soy-inmensamente-feliz-con-lo-que-hago\/","title":{"rendered":"Salom\u00e9 Victoria Mojica: \u201cSoy inmensamente feliz con lo que hago\u201d"},"content":{"rendered":"<p>Los ojos de Salom\u00e9 Victoria Mojica se iluminan cuando pronuncia \u2018salud p\u00fablica\u2019. La vocaci\u00f3n de servicio es su raz\u00f3n de ser. Por eso, cuando tuvo que escoger la investigaci\u00f3n de su maestr\u00eda, no dud\u00f3 en pensar en que deb\u00eda tener un componente humano. \u201cSiempre quise saber sobre el marco normativo que rige a las cuidadoras de ni\u00f1os con malformaciones cong\u00e9nitas. Mi objetivo es visibilizar que son mujeres que est\u00e1n completamente solas, afectadas psicol\u00f3gicamente, sin recursos econ\u00f3micos\u201d, asegura con un gesto desesperanzador marcado en el rostro.<\/p>\n<p>Y c\u00f3mo no preocuparse si, seg\u00fan la investigaci\u00f3n que adelanta, estas mujeres no solo cargan con el peso de tener un hijo o hija enfermos, sino con la culpa, por parte de sus parejas, de que no naciera \u201ccomo lo esperaba la sociedad\u201d. Salom\u00e9 pertenece al grupo de Ciencias B\u00e1sicas y Cl\u00ednicas de la Salud, de la Pontificia Universidad Javeriana Cali, que genera conocimiento a partir de investigaciones en \u00e1reas de ciencias b\u00e1sicas m\u00e9dicas que tengan aplicaci\u00f3n cl\u00ednica.<\/p>\n<p>De acuerdo con Teresita Sevilla, directora de investigaci\u00f3n, desarrollo e innovaci\u00f3n, \u201cSalom\u00e9 es una de las j\u00f3venes promesas de la Universidad\u201d, raz\u00f3n por la cual fue beneficiaria de los apoyos financieros que ofrece su oficina para adelantar estudios de maestr\u00eda.<\/p>\n<p>Pero, \u00bfcu\u00e1l es el rol del Estado en esta coyuntura? Es precisamente la pregunta que Salom\u00e9 quiere desvelar mediante su proyecto, porque, como bien manifiesta, es la madre que cuida al ni\u00f1o, pero, \u00bfqui\u00e9n cuida de ella?<\/p>\n<p>No obstante, esa pasi\u00f3n por la salud p\u00fablica no es nueva. Desde que estaba en quinto semestre de Medicina, y tras realizar su rural con \u00e9nfasis en investigaci\u00f3n, supo que ese era el camino que quer\u00eda tomar y cada nuevo d\u00eda lo afianza. Tanto que hace seis meses logr\u00f3 abrirse un espacio en la Secretar\u00eda de Salud de Cali para ayudar a los enfermos de tuberculosis y VIH.<\/p>\n<p>Salom\u00e9 hace parte del grupo de Micobacterias, de la Secretar\u00eda, que trabaja en la coinfecci\u00f3n de estas dos enfermedades. \u201cVigilamos que estos pacientes, en algunos casos habitantes de la calle y de la comunidad LGBTI, reciban un tratamiento adecuado, oportuno, y que por nada del mundo lo dejen\u201d, explica.<\/p>\n<h4><strong><br \/>\n<span style=\"color: #253f8e;\">De estudiante a profe<\/span><\/strong><\/h4>\n<p>Bailarina de ballet desde los cinco a\u00f1os hasta que inici\u00f3 sus estudios universitarios, combin\u00f3 esta afici\u00f3n con la salsa cuando la descubri\u00f3 a los 11 a\u00f1os. Esa s\u00ed no la ha dejado: hoy dicta clases en el programa Javesalsa. Pero no es la \u00fanica disciplina que dicta.<\/p>\n<p>Cuando apenas estaba dejando a un lado los cuadernos y su mochila de estudiante, le lleg\u00f3 la propuesta m\u00e1s \u201cabrumadora\u201d de su vida, como ella misma lo califica. A sus 24 a\u00f1os es tal vez la profesora m\u00e1s joven de la Universidad. En julio pasado asumi\u00f3 la tarea de dictar la asignatura Salud y Comunidad, con la que pretende hacer que los futuros m\u00e9dicos entiendan que fuera de los consultorios tambi\u00e9n se puede hacer medicina.<\/p>\n<p>\u201cHa sido una experiencia de mucho respeto, de humildad. Me daba miedo que los estudiantes dijeran que por ser joven no sab\u00eda nada. Luego, ha sido un proceso de irnos transformando y construyendo en el aula, de ense\u00f1arles que la medicina se puede trabajar desde la comunidad y para la comunidad, que no es \u00fanicamente recetarle al paciente una pastilla, que detr\u00e1s de ese enfermo hay una situaci\u00f3n que lo determina, como sus condiciones de vivienda\u201d.<\/p>\n<p>Entre libros, salones de clase e historias cl\u00ednicas transcurre la vida de esta joven m\u00e9dica que sue\u00f1a con salvar el mundo llevando, no la capa de la Mujer Maravilla, sino su bata blanca. \u201cLos salubristas siempre buscamos mejores condiciones para todos y pienso que eso es lo que deber\u00eda mover a cada ser humano. Levantarse todos los d\u00edas y sentir que contribuye a una mejor sociedad\u201d, concluye.<\/p>\n","protected":false},"excerpt":{"rendered":"<p>Salom\u00e9 es tal vez la profesora m\u00e1s joven de la Universidad Javeriana de Cali. Tiene 24 a\u00f1os y se dedica a la salud p\u00fablica, porque, dice, \u201ces la pizca de esperanza que todo m\u00e9dico necesita para hacer las cosas diferentes\u201d.<\/p>\n","protected":false},"author":40,"featured_media":20463,"comment_status":"open","ping_status":"open","sticky":false,"template":"","format":"standard","meta":{"footnotes":""},"categories":[3515,2622,31,375],"tags":[496,1073,2455,1074,1075,1051,1026],"class_list":{"0":"post-10347","1":"post","2":"type-post","3":"status-publish","4":"format-standard","5":"has-post-thumbnail","7":"category-investigadores","8":"category-javeriana-cali-investiga","9":"category-jovenes-que-investigan","10":"category-perfiles","11":"tag-javeriana-cali","12":"tag-malformaciones-congenitas","13":"tag-mujeres-en-la-ciencia","14":"tag-pacientes-con-coinfecciones","15":"tag-politica-de-salud","16":"tag-salubridad","17":"tag-salud-publica"},"_links":{"self":[{"href":"http:\/\/www.javeriana.edu.co\/pesquisa\/wp-json\/wp\/v2\/posts\/10347","targetHints":{"allow":["GET"]}}],"collection":[{"href":"http:\/\/www.javeriana.edu.co\/pesquisa\/wp-json\/wp\/v2\/posts"}],"about":[{"href":"http:\/\/www.javeriana.edu.co\/pesquisa\/wp-json\/wp\/v2\/types\/post"}],"author":[{"embeddable":true,"href":"http:\/\/www.javeriana.edu.co\/pesquisa\/wp-json\/wp\/v2\/users\/40"}],"replies":[{"embeddable":true,"href":"http:\/\/www.javeriana.edu.co\/pesquisa\/wp-json\/wp\/v2\/comments?post=10347"}],"version-history":[{"count":6,"href":"http:\/\/www.javeriana.edu.co\/pesquisa\/wp-json\/wp\/v2\/posts\/10347\/revisions"}],"predecessor-version":[{"id":31198,"href":"http:\/\/www.javeriana.edu.co\/pesquisa\/wp-json\/wp\/v2\/posts\/10347\/revisions\/31198"}],"wp:featuredmedia":[{"embeddable":true,"href":"http:\/\/www.javeriana.edu.co\/pesquisa\/wp-json\/wp\/v2\/media\/20463"}],"wp:attachment":[{"href":"http:\/\/www.javeriana.edu.co\/pesquisa\/wp-json\/wp\/v2\/media?parent=10347"}],"wp:term":[{"taxonomy":"category","embeddable":true,"href":"http:\/\/www.javeriana.edu.co\/pesquisa\/wp-json\/wp\/v2\/categories?post=10347"},{"taxonomy":"post_tag","embeddable":true,"href":"http:\/\/www.javeriana.edu.co\/pesquisa\/wp-json\/wp\/v2\/tags?post=10347"}],"curies":[{"name":"wp","href":"https:\/\/api.w.org\/{rel}","templated":true}]}}