{"id":10379,"date":"2018-01-04T10:01:47","date_gmt":"2018-01-04T15:01:47","guid":{"rendered":"http:\/\/www.javeriana.edu.co\/pesquisa\/?p=10379"},"modified":"2022-04-27T12:36:53","modified_gmt":"2022-04-27T17:36:53","slug":"entrevistadores-de-corales","status":"publish","type":"post","link":"http:\/\/www.javeriana.edu.co\/pesquisa\/entrevistadores-de-corales\/","title":{"rendered":"Entrevistadores de corales"},"content":{"rendered":"<p>\u201cColombia ocupa el segundo lugar en biodiversidad y est\u00e1 entre las 12 naciones m\u00e1s megadiversas del planeta\u201d. Esta afirmaci\u00f3n, publicada en el portal de Colciencias, se asocia com\u00fanmente con las selvas del Amazonas o del Choc\u00f3. Sin embargo, nuestros mares esconden otra riqueza tan importante como la de esos bosques tropicales, representada en los corales y los arrecifes coralinos.<\/p>\n<p>\u201cEl coral es al arrecife lo que el \u00e1rbol al bosque. Los \u00e1rboles son la estructura que hace posible la selva\u201d, afirma Mateo L\u00f3pez-Victoria, investigador de la Universidad Javeriana Cali. \u201cCon muchos \u00e1rboles ten\u00e9s todo lo que ocurre a su alrededor: los p\u00e1jaros, iguanas, culebras, ardillas, insectos; eventualmente al tigre, al que no le gusta estar expuesto, sino metido en una matriz de bosque en buen estado. Entonces, cuando el mar se llena de corales, se pasa de un espacio plano a uno tridimensional; se forma un andamiaje arrecifal; como un bosque sumergido pero de corales\u201d. Y como en el bosque, a los arrecifes coralinos llegan animales: se ven langostas, tortugas, m\u00e1s de 250 especies de peces, caracoles, pulpos, calamares, y aparecen grandes depredadores como barracudas y tiburones. \u201cLogr\u00e1s toda esa biodiversidad\u201d, complementa el investigador que, desde los grupos Ecolog\u00eda de Arrecifes Coralinos y Conservaci\u00f3n y Biotecnolog\u00eda, categor\u00eda A1 de Colciencias, lleva m\u00e1s de 20 a\u00f1os estudiando estos ecosistemas.<\/p>\n<p>Pero la importancia y la riqueza de los arrecifes coralinos como ecosistemas, y de los corales que los hacen posibles, son m\u00e1s contundentes: \u201cUn arrecife coralino, por metro c\u00fabico, es el ecosistema m\u00e1s biodiverso del planeta, m\u00e1s que las selvas h\u00famedas tropicales\u201d.<\/p>\n<p>Para algunos estudiosos del tema, como L\u00f3pez-Victoria, los corales tienen tambi\u00e9n la particularidad de que su esqueleto guarda el testimonio de su historia de crecimiento por d\u00e9cadas. Como los \u00e1rboles, los corales conservan en su esqueleto bandas de crecimiento anual, similares a los anillos del tronco de un \u00e1rbol, que dan pistas sobre su crecimiento. Su trabajo, como dice el investigador, se orienta a \u201centrevistar a los corales\u201d.<\/p>\n<h4><strong><br \/>\n<span style=\"color: #44af36;\">\u00bfC\u00f3mo entrevistar corales?<\/span><\/strong><\/h4>\n<p>La parte externa de un coral, que se percibe a simple vista, es la materia viva. Todo lo dem\u00e1s, hacia dentro, es inerte; \u201ces el edificio construido por el coral a trav\u00e9s del tiempo. Con un taladro neum\u00e1tico y una fresa especial para perforaci\u00f3n de rocas, se saca un n\u00facleo o cilindro del interior del coral, para cortarlo en lajas y analizarlo\u201d, aclara. Esta disciplina se conoce como esclerocronolog\u00eda.<\/p>\n<p>El an\u00e1lisis de estos n\u00facleos, que pueden tener una longitud de hasta 1,5 metros, consiste inicialmente en exponer las piezas completas a un tom\u00f3grafo o pasar las lajas por rayos X. Esto permite revelar mejor las bandas de crecimiento del esqueleto de los corales y medir cu\u00e1nto y c\u00f3mo crece en promedio un coral por a\u00f1o. Como ese promedio es de alrededor de un cent\u00edmetro, un n\u00facleo de 1,5 m puede dar testimonio de hasta 150 a\u00f1os de historia.<\/p>\n<div id='gallery-1' class='gallery galleryid-10379 gallery-columns-3 gallery-size-large'><figure class='gallery-item'>\n\t\t\t<div class='gallery-icon portrait'>\n\t\t\t\t<a href='http:\/\/www.javeriana.edu.co\/pesquisa\/entrevistadores-de-corales\/corales-g-1\/'><img fetchpriority=\"high\" decoding=\"async\" width=\"678\" height=\"1024\" src=\"http:\/\/www.javeriana.edu.co\/pesquisa\/wp-content\/uploads\/2017\/12\/Corales-G-1-678x1024.jpg\" class=\"attachment-large size-large\" alt=\"\" srcset=\"http:\/\/www.javeriana.edu.co\/pesquisa\/wp-content\/uploads\/2017\/12\/Corales-G-1-678x1024.jpg 678w, http:\/\/www.javeriana.edu.co\/pesquisa\/wp-content\/uploads\/2017\/12\/Corales-G-1-199x300.jpg 199w, http:\/\/www.javeriana.edu.co\/pesquisa\/wp-content\/uploads\/2017\/12\/Corales-G-1-1017x1536.jpg 1017w, http:\/\/www.javeriana.edu.co\/pesquisa\/wp-content\/uploads\/2017\/12\/Corales-G-1-1356x2048.jpg 1356w, http:\/\/www.javeriana.edu.co\/pesquisa\/wp-content\/uploads\/2017\/12\/Corales-G-1-150x227.jpg 150w, http:\/\/www.javeriana.edu.co\/pesquisa\/wp-content\/uploads\/2017\/12\/Corales-G-1-450x680.jpg 450w, http:\/\/www.javeriana.edu.co\/pesquisa\/wp-content\/uploads\/2017\/12\/Corales-G-1-1200x1812.jpg 1200w, http:\/\/www.javeriana.edu.co\/pesquisa\/wp-content\/uploads\/2017\/12\/Corales-G-1-768x1160.jpg 768w, http:\/\/www.javeriana.edu.co\/pesquisa\/wp-content\/uploads\/2017\/12\/Corales-G-1-scaled.jpg 1695w\" sizes=\"(max-width: 678px) 100vw, 678px\" \/><\/a>\n\t\t\t<\/div><\/figure><figure class='gallery-item'>\n\t\t\t<div class='gallery-icon portrait'>\n\t\t\t\t<a href='http:\/\/www.javeriana.edu.co\/pesquisa\/entrevistadores-de-corales\/corales-g-2\/'><img decoding=\"async\" width=\"678\" height=\"1024\" src=\"http:\/\/www.javeriana.edu.co\/pesquisa\/wp-content\/uploads\/2017\/12\/Corales-G-2-678x1024.jpg\" class=\"attachment-large size-large\" alt=\"\" srcset=\"http:\/\/www.javeriana.edu.co\/pesquisa\/wp-content\/uploads\/2017\/12\/Corales-G-2-678x1024.jpg 678w, http:\/\/www.javeriana.edu.co\/pesquisa\/wp-content\/uploads\/2017\/12\/Corales-G-2-199x300.jpg 199w, http:\/\/www.javeriana.edu.co\/pesquisa\/wp-content\/uploads\/2017\/12\/Corales-G-2-1017x1536.jpg 1017w, http:\/\/www.javeriana.edu.co\/pesquisa\/wp-content\/uploads\/2017\/12\/Corales-G-2-1356x2048.jpg 1356w, http:\/\/www.javeriana.edu.co\/pesquisa\/wp-content\/uploads\/2017\/12\/Corales-G-2-150x227.jpg 150w, http:\/\/www.javeriana.edu.co\/pesquisa\/wp-content\/uploads\/2017\/12\/Corales-G-2-450x680.jpg 450w, http:\/\/www.javeriana.edu.co\/pesquisa\/wp-content\/uploads\/2017\/12\/Corales-G-2-1200x1812.jpg 1200w, http:\/\/www.javeriana.edu.co\/pesquisa\/wp-content\/uploads\/2017\/12\/Corales-G-2-768x1160.jpg 768w, http:\/\/www.javeriana.edu.co\/pesquisa\/wp-content\/uploads\/2017\/12\/Corales-G-2-scaled.jpg 1695w\" sizes=\"(max-width: 678px) 100vw, 678px\" \/><\/a>\n\t\t\t<\/div><\/figure><figure class='gallery-item'>\n\t\t\t<div class='gallery-icon portrait'>\n\t\t\t\t<a href='http:\/\/www.javeriana.edu.co\/pesquisa\/entrevistadores-de-corales\/corales-g-3\/'><img decoding=\"async\" width=\"678\" height=\"1024\" src=\"http:\/\/www.javeriana.edu.co\/pesquisa\/wp-content\/uploads\/2017\/12\/Corales-G-3-678x1024.jpg\" class=\"attachment-large size-large\" alt=\"\" srcset=\"http:\/\/www.javeriana.edu.co\/pesquisa\/wp-content\/uploads\/2017\/12\/Corales-G-3-678x1024.jpg 678w, http:\/\/www.javeriana.edu.co\/pesquisa\/wp-content\/uploads\/2017\/12\/Corales-G-3-199x300.jpg 199w, http:\/\/www.javeriana.edu.co\/pesquisa\/wp-content\/uploads\/2017\/12\/Corales-G-3-1017x1536.jpg 1017w, http:\/\/www.javeriana.edu.co\/pesquisa\/wp-content\/uploads\/2017\/12\/Corales-G-3-1356x2048.jpg 1356w, http:\/\/www.javeriana.edu.co\/pesquisa\/wp-content\/uploads\/2017\/12\/Corales-G-3-150x227.jpg 150w, http:\/\/www.javeriana.edu.co\/pesquisa\/wp-content\/uploads\/2017\/12\/Corales-G-3-450x680.jpg 450w, http:\/\/www.javeriana.edu.co\/pesquisa\/wp-content\/uploads\/2017\/12\/Corales-G-3-1200x1812.jpg 1200w, http:\/\/www.javeriana.edu.co\/pesquisa\/wp-content\/uploads\/2017\/12\/Corales-G-3-768x1160.jpg 768w, http:\/\/www.javeriana.edu.co\/pesquisa\/wp-content\/uploads\/2017\/12\/Corales-G-3-scaled.jpg 1695w\" sizes=\"(max-width: 678px) 100vw, 678px\" \/><\/a>\n\t\t\t<\/div><\/figure><figure class='gallery-item'>\n\t\t\t<div class='gallery-icon landscape'>\n\t\t\t\t<a href='http:\/\/www.javeriana.edu.co\/pesquisa\/entrevistadores-de-corales\/corales-g-4\/'><img loading=\"lazy\" decoding=\"async\" width=\"814\" height=\"539\" src=\"http:\/\/www.javeriana.edu.co\/pesquisa\/wp-content\/uploads\/2017\/12\/Corales-G-4-1024x678.jpg\" class=\"attachment-large size-large\" alt=\"\" srcset=\"http:\/\/www.javeriana.edu.co\/pesquisa\/wp-content\/uploads\/2017\/12\/Corales-G-4-1024x678.jpg 1024w, http:\/\/www.javeriana.edu.co\/pesquisa\/wp-content\/uploads\/2017\/12\/Corales-G-4-300x199.jpg 300w, http:\/\/www.javeriana.edu.co\/pesquisa\/wp-content\/uploads\/2017\/12\/Corales-G-4-1536x1017.jpg 1536w, http:\/\/www.javeriana.edu.co\/pesquisa\/wp-content\/uploads\/2017\/12\/Corales-G-4-2048x1356.jpg 2048w, http:\/\/www.javeriana.edu.co\/pesquisa\/wp-content\/uploads\/2017\/12\/Corales-G-4-150x99.jpg 150w, http:\/\/www.javeriana.edu.co\/pesquisa\/wp-content\/uploads\/2017\/12\/Corales-G-4-450x298.jpg 450w, http:\/\/www.javeriana.edu.co\/pesquisa\/wp-content\/uploads\/2017\/12\/Corales-G-4-1200x795.jpg 1200w, http:\/\/www.javeriana.edu.co\/pesquisa\/wp-content\/uploads\/2017\/12\/Corales-G-4-768x509.jpg 768w\" sizes=\"(max-width: 814px) 100vw, 814px\" \/><\/a>\n\t\t\t<\/div><\/figure><figure class='gallery-item'>\n\t\t\t<div class='gallery-icon landscape'>\n\t\t\t\t<a href='http:\/\/www.javeriana.edu.co\/pesquisa\/entrevistadores-de-corales\/corales-g-5\/'><img loading=\"lazy\" decoding=\"async\" width=\"814\" height=\"539\" src=\"http:\/\/www.javeriana.edu.co\/pesquisa\/wp-content\/uploads\/2017\/12\/Corales-G-5-1024x678.jpg\" class=\"attachment-large size-large\" alt=\"\" srcset=\"http:\/\/www.javeriana.edu.co\/pesquisa\/wp-content\/uploads\/2017\/12\/Corales-G-5-1024x678.jpg 1024w, http:\/\/www.javeriana.edu.co\/pesquisa\/wp-content\/uploads\/2017\/12\/Corales-G-5-300x199.jpg 300w, http:\/\/www.javeriana.edu.co\/pesquisa\/wp-content\/uploads\/2017\/12\/Corales-G-5-1536x1017.jpg 1536w, http:\/\/www.javeriana.edu.co\/pesquisa\/wp-content\/uploads\/2017\/12\/Corales-G-5-2048x1356.jpg 2048w, http:\/\/www.javeriana.edu.co\/pesquisa\/wp-content\/uploads\/2017\/12\/Corales-G-5-150x99.jpg 150w, http:\/\/www.javeriana.edu.co\/pesquisa\/wp-content\/uploads\/2017\/12\/Corales-G-5-450x298.jpg 450w, http:\/\/www.javeriana.edu.co\/pesquisa\/wp-content\/uploads\/2017\/12\/Corales-G-5-1200x795.jpg 1200w, http:\/\/www.javeriana.edu.co\/pesquisa\/wp-content\/uploads\/2017\/12\/Corales-G-5-768x509.jpg 768w\" sizes=\"(max-width: 814px) 100vw, 814px\" \/><\/a>\n\t\t\t<\/div><\/figure>\n\t\t<\/div>\n\n<p>Con la lectura de esas bandas en los esqueletos, \u201cpod\u00e9s medir c\u00f3mo han respondido los corales a cambios clim\u00e1ticos: calentamiento de agua, salinidad, presencia de \u00e1cidos h\u00famicos producto de descargas continentales, y pod\u00e9s inducir c\u00f3mo afectaron al coral esos cambios en el medio\u201d, explica este cale\u00f1o de pura cepa, como lo delata su manera de contar sus historias.<\/p>\n<p>En este contexto, contin\u00faa, \u201cno es un secreto que los corales est\u00e1n en decadencia ni que sus coberturas han disminuido sensiblemente, pero estos estudios permiten inferir con mayor detalle c\u00f3mo est\u00e1n estos organismos con relaci\u00f3n a 50 o 100 a\u00f1os atr\u00e1s, respecto a las variables que se miden. Eso no se ha dicho para muchos corales del mundo\u201d.<\/p>\n<h4><strong><br \/>\n<span style=\"color: #44af36;\">El testimonio de los corales de la Reserva Seaflower<\/span><\/strong><\/h4>\n<p>En medio de la b\u00fasqueda de respuestas, en 2014 surgi\u00f3 una oportunidad afortunada para estos cient\u00edficos de la Javeriana Cali. Gracias a su experticia en el tema y a su conocimiento del departamento de San Andr\u00e9s, Providencia y Santa Catalina, y como contrapeso cient\u00edfico y cultural al fallo de la Corte Penal Internacional que en 2012 le reconoci\u00f3 propiedad a Nicaragua sobre mar territorial colombiano, el Gobierno nacional convoc\u00f3 a investigadores de muchas entidades para idear un programa de expediciones cient\u00edficas a la Reserva Seaflower. Bajo el liderazgo de la Comisi\u00f3n Colombiana del Oc\u00e9ano (CCO) y con apoyo de la Armada Nacional, Colciencias y la Corporaci\u00f3n Coralina, entre otras entidades, se iniciaron campa\u00f1as cient\u00edficas que anualmente embarcan a m\u00e1s de 50 investigadores. Los proyectos seleccionados tienen como prioridad explorar esos desconocidos territorios de la Reserva, que abarca casi todo el departamento.<\/p>\n<p>Durante cuatro a\u00f1os de expediciones, la Javeriana Cali ha liderado un grupo interinstitucional que forman las fundaciones Ecomares y Seaflower, la Asociaci\u00f3n Calidris, la Corporaci\u00f3n Coralina y el Instituto de Cambio Global de la Universidad de Queensland. Javeriana tambi\u00e9n es miembro permanente de la Mesa Nacional de Trabajo Seaflower, que coordina todo el proceso desde la CCO, entidad que proyecta estas expediciones hasta 2023. \u201cEs un ejercicio de investigaci\u00f3n sin precedentes en la historia de Colombia\u201d, aclara L\u00f3pez-Victoria.<\/p>\n<figure id=\"attachment_10388\" aria-describedby=\"caption-attachment-10388\" style=\"width: 702px\" class=\"wp-caption aligncenter\"><img loading=\"lazy\" decoding=\"async\" class=\"size-large wp-image-10388\" src=\"http:\/\/www.javeriana.edu.co\/pesquisa\/wp-content\/uploads\/2017\/12\/Corales-6-1024x678.jpg\" alt=\"La expedici\u00f3n cient\u00edfica en suelo sanandresano.\" width=\"702\" height=\"465\" srcset=\"http:\/\/www.javeriana.edu.co\/pesquisa\/wp-content\/uploads\/2017\/12\/Corales-6-1024x678.jpg 1024w, http:\/\/www.javeriana.edu.co\/pesquisa\/wp-content\/uploads\/2017\/12\/Corales-6-300x199.jpg 300w, http:\/\/www.javeriana.edu.co\/pesquisa\/wp-content\/uploads\/2017\/12\/Corales-6-1536x1017.jpg 1536w, http:\/\/www.javeriana.edu.co\/pesquisa\/wp-content\/uploads\/2017\/12\/Corales-6-2048x1356.jpg 2048w, http:\/\/www.javeriana.edu.co\/pesquisa\/wp-content\/uploads\/2017\/12\/Corales-6-150x99.jpg 150w, http:\/\/www.javeriana.edu.co\/pesquisa\/wp-content\/uploads\/2017\/12\/Corales-6-450x298.jpg 450w, http:\/\/www.javeriana.edu.co\/pesquisa\/wp-content\/uploads\/2017\/12\/Corales-6-1200x795.jpg 1200w, http:\/\/www.javeriana.edu.co\/pesquisa\/wp-content\/uploads\/2017\/12\/Corales-6-768x509.jpg 768w\" sizes=\"(max-width: 702px) 100vw, 702px\" \/><figcaption id=\"caption-attachment-10388\" class=\"wp-caption-text\">La expedici\u00f3n cient\u00edfica en suelo sanandresano.<\/figcaption><\/figure>\n<p>Cumpliendo con esta cita, que cada a\u00f1o explora uno de los diez complejos coralinos del \u00fanico departamento enteramente insular y marino de Colombia, los investigadores est\u00e1n recogiendo informaci\u00f3n valiosa que permitir\u00e1 entender procesos de afectaci\u00f3n a los arrecifes coralinos. La idea es comparar el crecimiento de corales de aguas transparentes y poco contaminadas con el de otros de la plataforma continental, que han crecido con una gran afectaci\u00f3n debido a sistemas como el canal del Dique. Esto permitir\u00e1 indagar m\u00e1s profundamente en cuestiones tan importantes como el agudo deterioro actual de los corales: \u201cEl recorrido hist\u00f3rico mostrar\u00e1 la trayectoria de ese deterioro, y nos dar\u00e1 un referente que permita inferir esas trayectorias para el escenario actual de calentamiento global y concluir si luego de cambios tan sensibles es posible regresar a un estado de recuperaci\u00f3n, pues con estudios que permiten mirar 100 o 150 a\u00f1os hacia atr\u00e1, se pueden identificar oscilaciones clim\u00e1ticas en escalas temporales mayores que la vida de un ser humano\u201d.<\/p>\n<p>Precisamente, concluye el investigador, \u201chemos encontrado esqueletos de corales menos robustos durante los a\u00f1os en los que el agua estuvo m\u00e1s caliente; en un escenario de calentamiento global, esto puede suponer otra amenaza para el bienestar de estos organismos\u201d.<\/p>\n<p><strong><br \/>\n<span style=\"color: #44af36;\">Para leer m\u00e1s:<\/span><\/strong><\/p>\n<ul>\n<li>Comisi\u00f3n Colombiana del Oc\u00e9ano. <a href=\"https:\/\/www.cco.gov.co\/seaflower.html\" target=\"_blank\" rel=\"noopener\">Informaci\u00f3n sobre la reserva Seaflower<\/a>.<\/li>\n<\/ul>\n<hr \/>\n<p><strong>T\u00cdTULO DE LA INVESTIGACI\u00d3N: <\/strong>Esclerocronolog\u00eda de corales someros<br \/>\n<strong>INVESTIGADOR PRINCIPAL: <\/strong>Mateo L\u00f3pez-Victoria<br \/>\n<strong>COINVESTIGADORES:<\/strong> \u00c1ngela Marulanda, Luis David Lizcano y Alberto Rodr\u00edguez-Ram\u00edrez<br \/>\nFacultad de Ingenier\u00eda<br \/>\nDepartamento de Ciencias Naturales y Matem\u00e1ticas<br \/>\n<strong>GRUPOS DE INVESTIGACI\u00d3N:<\/strong> Ecolog\u00eda de Arrecifes Coralinos y Conservaci\u00f3n y Biotecnolog\u00eda<br \/>\n<strong>PERIODO DE LA INVESTIGACI\u00d3N:<\/strong> 2014-2023<\/p>\n","protected":false},"excerpt":{"rendered":"<p>Cada a\u00f1o, desde 2014, cient\u00edficos de la Javeriana Cali se embarcan rumbo a una hist\u00f3rica expedici\u00f3n para Colombia por la Reserva Seaflower, en busca de testimonios marinos de hace m\u00e1s de 100 a\u00f1os.<\/p>\n","protected":false},"author":32,"featured_media":18090,"comment_status":"open","ping_status":"open","sticky":false,"template":"","format":"standard","meta":{"footnotes":""},"categories":[376,2622],"tags":[1092,777,1090,1089,1091],"class_list":{"0":"post-10379","1":"post","2":"type-post","3":"status-publish","4":"format-standard","5":"has-post-thumbnail","7":"category-ambiente","8":"category-javeriana-cali-investiga","9":"tag-arrecifes-coralinos","10":"tag-cambio-climatico","11":"tag-corales-someros","12":"tag-esclerocronologia","13":"tag-expedicion-seaflower"},"_links":{"self":[{"href":"http:\/\/www.javeriana.edu.co\/pesquisa\/wp-json\/wp\/v2\/posts\/10379","targetHints":{"allow":["GET"]}}],"collection":[{"href":"http:\/\/www.javeriana.edu.co\/pesquisa\/wp-json\/wp\/v2\/posts"}],"about":[{"href":"http:\/\/www.javeriana.edu.co\/pesquisa\/wp-json\/wp\/v2\/types\/post"}],"author":[{"embeddable":true,"href":"http:\/\/www.javeriana.edu.co\/pesquisa\/wp-json\/wp\/v2\/users\/32"}],"replies":[{"embeddable":true,"href":"http:\/\/www.javeriana.edu.co\/pesquisa\/wp-json\/wp\/v2\/comments?post=10379"}],"version-history":[{"count":8,"href":"http:\/\/www.javeriana.edu.co\/pesquisa\/wp-json\/wp\/v2\/posts\/10379\/revisions"}],"predecessor-version":[{"id":31201,"href":"http:\/\/www.javeriana.edu.co\/pesquisa\/wp-json\/wp\/v2\/posts\/10379\/revisions\/31201"}],"wp:featuredmedia":[{"embeddable":true,"href":"http:\/\/www.javeriana.edu.co\/pesquisa\/wp-json\/wp\/v2\/media\/18090"}],"wp:attachment":[{"href":"http:\/\/www.javeriana.edu.co\/pesquisa\/wp-json\/wp\/v2\/media?parent=10379"}],"wp:term":[{"taxonomy":"category","embeddable":true,"href":"http:\/\/www.javeriana.edu.co\/pesquisa\/wp-json\/wp\/v2\/categories?post=10379"},{"taxonomy":"post_tag","embeddable":true,"href":"http:\/\/www.javeriana.edu.co\/pesquisa\/wp-json\/wp\/v2\/tags?post=10379"}],"curies":[{"name":"wp","href":"https:\/\/api.w.org\/{rel}","templated":true}]}}