{"id":10486,"date":"2018-01-31T14:10:19","date_gmt":"2018-01-31T19:10:19","guid":{"rendered":"http:\/\/www.javeriana.edu.co\/pesquisa\/?p=10486"},"modified":"2022-05-16T14:41:19","modified_gmt":"2022-05-16T19:41:19","slug":"hidroelectricas-en-la-amazonia-una-amenaza-para-la-cuenca","status":"publish","type":"post","link":"http:\/\/www.javeriana.edu.co\/pesquisa\/hidroelectricas-en-la-amazonia-una-amenaza-para-la-cuenca\/","title":{"rendered":"Hidroel\u00e9ctricas en la Amazon\u00eda, una amenaza para la cuenca"},"content":{"rendered":"<p>Esta es una buena noticia para el pa\u00eds, dice el ec\u00f3logo Javier Maldonado-Ocampo, experto en peces de agua dulce, profesor del <a href=\"https:\/\/www.javeriana.edu.co\/carrera-biologia\" target=\"_blank\" rel=\"noopener\">departamento de Biolog\u00eda de la Pontificia Universidad Javeriana<\/a> y coautor del art\u00edculo cient\u00edfico publicado hoy en la \u00faltima edici\u00f3n de la revista de acceso abierto <em><a href=\"https:\/\/advances.sciencemag.org\/\" target=\"_blank\" rel=\"noopener\">Science Advances<\/a>,<\/em> titulado <em><a href=\"https:\/\/www.eurekalert.org\/jrnls\/sciadvances\/pdf.php?date=2018-02&amp;file=anderson180131.pdf\" target=\"_blank\" rel=\"noopener\">Fragmentation of Andes-to-Amazon connectivity by hydropower dams<\/a><\/em>.<\/p>\n<p>El <a href=\"https:\/\/peru.wcs.org\/es-es\/Especies\/Dorado.aspx\" target=\"_blank\" rel=\"noopener\">dorado (<em>Brachyplatystoma rousseauxii<\/em>)<\/a>, un bagre que recorre alrededor de 8.000 kil\u00f3metros por aguas amaz\u00f3nicas, siendo reconocido como el que hace la mayor migraci\u00f3n a nivel de agua dulce en el mundo, es uno de los peces perjudicados con la construcci\u00f3n de estas represas. Como \u00e9l son muchas las especies que se ven afectadas, incluyendo las comunidades ind\u00edgenas y campesinas de la cuenca amaz\u00f3nica que viven de la pesca y otros servicios de los r\u00edos. El dorado es uno de los peces m\u00e1s importantes para las pesquer\u00edas comerciales de la cuenca.<\/p>\n<figure id=\"attachment_20516\" aria-describedby=\"caption-attachment-20516\" style=\"width: 640px\" class=\"wp-caption aligncenter\"><img fetchpriority=\"high\" decoding=\"async\" class=\"size-large wp-image-20516\" src=\"http:\/\/www.javeriana.edu.co\/pesquisa\/wp-content\/uploads\/2018\/01\/R\u00edos-1-1024x270-1-1024x270.jpg\" alt=\"Durante las migraciones anuales de peces, los ind\u00edgenas del r\u00edo Caquet\u00e1 pescan en las aguas r\u00e1pidas. \/Sandra Bibiana Correa\" width=\"640\" height=\"169\" srcset=\"http:\/\/www.javeriana.edu.co\/pesquisa\/wp-content\/uploads\/2018\/01\/R\u00edos-1-1024x270-1.jpg 1024w, http:\/\/www.javeriana.edu.co\/pesquisa\/wp-content\/uploads\/2018\/01\/R\u00edos-1-1024x270-1-300x79.jpg 300w, http:\/\/www.javeriana.edu.co\/pesquisa\/wp-content\/uploads\/2018\/01\/R\u00edos-1-1024x270-1-150x40.jpg 150w, http:\/\/www.javeriana.edu.co\/pesquisa\/wp-content\/uploads\/2018\/01\/R\u00edos-1-1024x270-1-450x119.jpg 450w, http:\/\/www.javeriana.edu.co\/pesquisa\/wp-content\/uploads\/2018\/01\/R\u00edos-1-1024x270-1-768x203.jpg 768w\" sizes=\"(max-width: 640px) 100vw, 640px\" \/><figcaption id=\"caption-attachment-20516\" class=\"wp-caption-text\">Durante las migraciones anuales de peces, los ind\u00edgenas del r\u00edo Caquet\u00e1 pescan en las aguas r\u00e1pidas. \/Sandra Bibiana Correa<\/figcaption><\/figure>\n<p><strong><br \/>\nS\u00ed generan energ\u00eda, \u00bfpero a costa de qu\u00e9?<\/strong><\/p>\n<p>Los investigadores estudiaron ocho de los r\u00edos m\u00e1s importantes de la regi\u00f3n. Las represas, dice el estudio, alteran el h\u00e1bitat de las especies de peces y crean insalvables barreras para su movimiento a trav\u00e9s de los r\u00edos.<\/p>\n<p>Concluyen que el desarrollo hidroenerg\u00e9tico tiene consecuencias que rompen la conectividad de la biodiversidad entre los Andes y el Amazonas, y esa interrupci\u00f3n hace que el flujo del r\u00edo ya no sea natural. \u201cComo se corta, se afecta la temperatura del r\u00edo y los cambios de temperatura son muy importantes para la supervivencia de las larvas de los peces migratorios\u201d, explica Maldonado.<\/p>\n<blockquote><p><strong><span style=\"color: #44af36;\">Los ocho r\u00edos amaz\u00f3nicos del estudio<\/span><br \/>\n<img decoding=\"async\" class=\"size-full wp-image-10491 aligncenter\" src=\"http:\/\/www.javeriana.edu.co\/pesquisa\/wp-content\/uploads\/2018\/01\/R\u00edos-C.jpg\" alt=\"R\u00edos C\" width=\"392\" height=\"208\" srcset=\"http:\/\/www.javeriana.edu.co\/pesquisa\/wp-content\/uploads\/2018\/01\/R\u00edos-C.jpg 392w, http:\/\/www.javeriana.edu.co\/pesquisa\/wp-content\/uploads\/2018\/01\/R\u00edos-C-300x159.jpg 300w, http:\/\/www.javeriana.edu.co\/pesquisa\/wp-content\/uploads\/2018\/01\/R\u00edos-C-150x80.jpg 150w, http:\/\/www.javeriana.edu.co\/pesquisa\/wp-content\/uploads\/2018\/01\/R\u00edos-C-351x185.jpg 351w\" sizes=\"(max-width: 392px) 100vw, 392px\" \/><br \/>\n<\/strong><\/p><\/blockquote>\n<p>Se afecta tambi\u00e9n lo que Maldonado llama \u201cel pulso natural del r\u00edo\u201d, que se refiere a \u00e9pocas de inundaciones y aguas bajas porque ya no se presentan de manera natural sino que dependen de que una determinada hidroel\u00e9ctrica, seg\u00fan la demanda de energ\u00eda a producir, abra o cierre sus compuertas para dejar pasar el agua y generar energ\u00eda. \u201cSe pierde el pulso natural de inundaci\u00f3n, lo cual afecta toda la diversidad acu\u00e1tica y todos los sistemas de sobrevivencia de las comunidades amaz\u00f3nicas que dependen del plano de inundaci\u00f3n\u201d.<\/p>\n<p>Las represas tambi\u00e9n influyen en el flujo natural de los sedimentos del rio, \u201cque son los que le dan la riqueza al agua, los que nutren los planos de inundaci\u00f3n\u201d, contin\u00faa Maldonado. \u201cSi hay una retenci\u00f3n tan alta de sedimentos, aguas abajo no llegan y todos estos sistemas ricos en nutrientes ya no lo ser\u00e1n, con las graves consecuencias a nivel de todos los componentes de la biodiversidad y los servicios que prestan a las comunidades para agricultura, para pesca, para todo\u201d.<\/p>\n<figure id=\"attachment_20517\" aria-describedby=\"caption-attachment-20517\" style=\"width: 640px\" class=\"wp-caption aligncenter\"><img decoding=\"async\" class=\"size-large wp-image-20517\" src=\"http:\/\/www.javeriana.edu.co\/pesquisa\/wp-content\/uploads\/2018\/01\/R\u00edos-2-1024x772-1-1024x772.jpg\" alt=\"Las represas en los r\u00edos de la Amazon\u00eda andina generalmente desv\u00edan a distancias de varios kil\u00f3metros todo el caudal del agua. \/Elizabeth Anderson\" width=\"640\" height=\"483\" srcset=\"http:\/\/www.javeriana.edu.co\/pesquisa\/wp-content\/uploads\/2018\/01\/R\u00edos-2-1024x772-1.jpg 1024w, http:\/\/www.javeriana.edu.co\/pesquisa\/wp-content\/uploads\/2018\/01\/R\u00edos-2-1024x772-1-300x226.jpg 300w, http:\/\/www.javeriana.edu.co\/pesquisa\/wp-content\/uploads\/2018\/01\/R\u00edos-2-1024x772-1-150x113.jpg 150w, http:\/\/www.javeriana.edu.co\/pesquisa\/wp-content\/uploads\/2018\/01\/R\u00edos-2-1024x772-1-450x339.jpg 450w, http:\/\/www.javeriana.edu.co\/pesquisa\/wp-content\/uploads\/2018\/01\/R\u00edos-2-1024x772-1-768x579.jpg 768w\" sizes=\"(max-width: 640px) 100vw, 640px\" \/><figcaption id=\"caption-attachment-20517\" class=\"wp-caption-text\">Las represas en los r\u00edos de la Amazon\u00eda andina generalmente desv\u00edan a distancias de varios kil\u00f3metros todo el caudal del agua. \/Elizabeth Anderson<\/figcaption><\/figure>\n<p><strong><br \/>\nEl camino navegado por la investigaci\u00f3n<\/strong><\/p>\n<p>\u201cLa huella del desarrollo de hidroel\u00e9ctricas en la regi\u00f3n Andino-Amaz\u00f3nica ha sido dr\u00e1sticamente subestimada\u201d, dice el estudio, se\u00f1alando que el n\u00famero de represas encontradas en el mapa es casi dos veces mayor a lo reportado previamente.<\/p>\n<p>Si bien no se trata de una investigaci\u00f3n basada en salidas de campo, los cient\u00edficos usaron varias metodolog\u00edas para recabar informaci\u00f3n de fuentes confiables, y con ojo detectivesco analizaron los datos: algunos parcialmente eran de libre acceso como la informaci\u00f3n de los pa\u00edses sobre sus proyectos hidroel\u00e9ctricos (localizaci\u00f3n, capacidad de generaci\u00f3n de energ\u00eda, altura de la presa). Luego, con el listado completo , los mapearon en la red h\u00eddrica de la regi\u00f3n Andino Amaz\u00f3nica apoyados en la plataforma <a href=\"https:\/\/hydrosheds.org\" target=\"_blank\" rel=\"noopener\">HydroSHEDS<\/a>, y de esta forma calcularon el \u00cdndice de Conectividad Dendr\u00edtica (DCI, por sus siglas en ingl\u00e9s), que en \u00faltimas es el que les permiti\u00f3 determinar el porcentaje de fragmentaci\u00f3n de las cuencas analizadas bajo dos escenarios de desarrollo hidroenerg\u00e9tico, el actual y el futuro.<\/p>\n<p>En entrevista con <u>Pesquisa Javeriana<\/u>, la autora principal del art\u00edculo, la ec\u00f3loga Elizabeth Anderson, codirectora del Instituto Tropical de Conservaci\u00f3n y profesora asistente del Departamento de Tierra y Ambiente de la Universidad Internacional de Florida, con sede en Miami, dijo que el estudio presenta \u201cuna perspectiva regional sobre la transformaci\u00f3n de r\u00edos por el desarrollo hidroel\u00e9ctrico en la regi\u00f3n Andino-Amaz\u00f3nica. La escala grande del estudio fue un gran desaf\u00edo, especialmente el reto de conseguir y unir informaci\u00f3n de cinco pa\u00edses: Colombia, Ecuador, Per\u00fa, Bolivia, y Brasil\u201d.<\/p>\n<p>No obstante, como estas iniciativas son de trabajo colaborativo en donde constantemente se buscan alianzas estrat\u00e9gicas para el caso de la informaci\u00f3n y los datos de los peces distribudos en la regi\u00f3n, el proyecto <a href=\"https:\/\/www.amazon-fish.com\/es\" target=\"_blank\" rel=\"noopener\">Amazon Fish<\/a>, que construye la base de datos m\u00e1s completa sobre biodiversidad de peces dulceacu\u00edcolas para toda la cuenca del Amazonas, liderado en Colombia por la Universidad Javeriana, aliment\u00f3 el estudio con todos los datos disponibles a la fecha.<\/p>\n<p style=\"text-align: right; background: white; margin: 0cm 0cm 18.0pt 0cm;\" align=\"right\"><strong><i><span style=\"font-size: 13.0pt; font-family: 'Source Sans Pro',sans-serif; color: #44af36;\">\u00bfQu\u00e9 ha salvado a la Colombia amaz\u00f3nica?<\/span><\/i><\/strong><i><\/i><\/p>\n<p style=\"text-align: right; background: white; font-variant-ligatures: normal; font-variant-caps: normal; orphans: 2; widows: 2; -webkit-text-stroke-width: 0px; text-decoration-style: initial; text-decoration-color: initial; word-spacing: 0px; margin: 0cm 0cm 18.0pt 0cm;\" align=\"right\"><i><span style=\"font-size: 13.0pt; font-family: 'Source Sans Pro',sans-serif; color: #141412;\">Son dos razones, de acuerdo con Maldonado: \u201cEl mayor desarrollo hidroenerg\u00e9tico del pa\u00eds ha estado enfocado en la cuenca del Magdalena-Cauca, pero es muy probable que, como ya est\u00e1 colapsada, se voltee la mirada hacia sitios como el Caquet\u00e1 y el Putumayo. Pero tambi\u00e9n porque era zona roja, con presencia del conflicto armado\u201d.<\/span><\/i><\/p>\n<blockquote><p>&nbsp;<\/p>\n<p>&nbsp;<\/p><\/blockquote>\n<figure id=\"attachment_20518\" aria-describedby=\"caption-attachment-20518\" style=\"width: 640px\" class=\"wp-caption alignright\"><img loading=\"lazy\" decoding=\"async\" class=\"size-large wp-image-20518\" src=\"http:\/\/www.javeriana.edu.co\/pesquisa\/wp-content\/uploads\/2018\/01\/R\u00edos-3-1024x512-1-1024x512.jpg\" alt=\"Los r\u00edos Caquet\u00e1 (izq., foto de Daniela Molano) y Putumayo (der., foto de \u00c1lvaro del Campo) surcan y le dan vida a la Amazon\u00eda colombiana.\" width=\"640\" height=\"320\" srcset=\"http:\/\/www.javeriana.edu.co\/pesquisa\/wp-content\/uploads\/2018\/01\/R\u00edos-3-1024x512-1.jpg 1024w, http:\/\/www.javeriana.edu.co\/pesquisa\/wp-content\/uploads\/2018\/01\/R\u00edos-3-1024x512-1-300x150.jpg 300w, http:\/\/www.javeriana.edu.co\/pesquisa\/wp-content\/uploads\/2018\/01\/R\u00edos-3-1024x512-1-150x75.jpg 150w, http:\/\/www.javeriana.edu.co\/pesquisa\/wp-content\/uploads\/2018\/01\/R\u00edos-3-1024x512-1-450x225.jpg 450w, http:\/\/www.javeriana.edu.co\/pesquisa\/wp-content\/uploads\/2018\/01\/R\u00edos-3-1024x512-1-768x384.jpg 768w\" sizes=\"(max-width: 640px) 100vw, 640px\" \/><figcaption id=\"caption-attachment-20518\" class=\"wp-caption-text\">Los r\u00edos Caquet\u00e1 (izq., foto de Daniela Molano) y Putumayo (der., foto de \u00c1lvaro del Campo) surcan y<br \/>le dan vida a la Amazon\u00eda colombiana.<\/figcaption><\/figure>\n<p>El escenario de las hidroel\u00e9ctricas podr\u00eda cambiar significativamente en el futuro para Colombia, recalca el estudio, en tanto los acuerdos de paz traen acceso y seguridad, atractivos intereses para los negocios en la regi\u00f3n Amaz\u00f3nica.<\/p>\n<p><strong><br \/>\nEl llamado al futuro<\/strong><\/p>\n<p>Los investigadores proponen un cambio hacia un mayor reconocimiento de lo ecol\u00f3gico, lo cultural y los v\u00ednculos econ\u00f3micos con r\u00edos en los Andes y en la cuenca Amaz\u00f3nica.<\/p>\n<p>\u201cLos r\u00edos que todav\u00eda mantienen alto nivel de conectividad entre los Andes y las zonas bajas amaz\u00f3nicas representan una gran oportunidad para la conservaci\u00f3n en la Amazon\u00eda\u201d, explica Anderson. \u201cDe hecho, la protecci\u00f3n de r\u00edos es uno de los temas de m\u00e1s urgencia, como una nueva frontera para la conservaci\u00f3n. Ha habido mucha inversi\u00f3n en \u00e1reas protegidas terrestres \u2013eso es muy bueno\u2013, pero ahora se necesita un mayor esfuerzo para que la sociedad en general empiece a reconocer qu\u00e9 r\u00edos de flujo libre tambi\u00e9n son objetos de conservaci\u00f3n, parecido a un bosque intacto de pie. El dinamismo natural de los r\u00edos \u2013\u00a1que se mueven!\u2013 es algo critico a su funcionamiento y bienestar\u201d.<\/p>\n<p>Anderson quisiera que este estudio resalte la importancia de los r\u00edos andinos para toda la Amazonia por sus \u201cvaliosas contribuciones en cuanto a la exportaci\u00f3n de sedimentos, nutrientes, agua y materia org\u00e1nica,&nbsp;su papel clave para el cumplimiento del ciclo de vida de muchas especies migratorias de peces, y los fuertes v\u00ednculos entre r\u00edos y cultura humana en la Amazon\u00eda occidental. Hay necesidad de nuevos marcos legales para la conservaci\u00f3n de r\u00edos de flujo libre. Ya Colombia felizmente tiene el marco de Rio Protegido. Es un buen punto de partida para la protecci\u00f3n de sus aguas\u201d.<\/p>\n","protected":false},"excerpt":{"rendered":"<p>En Colombia los r\u00edos Putumayo y Caquet\u00e1 est\u00e1n libres de hidroel\u00e9ctricas, pero en los pa\u00edses vecinos existen \u2013o est\u00e1n en construcci\u00f3n- 142 represas que generan energ\u00eda pero modifican los ecosistemas, fragmentan su biodiversidad y reducen los servicios ecosist\u00e9micos.<\/p>\n","protected":false},"author":25,"featured_media":20519,"comment_status":"open","ping_status":"open","sticky":false,"template":"","format":"standard","meta":{"footnotes":""},"categories":[376],"tags":[62,1123,526,1740,1122,1121,1124],"class_list":{"0":"post-10486","1":"post","2":"type-post","3":"status-publish","4":"format-standard","5":"has-post-thumbnail","7":"category-ambiente","8":"tag-biodiversidad","9":"tag-hidroelectricas","10":"tag-impacto-ambiental","11":"tag-javier-maldonado","12":"tag-region-andino-amazonica","13":"tag-rios-amazonicos","14":"tag-servicios-ecosistemicos"},"_links":{"self":[{"href":"http:\/\/www.javeriana.edu.co\/pesquisa\/wp-json\/wp\/v2\/posts\/10486","targetHints":{"allow":["GET"]}}],"collection":[{"href":"http:\/\/www.javeriana.edu.co\/pesquisa\/wp-json\/wp\/v2\/posts"}],"about":[{"href":"http:\/\/www.javeriana.edu.co\/pesquisa\/wp-json\/wp\/v2\/types\/post"}],"author":[{"embeddable":true,"href":"http:\/\/www.javeriana.edu.co\/pesquisa\/wp-json\/wp\/v2\/users\/25"}],"replies":[{"embeddable":true,"href":"http:\/\/www.javeriana.edu.co\/pesquisa\/wp-json\/wp\/v2\/comments?post=10486"}],"version-history":[{"count":21,"href":"http:\/\/www.javeriana.edu.co\/pesquisa\/wp-json\/wp\/v2\/posts\/10486\/revisions"}],"predecessor-version":[{"id":31209,"href":"http:\/\/www.javeriana.edu.co\/pesquisa\/wp-json\/wp\/v2\/posts\/10486\/revisions\/31209"}],"wp:featuredmedia":[{"embeddable":true,"href":"http:\/\/www.javeriana.edu.co\/pesquisa\/wp-json\/wp\/v2\/media\/20519"}],"wp:attachment":[{"href":"http:\/\/www.javeriana.edu.co\/pesquisa\/wp-json\/wp\/v2\/media?parent=10486"}],"wp:term":[{"taxonomy":"category","embeddable":true,"href":"http:\/\/www.javeriana.edu.co\/pesquisa\/wp-json\/wp\/v2\/categories?post=10486"},{"taxonomy":"post_tag","embeddable":true,"href":"http:\/\/www.javeriana.edu.co\/pesquisa\/wp-json\/wp\/v2\/tags?post=10486"}],"curies":[{"name":"wp","href":"https:\/\/api.w.org\/{rel}","templated":true}]}}