{"id":11193,"date":"2018-05-02T06:01:03","date_gmt":"2018-05-02T11:01:03","guid":{"rendered":"http:\/\/www.javeriana.edu.co\/pesquisa\/?p=11193"},"modified":"2022-05-16T22:32:30","modified_gmt":"2022-05-17T03:32:30","slug":"la-claraboya-episodio-8-indigenismo","status":"publish","type":"post","link":"http:\/\/www.javeriana.edu.co\/pesquisa\/la-claraboya-episodio-8-indigenismo\/","title":{"rendered":"La Claraboya | Episodio 8: Indigenismo"},"content":{"rendered":"<p>\u00a1Bienvenidos de nuevo!<\/p>\n<p>Hoy queremos presentarles una nueva temporada de nuestro podcast La Claraboya, donde continuaremos con la tarea de hablar de ciencia para todos lo que nos somos expertos en ella.<\/p>\n<p>En esta ocasi\u00f3n les presentamos una cr\u00f3nica sobre <em>Indigenismo<\/em>, el recital de los investigadores javerianos Carolina Plata (soprano) y Luis Gabriel Mesa (pianista y music\u00f3logo), que rescata las composiciones acad\u00e9micas en lengua ind\u00edgena, una iniciativa nacionalista que surgi\u00f3 en el siglo XIX para impulsar a las incipientes naciones latinoamericanas en su camino por consolidarse como estados independientes.<\/p>\n<p>La obra recoge composiciones mexicanas, costarricenses, venezolanas, peruanas, bolivianas y chilenas, en un esfuerzo no solo por rescatar su valor cultural sino por presentarlas en una nueva \u00e9poca. Se trata de canciones escritas originalmente en espa\u00f1ol y en lenguas ind\u00edgenas, como el quechua, n\u00e1huatl y mapundung\u00fan.<\/p>\n<p><iframe src=\"https:\/\/w.soundcloud.com\/player\/?url=https%3A\/\/api.soundcloud.com\/tracks\/437507682&amp;color=%23ff5500&amp;auto_play=false&amp;hide_related=false&amp;show_comments=true&amp;show_user=true&amp;show_reposts=false&amp;show_teaser=true&amp;visual=true\" width=\"100%\" height=\"300\" frameborder=\"no\" scrolling=\"no\"><\/iframe><\/p>\n<p><em>Indigenismo<\/em> se presentar\u00e1 el jueves 3 de mayo, a las 8:00 de la noche, en el <a href=\"https:\/\/www.teatromayor.org\/evento\/musica\/indigenismo-luis-gabriel-mesa-piano-y-carolina-plata-soprano-colombia\" target=\"_blank\" rel=\"noopener\">Teatro Mayor Julio Mario Santo Domingo<\/a>.<\/p>\n","protected":false},"excerpt":{"rendered":"<p>Una soprano y un pianista se dieron a la tarea de rescatar las composiciones l\u00edricas en lengua ind\u00edgena de Am\u00e9rica Latina. Su proyecto revivi\u00f3 historias de lucha y de los incipientes nacionalismos impulsados durante el siglo XIX.<\/p>\n","protected":false},"author":1,"featured_media":21008,"comment_status":"open","ping_status":"open","sticky":false,"template":"","format":"standard","meta":{"footnotes":""},"categories":[378,1268],"tags":[1270,1269,1271,1273,998,1272],"class_list":{"0":"post-11193","1":"post","2":"type-post","3":"status-publish","4":"format-standard","5":"has-post-thumbnail","7":"category-multimedia","8":"category-podcast","9":"tag-cancion-academica","10":"tag-indigenismo","11":"tag-lenguas-indigenas","12":"tag-nacionalismos","13":"tag-podcast","14":"tag-recital"},"_links":{"self":[{"href":"http:\/\/www.javeriana.edu.co\/pesquisa\/wp-json\/wp\/v2\/posts\/11193","targetHints":{"allow":["GET"]}}],"collection":[{"href":"http:\/\/www.javeriana.edu.co\/pesquisa\/wp-json\/wp\/v2\/posts"}],"about":[{"href":"http:\/\/www.javeriana.edu.co\/pesquisa\/wp-json\/wp\/v2\/types\/post"}],"author":[{"embeddable":true,"href":"http:\/\/www.javeriana.edu.co\/pesquisa\/wp-json\/wp\/v2\/users\/1"}],"replies":[{"embeddable":true,"href":"http:\/\/www.javeriana.edu.co\/pesquisa\/wp-json\/wp\/v2\/comments?post=11193"}],"version-history":[{"count":8,"href":"http:\/\/www.javeriana.edu.co\/pesquisa\/wp-json\/wp\/v2\/posts\/11193\/revisions"}],"predecessor-version":[{"id":24710,"href":"http:\/\/www.javeriana.edu.co\/pesquisa\/wp-json\/wp\/v2\/posts\/11193\/revisions\/24710"}],"wp:featuredmedia":[{"embeddable":true,"href":"http:\/\/www.javeriana.edu.co\/pesquisa\/wp-json\/wp\/v2\/media\/21008"}],"wp:attachment":[{"href":"http:\/\/www.javeriana.edu.co\/pesquisa\/wp-json\/wp\/v2\/media?parent=11193"}],"wp:term":[{"taxonomy":"category","embeddable":true,"href":"http:\/\/www.javeriana.edu.co\/pesquisa\/wp-json\/wp\/v2\/categories?post=11193"},{"taxonomy":"post_tag","embeddable":true,"href":"http:\/\/www.javeriana.edu.co\/pesquisa\/wp-json\/wp\/v2\/tags?post=11193"}],"curies":[{"name":"wp","href":"https:\/\/api.w.org\/{rel}","templated":true}]}}