{"id":11515,"date":"2018-07-27T05:53:13","date_gmt":"2018-07-27T10:53:13","guid":{"rendered":"http:\/\/www.javeriana.edu.co\/pesquisa\/?p=11515"},"modified":"2023-03-07T16:56:00","modified_gmt":"2023-03-07T21:56:00","slug":"maria-alejandra-quintero-y-su-compromiso-con-las-comunidades","status":"publish","type":"post","link":"http:\/\/www.javeriana.edu.co\/pesquisa\/maria-alejandra-quintero-y-su-compromiso-con-las-comunidades\/","title":{"rendered":"Mar\u00eda Alejandra Quintero y su compromiso con las comunidades"},"content":{"rendered":"<p><span style=\"font-weight: 400;\">\u201cNo hablemos de trabajar por los m\u00e1s necesitados, creo que nos tenemos que quitar ese estereotipo de pensar \u2018pobrecito el campesino\u2019. S\u00ed, son personas con muchas necesidades, pero tambi\u00e9n es gente con muchas capacidades\u201d, enfatiza Mar\u00eda Alejandra Quintero Falla, una joven polit\u00f3loga de 24 a\u00f1os quien, a solo dos d\u00edas de graduarse, ya hac\u00eda parte del grupo de investigadores del Instituto de Estudios Interculturales, de la Universidad Javeriana Cali. <\/span><\/p>\n<p>Desde el d\u00eda en que decidi\u00f3 estudiar ciencia pol\u00edtica, asegura, sus intereses siempre han estado encaminados a la investigaci\u00f3n, sobre todo en el campo de las humanidades. De hecho, como estudiante de pregrado hizo parte del grupo de investigaci\u00f3n Democracia, Estado e Integraci\u00f3n Social. All\u00ed apoy\u00f3 la sistematizaci\u00f3n y an\u00e1lisis de datos para una investigaci\u00f3n en los municipios de Miranda, Torib\u00edo y Corinto sobre las din\u00e1micas del conflicto armado en el territorio del Cauca.<\/p>\n<p>\u201cEl proyecto ten\u00eda un componente fuerte de georreferenciaci\u00f3n con el uso de programas inform\u00e1ticos que convert\u00edan bases de datos num\u00e9ricas en mapas, lo que permit\u00eda ver las din\u00e1micas del conflicto en la zona\u201d, explica Quintero, estudiante de la Maestr\u00eda en Derechos Humanos y Cultura de Paz.<\/p>\n<p>Mariale, como la llaman de cari\u00f1o, realiz\u00f3 sus pr\u00e1cticas empresariales en la Caja de Compensaci\u00f3n Familiar del Valle del Cauca (Comfandi), donde particip\u00f3 en la campa\u00f1a Tu Voto Tiene Poder, que busca crear conciencia en los empleados sobre la importancia de votar; al mismo tiempo, contribuy\u00f3 en la formulaci\u00f3n de una estrategia de relacionamiento con el Gobierno a nivel local, departamental y nacional. Su labor en Comfandi le concedi\u00f3 el Premio de Pr\u00e1ctica Destacada, otorgado por su carrera.<\/p>\n<p><b><br \/>\nDe la academia al territorio <\/b><\/p>\n<p>A Quintero se le cumpli\u00f3 el sue\u00f1o de trabajar por el otro cuando ingres\u00f3 al Instituto de Estudios Interculturales, donde es investigadora en la l\u00ednea de Desarrollo Rural y de Ordenamiento Territorial, en el equipo de Espacios de Fortalecimiento Organizativo para asociaciones campesinas, las cuales se encuentran en el sur, el suroccidente y en la costa Caribe colombiana.<\/p>\n<p>Hasta all\u00ed viaja la cale\u00f1a a dar pautas pedag\u00f3gicas a los facilitadores que llevan a cabo diplomados, cada 15 o 30 d\u00edas, con el prop\u00f3sito de que estos les sirvan a las comunidades como un recurso a la hora de exigir sus derechos e interactuar con actores estatales. \u201cPor medio de estos espacios se identifican las necesidades de conocimiento de los l\u00edderes campesinos para formarlos en temas como historia agraria y figuras de ordenamiento territorial. Los planes de estudio de los talleres los construimos con los mismos campesinos, pues la idea es que sea una tarea conjunta en la que nosotros tambi\u00e9n aprendemos de ellos\u201d, advierte la polit\u00f3loga, quien tambi\u00e9n sue\u00f1a con ser doctora en ciencia pol\u00edtica.<\/p>\n<p>El comprometido trabajo de esta joven investigadora con las comunidades hoy se ve reflejado en <em>Siembra campesina: material para el trabajo territorial y comunitario de las comunidades campesinas<\/em>, una cartilla y contenidos multimedia con infograf\u00edas, preguntas y ejercicios sobre lo visto durante los diplomados. Quintero hizo parte del proceso de creaci\u00f3n y fue la encargada de su edici\u00f3n.<\/p>\n<p>\u201cAfortunadamente, siempre he conseguido que las cosas que haga tengan un impacto social. El trabajo con los campesinos me ha marcado y he aprendido a valorar las cosas peque\u00f1as\u201d, concluye con satisfacci\u00f3n.<\/p>\n","protected":false},"excerpt":{"rendered":"<p>Trabajar por las comunidades es lo que mueve a Mar\u00eda Alejandra Quintero, quien desde hace dos a\u00f1os es investigadora del Instituto de Estudios Interculturales de la Universidad Javeriana Cali.<\/p>\n","protected":false},"author":40,"featured_media":21149,"comment_status":"open","ping_status":"open","sticky":false,"template":"","format":"standard","meta":{"footnotes":""},"categories":[3515,2622,31,375],"tags":[753,551,1411,367,496,1417,2455],"class_list":{"0":"post-11515","1":"post","2":"type-post","3":"status-publish","4":"format-standard","5":"has-post-thumbnail","7":"category-investigadores","8":"category-javeriana-cali-investiga","9":"category-jovenes-que-investigan","10":"category-perfiles","11":"tag-campesinos","12":"tag-cauca","13":"tag-comunidades","14":"tag-conflicto-armado","15":"tag-javeriana-cali","16":"tag-liderazgo","17":"tag-mujeres-en-la-ciencia"},"_links":{"self":[{"href":"http:\/\/www.javeriana.edu.co\/pesquisa\/wp-json\/wp\/v2\/posts\/11515","targetHints":{"allow":["GET"]}}],"collection":[{"href":"http:\/\/www.javeriana.edu.co\/pesquisa\/wp-json\/wp\/v2\/posts"}],"about":[{"href":"http:\/\/www.javeriana.edu.co\/pesquisa\/wp-json\/wp\/v2\/types\/post"}],"author":[{"embeddable":true,"href":"http:\/\/www.javeriana.edu.co\/pesquisa\/wp-json\/wp\/v2\/users\/40"}],"replies":[{"embeddable":true,"href":"http:\/\/www.javeriana.edu.co\/pesquisa\/wp-json\/wp\/v2\/comments?post=11515"}],"version-history":[{"count":3,"href":"http:\/\/www.javeriana.edu.co\/pesquisa\/wp-json\/wp\/v2\/posts\/11515\/revisions"}],"predecessor-version":[{"id":11520,"href":"http:\/\/www.javeriana.edu.co\/pesquisa\/wp-json\/wp\/v2\/posts\/11515\/revisions\/11520"}],"wp:featuredmedia":[{"embeddable":true,"href":"http:\/\/www.javeriana.edu.co\/pesquisa\/wp-json\/wp\/v2\/media\/21149"}],"wp:attachment":[{"href":"http:\/\/www.javeriana.edu.co\/pesquisa\/wp-json\/wp\/v2\/media?parent=11515"}],"wp:term":[{"taxonomy":"category","embeddable":true,"href":"http:\/\/www.javeriana.edu.co\/pesquisa\/wp-json\/wp\/v2\/categories?post=11515"},{"taxonomy":"post_tag","embeddable":true,"href":"http:\/\/www.javeriana.edu.co\/pesquisa\/wp-json\/wp\/v2\/tags?post=11515"}],"curies":[{"name":"wp","href":"https:\/\/api.w.org\/{rel}","templated":true}]}}