{"id":11913,"date":"2018-08-24T06:20:12","date_gmt":"2018-08-24T11:20:12","guid":{"rendered":"http:\/\/www.javeriana.edu.co\/pesquisa\/?p=11913"},"modified":"2022-06-21T17:48:52","modified_gmt":"2022-06-21T22:48:52","slug":"desordenar-la-musica","status":"publish","type":"post","link":"http:\/\/www.javeriana.edu.co\/pesquisa\/desordenar-la-musica\/","title":{"rendered":"\u2018Desordenar\u2019 la m\u00fasica"},"content":{"rendered":"<h6 style=\"text-align: left;\"><em>\u201cLa nostalgia es la fuente de toda literatura y de toda poes\u00eda\u201d.<\/em><br \/>\nGabriel Garc\u00eda M\u00e1rquez<\/h6>\n<p>La m\u00fasica, m\u00e1s que inspiraci\u00f3n, es disciplina. Es tomar la experiencia, las vivencias, las emociones y otros elementos de la cotidianidad para que, basados en t\u00e9cnicas musicales, se pueda escribir una obra. As\u00ed lo explica Carolina Noguera Palau, coordinadora del \u00c1rea de Composici\u00f3n del Departamento de M\u00fasica de la Pontificia Universidad Javeriana y segunda ganadora del Premio Bienal a la Creaci\u00f3n Art\u00edstica Javeriana, entregado en 2016. Hoy, dos a\u00f1os despu\u00e9s, este galard\u00f3n est\u00e1 en proceso de selecci\u00f3n para definir qui\u00e9n recibir\u00e1 en septiembre la tercera estatuilla y un reconocimiento por $15.000.000 en el marco del <a href=\"https:\/\/www.javeriana.edu.co\/arteycreatividad\" target=\"_blank\" rel=\"noopener\">III Encuentro Javeriano de Arte y Creatividad<\/a>.<\/p>\n<p>Carolina Noguera tiene m\u00e1s de 15 a\u00f1os de experiencia profesional en el campo musical. Estudi\u00f3 en la Javeriana su pregrado y viaj\u00f3 a Inglaterra a realizar su m\u00e1ster y doctorado en composici\u00f3n musical en el Royal Birmingham Conservatoire (adscrito a la Birmingham City University) como becaria de ORSAS (<em>Overseas Research Students Awards Scheme<\/em>) del Reino Unido, Colfuturo y el Banco de la Rep\u00fablica de Colombia. Fueron cinco a\u00f1os en Europa para encontrarse con lo m\u00e1s profundo de su interior, para hacerle caso a sus intuiciones, a su melancol\u00eda y as\u00ed crear historias a trav\u00e9s de la m\u00fasica. En \u00faltimas, para romper con su propuesta de creaci\u00f3n, con la que se hab\u00eda hecho merecedora, hasta entonces, de algunos reconocimientos como el Premio Nacional de Composici\u00f3n de la Secretar\u00eda de Cultura, Recreaci\u00f3n y Deporte de Bogot\u00e1 en 2006, la beca de creaci\u00f3n del Ministerio de Cultura en 2005 o como finalista del VII Premio Nacional de Composici\u00f3n de la Secretar\u00eda de Cultura de Bogot\u00e1 en 2003.<\/p>\n<p>La racionalidad la ha acompa\u00f1ado siempre. Le iba bien con las matem\u00e1ticas en el colegio, estudi\u00f3 filosof\u00eda y uno de sus maestros, Guillermo Gaviria, le ayud\u00f3 a fortalecer ese \u201cimpulso racional\u201d, como ella lo llama, para crear m\u00fasica; sin embargo, en 2006 explor\u00f3 otras b\u00fasquedas, ya no solo quer\u00eda partir desde esa perspectiva. Llegar a Inglaterra fue un quiebre: \u201cNo m\u00e1s, hago lo que quiero sin importar si hay una justificaci\u00f3n racional\u201d, dec\u00eda. Sus mentores en el doctorado,<a href=\"https:\/\/richardcauston.com\/\" target=\"_blank\" rel=\"noopener\"> Richard Causton<\/a>, compositor y profesor ingl\u00e9s, y <a href=\"https:\/\/www.bcu.ac.uk\/conservatoire\/research\/research-staff\/lamberto-coccioli\" target=\"_blank\" rel=\"noopener\">Lamberto Coccioli<\/a>, profesor italiano de m\u00fasica y tecnolog\u00eda, la acompa\u00f1aron con esta sentencia: \u201cSu m\u00fasica est\u00e1 muy ordenada, desord\u00e9nela un poco\u201d. A eso se dedic\u00f3 hasta 2011 cuando regres\u00f3 a Colombia.<\/p>\n<p>Desde Inglaterra, Noguera le dio importancia a la nostalgia de los sonidos de la infancia, alej\u00e1ndose de \u201cla onda m\u00e1s modernista\u201d para recurrir a un lenguaje m\u00e1s abstracto. Es solo escuchar, por ejemplo, <em>Cuarteto palenquero<\/em>, una mezcla de instrumentos rasgados y voces sobrepuestas, para sentir el uso de elementos sonoros que evocan un espacio c\u00e1lido y de anta\u00f1o. Otra pieza que qued\u00f3 de su doctorado fue <em>Eleg\u00eda errante<\/em>, basada en elementos musicales mexicanos del huapango y la raspa. Esta composici\u00f3n fue estrenada por Garth Knox, uno de los violistas m\u00e1s importantes a nivel global y la grab\u00f3 David Merch\u00e1n, violista colombiano radicado en Berl\u00edn que ha tocado con los mejores del mundo.<\/p>\n<p><strong><br \/>\nY\u2026 \u00bfc\u00f3mo se compone?<\/strong><\/p>\n<p>\u201cTrato de construir texturas donde le doy peso a la distorsi\u00f3n. Algunas veces genero dislocaciones de las melod\u00edas que estoy recordando, es decir, un pedazo ac\u00e1, otro all\u00e1 y juego a armar un rompecabezas mal hecho. Algo as\u00ed como la memoria de las personas que recuerdan por fragmentos. La textura es nebulosa, ya que me apoyo de lo visual y trato de traducirlo en el lenguaje musical\u201d, explica Noguera.<\/p>\n<figure id=\"attachment_11911\" aria-describedby=\"caption-attachment-11911\" style=\"width: 640px\" class=\"wp-caption aligncenter\"><img fetchpriority=\"high\" decoding=\"async\" class=\"size-large wp-image-11911\" src=\"http:\/\/www.javeriana.edu.co\/pesquisa\/wp-content\/uploads\/2018\/08\/Noguera-1-1024x796.jpg\" alt=\"gjgj\" width=\"640\" height=\"498\" srcset=\"http:\/\/www.javeriana.edu.co\/pesquisa\/wp-content\/uploads\/2018\/08\/Noguera-1-1024x796.jpg 1024w, http:\/\/www.javeriana.edu.co\/pesquisa\/wp-content\/uploads\/2018\/08\/Noguera-1-300x233.jpg 300w, http:\/\/www.javeriana.edu.co\/pesquisa\/wp-content\/uploads\/2018\/08\/Noguera-1-1536x1194.jpg 1536w, http:\/\/www.javeriana.edu.co\/pesquisa\/wp-content\/uploads\/2018\/08\/Noguera-1-2048x1592.jpg 2048w, http:\/\/www.javeriana.edu.co\/pesquisa\/wp-content\/uploads\/2018\/08\/Noguera-1-150x117.jpg 150w, http:\/\/www.javeriana.edu.co\/pesquisa\/wp-content\/uploads\/2018\/08\/Noguera-1-450x350.jpg 450w, http:\/\/www.javeriana.edu.co\/pesquisa\/wp-content\/uploads\/2018\/08\/Noguera-1-1200x933.jpg 1200w, http:\/\/www.javeriana.edu.co\/pesquisa\/wp-content\/uploads\/2018\/08\/Noguera-1-768x597.jpg 768w\" sizes=\"(max-width: 640px) 100vw, 640px\" \/><figcaption id=\"caption-attachment-11911\" class=\"wp-caption-text\">En 2016, Carolina Noguera gan\u00f3 el Premio Bienal a la Creaci\u00f3n Art\u00edstica Javeriana.<\/figcaption><\/figure>\n<p>Agrega, adem\u00e1s, que \u201ccomponer es responder a una urgencia vital. Quiz\u00e1s no se gana un peso. Uno podr\u00eda terminar como Schubert muriendo a los 31 a\u00f1os en un tumulto espantoso, sin fama, sin plata, sin nadie que lo aplauda, pero si se tiene la necesidad de escribir, pues hay que hacerlo y no pensar m\u00e1s\u201d. Durante los a\u00f1os en Londres se pregunt\u00f3: \u00bfpor qu\u00e9 no apelar a la emotividad? \u00bfPor qu\u00e9 contrariarse con esta posibilidad que da la vida? Incluso, eran cuestiones sin resolver desde a\u00f1os atr\u00e1s cuando era pianista.<\/p>\n<p>Del doctorado, adem\u00e1s de las inquietudes internas, quedaron piezas musicales interpretadas por ensambles europeos del Conservatorio, como <em>Furias.<\/em> Esta obra para viol\u00edn y piano est\u00e1 basada en un pasillo y fue con la que gan\u00f3 el <a href=\"https:\/\/www.javeriana.edu.co\/arteycreatividad\/premios\" target=\"_blank\" rel=\"noopener\">Premio Bienal a la Creaci\u00f3n Art\u00edstica Javeriana<\/a>. Noguera explica que \u201calude a las furias que a veces siento y a momentos contemplativos asociados a recuerdos de infancia\u201d.<\/p>\n<p>Esta composici\u00f3n fue estrenada en Inglaterra por Mary Dullea y Darragh Morgan durante la temporada \u2018Frontiers Series\u2019 en el Royal Birmingham Conservatoire en 2011. Su t\u00edtulo est\u00e1 basado en las deidades mitol\u00f3gicas de venganza o las personificaciones sobrenaturales de la ira de la muerte; en la obra, se hace referencia a la energ\u00eda fren\u00e9tica que puede ser semejante a la ira.<\/p>\n<p>Esta pieza musical se ha interpretado en la Sala de Conciertos de la Biblioteca Luis \u00c1ngel Arango, en el Auditorio Pablo VI de la Javeriana, en el Festival de la Imagen de Manizales y en el Festival de las Am\u00e9ricas en Greenwich House Music, en Nueva York. Ha sido interpretada un gran n\u00famero de veces por el dueto sueco-brasilero conformado por Karin Hellqvist (viol\u00edn) y Heloisa Amaral (piano) en la Sala Teresa Cuervo Borda del Museo Nacional de Colombia, y por la violinista Ang\u00e9lica G\u00e1mez y la pianista Mar\u00eda Jos\u00e9 de Bustos.<\/p>\n<p><em>Furias<\/em> est\u00e1 publicada en el <a href=\"https:\/\/www.catalogodeobras.javeriana.edu.co\" target=\"_blank\" rel=\"noopener\">Cat\u00e1logo de Obras Art\u00edsticas de la Javeriana<\/a>.<\/p>\n<p><strong><br \/>\nNota: <\/strong>Los invitamos al III Encuentro Javeriano de Arte y Creatividad, del 10 al 14 de septiembre pr\u00f3ximos. La asistencia no tiene costo y est\u00e1 abierta a cualquier persona interesada en la creaci\u00f3n art\u00edstica. Puede inscribirse en <a href=\"https:\/\/www.javeriana.edu.co\/arteycreatividad\">www.javeriana.edu.co\/arteycreatividad<\/a><\/p>\n","protected":false},"excerpt":{"rendered":"<p>El martes 11 de septiembre, en el concierto &#8216;Compositores Javerianos VII&#8217;, diversos profesores presentar\u00e1n al p\u00fablico su obra. Entre ellos destaca Carolina Noguera, compositora de la distorsi\u00f3n.<\/p>\n","protected":false},"author":1,"featured_media":21244,"comment_status":"open","ping_status":"open","sticky":false,"template":"","format":"standard","meta":{"footnotes":""},"categories":[199,3694,375],"tags":[1468,1469,563,1470,649,1471,554],"class_list":{"0":"post-11913","1":"post","2":"type-post","3":"status-publish","4":"format-standard","5":"has-post-thumbnail","7":"category-cultura","8":"category-musica","9":"category-perfiles","10":"tag-carolina-noguera","11":"tag-composicion-musical","12":"tag-creacion","13":"tag-distorsion","14":"tag-obra-musical","15":"tag-obra-personal","16":"tag-perfil"},"_links":{"self":[{"href":"http:\/\/www.javeriana.edu.co\/pesquisa\/wp-json\/wp\/v2\/posts\/11913","targetHints":{"allow":["GET"]}}],"collection":[{"href":"http:\/\/www.javeriana.edu.co\/pesquisa\/wp-json\/wp\/v2\/posts"}],"about":[{"href":"http:\/\/www.javeriana.edu.co\/pesquisa\/wp-json\/wp\/v2\/types\/post"}],"author":[{"embeddable":true,"href":"http:\/\/www.javeriana.edu.co\/pesquisa\/wp-json\/wp\/v2\/users\/1"}],"replies":[{"embeddable":true,"href":"http:\/\/www.javeriana.edu.co\/pesquisa\/wp-json\/wp\/v2\/comments?post=11913"}],"version-history":[{"count":6,"href":"http:\/\/www.javeriana.edu.co\/pesquisa\/wp-json\/wp\/v2\/posts\/11913\/revisions"}],"predecessor-version":[{"id":31357,"href":"http:\/\/www.javeriana.edu.co\/pesquisa\/wp-json\/wp\/v2\/posts\/11913\/revisions\/31357"}],"wp:featuredmedia":[{"embeddable":true,"href":"http:\/\/www.javeriana.edu.co\/pesquisa\/wp-json\/wp\/v2\/media\/21244"}],"wp:attachment":[{"href":"http:\/\/www.javeriana.edu.co\/pesquisa\/wp-json\/wp\/v2\/media?parent=11913"}],"wp:term":[{"taxonomy":"category","embeddable":true,"href":"http:\/\/www.javeriana.edu.co\/pesquisa\/wp-json\/wp\/v2\/categories?post=11913"},{"taxonomy":"post_tag","embeddable":true,"href":"http:\/\/www.javeriana.edu.co\/pesquisa\/wp-json\/wp\/v2\/tags?post=11913"}],"curies":[{"name":"wp","href":"https:\/\/api.w.org\/{rel}","templated":true}]}}