{"id":11945,"date":"2018-08-31T10:11:18","date_gmt":"2018-08-31T15:11:18","guid":{"rendered":"http:\/\/www.javeriana.edu.co\/pesquisa\/?p=11945"},"modified":"2022-05-17T11:22:22","modified_gmt":"2022-05-17T16:22:22","slug":"las-postales-de-humboldt","status":"publish","type":"post","link":"http:\/\/www.javeriana.edu.co\/pesquisa\/las-postales-de-humboldt\/","title":{"rendered":"Las postales de Humboldt"},"content":{"rendered":"<p>Ayer, en las instalaciones del Museo Nacional, se present\u00f3 al p\u00fablico <em>Humboldtiana neogranadina,<\/em> la obra de cuatro tomos y seis vol\u00famenes que recoge los pasos, hallazgos y la obra del naturalista y cient\u00edfico alem\u00e1n Alexander von Humboldt durante su expedici\u00f3n por nuestro territorio a inicios del siglo XIX. Patrocinada por cinco universidades y con el sello de la Editorial Javeriana, esta colecci\u00f3n fue liderada por el genetista Alberto G\u00f3mez Guti\u00e9rrez, director del Instituto de Gen\u00e9tica Humana, aficionado a la literatura de viajes y experto en reconstruir el trabajo de distintas expediciones cient\u00edficas en el pa\u00eds.<\/p>\n<p>Humboldt arrib\u00f3 al continente americano hacia mediados de 1799, acompa\u00f1ado por el bot\u00e1nico y m\u00e9dico franc\u00e9s Aim\u00e9 Bonpland. Su intenci\u00f3n, en un principio de aventurarse por las maravillas geol\u00f3gicas del Nuevo Mundo, adquiri\u00f3 una nueva dimensi\u00f3n a medida que fue conociendo m\u00e1s de cerca el trabajo que Jos\u00e9 Celestino Mutis hab\u00eda venido registrando desde 1783 con la Real Expedici\u00f3n Bot\u00e1nica del Nuevo Reino de Granada.<\/p>\n<p>El cient\u00edfico prusiano, que hab\u00eda estudiado las t\u00e9cnicas del grabado en la Academia de Artes de Berl\u00edn, decidi\u00f3 continuar su recorrido hacia el interior, lo que lo condujo, en una primera estad\u00eda, al r\u00edo Orinoco, y posteriormente a los valles, monta\u00f1as, mesetas y poblados neogranadinos. En todos ellos fue dejando un testimonio pict\u00f3rico de sus hallazgos y, por supuesto, de su viaje, que <span style=\"text-decoration: underline;\">Pesquisa Javeriana<\/span> presenta a continuaci\u00f3n:<\/p>\n<p><strong><br \/>\nRiveras del Orinoco<\/strong><\/p>\n<p><img fetchpriority=\"high\" decoding=\"async\" class=\"wp-image-11936 size-full aligncenter\" src=\"http:\/\/www.javeriana.edu.co\/pesquisa\/wp-content\/uploads\/2018\/08\/Galer\u00eda-Hum-1.jpg\" alt=\"Galer\u00eda Hum 1\" width=\"602\" height=\"699\" srcset=\"http:\/\/www.javeriana.edu.co\/pesquisa\/wp-content\/uploads\/2018\/08\/Galer\u00eda-Hum-1.jpg 602w, http:\/\/www.javeriana.edu.co\/pesquisa\/wp-content\/uploads\/2018\/08\/Galer\u00eda-Hum-1-258x300.jpg 258w, http:\/\/www.javeriana.edu.co\/pesquisa\/wp-content\/uploads\/2018\/08\/Galer\u00eda-Hum-1-150x174.jpg 150w, http:\/\/www.javeriana.edu.co\/pesquisa\/wp-content\/uploads\/2018\/08\/Galer\u00eda-Hum-1-450x523.jpg 450w\" sizes=\"(max-width: 602px) 100vw, 602px\" \/><\/p>\n<p>En abril de 1800, Humboldt, Bonpland y una comisi\u00f3n conformada por eruditos neogranadinos y exploradores ind\u00edgenas, lleg\u00f3 al R\u00edo Negro (en los actuales territorios del Guain\u00eda, Colombia). El objetivo del cient\u00edfico prusiano era ser el primer hombre en medir con exactitud, a trav\u00e9s de observaciones astron\u00f3micas, el v\u00ednculo de aguas entre la Orinoqu\u00eda y la Amazon\u00eda.<\/p>\n<p><strong><br \/>\nVolcancitos de Turbaco<\/strong><\/p>\n<p><img decoding=\"async\" class=\"aligncenter size-full wp-image-11937\" src=\"http:\/\/www.javeriana.edu.co\/pesquisa\/wp-content\/uploads\/2018\/08\/Galer\u00eda-Hum-2.png\" alt=\"Galer\u00eda Hum 2\" width=\"469\" height=\"339\" srcset=\"http:\/\/www.javeriana.edu.co\/pesquisa\/wp-content\/uploads\/2018\/08\/Galer\u00eda-Hum-2.png 469w, http:\/\/www.javeriana.edu.co\/pesquisa\/wp-content\/uploads\/2018\/08\/Galer\u00eda-Hum-2-300x217.png 300w, http:\/\/www.javeriana.edu.co\/pesquisa\/wp-content\/uploads\/2018\/08\/Galer\u00eda-Hum-2-150x108.png 150w, http:\/\/www.javeriana.edu.co\/pesquisa\/wp-content\/uploads\/2018\/08\/Galer\u00eda-Hum-2-450x325.png 450w\" sizes=\"(max-width: 469px) 100vw, 469px\" \/><\/p>\n<p>Es la primera imagen publicada por la expedici\u00f3n de Humboldt en nuestro territorio. En 1801, despu\u00e9s de un breve periplo por La Habana, el naturalista europeo atrac\u00f3 en el golfo de Morrosquillo; tras su estad\u00eda en Cartagena, se dirigi\u00f3 a la poblaci\u00f3n ind\u00edgena de Turbaco, donde consign\u00f3 sus impresiones sobre el paisaje tropical y las poblaciones locales; tambi\u00e9n hizo descripciones y an\u00e1lisis qu\u00edmicos de estos volcanes de aire.<\/p>\n<p><strong><br \/>\nR\u00edo Magdalena<\/strong><\/p>\n<p><img decoding=\"async\" class=\"aligncenter size-full wp-image-11938\" src=\"http:\/\/www.javeriana.edu.co\/pesquisa\/wp-content\/uploads\/2018\/08\/Galer\u00eda-Hum-3.png\" alt=\"Galer\u00eda Hum 3\" width=\"369\" height=\"581\" srcset=\"http:\/\/www.javeriana.edu.co\/pesquisa\/wp-content\/uploads\/2018\/08\/Galer\u00eda-Hum-3.png 369w, http:\/\/www.javeriana.edu.co\/pesquisa\/wp-content\/uploads\/2018\/08\/Galer\u00eda-Hum-3-191x300.png 191w, http:\/\/www.javeriana.edu.co\/pesquisa\/wp-content\/uploads\/2018\/08\/Galer\u00eda-Hum-3-150x236.png 150w\" sizes=\"(max-width: 369px) 100vw, 369px\" \/><\/p>\n<p>El objetivo de Humboldt era dirigirse hacia Santa Fe, para encontrarse y dialogar con Mutis. Durante el trayecto, realiz\u00f3 apuntes y un croquis de las aguas del r\u00edo Magdalena, con la intenci\u00f3n de elaborar, posteriormente, un mapa m\u00e1s detallado.<\/p>\n<p><strong><br \/>\nCasa de Jos\u00e9 Celestino Mutis<\/strong><\/p>\n<p><img loading=\"lazy\" decoding=\"async\" class=\"aligncenter size-full wp-image-11939\" src=\"http:\/\/www.javeriana.edu.co\/pesquisa\/wp-content\/uploads\/2018\/08\/Galer\u00eda-Hum-4.png\" alt=\"Galer\u00eda Hum 4\" width=\"588\" height=\"681\" srcset=\"http:\/\/www.javeriana.edu.co\/pesquisa\/wp-content\/uploads\/2018\/08\/Galer\u00eda-Hum-4.png 588w, http:\/\/www.javeriana.edu.co\/pesquisa\/wp-content\/uploads\/2018\/08\/Galer\u00eda-Hum-4-259x300.png 259w, http:\/\/www.javeriana.edu.co\/pesquisa\/wp-content\/uploads\/2018\/08\/Galer\u00eda-Hum-4-150x174.png 150w, http:\/\/www.javeriana.edu.co\/pesquisa\/wp-content\/uploads\/2018\/08\/Galer\u00eda-Hum-4-450x521.png 450w\" sizes=\"(max-width: 588px) 100vw, 588px\" \/><\/p>\n<p>Para julio de 1801, Humboldt y Bonpland llegaron a Santa Fe, la capital del Virreinato, donde se reunieron con los principales cient\u00edficos e ilustrados neogranadinos. Ambos se hospedaron en la casa de Jos\u00e9 Celestino Mutis (en el actual sector bogotano de San Victorino) y estuvieron en la ciudad por cerca de dos meses debido a un malestar sufrido por el expedicionario franc\u00e9s. Esta fotograf\u00eda fue fechada en 1866, cuando la propiedad pertenec\u00eda a Soledad Acosta de Samper.<\/p>\n<p><strong><br \/>\nLaguna de Guatavita<\/strong><\/p>\n<p><img loading=\"lazy\" decoding=\"async\" class=\"aligncenter size-full wp-image-11941\" src=\"http:\/\/www.javeriana.edu.co\/pesquisa\/wp-content\/uploads\/2018\/08\/Galer\u00eda-Hum-6.png\" alt=\"Galer\u00eda Hum 6\" width=\"490\" height=\"345\" srcset=\"http:\/\/www.javeriana.edu.co\/pesquisa\/wp-content\/uploads\/2018\/08\/Galer\u00eda-Hum-6.png 490w, http:\/\/www.javeriana.edu.co\/pesquisa\/wp-content\/uploads\/2018\/08\/Galer\u00eda-Hum-6-300x211.png 300w, http:\/\/www.javeriana.edu.co\/pesquisa\/wp-content\/uploads\/2018\/08\/Galer\u00eda-Hum-6-150x106.png 150w, http:\/\/www.javeriana.edu.co\/pesquisa\/wp-content\/uploads\/2018\/08\/Galer\u00eda-Hum-6-450x317.png 450w\" sizes=\"(max-width: 490px) 100vw, 490px\" \/><\/p>\n<p>Humboldt y Bonpland recorrieron la Sabana de Bogot\u00e1 y consignaron sus impresiones del paisaje monta\u00f1oso, la flora y la fauna. De hecho, el naturalista alem\u00e1n describi\u00f3 por primera vez al capit\u00e1n de la Sabana, pez nativo del r\u00edo Bogot\u00e1, y lo bautiz\u00f3 <em>Eremophilus mutisii<\/em> en honor a Mutis. Al llegar a Guatavita, qued\u00f3 gratamente impresionado por el paisaje de la laguna, al punto de no solo ilustrarla sino comentar brevemente su pasado (el boquete con el que los conquistadores intentaron desecarla para extraer las piezas de oro que los ind\u00edgenas depositaban en sus ritos) sino tambi\u00e9n examinar la composici\u00f3n qu\u00edmica de sus aguas.<\/p>\n<p><strong><br \/>\nSalto de Tequendama<\/strong><\/p>\n<p><img loading=\"lazy\" decoding=\"async\" class=\"aligncenter size-full wp-image-11940\" src=\"http:\/\/www.javeriana.edu.co\/pesquisa\/wp-content\/uploads\/2018\/08\/Galer\u00eda-Hum-5.jpg\" alt=\"Galer\u00eda Hum 5\" width=\"596\" height=\"699\" srcset=\"http:\/\/www.javeriana.edu.co\/pesquisa\/wp-content\/uploads\/2018\/08\/Galer\u00eda-Hum-5.jpg 596w, http:\/\/www.javeriana.edu.co\/pesquisa\/wp-content\/uploads\/2018\/08\/Galer\u00eda-Hum-5-256x300.jpg 256w, http:\/\/www.javeriana.edu.co\/pesquisa\/wp-content\/uploads\/2018\/08\/Galer\u00eda-Hum-5-150x176.jpg 150w, http:\/\/www.javeriana.edu.co\/pesquisa\/wp-content\/uploads\/2018\/08\/Galer\u00eda-Hum-5-450x528.jpg 450w\" sizes=\"(max-width: 596px) 100vw, 596px\" \/><\/p>\n<p>A finales de agosto de 1801, la expedici\u00f3n de Humboldt se dirige hacia el sur de Santa Fe. Tras un breve recorrido por Soacha y sus alrededores, llegan al Salto de Tequendama donde el cient\u00edfico prusiano intenta, al arrojar rocas desde la cima y calcular su tiempo de ca\u00edda, medir la altura total de la cascada. M\u00e1s tarde registrar\u00eda los restos f\u00f3siles de mastodontes en las monta\u00f1as circundantes.<\/p>\n<p><strong><br \/>\nCargueros del Quind\u00edo<\/strong><\/p>\n<p><img loading=\"lazy\" decoding=\"async\" class=\"aligncenter size-full wp-image-11942\" src=\"http:\/\/www.javeriana.edu.co\/pesquisa\/wp-content\/uploads\/2018\/08\/Galer\u00eda-Hum-8.png\" alt=\"Galer\u00eda Hum 8\" width=\"726\" height=\"523\" srcset=\"http:\/\/www.javeriana.edu.co\/pesquisa\/wp-content\/uploads\/2018\/08\/Galer\u00eda-Hum-8.png 726w, http:\/\/www.javeriana.edu.co\/pesquisa\/wp-content\/uploads\/2018\/08\/Galer\u00eda-Hum-8-300x216.png 300w, http:\/\/www.javeriana.edu.co\/pesquisa\/wp-content\/uploads\/2018\/08\/Galer\u00eda-Hum-8-150x108.png 150w, http:\/\/www.javeriana.edu.co\/pesquisa\/wp-content\/uploads\/2018\/08\/Galer\u00eda-Hum-8-450x324.png 450w\" sizes=\"(max-width: 726px) 100vw, 726px\" \/><\/p>\n<p>A inicios de octubre de 1801, la expedici\u00f3n de Humboldt, que se dirig\u00eda hacia Popay\u00e1n, entr\u00f3 en tierras quindianas. M\u00e1s all\u00e1 de su trabajo bot\u00e1nico y sus apuntes sobre la geograf\u00eda y la fauna, la indignaci\u00f3n del cient\u00edfico se dispar\u00f3 al conocer a los cargueros: ind\u00edgenas que se ganaban la vida cargando a criollos en sillas atadas a sus espaldas. En este grabado, aparece una silla vac\u00eda: la que dej\u00f3 Humboldt como s\u00edmbolo de protesta.<\/p>\n<p><strong><br \/>\nCascada del r\u00edo Vinagre<\/strong><\/p>\n<p><img loading=\"lazy\" decoding=\"async\" class=\"aligncenter size-full wp-image-11943\" src=\"http:\/\/www.javeriana.edu.co\/pesquisa\/wp-content\/uploads\/2018\/08\/Galer\u00eda-Hum-9.png\" alt=\"Galer\u00eda Hum 9\" width=\"633\" height=\"790\" srcset=\"http:\/\/www.javeriana.edu.co\/pesquisa\/wp-content\/uploads\/2018\/08\/Galer\u00eda-Hum-9.png 633w, http:\/\/www.javeriana.edu.co\/pesquisa\/wp-content\/uploads\/2018\/08\/Galer\u00eda-Hum-9-240x300.png 240w, http:\/\/www.javeriana.edu.co\/pesquisa\/wp-content\/uploads\/2018\/08\/Galer\u00eda-Hum-9-150x187.png 150w, http:\/\/www.javeriana.edu.co\/pesquisa\/wp-content\/uploads\/2018\/08\/Galer\u00eda-Hum-9-450x562.png 450w\" sizes=\"(max-width: 633px) 100vw, 633px\" \/><\/p>\n<p>Un mes despu\u00e9s, Humboldt y su expedici\u00f3n llegan a Popay\u00e1n. Tras una corta estad\u00eda enfilan rumbo hacia el volc\u00e1n Purac\u00e9, pero en el trayecto descubren las aguas del r\u00edo Vinagre, un afluente tan cargado del azufre volc\u00e1nico que no alberga peces. En el diario de viaje qued\u00f3 consignado que el \u00e1cido de la cascada irrit\u00f3 los ojos de los viajeros. Despu\u00e9s, los viajeros se dirigieron hacia Pasto y, de all\u00ed, a tierras ecuatorianas.<\/p>\n<p><strong><br \/>\nGeograf\u00eda de las plantas de Ecuador<\/strong><\/p>\n<p><img loading=\"lazy\" decoding=\"async\" class=\"aligncenter size-full wp-image-11944\" src=\"http:\/\/www.javeriana.edu.co\/pesquisa\/wp-content\/uploads\/2018\/08\/Galer\u00eda-Hum-010.png\" alt=\"Galer\u00eda Hum 010\" width=\"950\" height=\"743\" srcset=\"http:\/\/www.javeriana.edu.co\/pesquisa\/wp-content\/uploads\/2018\/08\/Galer\u00eda-Hum-010.png 950w, http:\/\/www.javeriana.edu.co\/pesquisa\/wp-content\/uploads\/2018\/08\/Galer\u00eda-Hum-010-300x235.png 300w, http:\/\/www.javeriana.edu.co\/pesquisa\/wp-content\/uploads\/2018\/08\/Galer\u00eda-Hum-010-150x117.png 150w, http:\/\/www.javeriana.edu.co\/pesquisa\/wp-content\/uploads\/2018\/08\/Galer\u00eda-Hum-010-450x352.png 450w, http:\/\/www.javeriana.edu.co\/pesquisa\/wp-content\/uploads\/2018\/08\/Galer\u00eda-Hum-010-768x601.png 768w\" sizes=\"(max-width: 950px) 100vw, 950px\" \/><\/p>\n<p>Considerado por la comunidad cient\u00edfica como uno de los m\u00e1s grandes aportes de Humboldt a la cartograf\u00eda, este esquema propone una clasificaci\u00f3n de la flora seg\u00fan su piso t\u00e9rmico. Es, de hecho, el s\u00edmbolo del trabajo humboldtiano.<\/p>\n","protected":false},"excerpt":{"rendered":"<p>La expedici\u00f3n liderada por el naturalista alem\u00e1n Alexander von Humboldt a inicios del siglo XIX por tierras colombianas, dej\u00f3 memorables im\u00e1genes del paisaje, la flora, la fauna y las costumbres de la \u00e9poca. Todas ellas son rescatadas en \u2018Humboldtiana neogranadina\u2019, obra lanzada ayer por la Editorial Javeriana que reconstruye este viaje cient\u00edfico.<\/p>\n","protected":false},"author":34,"featured_media":21256,"comment_status":"open","ping_status":"open","sticky":false,"template":"","format":"standard","meta":{"footnotes":""},"categories":[378],"tags":[1472,452,1246,454,975],"class_list":{"0":"post-11945","1":"post","2":"type-post","3":"status-publish","4":"format-standard","5":"has-post-thumbnail","7":"category-multimedia","8":"tag-alexander-von-humboldt","9":"tag-expedicion-cientifica","10":"tag-grabado","11":"tag-viajeros","12":"tag-virreinato-de-la-nueva-granada"},"_links":{"self":[{"href":"http:\/\/www.javeriana.edu.co\/pesquisa\/wp-json\/wp\/v2\/posts\/11945","targetHints":{"allow":["GET"]}}],"collection":[{"href":"http:\/\/www.javeriana.edu.co\/pesquisa\/wp-json\/wp\/v2\/posts"}],"about":[{"href":"http:\/\/www.javeriana.edu.co\/pesquisa\/wp-json\/wp\/v2\/types\/post"}],"author":[{"embeddable":true,"href":"http:\/\/www.javeriana.edu.co\/pesquisa\/wp-json\/wp\/v2\/users\/34"}],"replies":[{"embeddable":true,"href":"http:\/\/www.javeriana.edu.co\/pesquisa\/wp-json\/wp\/v2\/comments?post=11945"}],"version-history":[{"count":4,"href":"http:\/\/www.javeriana.edu.co\/pesquisa\/wp-json\/wp\/v2\/posts\/11945\/revisions"}],"predecessor-version":[{"id":31361,"href":"http:\/\/www.javeriana.edu.co\/pesquisa\/wp-json\/wp\/v2\/posts\/11945\/revisions\/31361"}],"wp:featuredmedia":[{"embeddable":true,"href":"http:\/\/www.javeriana.edu.co\/pesquisa\/wp-json\/wp\/v2\/media\/21256"}],"wp:attachment":[{"href":"http:\/\/www.javeriana.edu.co\/pesquisa\/wp-json\/wp\/v2\/media?parent=11945"}],"wp:term":[{"taxonomy":"category","embeddable":true,"href":"http:\/\/www.javeriana.edu.co\/pesquisa\/wp-json\/wp\/v2\/categories?post=11945"},{"taxonomy":"post_tag","embeddable":true,"href":"http:\/\/www.javeriana.edu.co\/pesquisa\/wp-json\/wp\/v2\/tags?post=11945"}],"curies":[{"name":"wp","href":"https:\/\/api.w.org\/{rel}","templated":true}]}}