{"id":11953,"date":"2018-09-03T05:55:10","date_gmt":"2018-09-03T10:55:10","guid":{"rendered":"http:\/\/www.javeriana.edu.co\/pesquisa\/?p=11953"},"modified":"2022-05-17T11:22:53","modified_gmt":"2022-05-17T16:22:53","slug":"arte-entre-la-etica-y-la-estetica","status":"publish","type":"post","link":"http:\/\/www.javeriana.edu.co\/pesquisa\/arte-entre-la-etica-y-la-estetica\/","title":{"rendered":"Arte entre la \u00e9tica y la est\u00e9tica"},"content":{"rendered":"<p>\u00bfQu\u00e9 tipo de fronteras crea el conocimiento producido en el arte? \u00bfC\u00f3mo entender el nuevo conocimiento en proyectos de investigaci\u00f3n-creaci\u00f3n? \u00bfHasta qu\u00e9 punto renunciar al traspaso de fronteras constituye una resistencia a la cultura obsesionada con la innovaci\u00f3n? Son algunas preguntas que tienen respuesta en Desm\u00e1rgenes, la exposici\u00f3n central del III Encuentro Javeriano de Arte y Creatividad de la Pontificia Universidad Javeriana.<\/p>\n<p>Esta exhibici\u00f3n es la segunda de una serie que inici\u00f3 en el II Encuentro Javeriano de Arte y Creatividad (2016) con la presentaci\u00f3n \u2018Artistas al tablero\u2019, la cual cont\u00f3 con m\u00e1s de 17 obras de cinco universidades, entre ellas la de los Andes, la Nacional de Colombia, la Jorge Tadeo Lozano, la del Bosque y la Javeriana.<\/p>\n<p>El concepto de frontera, fronteras \u00e9ticas, geogr\u00e1ficas, conceptuales o est\u00e9ticas llega al <a href=\"https:\/\/www.javeriana.edu.co\/arteycreatividad\" target=\"_blank\" rel=\"noopener\">III Encuentro Javeriano de Arte y Creatividad<\/a> con Desm\u00e1rgenes, muestra dise\u00f1ada por la Asistencia para la Creaci\u00f3n Art\u00edstica de la Vicerrector\u00eda de Investigaci\u00f3n de la Javeriana, para reunir en un mismo espacio proyectos de investigaci\u00f3n-creaci\u00f3n de universidades de todo el pa\u00eds con el fin de que artistas y acad\u00e9micos presenten el proceso reflexivo que result\u00f3 de dicho trabajo en las categor\u00edas de artes pl\u00e1sticas y visuales.<\/p>\n<p>De acuerdo con \u00d3scar Hern\u00e1ndez, <a href=\"https:\/\/www.javeriana.edu.co\/investigacion\/creacion-artistica\" target=\"_blank\" rel=\"noopener\">asistente para la Creaci\u00f3n Art\u00edstica<\/a>, estos proyectos \u201cinvolucran procesos reflexivos porque, para resolver las preguntas de investigaci\u00f3n, hay que pasar por un proceso creativo donde la experimentaci\u00f3n con el material pl\u00e1stico hace parte del transcurso de la indagaci\u00f3n\u201d.<\/p>\n<p>La selecci\u00f3n de las obras pl\u00e1sticas y visuales que se presentar\u00e1n en \u2018Desm\u00e1rgenes\u2019 se dio por una convocatoria liderada por la Vicerrector\u00eda de Investigaci\u00f3n javeriana, en la que, seg\u00fan Hern\u00e1ndez, \u201ccontactamos a los departamentos y las facultades de artes de distintas universidades para que nos contaran c\u00f3mo han pensado sus proyectos de investigaci\u00f3n-creaci\u00f3n y los mostraran en el Encuentro\u201d.<\/p>\n<p>En total, se evaluaron 25 postulaciones de ocho universidades por el comit\u00e9 curatorial, en cabeza de Mar\u00eda Sol Bar\u00f3n y Ronald Mel\u00e9ndez, profesores de la Facultad de Artes de la Javeriana, y de \u00d3scar Hern\u00e1ndez, quien a su vez es doctor en Ciencias Sociales y Humanas de la misma instituci\u00f3n.<\/p>\n<figure id=\"attachment_11950\" aria-describedby=\"caption-attachment-11950\" style=\"width: 3765px\" class=\"wp-caption aligncenter\"><img fetchpriority=\"high\" decoding=\"async\" class=\"size-full wp-image-11950\" src=\"http:\/\/www.javeriana.edu.co\/pesquisa\/wp-content\/uploads\/2018\/09\/Desm\u00e1rgenes-1.jpg\" alt=\"dgfgfg\" width=\"3765\" height=\"2117\"><figcaption id=\"caption-attachment-11950\" class=\"wp-caption-text\">Novela gr\u00e1fica, videoensayo, escultura, fotograf\u00eda, entre otros, componen la exposici\u00f3n Desm\u00e1rgenes.<\/figcaption><\/figure>\n<p>La selecci\u00f3n tuvo en cuenta varios criterios: el primero, que el material de trabajo abordara el concepto de frontera \u00e9tica y est\u00e9tica de la creaci\u00f3n, que reflexionara pl\u00e1sticamente alrededor de la noci\u00f3n de margen o l\u00edmite y, finalmente, que fuera formulado como un proyecto de investigaci\u00f3n &#8211; creaci\u00f3n.<\/p>\n<p>Como resultado de este proceso se seleccionaron 13 obras, algunas de ellas de car\u00e1cter interdisciplinario, provenientes de las universidades Nacional de Colombia, Jorge Tadeo Lozano, El Bosque,&nbsp; los Andes,&nbsp; de Antioquia y Javeriana Bogot\u00e1 y su seccional Cali.<\/p>\n<p>En ese sentido, el III Encuentro Javeriano de Arte y Creatividad busca convertirse en \u201cun referente de c\u00f3mo las universidades colombianas entienden, desde el \u00e1rea pl\u00e1stica, el concepto de investigaci\u00f3n-creaci\u00f3n. De hecho, ver el producto est\u00e9tico o lo que est\u00e1n produciendo en relaci\u00f3n con estas obras en un solo espacio es muy dif\u00edcil de encontrar\u201d, indica Hern\u00e1ndez.<\/p>\n<p><em><a href=\"http:\/\/www.javeriana.edu.co\/pesquisa\/videojuego-contra-el-acoso-sexual\/\" target=\"_blank\" rel=\"noopener\">Poder Violeta<\/a>, <\/em>por ejemplo, es un proyecto que hace parte de este encuentro; esta iniciativa fue desarrollada por Carlos Torres, profesor asociado del <a href=\"https:\/\/arquidiseno.javeriana.edu.co\/departamentos\/departamento-diseno\">Departamento de Dise\u00f1o<\/a>, el Instituto Pensar y colectivos feministas como Polifon\u00eda, Observatorio Contra el Abuso Sexual Callejero, Deg\u00e9nero, Mujeres Gordas sin Chaqueta y Rosario sin Bragas, quienes buscan visibilizar y prevenir el acoso sexual sufrido por las mujeres en el transporte p\u00fablico.<\/p>\n<p>La instalaci\u00f3n escult\u00f3rica <em>Traslados de la memoria,<\/em> de Javier Barbosa de la Universidad Distrital Francisco Jos\u00e9 de Caldas; el ensayo audiovisual <em>Abismos,<\/em> de Mariana Dicker de la Jorge Tadeo Lozano; la novela gr\u00e1fica <em>La 40,<\/em> de Manuel Iturralde, Lucas Ospina y el Teatro Abrakadabra, son algunas obras que tambi\u00e9n har\u00e1n parte de la exposici\u00f3n.<\/p>\n<figure id=\"attachment_11951\" aria-describedby=\"caption-attachment-11951\" style=\"width: 3718px\" class=\"wp-caption aligncenter\"><img decoding=\"async\" class=\"size-full wp-image-11951\" src=\"http:\/\/www.javeriana.edu.co\/pesquisa\/wp-content\/uploads\/2018\/09\/Desm\u00e1rgenes-2.jpg\" alt=\"jkhkgty\" width=\"3718\" height=\"2091\"><figcaption id=\"caption-attachment-11951\" class=\"wp-caption-text\">Los visitantes pueden contemplar las 13 obras de seis universidades que integran la muestra.<\/figcaption><\/figure>\n<p>As\u00ed, Desm\u00e1rgenes, inaugurada el 31 de agosto pasado en la galer\u00eda del edificio Gerardo Arango, S.J. de la Javeriana, contar\u00e1 con una visita comentada con los artistas de la exhibici\u00f3n el jueves 6 de septiembre desde las 5:00 p.m. en la misma galer\u00eda, y con un conversatorio con los artistas el jueves 13 de septiembre, de 9:00 a.m. a 11:00 a.m., en el quinto piso del mismo edificio.<\/p>\n<p>\u201cEn estos espacios los artistas comentar\u00e1n las reflexiones que giran en torno a sus creaciones, c\u00f3mo se articulan con los proyectos de investigaci\u00f3n, incluso aquellos que son de car\u00e1cter interdisciplinario como lo es el videojuego feminista <em>Poder violeta<\/em>\u201d, menciona Hern\u00e1ndez.<\/p>\n<p>Instalaciones, esculturas, fotograf\u00edas, grabados e, incluso, videoensayos o instalaciones multimedia conforman Desm\u00e1rgenes, exposici\u00f3n que estar\u00e1 disponible del 31 de agosto al 20 de septiembre del 2018 en la Galer\u00eda del edificio Gerardo Arango, S.J, de la Universidad Javeriana, con entrada gratuita.<\/p>\n","protected":false},"excerpt":{"rendered":"<p>Desde la semana pasada, la exhibici\u00f3n Desm\u00e1rgenes presenta, en el marco del Tercer Encuentro Javeriano de Arte y Creatividad de la Pontificia Universidad Javeriana, proyectos de investigaci\u00f3n-creaci\u00f3n basados en el concepto de fronteras \u00e9ticas y est\u00e9ticas.  Estar\u00e1 abierta al p\u00fablico hasta el 20 de septiembre.<\/p>\n","protected":false},"author":39,"featured_media":21258,"comment_status":"open","ping_status":"open","sticky":false,"template":"","format":"standard","meta":{"footnotes":""},"categories":[199],"tags":[302,811,1480,759,582,635,1481,1482],"class_list":{"0":"post-11953","1":"post","2":"type-post","3":"status-publish","4":"format-standard","5":"has-post-thumbnail","7":"category-cultura","8":"tag-arte","9":"tag-creatividad","10":"tag-desmargenes","11":"tag-estetica","12":"tag-etica","13":"tag-exposicion","14":"tag-frontera","15":"tag-investigacion-creacion"},"_links":{"self":[{"href":"http:\/\/www.javeriana.edu.co\/pesquisa\/wp-json\/wp\/v2\/posts\/11953","targetHints":{"allow":["GET"]}}],"collection":[{"href":"http:\/\/www.javeriana.edu.co\/pesquisa\/wp-json\/wp\/v2\/posts"}],"about":[{"href":"http:\/\/www.javeriana.edu.co\/pesquisa\/wp-json\/wp\/v2\/types\/post"}],"author":[{"embeddable":true,"href":"http:\/\/www.javeriana.edu.co\/pesquisa\/wp-json\/wp\/v2\/users\/39"}],"replies":[{"embeddable":true,"href":"http:\/\/www.javeriana.edu.co\/pesquisa\/wp-json\/wp\/v2\/comments?post=11953"}],"version-history":[{"count":8,"href":"http:\/\/www.javeriana.edu.co\/pesquisa\/wp-json\/wp\/v2\/posts\/11953\/revisions"}],"predecessor-version":[{"id":31362,"href":"http:\/\/www.javeriana.edu.co\/pesquisa\/wp-json\/wp\/v2\/posts\/11953\/revisions\/31362"}],"wp:featuredmedia":[{"embeddable":true,"href":"http:\/\/www.javeriana.edu.co\/pesquisa\/wp-json\/wp\/v2\/media\/21258"}],"wp:attachment":[{"href":"http:\/\/www.javeriana.edu.co\/pesquisa\/wp-json\/wp\/v2\/media?parent=11953"}],"wp:term":[{"taxonomy":"category","embeddable":true,"href":"http:\/\/www.javeriana.edu.co\/pesquisa\/wp-json\/wp\/v2\/categories?post=11953"},{"taxonomy":"post_tag","embeddable":true,"href":"http:\/\/www.javeriana.edu.co\/pesquisa\/wp-json\/wp\/v2\/tags?post=11953"}],"curies":[{"name":"wp","href":"https:\/\/api.w.org\/{rel}","templated":true}]}}