{"id":12027,"date":"2018-09-28T11:30:19","date_gmt":"2018-09-28T16:30:19","guid":{"rendered":"http:\/\/www.javeriana.edu.co\/pesquisa\/?p=12027"},"modified":"2022-05-17T11:28:44","modified_gmt":"2022-05-17T16:28:44","slug":"ciencia-javeriana-llega-a-semillero-estudiantil-en-usme","status":"publish","type":"post","link":"http:\/\/www.javeriana.edu.co\/pesquisa\/ciencia-javeriana-llega-a-semillero-estudiantil-en-usme\/","title":{"rendered":"Ciencia javeriana llega a semillero estudiantil en Usme"},"content":{"rendered":"<p>La localidad del Usme, ubicada en la periferia del casco urbano de Bogot\u00e1, tiene un ecosistema privilegiado debido a sus quebradas (Fucha, Chuniza y Santa Librada), a zonas verdes como el Parque Ecol\u00f3gico Distrital Entrenubes y el Parque Cantarrana, y por lindar con uno de los p\u00e1ramos m\u00e1s grandes del mundo: el Sumapaz; sin embargo, esta zona es el hogar de una de las especies invasoras m\u00e1s agresivas del mundo, el retamo espinoso.<\/p>\n<p>De origen europeo, esta planta lleg\u00f3 a Colombia a mediados del siglo XIX para levantar cercas naturales, pero con el tiempo se convirti\u00f3 en un dolor de cabeza para los habitantes del altiplano cundiboyacense dadas sus propiedades incendiarias.<\/p>\n<p>Viviana Garz\u00f3n Espinoza, estudiante de grado 11 del Colegio Rural El Uval en Usme, no solo la ve a diario, sino que es testigo de su poder invasor: cada vez hay m\u00e1s retamo espinoso en el sur de su localidad.<\/p>\n<p>Fue a trav\u00e9s del art\u00edculo <a href=\"http:\/\/www.javeriana.edu.co\/pesquisa\/cientificos-restauran-paisaje-del-neusa\/\" target=\"_blank\" rel=\"noopener\"><em>Cient\u00edficos restauran paisaje del Neusa<\/em><\/a>, publicado en la p\u00e1gina web de <u>Pesquisa Javeriana<\/u>, que esta joven, con carism\u00e1tica sonrisa y un profundo deseo por aprender, descubri\u00f3 las investigaciones que la <a href=\"https:\/\/www.erecolombia.com\/\" target=\"_blank\" rel=\"noopener\">Escuela de Restauraci\u00f3n Ecol\u00f3gica (ERE)<\/a> adelanta en lugares como el Embalse del Neusa para rehabilitar los ecosistemas afectados con el crecimiento del retamo espinoso. No lo dud\u00f3 un minuto; contact\u00f3 a Sandra Contreras Rodr\u00edguez y Ana Carolina Moreno, investigadoras de la Pontificia Universidad Javeriana para conversar con ellas acerca del manejo de este arbusto for\u00e1neo.<\/p>\n<p>Viviana quer\u00eda erradicar esta especie y reducir el impacto que ocasiona en los frailejones del Sumapaz por ser una planta con alta absorci\u00f3n de agua. Hasta su colegio llegaron las investigadoras javerianas para conversar acerca de algunas estrategias para contener su propagaci\u00f3n.<img fetchpriority=\"high\" decoding=\"async\" class=\"aligncenter size-large wp-image-21501\" src=\"http:\/\/www.javeriana.edu.co\/pesquisa\/wp-content\/uploads\/2018\/09\/semillero-usme2-1024x683.jpg\" alt=\"semillero-usme2\" width=\"640\" height=\"427\" srcset=\"http:\/\/www.javeriana.edu.co\/pesquisa\/wp-content\/uploads\/2018\/09\/semillero-usme2.jpg 1024w, http:\/\/www.javeriana.edu.co\/pesquisa\/wp-content\/uploads\/2018\/09\/semillero-usme2-300x200.jpg 300w, http:\/\/www.javeriana.edu.co\/pesquisa\/wp-content\/uploads\/2018\/09\/semillero-usme2-150x100.jpg 150w, http:\/\/www.javeriana.edu.co\/pesquisa\/wp-content\/uploads\/2018\/09\/semillero-usme2-450x300.jpg 450w, http:\/\/www.javeriana.edu.co\/pesquisa\/wp-content\/uploads\/2018\/09\/semillero-usme2-768x512.jpg 768w, http:\/\/www.javeriana.edu.co\/pesquisa\/wp-content\/uploads\/2018\/09\/semillero-usme2-600x400.jpg 600w, http:\/\/www.javeriana.edu.co\/pesquisa\/wp-content\/uploads\/2018\/09\/semillero-usme2-272x182.jpg 272w\" sizes=\"(max-width: 640px) 100vw, 640px\" \/><\/p>\n<p>Lo hicieron a trav\u00e9s de ejercicios pr\u00e1cticos en donde los estudiantes respondieron desde preguntas t\u00e9cnicas como cu\u00e1l es el orden, familia o nombre de las especie a la que pertenece el retamo espinoso, hasta cotidianas como la diferencia con el retamo liso, c\u00f3mo erradicarla y cu\u00e1l es la distancia que alcanzan sus semillas una vez se incendian sus hojas.<\/p>\n<p>\u00bfEl resultado? \u201cSeguir avanzando en el desarrollo del proyecto, hacer estudios, saber c\u00f3mo erradicar la planta y c\u00f3mo tratarla de la forma en que la Javeriana la trata\u201d, dice Jonathan Estiven Cristancho, compa\u00f1ero de estudios de Viviana.<\/p>\n<p>A sus 16 a\u00f1os Viviana no solo es una joven apasionada por la investigaci\u00f3n y la biolog\u00eda, tambi\u00e9n ve en esta planta una materia prima para la producci\u00f3n de combustible y aceites y lidera el grupo de investigaci\u00f3n \u2018Retamo muere ya\u2019, un semillero conformado por estudiantes de grado Once con el fin de buscar estrategias para eliminar esta especie de su regi\u00f3n.<\/p>\n<p><u>Pesquisa Javeriana<\/u> acompa\u00f1\u00f3 este ejercicio de apropiaci\u00f3n social del conocimiento. Descubre aqu\u00ed c\u00f3mo las pr\u00e1cticas de comunicaci\u00f3n y divulgaci\u00f3n de la ciencia han generado efectos positivos en los estudiantes y docentes de la comunidad educativa Colegio Rural El Uval IED.<\/p>\n<p><iframe title=\"Escuela de Restauraci\u00f3n Ecol\u00f3gica\" width=\"814\" height=\"458\" src=\"https:\/\/www.youtube.com\/embed\/CFlqRynLmP8?feature=oembed\" frameborder=\"0\" allow=\"accelerometer; autoplay; clipboard-write; encrypted-media; gyroscope; picture-in-picture\" allowfullscreen><\/iframe><\/p>\n","protected":false},"excerpt":{"rendered":"<p>Investigadoras de la Escuela de Restauraci\u00f3n Ecol\u00f3gica de la Pontificia Universidad Javeriana visitaron el Colegio rural El Uval, ubicado en Usme, para presentar estrategias de rehabilitaci\u00f3n y contenci\u00f3n de la especie invasora retamo espinoso.<\/p>\n","protected":false},"author":1,"featured_media":21503,"comment_status":"open","ping_status":"open","sticky":false,"template":"","format":"standard","meta":{"footnotes":""},"categories":[373,376],"tags":[1521,1283,97,897,1069,1520,1522],"class_list":{"0":"post-12027","1":"post","2":"type-post","3":"status-publish","4":"format-standard","5":"has-post-thumbnail","7":"category-sociedad","8":"category-ambiente","9":"tag-colegio","10":"tag-estudiantes","11":"tag-investigacion","12":"tag-restauracion-ecologica","13":"tag-retamo-espinoso","14":"tag-retamo-liso","15":"tag-usme"},"_links":{"self":[{"href":"http:\/\/www.javeriana.edu.co\/pesquisa\/wp-json\/wp\/v2\/posts\/12027","targetHints":{"allow":["GET"]}}],"collection":[{"href":"http:\/\/www.javeriana.edu.co\/pesquisa\/wp-json\/wp\/v2\/posts"}],"about":[{"href":"http:\/\/www.javeriana.edu.co\/pesquisa\/wp-json\/wp\/v2\/types\/post"}],"author":[{"embeddable":true,"href":"http:\/\/www.javeriana.edu.co\/pesquisa\/wp-json\/wp\/v2\/users\/1"}],"replies":[{"embeddable":true,"href":"http:\/\/www.javeriana.edu.co\/pesquisa\/wp-json\/wp\/v2\/comments?post=12027"}],"version-history":[{"count":8,"href":"http:\/\/www.javeriana.edu.co\/pesquisa\/wp-json\/wp\/v2\/posts\/12027\/revisions"}],"predecessor-version":[{"id":31369,"href":"http:\/\/www.javeriana.edu.co\/pesquisa\/wp-json\/wp\/v2\/posts\/12027\/revisions\/31369"}],"wp:featuredmedia":[{"embeddable":true,"href":"http:\/\/www.javeriana.edu.co\/pesquisa\/wp-json\/wp\/v2\/media\/21503"}],"wp:attachment":[{"href":"http:\/\/www.javeriana.edu.co\/pesquisa\/wp-json\/wp\/v2\/media?parent=12027"}],"wp:term":[{"taxonomy":"category","embeddable":true,"href":"http:\/\/www.javeriana.edu.co\/pesquisa\/wp-json\/wp\/v2\/categories?post=12027"},{"taxonomy":"post_tag","embeddable":true,"href":"http:\/\/www.javeriana.edu.co\/pesquisa\/wp-json\/wp\/v2\/tags?post=12027"}],"curies":[{"name":"wp","href":"https:\/\/api.w.org\/{rel}","templated":true}]}}