{"id":12077,"date":"2018-10-10T06:07:47","date_gmt":"2018-10-10T11:07:47","guid":{"rendered":"http:\/\/www.javeriana.edu.co\/pesquisa\/?p=12077"},"modified":"2022-05-17T11:31:46","modified_gmt":"2022-05-17T16:31:46","slug":"javerianos-reciben-premios-de-ciencia","status":"publish","type":"post","link":"http:\/\/www.javeriana.edu.co\/pesquisa\/javerianos-reciben-premios-de-ciencia\/","title":{"rendered":"Javerianos reciben premios de ciencia"},"content":{"rendered":"<p>Tres profesores del Departamento de F\u00edsica de la Pontificia Universidad Javeriana reciben hoy el premio en Ciencias Exactas, F\u00edsicas y Naturales otorgado por la Fundaci\u00f3n Alejandro \u00c1ngel Escobar (FAAE) durante la Sexag\u00e9sima Tercera (LXIII) edici\u00f3n de los Premios Nacionales de Ciencias y Solidaridad.<\/p>\n<p>\u201cNo existe un desarrollo como este en el mundo y su potencial de aplicabilidad es incalculable\u201d, dice la FAAE en su <a href=\"https:\/\/www.faae.org.co\/_pdf\/comunicados\/ComunicadoGanadoresPremios2018.pdf\" target=\"_blank\" rel=\"noopener\">comunicado de prensa<\/a> refiri\u00e9ndose a la tecnolog\u00eda <a href=\"http:\/\/www.javeriana.edu.co\/pesquisa\/diodos-organicos-patente-javeriana-que-innova-los-dispositivos-energeticos\/\" target=\"_blank\" rel=\"noopener\">OLED\/cristales coloidales org\u00e1nicos<\/a>, que consiste en el dise\u00f1o, modelamiento y fabricaci\u00f3n de dispositivos emisores de luz basados en mol\u00e9culas org\u00e1nicas y part\u00edculas coloidales (microsc\u00f3picas, de origen org\u00e1nico) que emiten una gran cantidad de luz consumiendo poca energ\u00eda, favoreciendo as\u00ed procesos ambientalmente amigables.<\/p>\n<p>Juan Carlos Salcedo Reyes, Henry Alberto M\u00e9ndez Pinz\u00f3n y Luis Camilo Jim\u00e9nez Borrego, del grupo de investigaci\u00f3n de Pel\u00edculas Delgadas y Nanofot\u00f3nica (GPD&amp;NF), crearon este dispositivo \u00f3ptico de gran eficiencia que puede ser \u00fatil en la fabricaci\u00f3n de tabletas, televisores y celulares.<\/p>\n<p>En di\u00e1logo con Pesquisa Javeriana, el profesor Juan Carlos Salcedo explic\u00f3 detalladamente esta tecnolog\u00eda, la cual est\u00e1 en proceso de transferencia al mercado:<\/p>\n<p><iframe title=\"Diodos org\u00e1nicos: patente javeriana que innova los dispositivos energ\u00e9ticos\" width=\"814\" height=\"458\" src=\"https:\/\/www.youtube.com\/embed\/GTsDZ7xN8Kg?feature=oembed\" frameborder=\"0\" allow=\"accelerometer; autoplay; clipboard-write; encrypted-media; gyroscope; picture-in-picture\" allowfullscreen><\/iframe><\/p>\n<p><strong><br \/>\nMenci\u00f3n de Honor a profesores de Comunicaci\u00f3n<\/strong><\/p>\n<p>As\u00ed mismo, Germ\u00e1n Rey Beltr\u00e1n y \u00c1lvaro Fernando N\u00fa\u00f1ez Z\u00fa\u00f1iga, profesores de la Facultad de Comunicaci\u00f3n y Lenguaje de la Universidad Javeriana; Camilo Vallejo Giraldo, miembro de la Corporaci\u00f3n C\u00edvica de Caldas; Mar\u00eda Ang\u00e9lica Nieto Uribe, representante de la ACDI\/VOCA; y Yury Andrea Torres Guar\u00edn, de la Secretar\u00eda de Integraci\u00f3n Social de Bogot\u00e1, reciben una menci\u00f3n de honor en la categor\u00eda de Ciencias Sociales y Humanas por el informe <a href=\"https:\/\/centrodememoriahistorica.gov.co\/micrositios\/periodistas\/pdf\/la-palabra-y-el-silencio-violencia-contra-periodistas.pdf\" target=\"_blank\" rel=\"noopener\"><em>La palabra y el silencio<\/em><em>: La violencia contra periodistas en Colombia (1977 \u2013 2015)<\/em><\/a><em>,<\/em> publicado por el Centro Nacional de Memoria Hist\u00f3rica.<\/p>\n<p>Su investigaci\u00f3n destaca el ataque que ha sufrido la libertad de prensa con el asesinato, las amenazas y los secuestros a periodistas de medios regionales y resalta la impunidad en estos casos, ubicando a Colombia como uno de los peores pa\u00edses en cuanto a libertad de expresi\u00f3n.<\/p>\n<p>Seg\u00fan el comunicado de prensa de la FAAE, \u201cesta investigaci\u00f3n insiste en que el blanco no son s\u00f3lo los periodistas, sino la informaci\u00f3n misma y, en esa medida, las comunidades a las que se las despoja\u201d.<\/p>\n","protected":false},"excerpt":{"rendered":"<p>Por sus aportes en el campo de la nanotecnolog\u00eda aplicada a dispositivos org\u00e1nicos emisores de luz y un proyecto sobre libertad de expresi\u00f3n, investigadores javerianos reciben premio de la Fundaci\u00f3n Alejandro \u00c1ngel Escobar.<\/p>\n","protected":false},"author":40,"featured_media":21548,"comment_status":"open","ping_status":"open","sticky":false,"template":"","format":"standard","meta":{"footnotes":""},"categories":[127],"tags":[1440,1543,1547,1545,1168,1544,1546],"class_list":{"0":"post-12077","1":"post","2":"type-post","3":"status-publish","4":"format-standard","5":"has-post-thumbnail","7":"category-innovacion","8":"tag-distincion","9":"tag-fundacion-alejandro-angel-escobar","10":"tag-impunidad-judicial","11":"tag-libertad-de-prensa","12":"tag-oled","13":"tag-particulas-coloidales","14":"tag-periodismo-regional"},"_links":{"self":[{"href":"http:\/\/www.javeriana.edu.co\/pesquisa\/wp-json\/wp\/v2\/posts\/12077","targetHints":{"allow":["GET"]}}],"collection":[{"href":"http:\/\/www.javeriana.edu.co\/pesquisa\/wp-json\/wp\/v2\/posts"}],"about":[{"href":"http:\/\/www.javeriana.edu.co\/pesquisa\/wp-json\/wp\/v2\/types\/post"}],"author":[{"embeddable":true,"href":"http:\/\/www.javeriana.edu.co\/pesquisa\/wp-json\/wp\/v2\/users\/40"}],"replies":[{"embeddable":true,"href":"http:\/\/www.javeriana.edu.co\/pesquisa\/wp-json\/wp\/v2\/comments?post=12077"}],"version-history":[{"count":5,"href":"http:\/\/www.javeriana.edu.co\/pesquisa\/wp-json\/wp\/v2\/posts\/12077\/revisions"}],"predecessor-version":[{"id":24682,"href":"http:\/\/www.javeriana.edu.co\/pesquisa\/wp-json\/wp\/v2\/posts\/12077\/revisions\/24682"}],"wp:featuredmedia":[{"embeddable":true,"href":"http:\/\/www.javeriana.edu.co\/pesquisa\/wp-json\/wp\/v2\/media\/21548"}],"wp:attachment":[{"href":"http:\/\/www.javeriana.edu.co\/pesquisa\/wp-json\/wp\/v2\/media?parent=12077"}],"wp:term":[{"taxonomy":"category","embeddable":true,"href":"http:\/\/www.javeriana.edu.co\/pesquisa\/wp-json\/wp\/v2\/categories?post=12077"},{"taxonomy":"post_tag","embeddable":true,"href":"http:\/\/www.javeriana.edu.co\/pesquisa\/wp-json\/wp\/v2\/tags?post=12077"}],"curies":[{"name":"wp","href":"https:\/\/api.w.org\/{rel}","templated":true}]}}