{"id":12134,"date":"2018-10-26T10:11:55","date_gmt":"2018-10-26T15:11:55","guid":{"rendered":"http:\/\/www.javeriana.edu.co\/pesquisa\/?p=12134"},"modified":"2022-05-17T11:38:34","modified_gmt":"2022-05-17T16:38:34","slug":"el-aventurero-errante","status":"publish","type":"post","link":"http:\/\/www.javeriana.edu.co\/pesquisa\/el-aventurero-errante\/","title":{"rendered":"El aventurero errante"},"content":{"rendered":"<p><img fetchpriority=\"high\" decoding=\"async\" class=\"alignright size-full wp-image-21678\" src=\"http:\/\/www.javeriana.edu.co\/pesquisa\/wp-content\/uploads\/2018\/10\/german-ortegon.jpg\" alt=\"german-ortegon\" width=\"388\" height=\"386\" srcset=\"http:\/\/www.javeriana.edu.co\/pesquisa\/wp-content\/uploads\/2018\/10\/german-ortegon.jpg 388w, http:\/\/www.javeriana.edu.co\/pesquisa\/wp-content\/uploads\/2018\/10\/german-ortegon-300x298.jpg 300w, http:\/\/www.javeriana.edu.co\/pesquisa\/wp-content\/uploads\/2018\/10\/german-ortegon-80x80.jpg 80w, http:\/\/www.javeriana.edu.co\/pesquisa\/wp-content\/uploads\/2018\/10\/german-ortegon-150x149.jpg 150w\" sizes=\"(max-width: 388px) 100vw, 388px\" \/><\/p>\n<p>Inquieto, juguet\u00f3n e intrigado por objetos viejos y las cosas abandonadas, as\u00ed creci\u00f3 Germ\u00e1n Orteg\u00f3n. Desde que ten\u00eda 13 a\u00f1os, recuerda, colgaba sobre su cuello una c\u00e1mara Olympus duplicadora que pertenec\u00eda a su madre, con un lente fijo y un peque\u00f1o zoom. Recorr\u00eda las calles capturando im\u00e1genes, sin llegar a imaginarse que este <em>hobbie<\/em> lo convertir\u00eda en fot\u00f3grafo de la BBC y no propiamente por su rigurosidad period\u00edstica, sino porque era el designado para bautizos, bodas y comuniones. S\u00ed, primeras comuniones.<\/p>\n<p>Naci\u00f3 en Manizales, en el seno de una familia de pura cepa: los Orteg\u00f3n P\u00e9rez.\u00a0 Aunque su pasi\u00f3n escondida siempre fue la fotograf\u00eda, decidi\u00f3, durante su adolescencia, estudiar comunicaci\u00f3n social y periodismo. Se especializ\u00f3 en televisi\u00f3n, en la Escuela Internacional de Cine y Televisi\u00f3n de San Antonio de los Ba\u00f1os, en Cuba, y el <a href=\"https:\/\/www.rtve.es\/instituto\/\" target=\"_blank\" rel=\"noopener\">Instituto RTVE<\/a> en Madrid, Espa\u00f1a.<\/p>\n<p>Desde joven este manizale\u00f1o supo que lo suyo era narrar, narrar las historias de personas, sus experiencias y su memoria. Por eso dirigi\u00f3 el programa Agenda CM&amp; en el Canal Uno, produjo los Juegos Centroamericanos y del Caribe \u2013 Cartagena (2006) para <a href=\"https:\/\/www.senalcolombia.tv\/deportes\/transmision-en-vivo-de-juegos-centroamericanos-y-del-caribe-por-senal-colombia\" target=\"_blank\" rel=\"noopener\">Se\u00f1al Colombia<\/a>, y realiz\u00f3 el magaz\u00edn Los Ojos de mi Calle para RCN (2005).<\/p>\n<p>Las primeras publicaciones sobre su trabajo con c\u00e1maras ocurrieron cuando era periodista del diario <em><a href=\"https:\/\/www.lapatria.com\" target=\"_blank\" rel=\"noopener\">La Patria<\/a><\/em>, \u00a0en Manizales. Aunque su funci\u00f3n no era hacer fotoperiodismo, recuerda que las postales que tomaba le serv\u00edan como un ejercicio de memoria personal. En su cat\u00e1logo de fotograf\u00edas todav\u00eda conserva alrededor de 27.000 im\u00e1genes.<\/p>\n<p><img decoding=\"async\" class=\"aligncenter size-full wp-image-21679\" src=\"http:\/\/www.javeriana.edu.co\/pesquisa\/wp-content\/uploads\/2018\/10\/la-belleza-del-olvido.jpg\" alt=\"la-belleza-del-olvido\" width=\"1000\" height=\"667\" srcset=\"http:\/\/www.javeriana.edu.co\/pesquisa\/wp-content\/uploads\/2018\/10\/la-belleza-del-olvido.jpg 1000w, http:\/\/www.javeriana.edu.co\/pesquisa\/wp-content\/uploads\/2018\/10\/la-belleza-del-olvido-300x200.jpg 300w, http:\/\/www.javeriana.edu.co\/pesquisa\/wp-content\/uploads\/2018\/10\/la-belleza-del-olvido-150x100.jpg 150w, http:\/\/www.javeriana.edu.co\/pesquisa\/wp-content\/uploads\/2018\/10\/la-belleza-del-olvido-450x300.jpg 450w, http:\/\/www.javeriana.edu.co\/pesquisa\/wp-content\/uploads\/2018\/10\/la-belleza-del-olvido-768x512.jpg 768w, http:\/\/www.javeriana.edu.co\/pesquisa\/wp-content\/uploads\/2018\/10\/la-belleza-del-olvido-600x400.jpg 600w, http:\/\/www.javeriana.edu.co\/pesquisa\/wp-content\/uploads\/2018\/10\/la-belleza-del-olvido-272x182.jpg 272w\" sizes=\"(max-width: 1000px) 100vw, 1000px\" \/><\/p>\n<p>Con el paso de los a\u00f1os Germ\u00e1n supo que contar historias audiovisuales no era suficiente, que el pa\u00eds estaba cansado de ver muertos, tragedias y desastres; y que \u00e9l tambi\u00e9n, como periodista, estaba molesto de encontrar c\u00f3mo los protagonistas de sus producciones terminaban amenazados o revictimizados. A inicios de 2010, y con el objetivo de narrar desde otros puntos de vista, descubri\u00f3 en las fotograf\u00edas una forma de contar realidades. Una met\u00e1fora de la vida que, aunque cruda y dolorosa, tambi\u00e9n puede ser bella.<\/p>\n<p>Este fue el gran salto en su carrera profesional. Not\u00f3, por primera vez, que no necesitaba de secuencias fotogr\u00e1ficas para contar an\u00e9cdotas, sino que una sola imagen podr\u00eda contener millones de historias seg\u00fan la posici\u00f3n espacio-temporal del observador. Eso fue suficiente para darle un giro a su vida y emprender un di\u00e1logo con los objetos desde una est\u00e9tica bizarra mediado por la sensibilidad. Ellos le hablan de sujetos que aun los habitan y que dejaron su esp\u00edritu en su interior, tal como dice.<\/p>\n<p><img decoding=\"async\" class=\"aligncenter size-full wp-image-21680\" src=\"http:\/\/www.javeriana.edu.co\/pesquisa\/wp-content\/uploads\/2018\/10\/la-belleza-del-olvido2.jpg\" alt=\"la-belleza-del-olvido2\" width=\"1000\" height=\"667\" srcset=\"http:\/\/www.javeriana.edu.co\/pesquisa\/wp-content\/uploads\/2018\/10\/la-belleza-del-olvido2.jpg 1000w, http:\/\/www.javeriana.edu.co\/pesquisa\/wp-content\/uploads\/2018\/10\/la-belleza-del-olvido2-300x200.jpg 300w, http:\/\/www.javeriana.edu.co\/pesquisa\/wp-content\/uploads\/2018\/10\/la-belleza-del-olvido2-150x100.jpg 150w, http:\/\/www.javeriana.edu.co\/pesquisa\/wp-content\/uploads\/2018\/10\/la-belleza-del-olvido2-450x300.jpg 450w, http:\/\/www.javeriana.edu.co\/pesquisa\/wp-content\/uploads\/2018\/10\/la-belleza-del-olvido2-768x512.jpg 768w, http:\/\/www.javeriana.edu.co\/pesquisa\/wp-content\/uploads\/2018\/10\/la-belleza-del-olvido2-600x400.jpg 600w, http:\/\/www.javeriana.edu.co\/pesquisa\/wp-content\/uploads\/2018\/10\/la-belleza-del-olvido2-272x182.jpg 272w\" sizes=\"(max-width: 1000px) 100vw, 1000px\" \/><\/p>\n<p>\u201cDescubr\u00ed que la gente se estaba volviendo insensible por lo que suced\u00eda en el d\u00eda a d\u00eda\u201d, enfatiza Germ\u00e1n Orteg\u00f3n. Porque, seg\u00fan \u00e9l, este ejercicio le permiti\u00f3 encontrar en las im\u00e1genes \u201c\u2026las experiencias de las personas, de lo vivido y no vivido. Encontrar sentimientos estremecedores sobre aquello que, aunque no experimentaron, s\u00ed se los contaron o asociaron con su pasado\u201d.<\/p>\n<p><strong><br \/>\nNuevos retos<\/strong><\/p>\n<p>En 2014 este amante de los viajes asumi\u00f3 el reto de recorrer el pa\u00eds con tr\u00edpode en mano y maleta al hombro para contar, a trav\u00e9s de su lente, la memoria de las v\u00edctimas del conflicto armado. Camin\u00f3 toda la regi\u00f3n de Gualiv\u00e1, en el departamento de Cundinamarca, por alrededor de cuatro a\u00f1os. De este ejercicio resultaron 70 fotograf\u00edas de objetos desgastados, personas y paisajes que evidencian el maltrato, abandono y desplazamiento de campesinos colombianos.<\/p>\n<p>No fue un ejercicio de reporter\u00eda, sino un encuentro programado por el destino con los testimonios que le contaban las cosas viejas. Entabl\u00f3 un dialogo con los objetos, sent\u00eda sus voces, llam\u00e1ndolo y observ\u00e1ndolo. As\u00ed entendi\u00f3 que esos elementos que alguna vez us\u00f3 para contextualizar los documentales que les presentaba a los televidentes, ahora le permit\u00edan narrar la complejidad de la violencia. Aunque no se considera un hombre sensible, reconoce que aprendi\u00f3 a ver diferente. A entender que \u201c\u2026en el universo, todo dialoga con todo\u201d.<\/p>\n<p>En marzo de 2017, Orteg\u00f3n, quien tambi\u00e9n es profesor de la <a href=\"https:\/\/comunicacionylenguaje.javeriana.edu.co\" target=\"_blank\" rel=\"noopener\">Facultad de Comunicaci\u00f3n y Lenguaje de la Pontificia Universidad Javeriana<\/a>, registr\u00f3 la serie fotogr\u00e1fica <em>Lo que fuimos<\/em> en el <a href=\"https:\/\/catalogodeobras.javeriana.edu.co\/catalogodeobras\/items\/browse?advanced%5B0%5D%5Belement_id%5D=39&amp;advanced%5B0%5D%5Btype%5D=is+exactly&amp;advanced%5B0%5D%5Bterms%5D=Germ\u00e1n+Orteg\u00f3n\" target=\"_blank\" rel=\"noopener\">Cat\u00e1logo de Obras Art\u00edsticas<\/a> de la misma instituci\u00f3n Seg\u00fan \u00d3scar Hern\u00e1ndez, asistente para la <a href=\"https:\/\/www.javeriana.edu.co\/investigacion\/creacion-artistica\" target=\"_blank\" rel=\"noopener\">Creaci\u00f3n Art\u00edstica de la Vicerrector\u00eda de Investigaci\u00f3n<\/a>, su obra cuenta con un valor patrimonial y est\u00e9tico de especial importancia para la Universidad.<\/p>\n<p><img loading=\"lazy\" decoding=\"async\" class=\"aligncenter size-full wp-image-21681\" src=\"http:\/\/www.javeriana.edu.co\/pesquisa\/wp-content\/uploads\/2018\/10\/la-belleza-del-olvido3.jpg\" alt=\"la-belleza-del-olvido3\" width=\"1000\" height=\"667\" srcset=\"http:\/\/www.javeriana.edu.co\/pesquisa\/wp-content\/uploads\/2018\/10\/la-belleza-del-olvido3.jpg 1000w, http:\/\/www.javeriana.edu.co\/pesquisa\/wp-content\/uploads\/2018\/10\/la-belleza-del-olvido3-300x200.jpg 300w, http:\/\/www.javeriana.edu.co\/pesquisa\/wp-content\/uploads\/2018\/10\/la-belleza-del-olvido3-150x100.jpg 150w, http:\/\/www.javeriana.edu.co\/pesquisa\/wp-content\/uploads\/2018\/10\/la-belleza-del-olvido3-450x300.jpg 450w, http:\/\/www.javeriana.edu.co\/pesquisa\/wp-content\/uploads\/2018\/10\/la-belleza-del-olvido3-768x512.jpg 768w, http:\/\/www.javeriana.edu.co\/pesquisa\/wp-content\/uploads\/2018\/10\/la-belleza-del-olvido3-600x400.jpg 600w, http:\/\/www.javeriana.edu.co\/pesquisa\/wp-content\/uploads\/2018\/10\/la-belleza-del-olvido3-272x182.jpg 272w\" sizes=\"(max-width: 1000px) 100vw, 1000px\" \/><\/p>\n<p>\u201cCuando muestro por primera vez <em>Lo que fuimos<\/em>, me encuentro con personas que empiezan a llorar viendo las im\u00e1genes; mi inter\u00e9s no era que lloraran, sino tocarlos. Lo que pretend\u00eda era indagar en la sensibilidad y las vivencias de las personas y es que a veces surgen sentimientos estremecedores que no se pueden evitar\u201d, recuerda Orteg\u00f3n.<\/p>\n<p>Su misi\u00f3n no termin\u00f3 all\u00ed. De hecho, en diciembre de 2017, Orteg\u00f3n y seis estudiantes del <a href=\"https:\/\/www.javeriana.edu.co\/investigacion\/semillero-periodismo-audiovisual\" target=\"_blank\" rel=\"noopener\">Semillero de Investigaci\u00f3n Aplicada en Periodismo Audiovisual<\/a> de la Javeriana viajaron al Sahara Occidental, a la Rep\u00fablica \u00c1rabe Saharaui Democr\u00e1tica gracias a una invitaci\u00f3n hecha por su embajador Mujtar Leboihi Emboiric. Este territorio, su poblaci\u00f3n y gobierno son aut\u00f3nomos; sin embargo, su soberan\u00eda no ha sido reconocida internacionalmente.<\/p>\n<p>El prop\u00f3sito de este viaje fue realizar trabajo social con la comunidad saharaui, construir casas, hacer actividades con los ni\u00f1os, conocer los hospitales y al mismo tiempo recorrer los campamentos de refugiados para fotografiar el concepto del dolor de la guerra, ya que esta regi\u00f3n ha vivido en conflicto constante entre el Frente Polisario,\u00a0 Marruecos y Mauritania por mantener el dominio militar y colonial de la zona desde mediados de los a\u00f1os setenta.<\/p>\n<p><img loading=\"lazy\" decoding=\"async\" class=\"aligncenter size-full wp-image-21682\" src=\"http:\/\/www.javeriana.edu.co\/pesquisa\/wp-content\/uploads\/2018\/10\/la-belleza-del-olvido4.jpg\" alt=\"la-belleza-del-olvido4\" width=\"640\" height=\"427\" srcset=\"http:\/\/www.javeriana.edu.co\/pesquisa\/wp-content\/uploads\/2018\/10\/la-belleza-del-olvido4.jpg 640w, http:\/\/www.javeriana.edu.co\/pesquisa\/wp-content\/uploads\/2018\/10\/la-belleza-del-olvido4-300x200.jpg 300w, http:\/\/www.javeriana.edu.co\/pesquisa\/wp-content\/uploads\/2018\/10\/la-belleza-del-olvido4-150x100.jpg 150w, http:\/\/www.javeriana.edu.co\/pesquisa\/wp-content\/uploads\/2018\/10\/la-belleza-del-olvido4-450x300.jpg 450w, http:\/\/www.javeriana.edu.co\/pesquisa\/wp-content\/uploads\/2018\/10\/la-belleza-del-olvido4-600x400.jpg 600w, http:\/\/www.javeriana.edu.co\/pesquisa\/wp-content\/uploads\/2018\/10\/la-belleza-del-olvido4-272x182.jpg 272w\" sizes=\"(max-width: 640px) 100vw, 640px\" \/><\/p>\n<p>Una grata experiencia, seg\u00fan cuenta Germ\u00e1n, ocurri\u00f3 a los pocos d\u00edas de llegar al desierto. Porque, aunque viajaron en diciembre del 2017 y las especificaciones del tiempo para la \u00e9poca correspond\u00edan a sequ\u00eda, el grupo javeriano presenci\u00f3 una fuerte tormenta de arena y, poco com\u00fan, una tarde lluviosa. De ah\u00ed, naci\u00f3 una de las fotograf\u00edas m\u00e1s bellas de la colecci\u00f3n <em>Memorias de arena<\/em>, se trata de una gran duna vestida por un rojo intenso ocasionado por el agua que la ba\u00f1\u00f3.<\/p>\n<p><img loading=\"lazy\" decoding=\"async\" class=\"aligncenter size-large wp-image-21683\" src=\"http:\/\/www.javeriana.edu.co\/pesquisa\/wp-content\/uploads\/2018\/10\/memorias-de-arena-1024x683.jpg\" alt=\"memorias-de-arena\" width=\"640\" height=\"427\" srcset=\"http:\/\/www.javeriana.edu.co\/pesquisa\/wp-content\/uploads\/2018\/10\/memorias-de-arena.jpg 1024w, http:\/\/www.javeriana.edu.co\/pesquisa\/wp-content\/uploads\/2018\/10\/memorias-de-arena-300x200.jpg 300w, http:\/\/www.javeriana.edu.co\/pesquisa\/wp-content\/uploads\/2018\/10\/memorias-de-arena-150x100.jpg 150w, http:\/\/www.javeriana.edu.co\/pesquisa\/wp-content\/uploads\/2018\/10\/memorias-de-arena-450x300.jpg 450w, http:\/\/www.javeriana.edu.co\/pesquisa\/wp-content\/uploads\/2018\/10\/memorias-de-arena-768x512.jpg 768w, http:\/\/www.javeriana.edu.co\/pesquisa\/wp-content\/uploads\/2018\/10\/memorias-de-arena-600x400.jpg 600w, http:\/\/www.javeriana.edu.co\/pesquisa\/wp-content\/uploads\/2018\/10\/memorias-de-arena-272x182.jpg 272w\" sizes=\"(max-width: 640px) 100vw, 640px\" \/><\/p>\n<p>Esta obra, conformada por 20 im\u00e1genes, se prepara para presentarse a lo largo de 2019 en pa\u00edses como Sud\u00e1frica, la Liga \u00c1rabe, Francia, Alemania, Estados Unidos y Espa\u00f1a, con el apoyo de la embajada saharaui. <em><a href=\"https:\/\/www.germanortegon.com\/pueblo-de-arena\" target=\"_blank\" rel=\"noopener\">Memorias de arena<\/a><\/em> ya toc\u00f3 territorio colombiano al haberse exhibido en las pantallas gigantes de la Javeriana y estar en proceso de registro en el Cat\u00e1logo de Obras de la misma instituci\u00f3n.<\/p>\n<p><img loading=\"lazy\" decoding=\"async\" class=\"aligncenter size-full wp-image-21684\" src=\"http:\/\/www.javeriana.edu.co\/pesquisa\/wp-content\/uploads\/2018\/10\/memorias-de-arena2.jpg\" alt=\"memorias-de-arena2\" width=\"640\" height=\"427\" srcset=\"http:\/\/www.javeriana.edu.co\/pesquisa\/wp-content\/uploads\/2018\/10\/memorias-de-arena2.jpg 640w, http:\/\/www.javeriana.edu.co\/pesquisa\/wp-content\/uploads\/2018\/10\/memorias-de-arena2-300x200.jpg 300w, http:\/\/www.javeriana.edu.co\/pesquisa\/wp-content\/uploads\/2018\/10\/memorias-de-arena2-150x100.jpg 150w, http:\/\/www.javeriana.edu.co\/pesquisa\/wp-content\/uploads\/2018\/10\/memorias-de-arena2-450x300.jpg 450w, http:\/\/www.javeriana.edu.co\/pesquisa\/wp-content\/uploads\/2018\/10\/memorias-de-arena2-600x400.jpg 600w, http:\/\/www.javeriana.edu.co\/pesquisa\/wp-content\/uploads\/2018\/10\/memorias-de-arena2-272x182.jpg 272w\" sizes=\"(max-width: 640px) 100vw, 640px\" \/><\/p>\n<p>Como si fuera poco, el gusto por comunicar formas de vida involucr\u00f3 a Germ\u00e1n desde hace un par de a\u00f1os en el proyecto de la docente javeriana <a href=\"https:\/\/scienti.colciencias.gov.co:8081\/cvlac\/visualizador\/generarCurriculoCv.do?cod_rh=0000326534\" target=\"_blank\" rel=\"noopener\">Paula Ospina Saavedra:<\/a> <em>Hacia una cartograf\u00eda discursiva de la reconciliaci\u00f3n en Colombia<\/em>, de la Facultad de Comunicaci\u00f3n y Lenguaje. \u00bfSu objetivo? Entender los discursos de actores sociales sobre el proceso de reconciliaci\u00f3n sin caer en lugares comunes de revictimizaci\u00f3n.<\/p>\n<p>\u201cMi aporte a esta investigaci\u00f3n siempre ha sido una reflexi\u00f3n de c\u00f3mo difundir las experiencias de reconciliaci\u00f3n sin da\u00f1ar y en especial buscando no revictimizar a nadie\u201d, menciona Orteg\u00f3n. Desde aqu\u00ed hace una propuesta fotogr\u00e1fica para rendir homenaje a las mujeres v\u00edctimas y victimarias en La Macarena &#8211; Meta, \u201cambas han vivido los dos roles en diferentes momentos&#8221; aclara. El ejercicio de narrar fue fotografiando los pies de las mujeres porque, seg\u00fan \u00e9l, \u201clo importante no es saber qui\u00e9n es guerrillera o campesina, ya que al final todas son campesinas\u201d. Este trabajo no tiene un nombre definido a\u00fan, sin embargo, lo reconoce como <em>Huellas.<\/em><\/p>\n<p><img loading=\"lazy\" decoding=\"async\" class=\"aligncenter size-full wp-image-21685\" src=\"http:\/\/www.javeriana.edu.co\/pesquisa\/wp-content\/uploads\/2018\/10\/la-belleza-del-olvido5.jpg\" alt=\"la-belleza-del-olvido5\" width=\"1000\" height=\"667\" srcset=\"http:\/\/www.javeriana.edu.co\/pesquisa\/wp-content\/uploads\/2018\/10\/la-belleza-del-olvido5.jpg 1000w, http:\/\/www.javeriana.edu.co\/pesquisa\/wp-content\/uploads\/2018\/10\/la-belleza-del-olvido5-300x200.jpg 300w, http:\/\/www.javeriana.edu.co\/pesquisa\/wp-content\/uploads\/2018\/10\/la-belleza-del-olvido5-150x100.jpg 150w, http:\/\/www.javeriana.edu.co\/pesquisa\/wp-content\/uploads\/2018\/10\/la-belleza-del-olvido5-450x300.jpg 450w, http:\/\/www.javeriana.edu.co\/pesquisa\/wp-content\/uploads\/2018\/10\/la-belleza-del-olvido5-768x512.jpg 768w, http:\/\/www.javeriana.edu.co\/pesquisa\/wp-content\/uploads\/2018\/10\/la-belleza-del-olvido5-600x400.jpg 600w, http:\/\/www.javeriana.edu.co\/pesquisa\/wp-content\/uploads\/2018\/10\/la-belleza-del-olvido5-272x182.jpg 272w\" sizes=\"(max-width: 1000px) 100vw, 1000px\" \/><\/p>\n<p><strong><br \/>\nDel lente al papel<\/strong><\/p>\n<p>Cada vez que Orteg\u00f3n encuentra un objeto le asaltan preguntas. \u00bfDe qui\u00e9n ser\u00e1? \u00bfQu\u00e9 habr\u00e1 pasado con su due\u00f1o? \u00bfPara d\u00f3nde se fue? Porque, como reconoce, para saber a d\u00f3nde ir es necesario conocer de d\u00f3nde se viene, por eso lo primero que hace antes de iniciar una sesi\u00f3n fotogr\u00e1fica es recordar su pasado.<\/p>\n<p>\u00c9l es paisa, muy paisa. Su acento lo delata. Incluso, mucho m\u00e1s que el tinto con panela y la arepa blanca que se \u2018zampa\u2019 al desayuno. Aunque lleva m\u00e1s de 29 a\u00f1os en Bogot\u00e1, no ha perdido sus ra\u00edces. Su familia paterna proviene del norte de Espa\u00f1a, de una comunidad de desplazados que lleg\u00f3 a Am\u00e9rica y a Colombia por el departamento de Santander. Quiz\u00e1 por eso considera que los objetos, esos que en alg\u00fan momento fueron desechados, son los que ahora conducen sus creaciones.<\/p>\n<p>Es riguroso y met\u00f3dico. Trabajar con \u2018basura\u2019, con objetos despreciados, como muchos le dicen, no implica desorden. \u00c9l es estricto con la calidad de sus fotograf\u00edas. No imprime en papel tradicional, lo hace en tipo barytas por sus fibras en algod\u00f3n; no utiliza tinta l\u00e1ser sino pigmentos naturales para realzar la calidad de la imagen; y no emplea marcos unidos en sus esquinas sino de una sola pieza. Todo lo hace en calidad museo, nada se toca con las manos, todo se toma con pinzas. Eso habla de su trabajo, de \u00e9l mismo.<\/p>\n<p>Debido a este ejercicio y a su trayectoria profesional, Orteg\u00f3n, quien tambi\u00e9n es director audiovisual del medio de comunicaci\u00f3n javeriano <a href=\"https:\/\/www.directobogota.com\/television\" target=\"_blank\" rel=\"noopener\">Directo Bogot\u00e1 televisi\u00f3n<\/a>, fue invitado como conferencista a la <a href=\"https:\/\/www.javeriana.edu.co\/unesco\/catedraticos.html\" target=\"_blank\" rel=\"noopener\">XXV C\u00e1tedra Unesco de Comunicaci\u00f3n<\/a> en la categor\u00eda <em>Memoria, verdad y comunicaci\u00f3n<\/em>, que se realizar\u00e1 el pr\u00f3ximo 2 de noviembre en la Javeriana.<\/p>\n<p><img loading=\"lazy\" decoding=\"async\" class=\"aligncenter size-full wp-image-21686\" src=\"http:\/\/www.javeriana.edu.co\/pesquisa\/wp-content\/uploads\/2018\/10\/la-belleza-del-olvido6.jpg\" alt=\"la-belleza-del-olvido6\" width=\"1022\" height=\"661\" srcset=\"http:\/\/www.javeriana.edu.co\/pesquisa\/wp-content\/uploads\/2018\/10\/la-belleza-del-olvido6.jpg 1022w, http:\/\/www.javeriana.edu.co\/pesquisa\/wp-content\/uploads\/2018\/10\/la-belleza-del-olvido6-300x194.jpg 300w, http:\/\/www.javeriana.edu.co\/pesquisa\/wp-content\/uploads\/2018\/10\/la-belleza-del-olvido6-150x97.jpg 150w, http:\/\/www.javeriana.edu.co\/pesquisa\/wp-content\/uploads\/2018\/10\/la-belleza-del-olvido6-450x291.jpg 450w, http:\/\/www.javeriana.edu.co\/pesquisa\/wp-content\/uploads\/2018\/10\/la-belleza-del-olvido6-768x497.jpg 768w\" sizes=\"(max-width: 1022px) 100vw, 1022px\" \/><\/p>\n<p>All\u00ed conversar\u00e1 sobre la relaci\u00f3n entre memoria, subjetividad, credibilidad y las pugnas por el sentido a partir del trabajo fotogr\u00e1fico que ha desarrollado con <em><a href=\"https:\/\/www.germanortegon.com\/about\" target=\"_blank\" rel=\"noopener\">Lo que fuimos<\/a><\/em><em>, Memorias de arena, Huellas<\/em> y otras producciones independientes, como <em><a href=\"https:\/\/www.germanortegon.com\/lo-que-fuimos-farc-ep-mesetas\" target=\"_blank\" rel=\"noopener\">Trincheras de paz<\/a><\/em>, que aborda la arqueolog\u00eda de la memoria en los municipios de Mesetas y la Macarena, en el departamento del Meta; <em><a href=\"https:\/\/www.germanortegon.com\/latest-work\" target=\"_blank\" rel=\"noopener\">Hombres de Ma\u00edz<\/a><\/em>, un recorrido de cuatro a\u00f1os por M\u00e9xico, Guatemala, Honduras y Belice contando la historia maya a trav\u00e9s de las piedras; y la m\u00edstica del caribe colombiano con <em><a href=\"https:\/\/www.germanortegon.com\/contact\" target=\"_blank\" rel=\"noopener\">Mar eterno<\/a>.<\/em><\/p>\n<p><img loading=\"lazy\" decoding=\"async\" class=\"aligncenter size-full wp-image-21687\" src=\"http:\/\/www.javeriana.edu.co\/pesquisa\/wp-content\/uploads\/2018\/10\/la-belleza-del-olvido7.jpg\" alt=\"la-belleza-del-olvido7\" width=\"691\" height=\"461\" srcset=\"http:\/\/www.javeriana.edu.co\/pesquisa\/wp-content\/uploads\/2018\/10\/la-belleza-del-olvido7.jpg 691w, http:\/\/www.javeriana.edu.co\/pesquisa\/wp-content\/uploads\/2018\/10\/la-belleza-del-olvido7-300x200.jpg 300w, http:\/\/www.javeriana.edu.co\/pesquisa\/wp-content\/uploads\/2018\/10\/la-belleza-del-olvido7-150x100.jpg 150w, http:\/\/www.javeriana.edu.co\/pesquisa\/wp-content\/uploads\/2018\/10\/la-belleza-del-olvido7-450x300.jpg 450w, http:\/\/www.javeriana.edu.co\/pesquisa\/wp-content\/uploads\/2018\/10\/la-belleza-del-olvido7-600x400.jpg 600w, http:\/\/www.javeriana.edu.co\/pesquisa\/wp-content\/uploads\/2018\/10\/la-belleza-del-olvido7-272x182.jpg 272w\" sizes=\"(max-width: 691px) 100vw, 691px\" \/><\/p>\n<p>Este hombre de piel trigue\u00f1a, apasionado por la m\u00fasica, el arte y la literatura, hall\u00f3 su pasi\u00f3n en la belleza del dolor, luego de 35 a\u00f1os retratando las historias de colombianos; descubri\u00f3 que ya no es \u00e9l quien caza historias sino que ellas lo buscan, y que, as\u00ed como alguna vez goz\u00f3 de la inocencia de su ni\u00f1ez, ahora con sus fotograf\u00edas puede llevar a sus espectadores al pasado para revivir en ellos lo que alguna vez los hizo vibrar: sus ra\u00edces, su memoria y su cotidianidad.<\/p>\n<p><iframe title=\"El aventurero errante\" width=\"814\" height=\"458\" src=\"https:\/\/www.youtube.com\/embed\/wrBX_u9WZQA?start=8&#038;feature=oembed\" frameborder=\"0\" allow=\"accelerometer; autoplay; clipboard-write; encrypted-media; gyroscope; picture-in-picture\" allowfullscreen><\/iframe><\/p>\n","protected":false},"excerpt":{"rendered":"<p>Con m\u00e1s de 25 a\u00f1os haciendo televisi\u00f3n, Germ\u00e1n Orteg\u00f3n P\u00e9rez encontr\u00f3 en los objetos viejos, las cosas abandonas y la fotograf\u00eda el sentido de narrar de manera simple. El pr\u00f3ximo 2 de noviembre presentar\u00e1 la XXV C\u00e1tedra Unesco de Comunicaci\u00f3n. c\u00f3mo metaf\u00f3ricamente su lente expone la belleza que hay en la cruda realidad de la humanidad. <\/p>\n","protected":false},"author":39,"featured_media":21688,"comment_status":"open","ping_status":"open","sticky":false,"template":"","format":"standard","meta":{"footnotes":""},"categories":[199],"tags":[302,84,604,1568,598,1570,1569,433],"class_list":{"0":"post-12134","1":"post","2":"type-post","3":"status-publish","4":"format-standard","5":"has-post-thumbnail","7":"category-cultura","8":"tag-arte","9":"tag-fotografia","10":"tag-memoria","11":"tag-objetos","12":"tag-reconciliacion","13":"tag-sahara-occidental","14":"tag-sujetos","15":"tag-television"},"_links":{"self":[{"href":"http:\/\/www.javeriana.edu.co\/pesquisa\/wp-json\/wp\/v2\/posts\/12134","targetHints":{"allow":["GET"]}}],"collection":[{"href":"http:\/\/www.javeriana.edu.co\/pesquisa\/wp-json\/wp\/v2\/posts"}],"about":[{"href":"http:\/\/www.javeriana.edu.co\/pesquisa\/wp-json\/wp\/v2\/types\/post"}],"author":[{"embeddable":true,"href":"http:\/\/www.javeriana.edu.co\/pesquisa\/wp-json\/wp\/v2\/users\/39"}],"replies":[{"embeddable":true,"href":"http:\/\/www.javeriana.edu.co\/pesquisa\/wp-json\/wp\/v2\/comments?post=12134"}],"version-history":[{"count":10,"href":"http:\/\/www.javeriana.edu.co\/pesquisa\/wp-json\/wp\/v2\/posts\/12134\/revisions"}],"predecessor-version":[{"id":31385,"href":"http:\/\/www.javeriana.edu.co\/pesquisa\/wp-json\/wp\/v2\/posts\/12134\/revisions\/31385"}],"wp:featuredmedia":[{"embeddable":true,"href":"http:\/\/www.javeriana.edu.co\/pesquisa\/wp-json\/wp\/v2\/media\/21688"}],"wp:attachment":[{"href":"http:\/\/www.javeriana.edu.co\/pesquisa\/wp-json\/wp\/v2\/media?parent=12134"}],"wp:term":[{"taxonomy":"category","embeddable":true,"href":"http:\/\/www.javeriana.edu.co\/pesquisa\/wp-json\/wp\/v2\/categories?post=12134"},{"taxonomy":"post_tag","embeddable":true,"href":"http:\/\/www.javeriana.edu.co\/pesquisa\/wp-json\/wp\/v2\/tags?post=12134"}],"curies":[{"name":"wp","href":"https:\/\/api.w.org\/{rel}","templated":true}]}}