{"id":12335,"date":"2018-12-05T00:12:11","date_gmt":"2018-12-05T05:12:11","guid":{"rendered":"http:\/\/www.javeriana.edu.co\/pesquisa\/?p=12335"},"modified":"2022-05-17T11:53:32","modified_gmt":"2022-05-17T16:53:32","slug":"vacunas-un-pinchazo-necesario","status":"publish","type":"post","link":"http:\/\/www.javeriana.edu.co\/pesquisa\/vacunas-un-pinchazo-necesario\/","title":{"rendered":"Vacunas: un pinchazo necesario"},"content":{"rendered":"<p><img fetchpriority=\"high\" decoding=\"async\" class=\"size-full wp-image-21859 alignright\" src=\"http:\/\/www.javeriana.edu.co\/pesquisa\/wp-content\/uploads\/2018\/12\/lisbeth-fog1.jpg\" alt=\"lisbeth-fog1\" width=\"200\" height=\"300\" srcset=\"http:\/\/www.javeriana.edu.co\/pesquisa\/wp-content\/uploads\/2018\/12\/lisbeth-fog1.jpg 200w, http:\/\/www.javeriana.edu.co\/pesquisa\/wp-content\/uploads\/2018\/12\/lisbeth-fog1-150x225.jpg 150w\" sizes=\"(max-width: 200px) 100vw, 200px\" \/><\/p>\n<p>Ya sabemos la respuesta cuando preguntamos cu\u00e1l es la causa de los c\u00e1nceres: los m\u00e9dicos entran a sugerir recomendaciones para tener una vida saludable, sin saber exactamente si algunas de nuestras costumbres son las que lo promueven. Pero el d\u00eda que llega, simplemente lleg\u00f3 y lo hace sin avisar, sin un poquito de compasi\u00f3n. No pasa lo mismo con el c\u00e1ncer de cuello uterino: tanto nuestra m\u00e9dica epidemi\u00f3loga cale\u00f1a, Nubia Mu\u00f1oz, como el Premio Nobel de Medicina en 2008, Harald zur Hausen, han demostrado con sus investigaciones que el Virus del Papiloma Humano (VPH) es el culpable.<\/p>\n<p>No se explica uno a\u00fan por qu\u00e9 hay dudas. Empecemos por el principio: todas las vacunas tienen efectos secundarios, as\u00ed que no es raro que el organismo humano reaccione ante una sustancia que le est\u00e1 siendo inyectada. La vacuna triple viral, que desde hace m\u00e1s de 40 a\u00f1os se aplica en beb\u00e9s, los defiende contra el sarampi\u00f3n, las paperas y la rubeola, y aunque las cifras demuestran la reducci\u00f3n de casos casi hasta cero, todav\u00eda no se puede hablar de la erradicaci\u00f3n de estas enfermedades porque hay personas que no le tienen confianza a las vacunas y son las primeras que se enferman. Pa\u00edses como Australia \u2018castigan\u2019 a los padres que no vacunan a sus hijos con multas quincenales.<\/p>\n<p>Un antecedente que marc\u00f3 quiz\u00e1s el nacimiento de los grupos antivacuna fue el art\u00edculo publicado en la revista cient\u00edfica The Lancet en 1998, en el que el cirujano brit\u00e1nico Andrew Wakefield asociaba la vacuna triple con casos de autismo. Si bien el art\u00edculo fue retractado por contener informaci\u00f3n err\u00f3nea, el da\u00f1o estaba hecho: de boca en boca estos resultados hab\u00edan llegado a la comunidad, las tasas de vacunaci\u00f3n disminuyeron <a href=\"https:\/\/unesdoc.unesco.org\/images\/0024\/002431\/243107S.pdf\" target=\"_blank\" rel=\"noopener\">y las enfermedades resurgieron<\/a>.<\/p>\n<p>En el caso de la vacuna contra el VPH, m\u00e1s del 95% de los estudios realizados a nivel mundial hablan de que es segura. Incluso aquellos que la defienden a ultranza y han estudiado los efectos secundarios, mencionan la posibilidad de que las ni\u00f1as vacunadas sufran dolores de cabeza y de pecho, desmayos, mareos, alergias. Las estad\u00edsticas reportan que tres de cada mill\u00f3n de ni\u00f1as vacunadas pueden sufrir un shock anafil\u00e1ctico, que es para preocuparse, y por eso la importancia de que sea administrada con todas las seguridades m\u00e9dicas exigidas.<\/p>\n<p style=\"text-align: left;\"><a href=\"https:\/\/www.elespectador.com\/noticias\/salud\/vacuna-contra-el-vph-entre-el-rumor-y-la-evidencia-cientifica-articulo-826021\" target=\"_blank\" rel=\"noopener\">Lo que ocurri\u00f3 en Carmen de Bol\u00edvar en 2014<\/a>, ampliamente divulgado a trav\u00e9s de los medios de comunicaci\u00f3n nacionales y del vecindario, ha sucedido de manera muy similar en los primeros a\u00f1os de esta d\u00e9cada en pa\u00edses como Brasil y Per\u00fa, y, sorprendentemente, en Jap\u00f3n y Dinamarca, donde se supone que la ciudadan\u00eda tiene m\u00e1s acceso y posibilidades de informarse que en pa\u00edses en desarrollo.<\/p>\n<p>De hecho la OMS, la OPS y la base de datos en c\u00e1ncer \u2014Globocan\u2014 demuestran que la tasa de mortalidad por c\u00e1ncer de c\u00e9rvix o cuello uterino es doce veces m\u00e1s alta en Bolivia que en Canad\u00e1. \u00bfQu\u00e9 ha ocurrido? Unos 40 expertos reunidos en Bogot\u00e1 este mes dieron varias explicaciones: la influencia de los movimientos antivacuna, los episodios colectivos de ni\u00f1as entrando a los servicios de urgencia de los hospitales luego de haber sido vacunadas, las informaciones \u2018negativas\u2019 de los medios de comunicaci\u00f3n, el impacto de las redes sociales, el hecho de que el personal de salud a\u00fan no est\u00e1 convencido de recomendarla a sus pacientes porque buena parte de los estudios cient\u00edficos alientan a adelantar m\u00e1s investigaci\u00f3n que confirmen los datos encontrados.<\/p>\n<p>El peso del rumor cuando se enfrenta a los estudios cient\u00edficos inclina la balanza sin misericordia. Y en este punto se concentraron los asistentes a la reuni\u00f3n sobre Prevenci\u00f3n y control del VPH y los c\u00e1nceres relacionados al VPG en Colombia: lecciones aprendidas y el camino a seguir, porque encontraron como una gran debilidad la comunicaci\u00f3n de los expertos con los padres de familia, con los maestros, con el personal m\u00e9dico cl\u00ednico. Robb Butler, cient\u00edfico social de Unicef, recomend\u00f3 usar m\u00e1s la emoci\u00f3n que la informaci\u00f3n y los datos, y contar historias m\u00e1s que hablar de estad\u00edsticas porque \u201ccuando perdemos la confianza, es extremadamente dif\u00edcil recuperarla\u201d.<\/p>\n<p>Lo secund\u00f3 otro experto, el m\u00e9dico Mark Kane, hoy consultor internacional, quien explic\u00f3 que m\u00e1s que educar con datos e informaci\u00f3n, la evidencia cient\u00edfica debe ser contada a las diferentes audiencias de tal manera que llegue a esa parte del cerebro que genera diferentes reacciones, como miedo, rabia, felicidad.<\/p>\n<p>Estrategias de comunicaci\u00f3n en la propia Dinamarca, en Irlanda, incluso en Per\u00fa, han empezado a recuperar esa confianza. \u00bfC\u00f3mo lo haremos en Colombia? Nos urge encontrar una respuesta porque, de acuerdo con Mu\u00f1oz, con los \u00edndices actuales de atenci\u00f3n solo se evitar\u00e1n 220 casos de c\u00e1ncer de c\u00e9rvix pero si la cobertura de vacunaci\u00f3n vuelve a estar alrededor del 90%, se evitar\u00e1n al menos 4.000 casos y 1.900 muertes en mujeres que vivir\u00edan hasta los 75 a\u00f1os.<\/p>\n<p><img decoding=\"async\" class=\"aligncenter size-large wp-image-21860\" src=\"http:\/\/www.javeriana.edu.co\/pesquisa\/wp-content\/uploads\/2018\/12\/vacunas-colombia-1024x859.jpg\" alt=\"vacunas-colombia\" width=\"640\" height=\"537\" srcset=\"http:\/\/www.javeriana.edu.co\/pesquisa\/wp-content\/uploads\/2018\/12\/vacunas-colombia.jpg 1024w, http:\/\/www.javeriana.edu.co\/pesquisa\/wp-content\/uploads\/2018\/12\/vacunas-colombia-300x252.jpg 300w, http:\/\/www.javeriana.edu.co\/pesquisa\/wp-content\/uploads\/2018\/12\/vacunas-colombia-150x126.jpg 150w, http:\/\/www.javeriana.edu.co\/pesquisa\/wp-content\/uploads\/2018\/12\/vacunas-colombia-450x377.jpg 450w, http:\/\/www.javeriana.edu.co\/pesquisa\/wp-content\/uploads\/2018\/12\/vacunas-colombia-768x644.jpg 768w\" sizes=\"(max-width: 640px) 100vw, 640px\" \/><\/p>\n<hr>\n<p>Los invitamos a unirse al Facebook Live que, en conjunto con los medios especializados SciDev. Net y Directo Bogot\u00e1, realizaremos sobre el panorama de la vacunaci\u00f3n en Colombia. \u00dananse a nuestra cuenta de Facebook ma\u00f1ana, 6 de diciembre de 2018, a las 3:00 p.m. (hora de Colombia).<\/p>\n<p>&nbsp;<\/p>\n","protected":false},"excerpt":{"rendered":"<p>Las investigaciones m\u00e9dicas no llegan a la ciudadan\u00eda tan efectivamente como el rumor, lo que convierte a este \u00faltimo en el principal enemigo de los resultados y la evidencia cient\u00edfica. A prop\u00f3sito, el jueves 6 de diciembre a las 2:00 p.m. (hora Colombia), en conjunto con SciDev.Net y Directo Bogot\u00e1, tendremos un Facebook Live sobre el panorama actual de la vacunaci\u00f3n en Am\u00e9rica Latina y el Caribe.<\/p>\n","protected":false},"author":25,"featured_media":21857,"comment_status":"open","ping_status":"open","sticky":false,"template":"","format":"standard","meta":{"footnotes":""},"categories":[471,372],"tags":[409,56,1151,861,440,1630,1631],"class_list":{"0":"post-12335","1":"post","2":"type-post","3":"status-publish","4":"format-standard","5":"has-post-thumbnail","7":"category-columnistas","8":"category-opinion","9":"tag-audiencias","10":"tag-cancer","11":"tag-cancer-de-cuello-uterino","12":"tag-comunicacion-de-la-ciencia","13":"tag-medios-de-comunicacion","14":"tag-vacunacion","15":"tag-vph"},"_links":{"self":[{"href":"http:\/\/www.javeriana.edu.co\/pesquisa\/wp-json\/wp\/v2\/posts\/12335","targetHints":{"allow":["GET"]}}],"collection":[{"href":"http:\/\/www.javeriana.edu.co\/pesquisa\/wp-json\/wp\/v2\/posts"}],"about":[{"href":"http:\/\/www.javeriana.edu.co\/pesquisa\/wp-json\/wp\/v2\/types\/post"}],"author":[{"embeddable":true,"href":"http:\/\/www.javeriana.edu.co\/pesquisa\/wp-json\/wp\/v2\/users\/25"}],"replies":[{"embeddable":true,"href":"http:\/\/www.javeriana.edu.co\/pesquisa\/wp-json\/wp\/v2\/comments?post=12335"}],"version-history":[{"count":12,"href":"http:\/\/www.javeriana.edu.co\/pesquisa\/wp-json\/wp\/v2\/posts\/12335\/revisions"}],"predecessor-version":[{"id":31405,"href":"http:\/\/www.javeriana.edu.co\/pesquisa\/wp-json\/wp\/v2\/posts\/12335\/revisions\/31405"}],"wp:featuredmedia":[{"embeddable":true,"href":"http:\/\/www.javeriana.edu.co\/pesquisa\/wp-json\/wp\/v2\/media\/21857"}],"wp:attachment":[{"href":"http:\/\/www.javeriana.edu.co\/pesquisa\/wp-json\/wp\/v2\/media?parent=12335"}],"wp:term":[{"taxonomy":"category","embeddable":true,"href":"http:\/\/www.javeriana.edu.co\/pesquisa\/wp-json\/wp\/v2\/categories?post=12335"},{"taxonomy":"post_tag","embeddable":true,"href":"http:\/\/www.javeriana.edu.co\/pesquisa\/wp-json\/wp\/v2\/tags?post=12335"}],"curies":[{"name":"wp","href":"https:\/\/api.w.org\/{rel}","templated":true}]}}