{"id":12508,"date":"2019-02-15T06:51:15","date_gmt":"2019-02-15T11:51:15","guid":{"rendered":"http:\/\/www.javeriana.edu.co\/pesquisa\/?p=12508"},"modified":"2022-05-17T15:52:43","modified_gmt":"2022-05-17T20:52:43","slug":"compositores-con-sello-javeriano","status":"publish","type":"post","link":"http:\/\/www.javeriana.edu.co\/pesquisa\/compositores-con-sello-javeriano\/","title":{"rendered":"Compositores con sello javeriano"},"content":{"rendered":"<p><em>Compositores javerianos<\/em> es un proyecto que promueve la producci\u00f3n discogr\u00e1fica de estudiantes, profesores y egresados de la carrera de Estudios Musicales. Las siete versiones suscitan en la audiencia el recuerdo, la contemplaci\u00f3n, la euforia o la tradici\u00f3n, emociones y elementos reunidos en un disco que, edici\u00f3n tras edici\u00f3n, llega con novedosos sonidos que magistralmente producen estos ensambles musicales. Con\u00f3zcalos en el <a href=\"https:\/\/catalogodeobras.javeriana.edu.co\/catalogodeobras\/\" target=\"_blank\" rel=\"noopener\">Cat\u00e1logo de Obras Art\u00edsticas de la Javeriana<\/a>.<\/p>\n<p>&nbsp;<\/p>\n<p><img fetchpriority=\"high\" decoding=\"async\" class=\"wp-image-21971 size-medium aligncenter\" src=\"http:\/\/www.javeriana.edu.co\/pesquisa\/wp-content\/uploads\/2019\/02\/compositores-con-sello-javeriano-p46-1-300x265.jpg\" alt=\"\" width=\"300\" height=\"265\" srcset=\"http:\/\/www.javeriana.edu.co\/pesquisa\/wp-content\/uploads\/2019\/02\/compositores-con-sello-javeriano-p46-1-300x265.jpg 300w, http:\/\/www.javeriana.edu.co\/pesquisa\/wp-content\/uploads\/2019\/02\/compositores-con-sello-javeriano-p46-1-150x133.jpg 150w, http:\/\/www.javeriana.edu.co\/pesquisa\/wp-content\/uploads\/2019\/02\/compositores-con-sello-javeriano-p46-1-450x398.jpg 450w, http:\/\/www.javeriana.edu.co\/pesquisa\/wp-content\/uploads\/2019\/02\/compositores-con-sello-javeriano-p46-1-768x678.jpg 768w, http:\/\/www.javeriana.edu.co\/pesquisa\/wp-content\/uploads\/2019\/02\/compositores-con-sello-javeriano-p46-1.jpg 1012w\" sizes=\"(max-width: 300px) 100vw, 300px\" \/><br \/>\n<strong>Ensamble decibelio (2001)<br \/>\n<\/strong>Re\u00fane composiciones para clarinete, percusi\u00f3n, violonchelo, corno, piano, flauta, contrabajo y viol\u00edn, resultado del proyecto de creaci\u00f3n \u201cLa nueva composici\u00f3n contempor\u00e1nea en Colombia y el aporte de la Universidad Javeriana\u201d.<\/p>\n<p>&nbsp;<\/p>\n<p><img decoding=\"async\" class=\"wp-image-21973 size-medium aligncenter\" src=\"http:\/\/www.javeriana.edu.co\/pesquisa\/wp-content\/uploads\/2019\/02\/compositores-con-sello-javeriano-p46-compositores-2-264x300.jpg\" alt=\"\" width=\"264\" height=\"300\" srcset=\"http:\/\/www.javeriana.edu.co\/pesquisa\/wp-content\/uploads\/2019\/02\/compositores-con-sello-javeriano-p46-compositores-2-264x300.jpg 264w, http:\/\/www.javeriana.edu.co\/pesquisa\/wp-content\/uploads\/2019\/02\/compositores-con-sello-javeriano-p46-compositores-2-900x1024.jpg 900w, http:\/\/www.javeriana.edu.co\/pesquisa\/wp-content\/uploads\/2019\/02\/compositores-con-sello-javeriano-p46-compositores-2-150x171.jpg 150w, http:\/\/www.javeriana.edu.co\/pesquisa\/wp-content\/uploads\/2019\/02\/compositores-con-sello-javeriano-p46-compositores-2-450x512.jpg 450w, http:\/\/www.javeriana.edu.co\/pesquisa\/wp-content\/uploads\/2019\/02\/compositores-con-sello-javeriano-p46-compositores-2-768x874.jpg 768w, http:\/\/www.javeriana.edu.co\/pesquisa\/wp-content\/uploads\/2019\/02\/compositores-con-sello-javeriano-p46-compositores-2.jpg 1181w\" sizes=\"(max-width: 264px) 100vw, 264px\" \/><br \/>\n<strong>M\u00fasica para guitarra (2005)<br \/>\n<\/strong>Obras para guitarra sola, dos guitarras, y guitarra y piano.<\/p>\n<p>&nbsp;<\/p>\n<p><img decoding=\"async\" class=\"wp-image-21974 size-medium aligncenter\" src=\"http:\/\/www.javeriana.edu.co\/pesquisa\/wp-content\/uploads\/2019\/02\/compositores-con-sello-javeriano-p46-3-300x267.jpg\" alt=\"\" width=\"300\" height=\"267\" srcset=\"http:\/\/www.javeriana.edu.co\/pesquisa\/wp-content\/uploads\/2019\/02\/compositores-con-sello-javeriano-p46-3-300x267.jpg 300w, http:\/\/www.javeriana.edu.co\/pesquisa\/wp-content\/uploads\/2019\/02\/compositores-con-sello-javeriano-p46-3-1024x912.jpg 1024w, http:\/\/www.javeriana.edu.co\/pesquisa\/wp-content\/uploads\/2019\/02\/compositores-con-sello-javeriano-p46-3-150x134.jpg 150w, http:\/\/www.javeriana.edu.co\/pesquisa\/wp-content\/uploads\/2019\/02\/compositores-con-sello-javeriano-p46-3-450x401.jpg 450w, http:\/\/www.javeriana.edu.co\/pesquisa\/wp-content\/uploads\/2019\/02\/compositores-con-sello-javeriano-p46-3-768x684.jpg 768w, http:\/\/www.javeriana.edu.co\/pesquisa\/wp-content\/uploads\/2019\/02\/compositores-con-sello-javeriano-p46-3.jpg 1181w\" sizes=\"(max-width: 300px) 100vw, 300px\" \/><br \/>\n<strong>M\u00fasica para piano (2007)<br \/>\n<\/strong>Estas composiciones rescatan a las grandes figuras y lenguajes del siglo XX. La edici\u00f3n est\u00e1 acompa\u00f1ada de un libro que incorpora las partituras del disco para su comercializaci\u00f3n.<\/p>\n<p>&nbsp;<\/p>\n<p><img loading=\"lazy\" decoding=\"async\" class=\"aligncenter wp-image-21975 size-medium\" src=\"http:\/\/www.javeriana.edu.co\/pesquisa\/wp-content\/uploads\/2019\/02\/compositores-con-sello-javeriano-p46-4-300x264.jpg\" alt=\"\" width=\"300\" height=\"264\" srcset=\"http:\/\/www.javeriana.edu.co\/pesquisa\/wp-content\/uploads\/2019\/02\/compositores-con-sello-javeriano-p46-4-300x264.jpg 300w, http:\/\/www.javeriana.edu.co\/pesquisa\/wp-content\/uploads\/2019\/02\/compositores-con-sello-javeriano-p46-4-1024x900.jpg 1024w, http:\/\/www.javeriana.edu.co\/pesquisa\/wp-content\/uploads\/2019\/02\/compositores-con-sello-javeriano-p46-4-150x132.jpg 150w, http:\/\/www.javeriana.edu.co\/pesquisa\/wp-content\/uploads\/2019\/02\/compositores-con-sello-javeriano-p46-4-450x396.jpg 450w, http:\/\/www.javeriana.edu.co\/pesquisa\/wp-content\/uploads\/2019\/02\/compositores-con-sello-javeriano-p46-4-768x675.jpg 768w, http:\/\/www.javeriana.edu.co\/pesquisa\/wp-content\/uploads\/2019\/02\/compositores-con-sello-javeriano-p46-4.jpg 1181w\" sizes=\"(max-width: 300px) 100vw, 300px\" \/><br \/>\n<strong>M\u00fasica para cuerdas. Cuarteto Monolov (2009)<br \/>\n<\/strong>Producci\u00f3n discogr\u00e1fica con elementos tradicionales de la composici\u00f3n para cuartetos de cuerdas.<\/p>\n<p>&nbsp;<\/p>\n<p><img loading=\"lazy\" decoding=\"async\" class=\"wp-image-21976 size-medium aligncenter\" src=\"http:\/\/www.javeriana.edu.co\/pesquisa\/wp-content\/uploads\/2019\/02\/compositores-con-sello-javeriano-p46-5-300x267.jpg\" alt=\"\" width=\"300\" height=\"267\" srcset=\"http:\/\/www.javeriana.edu.co\/pesquisa\/wp-content\/uploads\/2019\/02\/compositores-con-sello-javeriano-p46-5-300x267.jpg 300w, http:\/\/www.javeriana.edu.co\/pesquisa\/wp-content\/uploads\/2019\/02\/compositores-con-sello-javeriano-p46-5-1024x910.jpg 1024w, http:\/\/www.javeriana.edu.co\/pesquisa\/wp-content\/uploads\/2019\/02\/compositores-con-sello-javeriano-p46-5-150x133.jpg 150w, http:\/\/www.javeriana.edu.co\/pesquisa\/wp-content\/uploads\/2019\/02\/compositores-con-sello-javeriano-p46-5-450x400.jpg 450w, http:\/\/www.javeriana.edu.co\/pesquisa\/wp-content\/uploads\/2019\/02\/compositores-con-sello-javeriano-p46-5-768x683.jpg 768w, http:\/\/www.javeriana.edu.co\/pesquisa\/wp-content\/uploads\/2019\/02\/compositores-con-sello-javeriano-p46-5.jpg 1181w\" sizes=\"(max-width: 300px) 100vw, 300px\" \/><br \/>\n<strong>Jazz y m\u00fasicas populares (2012)<br \/>\n<\/strong>Contiene temas de jazz y m\u00fasica popular creados por profesores, estudiantes y egresados de la Carrera de Estudios Musicales.<\/p>\n<p>&nbsp;<\/p>\n<p><img loading=\"lazy\" decoding=\"async\" class=\"wp-image-21977 size-medium aligncenter\" src=\"http:\/\/www.javeriana.edu.co\/pesquisa\/wp-content\/uploads\/2019\/02\/compositores-con-sello-javeriano-p46-6-300x295.jpg\" alt=\"\" width=\"300\" height=\"295\" srcset=\"http:\/\/www.javeriana.edu.co\/pesquisa\/wp-content\/uploads\/2019\/02\/compositores-con-sello-javeriano-p46-6-300x295.jpg 300w, http:\/\/www.javeriana.edu.co\/pesquisa\/wp-content\/uploads\/2019\/02\/compositores-con-sello-javeriano-p46-6-1024x1008.jpg 1024w, http:\/\/www.javeriana.edu.co\/pesquisa\/wp-content\/uploads\/2019\/02\/compositores-con-sello-javeriano-p46-6-80x80.jpg 80w, http:\/\/www.javeriana.edu.co\/pesquisa\/wp-content\/uploads\/2019\/02\/compositores-con-sello-javeriano-p46-6-150x148.jpg 150w, http:\/\/www.javeriana.edu.co\/pesquisa\/wp-content\/uploads\/2019\/02\/compositores-con-sello-javeriano-p46-6-450x443.jpg 450w, http:\/\/www.javeriana.edu.co\/pesquisa\/wp-content\/uploads\/2019\/02\/compositores-con-sello-javeriano-p46-6-768x756.jpg 768w, http:\/\/www.javeriana.edu.co\/pesquisa\/wp-content\/uploads\/2019\/02\/compositores-con-sello-javeriano-p46-6.jpg 1181w\" sizes=\"(max-width: 300px) 100vw, 300px\" \/><br \/>\n<strong>Ensamble (2015)<br \/>\n<\/strong>En formato mixto, re\u00fane piezas para dos instrumentos de madera y dos de cuerda frotada, acompa\u00f1ados de piano y, en algunos casos, instrumentos de percusi\u00f3n.<\/p>\n<p>&nbsp;<\/p>\n<p><img loading=\"lazy\" decoding=\"async\" class=\"wp-image-21978 size-medium aligncenter\" src=\"http:\/\/www.javeriana.edu.co\/pesquisa\/wp-content\/uploads\/2019\/02\/compositores-con-sello-javeriano-p46-7-300x267.jpg\" alt=\"\" width=\"300\" height=\"267\" srcset=\"http:\/\/www.javeriana.edu.co\/pesquisa\/wp-content\/uploads\/2019\/02\/compositores-con-sello-javeriano-p46-7-300x267.jpg 300w, http:\/\/www.javeriana.edu.co\/pesquisa\/wp-content\/uploads\/2019\/02\/compositores-con-sello-javeriano-p46-7-150x133.jpg 150w, http:\/\/www.javeriana.edu.co\/pesquisa\/wp-content\/uploads\/2019\/02\/compositores-con-sello-javeriano-p46-7-450x400.jpg 450w, http:\/\/www.javeriana.edu.co\/pesquisa\/wp-content\/uploads\/2019\/02\/compositores-con-sello-javeriano-p46-7-768x683.jpg 768w, http:\/\/www.javeriana.edu.co\/pesquisa\/wp-content\/uploads\/2019\/02\/compositores-con-sello-javeriano-p46-7.jpg 945w\" sizes=\"(max-width: 300px) 100vw, 300px\" \/><br \/>\n<strong>Obras para quinteto de cobres y percusi\u00f3n (2018)<br \/>\n<\/strong>En su s\u00e9ptima entrega, la producci\u00f3n discogr\u00e1fica de <em>Compositores Javerianos<\/em> llega con composiciones para quinteto de cobres. Algunas de ellas se acompa\u00f1an con instrumentos de percusi\u00f3n.<\/p>\n","protected":false},"excerpt":{"rendered":"<p>Desde hace 18 a\u00f1os la Pontificia Universidad Javeriana viene seleccionando las obras musicales m\u00e1s destacadas concebidas desde sus aulas.<\/p>\n","protected":false},"author":27,"featured_media":21970,"comment_status":"open","ping_status":"open","sticky":false,"template":"","format":"standard","meta":{"footnotes":""},"categories":[199],"tags":[1692,1469,1689,1691,1690,1693],"class_list":{"0":"post-12508","1":"post","2":"type-post","3":"status-publish","4":"format-standard","5":"has-post-thumbnail","7":"category-cultura","8":"tag-coleccion-discografica","9":"tag-composicion-musical","10":"tag-creacion-musical","11":"tag-disco","12":"tag-instrumentos-musicales","13":"tag-partituras"},"_links":{"self":[{"href":"http:\/\/www.javeriana.edu.co\/pesquisa\/wp-json\/wp\/v2\/posts\/12508","targetHints":{"allow":["GET"]}}],"collection":[{"href":"http:\/\/www.javeriana.edu.co\/pesquisa\/wp-json\/wp\/v2\/posts"}],"about":[{"href":"http:\/\/www.javeriana.edu.co\/pesquisa\/wp-json\/wp\/v2\/types\/post"}],"author":[{"embeddable":true,"href":"http:\/\/www.javeriana.edu.co\/pesquisa\/wp-json\/wp\/v2\/users\/27"}],"replies":[{"embeddable":true,"href":"http:\/\/www.javeriana.edu.co\/pesquisa\/wp-json\/wp\/v2\/comments?post=12508"}],"version-history":[{"count":9,"href":"http:\/\/www.javeriana.edu.co\/pesquisa\/wp-json\/wp\/v2\/posts\/12508\/revisions"}],"predecessor-version":[{"id":31704,"href":"http:\/\/www.javeriana.edu.co\/pesquisa\/wp-json\/wp\/v2\/posts\/12508\/revisions\/31704"}],"wp:featuredmedia":[{"embeddable":true,"href":"http:\/\/www.javeriana.edu.co\/pesquisa\/wp-json\/wp\/v2\/media\/21970"}],"wp:attachment":[{"href":"http:\/\/www.javeriana.edu.co\/pesquisa\/wp-json\/wp\/v2\/media?parent=12508"}],"wp:term":[{"taxonomy":"category","embeddable":true,"href":"http:\/\/www.javeriana.edu.co\/pesquisa\/wp-json\/wp\/v2\/categories?post=12508"},{"taxonomy":"post_tag","embeddable":true,"href":"http:\/\/www.javeriana.edu.co\/pesquisa\/wp-json\/wp\/v2\/tags?post=12508"}],"curies":[{"name":"wp","href":"https:\/\/api.w.org\/{rel}","templated":true}]}}