{"id":12662,"date":"2019-03-04T16:50:59","date_gmt":"2019-03-04T21:50:59","guid":{"rendered":"http:\/\/www.javeriana.edu.co\/pesquisa\/?p=12662"},"modified":"2022-05-17T15:50:06","modified_gmt":"2022-05-17T20:50:06","slug":"javier-maldonado-y-su-vocacion-desaforada","status":"publish","type":"post","link":"http:\/\/www.javeriana.edu.co\/pesquisa\/javier-maldonado-y-su-vocacion-desaforada\/","title":{"rendered":"Javier Maldonado y su vocaci\u00f3n desaforada"},"content":{"rendered":"<p><span style=\"color: #000000;\">Con morral al hombro, su gorra bien puesta y botas de caucho, el ec\u00f3logo&nbsp;<a style=\"color: #000000;\" href=\"https:\/\/scienti.colciencias.gov.co:8081\/cvlac\/visualizador\/generarCurriculoCv.do?cod_rh=0000590975\" target=\"_blank\" rel=\"noopener\">Javier Alejandro Maldonado<\/a>, profesor del Departamento de Biolog\u00eda de la Pontificia Universidad Javeriana, recorre las zonas m\u00e1s inexploradas de la cuenca amaz\u00f3nica colombiana, con el objetivo de encontrar informaci\u00f3n sobre peces que, bajo las aguas, permanecen ocultos y no han sido reconocidos, pues all\u00ed est\u00e1 la mayor biodiversidad de&nbsp;<a style=\"color: #000000;\" href=\"https:\/\/www.sinchi.org.co\/files\/publicaciones\/publicaciones\/pdf\/LIBRO%20PECES%20IMPORTANCIA%20ECONOMICA%20AMAZONAS%202000web.pdf\" target=\"_blank\" rel=\"noopener\">peces de agua dulce en la tierra<\/a>.<\/span><\/p>\n<p><span style=\"color: #000000;\">Ante la necesidad investigar la existencia de estas especies inexploradas en la Amazon\u00eda y consolidar proyectos de conservaci\u00f3n, Maldonado, junto a profesionales de siete pa\u00edses de Latinoam\u00e9rica y Europa, actualmente construye la base de datos m\u00e1s grande y robusta de informaci\u00f3n sobre biodiversidad de peces de agua dulce en la cuenca del Amazonas, todo esto para llenar los vac\u00edos de informaci\u00f3n a trav\u00e9s de expediciones en diferentes partes de la cuenca. Dicha tarea inici\u00f3 en 2015 y se consolid\u00f3 en enero de 2018 cuando firm\u00f3, junto al expresidente colombiano Juan Manuel Santos y el exministro de Medio Ambiente y Desarrollo Sostenible de la \u00e9poca, Luis Gilberto Murillo, un acuerdo de entendimiento con el fin de coordinar esfuerzos para cumplir con esta tit\u00e1nica tarea durante un periodo de cinco a\u00f1os.<\/span><\/p>\n<p><span style=\"color: #000000;\">\u201cCon todos los datos que tenemos actualmente, sabemos que, en t\u00e9rminos de peces, el territorio menos conocido en toda la cuenca amaz\u00f3nica es el colombiano, as\u00ed que lo que hacemos es ir a campo para llenar esos vac\u00edos identificados por medio de expediciones a sitios donde nadie ha ido a colectar peces\u201d, se\u00f1al\u00f3 a Pesquisa Javeriana el docente javeriano sobre&nbsp;<a style=\"color: #000000;\" href=\"http:\/\/www.javeriana.edu.co\/pesquisa\/amazon-fish-el-reto-de-consolidar-la-riqueza-acuatica-de-la-amazonia\/\">el proyecto Amazon Fish<\/a>.<\/span><\/p>\n<p><span style=\"color: #000000;\">Las expediciones en busca de cumplir este objetivo han sido largas y extenuantes, cuyos resultados publica peri\u00f3dicamente en revistas cient\u00edficas, sin dejar de compartir todos sus hallazgos con colegas, las comunidades que visita y sus estudiantes. Su curiosidad por la investigaci\u00f3n lo ha llevado a recorrer gran parte de las regiones apartadas de Colombia para deslumbrarse con los paisajes del Amazonas, del r\u00edo Magdalena y de la Orinoqu\u00eda.<\/span><\/p>\n<p><img fetchpriority=\"high\" decoding=\"async\" class=\"aligncenter wp-image-22039 size-large\" src=\"http:\/\/www.javeriana.edu.co\/pesquisa\/wp-content\/uploads\/2019\/03\/javier-maldonado-y-su-vocacion-desaforada-1-1024x576.jpg\" alt=\"\" width=\"640\" height=\"360\" srcset=\"http:\/\/www.javeriana.edu.co\/pesquisa\/wp-content\/uploads\/2019\/03\/javier-maldonado-y-su-vocacion-desaforada-1-1024x576.jpg 1024w, http:\/\/www.javeriana.edu.co\/pesquisa\/wp-content\/uploads\/2019\/03\/javier-maldonado-y-su-vocacion-desaforada-1-300x169.jpg 300w, http:\/\/www.javeriana.edu.co\/pesquisa\/wp-content\/uploads\/2019\/03\/javier-maldonado-y-su-vocacion-desaforada-1-150x84.jpg 150w, http:\/\/www.javeriana.edu.co\/pesquisa\/wp-content\/uploads\/2019\/03\/javier-maldonado-y-su-vocacion-desaforada-1-450x253.jpg 450w, http:\/\/www.javeriana.edu.co\/pesquisa\/wp-content\/uploads\/2019\/03\/javier-maldonado-y-su-vocacion-desaforada-1-1200x675.jpg 1200w, http:\/\/www.javeriana.edu.co\/pesquisa\/wp-content\/uploads\/2019\/03\/javier-maldonado-y-su-vocacion-desaforada-1-768x432.jpg 768w, http:\/\/www.javeriana.edu.co\/pesquisa\/wp-content\/uploads\/2019\/03\/javier-maldonado-y-su-vocacion-desaforada-1.jpg 1280w\" sizes=\"(max-width: 640px) 100vw, 640px\" \/><\/p>\n<p><span style=\"color: #000000;\">Como parte de los hallazgos que han llevado a este amante de los peces a seguir con su labor de escudri\u00f1ar las aguas, est\u00e1 el descubrir, junto a investigadores del Laboratorio de Ictiolog\u00eda de la Javeriana y colegas de la Universidad de Toronto en Canad\u00e1, la existencia de&nbsp;<a style=\"color: #000000;\" href=\"http:\/\/www.javeriana.edu.co\/pesquisa\/encuentran-pequenos-peces-en-aguas-subterraneas-de-los-llanos\/\">un curioso&nbsp;<\/a><a style=\"color: #000000;\" href=\"http:\/\/www.javeriana.edu.co\/pesquisa\/encuentran-pequenos-peces-en-aguas-subterraneas-de-los-llanos\/\">pez color rojo<\/a>. Se trata de la especie&nbsp;<em>Phreatobious<\/em>, encontrada en el pie de monte llanero. La estructura f\u00edsica de este animal es similar a la de una lombriz, motivo por el cual los pobladores de la zona se lo daban como alimento a las gallinas de la zona; sin embargo, result\u00f3 ser un bagre de aguas subterr\u00e1neas; aunque sus ojos no funcionan bien en la oscuridad, son los bigotes de su cabeza los que le sirven para orientarse.<\/span><\/p>\n<p><span style=\"color: #000000;\">Esta informaci\u00f3n, a su vez, ha puesto a trabajar a cient\u00edficos en el an\u00e1lisis de esta nueva especie que a\u00fan no tiene nombre. Como parte de un juego de palabras, ante la pregunta: \u00bfse llamar\u00eda&nbsp;<em>Phreatorius yopalensis<\/em>, por Yopal? Maldonado responde:\u201cPodr\u00eda ser tambi\u00e9n&nbsp;<em>Phreatorius gallinensis<\/em>\u201d.<\/span><\/p>\n<p><span style=\"color: #000000;\">Los placeres de este ec\u00f3logo con alma de bi\u00f3logo, de 42 a\u00f1os, van m\u00e1s all\u00e1 de la investigaci\u00f3n y de recorrer las carreteras de nuestro pa\u00eds en bicicleta, pues su genuino gusto por la conservaci\u00f3n del ecosistema lo acompa\u00f1a en cada recorrido. De ah\u00ed, su preocupaci\u00f3n por el impacto que tienen las hidroel\u00e9ctricas en el medio ambiente, pues seg\u00fan el art\u00edculo&nbsp;<a style=\"color: #000000;\" href=\"https:\/\/www.eurekalert.org\/jrnls\/sciadvances\/pdf.php?date=2018-02&amp;file=anderson180131.pdf\" target=\"_blank\" rel=\"noopener\"><em>Fragmentation of Andes-to-Amazon connectivity by hydropower dams<\/em><\/a>, del cual Javier Maldonado aparece como coautor, las&nbsp;represas alteran el h\u00e1bitat de los peces y crean insalvables barreras para su movimiento a trav\u00e9s de los r\u00edos.<\/span><\/p>\n<p><span style=\"color: #000000;\">Adem\u00e1s, entre las consecuencias ambientales que Maldonado encuentra en los proyectos hidroenerg\u00e9ticos, est\u00e1 el rompimiento de la conectividad de la biodiversidad entre los Andes y el Amazonas, los cambios en la temperatura del r\u00edo por los cortes de agua y c\u00f3mo&nbsp;las represas influyen en el flujo natural de los sedimentos del r\u00edo; seg\u00fan el investigador, porque los sedimentos \u201cson los que le dan la riqueza al agua, los que nutren&nbsp;<a style=\"color: #000000;\" href=\"http:\/\/www.javeriana.edu.co\/pesquisa\/hidroelectricas-en-la-amazonia-una-amenaza-para-la-cuenca\/\">los planos de inundaci\u00f3n<\/a>\u201d.<\/span><\/p>\n<p><span style=\"color: #000000;\">Investigar y conservar son palabras que se quedan cortas para describir lo que Javier Maldonado quiere lograr con lo que hace como icti\u00f3logo. Su deseo por divulgar la ciencia lo ha llevado a buscar nuevas formas de narrar el conocimiento cient\u00edfico generado en sus investigaciones y a promover conciencia sobre la conservaci\u00f3n de los ecosistemas acu\u00e1ticos colombianos, del bienestar de los peces y las comunidades asentadas a lo largo y ancho de la extensa red h\u00eddrica colombiana.<\/span><\/p>\n<p><img decoding=\"async\" class=\"aligncenter wp-image-22041 size-large\" src=\"http:\/\/www.javeriana.edu.co\/pesquisa\/wp-content\/uploads\/2019\/03\/javier-maldonado-y-su-vocacion-desaforada-2-1024x576.jpg\" alt=\"\" width=\"640\" height=\"360\" srcset=\"http:\/\/www.javeriana.edu.co\/pesquisa\/wp-content\/uploads\/2019\/03\/javier-maldonado-y-su-vocacion-desaforada-2-1024x576.jpg 1024w, http:\/\/www.javeriana.edu.co\/pesquisa\/wp-content\/uploads\/2019\/03\/javier-maldonado-y-su-vocacion-desaforada-2-300x169.jpg 300w, http:\/\/www.javeriana.edu.co\/pesquisa\/wp-content\/uploads\/2019\/03\/javier-maldonado-y-su-vocacion-desaforada-2-150x84.jpg 150w, http:\/\/www.javeriana.edu.co\/pesquisa\/wp-content\/uploads\/2019\/03\/javier-maldonado-y-su-vocacion-desaforada-2-450x253.jpg 450w, http:\/\/www.javeriana.edu.co\/pesquisa\/wp-content\/uploads\/2019\/03\/javier-maldonado-y-su-vocacion-desaforada-2-1200x675.jpg 1200w, http:\/\/www.javeriana.edu.co\/pesquisa\/wp-content\/uploads\/2019\/03\/javier-maldonado-y-su-vocacion-desaforada-2-768x432.jpg 768w, http:\/\/www.javeriana.edu.co\/pesquisa\/wp-content\/uploads\/2019\/03\/javier-maldonado-y-su-vocacion-desaforada-2.jpg 1280w\" sizes=\"(max-width: 640px) 100vw, 640px\" \/><\/p>\n<p style=\"margin: 0cm 0cm 18.0pt 0cm;\"><span style=\"font-family: Arial, sans-serif; color: #000000;\">Resultado de su trabajo en busca de especies inexploradas, surgi\u00f3 su pasi\u00f3n por trabajar con pobladores de las regiones. Por eso, un ejemplo de esto ocurri\u00f3 el&nbsp;pasado 10 de febrero cuando Maldonado inici\u00f3 un recorrido por cuatro escuelas del Magdalena Medio para concientizar a los ni\u00f1os de esta regi\u00f3n sobre la conservaci\u00f3n del bagre rayado, especie afectada por la sobrepesca. \u201cEn su rostro se vio la emoci\u00f3n, no solo de transmitir sus conocimientos sino de compartir con los ni\u00f1os, con los pobladores y con sus colegas\u201d, seg\u00fan recuerdan periodistas de Pesquisa Javeriana, quienes lo acompa\u00f1aron en el recorrido.<\/span><\/p>\n<p style=\"font-variant-ligatures: normal; font-variant-caps: normal; orphans: 2; text-align: start; widows: 2; -webkit-text-stroke-width: 0px; word-spacing: 0px; margin: 0cm 0cm 18pt;\"><span style=\"font-weight: 400; color: #000000;\"><span style=\"font-family: Arial, sans-serif;\">Los expedicionarios no est\u00e1n exentos de peligros, pero el ec\u00f3logo sabe afrontarlos. Su hermano Nelson Maldonado Ocampo recuerda c\u00f3mo, en alguna oportunidad, Javier se qued\u00f3 sin embarcaci\u00f3n toda una noche; sin embargo, esper\u00f3 a que amaneciera y horas m\u00e1s tarde fue encontrado. Esta an\u00e9cdota es una de las tantas que llena de optimismo a sus familiares, amigos y colegas mientras est\u00e1n a la espera de recibir noticias de su b\u00fasqueda. Por el momento,&nbsp;brigadas de rescate y la misma comunidad ind\u00edgena de Mata Pi que lo acompa\u00f1aban en la salida de campo, adelantan jornadas de b\u00fasqueda en la regi\u00f3n, luego de que el investigador javeriano naufragara durante una expedici\u00f3n cient\u00edfica en el r\u00edo Vaup\u00e9s el pasado s\u00e1bado 2 de marzo sobre las 2:00 de la tarde.<\/span><\/span><\/p>\n<p style=\"margin: 0cm 0cm 18.0pt 0cm;\"><span style=\"color: #000000;\">&nbsp;<\/span><\/p>\n","protected":false},"excerpt":{"rendered":"<p>Luego del naufragio de un equipo de investigadores en el r\u00edo Vaup\u00e9s, entre ellos el javeriano Javier Maldonado, Pesquisa Javeriana presenta un recuento del trabajo que este docente universitario ha desarrollado en su vida profesional. Sus hallazgos m\u00e1s importantes, aqu\u00ed.<\/p>\n","protected":false},"author":27,"featured_media":22041,"comment_status":"open","ping_status":"open","sticky":false,"template":"","format":"standard","meta":{"footnotes":""},"categories":[376,375],"tags":[698,1459,97,1740,1136,1741],"class_list":{"0":"post-12662","1":"post","2":"type-post","3":"status-publish","4":"format-standard","5":"has-post-thumbnail","7":"category-ambiente","8":"category-perfiles","9":"tag-amazonas","10":"tag-ictiologia","11":"tag-investigacion","12":"tag-javier-maldonado","13":"tag-peces","14":"tag-vaupes"},"_links":{"self":[{"href":"http:\/\/www.javeriana.edu.co\/pesquisa\/wp-json\/wp\/v2\/posts\/12662","targetHints":{"allow":["GET"]}}],"collection":[{"href":"http:\/\/www.javeriana.edu.co\/pesquisa\/wp-json\/wp\/v2\/posts"}],"about":[{"href":"http:\/\/www.javeriana.edu.co\/pesquisa\/wp-json\/wp\/v2\/types\/post"}],"author":[{"embeddable":true,"href":"http:\/\/www.javeriana.edu.co\/pesquisa\/wp-json\/wp\/v2\/users\/27"}],"replies":[{"embeddable":true,"href":"http:\/\/www.javeriana.edu.co\/pesquisa\/wp-json\/wp\/v2\/comments?post=12662"}],"version-history":[{"count":19,"href":"http:\/\/www.javeriana.edu.co\/pesquisa\/wp-json\/wp\/v2\/posts\/12662\/revisions"}],"predecessor-version":[{"id":31698,"href":"http:\/\/www.javeriana.edu.co\/pesquisa\/wp-json\/wp\/v2\/posts\/12662\/revisions\/31698"}],"wp:featuredmedia":[{"embeddable":true,"href":"http:\/\/www.javeriana.edu.co\/pesquisa\/wp-json\/wp\/v2\/media\/22041"}],"wp:attachment":[{"href":"http:\/\/www.javeriana.edu.co\/pesquisa\/wp-json\/wp\/v2\/media?parent=12662"}],"wp:term":[{"taxonomy":"category","embeddable":true,"href":"http:\/\/www.javeriana.edu.co\/pesquisa\/wp-json\/wp\/v2\/categories?post=12662"},{"taxonomy":"post_tag","embeddable":true,"href":"http:\/\/www.javeriana.edu.co\/pesquisa\/wp-json\/wp\/v2\/tags?post=12662"}],"curies":[{"name":"wp","href":"https:\/\/api.w.org\/{rel}","templated":true}]}}