{"id":12711,"date":"2019-03-07T18:06:40","date_gmt":"2019-03-07T23:06:40","guid":{"rendered":"http:\/\/www.javeriana.edu.co\/pesquisa\/?p=12711"},"modified":"2022-05-17T15:49:14","modified_gmt":"2022-05-17T20:49:14","slug":"javier-maldonado-in-memoriam","status":"publish","type":"post","link":"http:\/\/www.javeriana.edu.co\/pesquisa\/javier-maldonado-in-memoriam\/","title":{"rendered":"Javier Maldonado, in memoriam"},"content":{"rendered":"<p><iframe title=\"Javier Maldonado, in memoriam\" width=\"814\" height=\"458\" src=\"https:\/\/www.youtube.com\/embed\/wnF-a9bmWuU?feature=oembed\" frameborder=\"0\" allow=\"accelerometer; autoplay; clipboard-write; encrypted-media; gyroscope; picture-in-picture\" allowfullscreen><\/iframe><\/p>\n","protected":false},"excerpt":{"rendered":"<p>El recuerdo del icti\u00f3logo javeriano Javier Maldonado (1977-2019) permanece en la memoria de quienes lo conocieron, como los acad\u00e9micos que vivieron sus sue\u00f1os codo a codo, con sus investigaciones. La Pontificia Universidad Javeriana inmortaliz\u00f3 sus palabras sobre apropiaci\u00f3n social del conocimiento por medio de un video, que compartimos en Pesquisa Javeriana.<\/p>\n","protected":false},"author":40,"featured_media":12713,"comment_status":"open","ping_status":"open","sticky":false,"template":"","format":"standard","meta":{"footnotes":""},"categories":[378],"tags":[1740],"class_list":{"0":"post-12711","1":"post","2":"type-post","3":"status-publish","4":"format-standard","5":"has-post-thumbnail","7":"category-multimedia","8":"tag-javier-maldonado"},"_links":{"self":[{"href":"http:\/\/www.javeriana.edu.co\/pesquisa\/wp-json\/wp\/v2\/posts\/12711","targetHints":{"allow":["GET"]}}],"collection":[{"href":"http:\/\/www.javeriana.edu.co\/pesquisa\/wp-json\/wp\/v2\/posts"}],"about":[{"href":"http:\/\/www.javeriana.edu.co\/pesquisa\/wp-json\/wp\/v2\/types\/post"}],"author":[{"embeddable":true,"href":"http:\/\/www.javeriana.edu.co\/pesquisa\/wp-json\/wp\/v2\/users\/40"}],"replies":[{"embeddable":true,"href":"http:\/\/www.javeriana.edu.co\/pesquisa\/wp-json\/wp\/v2\/comments?post=12711"}],"version-history":[{"count":1,"href":"http:\/\/www.javeriana.edu.co\/pesquisa\/wp-json\/wp\/v2\/posts\/12711\/revisions"}],"predecessor-version":[{"id":12712,"href":"http:\/\/www.javeriana.edu.co\/pesquisa\/wp-json\/wp\/v2\/posts\/12711\/revisions\/12712"}],"wp:featuredmedia":[{"embeddable":true,"href":"http:\/\/www.javeriana.edu.co\/pesquisa\/wp-json\/wp\/v2\/media\/12713"}],"wp:attachment":[{"href":"http:\/\/www.javeriana.edu.co\/pesquisa\/wp-json\/wp\/v2\/media?parent=12711"}],"wp:term":[{"taxonomy":"category","embeddable":true,"href":"http:\/\/www.javeriana.edu.co\/pesquisa\/wp-json\/wp\/v2\/categories?post=12711"},{"taxonomy":"post_tag","embeddable":true,"href":"http:\/\/www.javeriana.edu.co\/pesquisa\/wp-json\/wp\/v2\/tags?post=12711"}],"curies":[{"name":"wp","href":"https:\/\/api.w.org\/{rel}","templated":true}]}}