{"id":12731,"date":"2019-03-15T07:29:18","date_gmt":"2019-03-15T12:29:18","guid":{"rendered":"http:\/\/www.javeriana.edu.co\/pesquisa\/?p=12731"},"modified":"2022-06-21T17:46:06","modified_gmt":"2022-06-21T22:46:06","slug":"que-es-la-clase-media-en-colombia","status":"publish","type":"post","link":"http:\/\/www.javeriana.edu.co\/pesquisa\/que-es-la-clase-media-en-colombia\/","title":{"rendered":"\u00bfQu\u00e9 es la clase media en Colombia?"},"content":{"rendered":"<p>\u00bfQui\u00e9n puede considerarse afortunado en Colombia? \u00bfC\u00f3mo se mide este tipo de realidad: desde factores subjetivos como la alegr\u00eda, la cohesi\u00f3n familiar o el \u00e9xito profesional? \u00bfO, simplemente, es una cuesti\u00f3n material, del dinero que una persona tiene en el bolsillo al iniciar el d\u00eda y lo que utiliza para satisfacer sus necesidades?<\/p>\n<p>Parte de esa respuesta debe explicarse con n\u00fameros. <a href=\"https:\/\/www.dane.gov.co\/files\/investigaciones\/condiciones_vida\/pobreza\/bol_pobreza_17.pdf\" target=\"_blank\" rel=\"noopener\">Seg\u00fan las mediciones m\u00e1s recientes del Departamento Nacional de Estad\u00edstica, DANE<\/a>, el 26,9% de la poblaci\u00f3n en 2017 viv\u00eda por debajo de la l\u00ednea de pobreza, esto quiere decir que alrededor de 12,2 millones de personas ten\u00edan serios problemas para adquirir con sus ingresos los elementos de la canasta familiar, los art\u00edculos y servicios m\u00e1s b\u00e1sicos del mercado. Este indicador es muy parecido <a href=\"https:\/\/www.cepal.org\/es\/comunicados\/la-pobreza-america-latina-se-mantuvo-estable-2017-pero-aumento-la-pobreza-extrema\" target=\"_blank\" rel=\"noopener\">al m\u00e1s reciente estudio regional realizado por la CEPAL<\/a>, en el cual la pobreza afecta a 30,2% de la poblaci\u00f3n de Am\u00e9rica Latina y el Caribe (alrededor de 184 millones de personas).<\/p>\n<p>Recientemente, el DANE ha venido refinando sus m\u00e9todos de medici\u00f3n para definir con mayor exactitud este tema. <a href=\"https:\/\/noticias.caracoltv.com\/economia\/como-entender-que-el-tequila-o-alquilar-canchas-de-futbol-5-sean-parte-de-la-canasta-familiar\" target=\"_blank\" rel=\"noopener\">De acuerdo a su director, Juan Daniel Oviedo<\/a>, en Colombia una persona puede considerarse pobre si gana al d\u00eda menos de $12.000, o si llega a final de mes con ingresos por $360.000; su condici\u00f3n mejora si, al d\u00eda 30, en su bolsillo, encuentra $900.000, el l\u00edmite de lo que se considera como \u201cvulnerabilidad econ\u00f3mica\u201d.<\/p>\n<p>Pero si encuentra m\u00e1s, podr\u00eda considerarse como afortunado: hace parte de ese grupo de la poblaci\u00f3n llamado \u201cclase media\u201d, aquellos que, por lo que ganan, pueden permitirse una vida c\u00f3moda. \u00bfQui\u00e9nes son? \u00bfHay gente en Colombia que pueda ser mucho m\u00e1s afortunada? \u00bfQu\u00e9 compran en una jornada como hoy, cuando se celebra el <a href=\"https:\/\/www.coruna.gal\/omic\/es\/detalle-suceso\/15-de-marzo-dia-mundial-de-los-derechos-de-los-consumidores\/suceso\/1453615121521\" target=\"_blank\" rel=\"noopener\">D\u00eda Mundial de los Derechos de los Consumidores<\/a>?<\/p>\n<p>Sobre este tema se refiere Luis Carlos Reyes, doctor en econom\u00eda y director del <a href=\"https:\/\/www.ofiscal.org\/\" target=\"_blank\" rel=\"noopener\">Observatorio Fiscal<\/a> de la Pontificia Universidad Javeriana, quien analiza, a trav\u00e9s de una serie de columnas de opini\u00f3n en video, el estado de la econom\u00eda colombiana y c\u00f3mo puede afectarse ante la posibilidad de una nueva reforma tributaria.<\/p>\n<p><iframe title=\"\u00bfQu\u00e9 es la clase media en Colombia?\" width=\"814\" height=\"458\" src=\"https:\/\/www.youtube.com\/embed\/EDzbtPtgIt4?feature=oembed\" frameborder=\"0\" allow=\"accelerometer; autoplay; clipboard-write; encrypted-media; gyroscope; picture-in-picture\" allowfullscreen><\/iframe><\/p>\n<p>En sus siguientes columnas, Reyes se refiri\u00f3 a:<\/p>\n<ul>\n<li><a href=\"https:\/\/youtu.be\/0oMG7iIYfpU\" target=\"_blank\" rel=\"noopener\">Pago de impuestos<\/a>.<\/li>\n<li><a href=\"https:\/\/youtu.be\/P3siJu6VBWA\" target=\"_blank\" rel=\"noopener\">D\u00e9ficit tributario<\/a>.<\/li>\n<\/ul>\n","protected":false},"excerpt":{"rendered":"<p>Seg\u00fan las cifras del DANE, toda persona que gane m\u00e1s de $900.000 al mes puede considerarse afortunada, pues tiene el dinero suficiente para huir de la pobreza. \u00bfQui\u00e9nes son en un pa\u00eds como el nuestro? \u00bfHay gente mucho m\u00e1s que afortunada?<\/p>\n","protected":false},"author":40,"featured_media":22306,"comment_status":"open","ping_status":"open","sticky":false,"template":"","format":"standard","meta":{"footnotes":""},"categories":[3691,378,373],"tags":[1760,1758,1762,530,1147,1757,1761,1759],"class_list":{"0":"post-12731","1":"post","2":"type-post","3":"status-publish","4":"format-standard","5":"has-post-thumbnail","7":"category-economia","8":"category-multimedia","9":"category-sociedad","10":"tag-canasta-basica","11":"tag-clase-media","12":"tag-dane","13":"tag-economia","14":"tag-impuestos","15":"tag-ingresos","16":"tag-pobreza","17":"tag-salario"},"_links":{"self":[{"href":"http:\/\/www.javeriana.edu.co\/pesquisa\/wp-json\/wp\/v2\/posts\/12731","targetHints":{"allow":["GET"]}}],"collection":[{"href":"http:\/\/www.javeriana.edu.co\/pesquisa\/wp-json\/wp\/v2\/posts"}],"about":[{"href":"http:\/\/www.javeriana.edu.co\/pesquisa\/wp-json\/wp\/v2\/types\/post"}],"author":[{"embeddable":true,"href":"http:\/\/www.javeriana.edu.co\/pesquisa\/wp-json\/wp\/v2\/users\/40"}],"replies":[{"embeddable":true,"href":"http:\/\/www.javeriana.edu.co\/pesquisa\/wp-json\/wp\/v2\/comments?post=12731"}],"version-history":[{"count":4,"href":"http:\/\/www.javeriana.edu.co\/pesquisa\/wp-json\/wp\/v2\/posts\/12731\/revisions"}],"predecessor-version":[{"id":24506,"href":"http:\/\/www.javeriana.edu.co\/pesquisa\/wp-json\/wp\/v2\/posts\/12731\/revisions\/24506"}],"wp:featuredmedia":[{"embeddable":true,"href":"http:\/\/www.javeriana.edu.co\/pesquisa\/wp-json\/wp\/v2\/media\/22306"}],"wp:attachment":[{"href":"http:\/\/www.javeriana.edu.co\/pesquisa\/wp-json\/wp\/v2\/media?parent=12731"}],"wp:term":[{"taxonomy":"category","embeddable":true,"href":"http:\/\/www.javeriana.edu.co\/pesquisa\/wp-json\/wp\/v2\/categories?post=12731"},{"taxonomy":"post_tag","embeddable":true,"href":"http:\/\/www.javeriana.edu.co\/pesquisa\/wp-json\/wp\/v2\/tags?post=12731"}],"curies":[{"name":"wp","href":"https:\/\/api.w.org\/{rel}","templated":true}]}}