{"id":12840,"date":"2019-04-12T16:45:26","date_gmt":"2019-04-12T21:45:26","guid":{"rendered":"http:\/\/www.javeriana.edu.co\/pesquisa\/?p=12840"},"modified":"2022-06-21T18:11:41","modified_gmt":"2022-06-21T23:11:41","slug":"el-ano-de-los-libros-universitarios","status":"publish","type":"post","link":"http:\/\/www.javeriana.edu.co\/pesquisa\/el-ano-de-los-libros-universitarios\/","title":{"rendered":"El a\u00f1o de los libros universitarios"},"content":{"rendered":"<p>El inicio del a\u00f1o suele convertirse para las editoriales universitarias colombianas en un momento clave, cuando deben tomarse decisiones fundamentales: sobre t\u00edtulos, sobre espacios f\u00edsicos, sobre inventarios, sobre lanzamientos, pero especialmente sobre su presencia en la Feria del Libro de Bogot\u00e1 (FILBO), una de las principales ventanas de exhibici\u00f3n de su trabajo.<\/p>\n<p>No ha sido la excepci\u00f3n para la Editorial Javeriana, que en este 2019, a\u00f1o del bicentenario de la Independencia y en el que, precisamente, Colombia es el pa\u00eds homenajeado, se ha preparado desde hace meses para concretar su presencia en el segundo piso del pabell\u00f3n tres de Corferias.<\/p>\n<p>All\u00ed tendr\u00e1 asiento junto a los sellos de otras universidades, p\u00fablicas y privadas, en un espacio que puede representar el 25% de las ventas conjuntas. No es de extra\u00f1ar que, solo en ese pabell\u00f3n, y durante los d\u00edas de feria (del 25 de abril al 6 de mayo), se presenten al p\u00fablico entre 1.000 y 1.200 t\u00edtulos nuevos.<\/p>\n<p>\u201cPara un editor universitario, la FILBO es el proyecto fundamental del a\u00f1o\u201d, explica Nicol\u00e1s Morales, director de la Editorial Javeriana, que en esta edici\u00f3n cumplir\u00e1 21 a\u00f1os de presencia en la feria. <span style=\"text-decoration: underline;\">Pesquisa Javeriana<\/span> habl\u00f3 con \u00e9l sobre las novedades del sello javeriano, la conexi\u00f3n con los lectores que no necesariamente buscan t\u00edtulos acad\u00e9micos y el papel que juegan las editoriales universitarias en el actual mercado del libro colombiano.<\/p>\n<p><iframe title=\"Filbo 2019 | Nicol\u00e1s Morales | Editorial Javeriana\" width=\"814\" height=\"458\" src=\"https:\/\/www.youtube.com\/embed\/77BFK0rcyOw?feature=oembed\" frameborder=\"0\" allow=\"accelerometer; autoplay; clipboard-write; encrypted-media; gyroscope; picture-in-picture\" allowfullscreen><\/iframe><\/p>\n<p>&nbsp;<\/p>\n","protected":false},"excerpt":{"rendered":"<p>En dos semanas, la Editorial Javeriana cumplir\u00e1 21 a\u00f1os de presencia en la Feria Internacional del Libro de Bogot\u00e1. Nicol\u00e1s Morales, su director, explica por qu\u00e9 \u00e9sta se ha convertido en un espacio estrat\u00e9gico para la producci\u00f3n editorial de las universidades colombianas.<\/p>\n","protected":false},"author":34,"featured_media":23510,"comment_status":"open","ping_status":"open","sticky":false,"template":"","format":"standard","meta":{"footnotes":""},"categories":[48,3695],"tags":[310,1806,1109,1802,1803,1804,1807,564,562,1805],"class_list":{"0":"post-12840","1":"post","2":"type-post","3":"status-publish","4":"format-standard","5":"has-post-thumbnail","7":"category-entrevistas","8":"category-literatura","9":"tag-bogota","10":"tag-edicion","11":"tag-editorial-javeriana","12":"tag-feria-del-libro","13":"tag-filbo-2019","14":"tag-lanzamiento-editorial","15":"tag-lector","16":"tag-lectura","17":"tag-libros","18":"tag-mercado"},"_links":{"self":[{"href":"http:\/\/www.javeriana.edu.co\/pesquisa\/wp-json\/wp\/v2\/posts\/12840","targetHints":{"allow":["GET"]}}],"collection":[{"href":"http:\/\/www.javeriana.edu.co\/pesquisa\/wp-json\/wp\/v2\/posts"}],"about":[{"href":"http:\/\/www.javeriana.edu.co\/pesquisa\/wp-json\/wp\/v2\/types\/post"}],"author":[{"embeddable":true,"href":"http:\/\/www.javeriana.edu.co\/pesquisa\/wp-json\/wp\/v2\/users\/34"}],"replies":[{"embeddable":true,"href":"http:\/\/www.javeriana.edu.co\/pesquisa\/wp-json\/wp\/v2\/comments?post=12840"}],"version-history":[{"count":4,"href":"http:\/\/www.javeriana.edu.co\/pesquisa\/wp-json\/wp\/v2\/posts\/12840\/revisions"}],"predecessor-version":[{"id":12846,"href":"http:\/\/www.javeriana.edu.co\/pesquisa\/wp-json\/wp\/v2\/posts\/12840\/revisions\/12846"}],"wp:featuredmedia":[{"embeddable":true,"href":"http:\/\/www.javeriana.edu.co\/pesquisa\/wp-json\/wp\/v2\/media\/23510"}],"wp:attachment":[{"href":"http:\/\/www.javeriana.edu.co\/pesquisa\/wp-json\/wp\/v2\/media?parent=12840"}],"wp:term":[{"taxonomy":"category","embeddable":true,"href":"http:\/\/www.javeriana.edu.co\/pesquisa\/wp-json\/wp\/v2\/categories?post=12840"},{"taxonomy":"post_tag","embeddable":true,"href":"http:\/\/www.javeriana.edu.co\/pesquisa\/wp-json\/wp\/v2\/tags?post=12840"}],"curies":[{"name":"wp","href":"https:\/\/api.w.org\/{rel}","templated":true}]}}