{"id":13136,"date":"2019-06-28T12:10:35","date_gmt":"2019-06-28T17:10:35","guid":{"rendered":"http:\/\/www.javeriana.edu.co\/pesquisa\/?p=13136"},"modified":"2022-06-21T15:35:37","modified_gmt":"2022-06-21T20:35:37","slug":"el-cambio-climatico-comienza-por-los-oceanos","status":"publish","type":"post","link":"http:\/\/www.javeriana.edu.co\/pesquisa\/el-cambio-climatico-comienza-por-los-oceanos\/","title":{"rendered":"El cambio clim\u00e1tico comienza por los oc\u00e9anos"},"content":{"rendered":"<p>Durante los \u00faltimos 11.000 a\u00f1os los oc\u00e9anos liberaron di\u00f3xido de carbono. Ahora, por la acci\u00f3n del ser humano se han convertido en sumideros de CO<sub>2<\/sub> por la constante quema de combustibles f\u00f3siles. As\u00ed lo sentencia el profesor de oceanograf\u00eda de la Universidad de Haw\u00e1i, Christopher Sabine, en entrevista con <u>Pesquisa Javeriana<\/u>.<\/p>\n<p>Esta situaci\u00f3n generada por la industrializaci\u00f3n, y en general por la actividad humana, representa una nueva fuente de carbono que no formaba parte del ciclo natural de nuestro planeta. Ahora, ese CO<sub>2<\/sub> se est\u00e1 sumergiendo y llegando hasta las profundidades marinas. \u00bfSe puede convertir en una bomba de tiempo?<\/p>\n<p style=\"text-align: left;\">[wpdevart_youtube]54kwIF1_IyE[\/wpdevart_youtube]<br \/>\nSi los oc\u00e9anos est\u00e1n ofreci\u00e9ndole un servicio a la humanidad, reduciendo el impacto del cambio clim\u00e1tico por absorber todo este di\u00f3xido de carbono que estamos liberando, este beneficio no aplica a muchas de las especies marinas porque, al mismo tiempo, las aguas oce\u00e1nicas se est\u00e1n volviendo m\u00e1s \u00e1cidas y esto hace que para algunas especies el costo sea alto.<\/p>\n<p style=\"text-align: left;\">[wpdevart_youtube]pne4f3CE17I[\/wpdevart_youtube]<\/p>\n<p style=\"text-align: left;\">Como por ejemplo al pez payaso, que vive en aguas profundas de los tr\u00f3picos y tambi\u00e9n nada en muchos acuarios con sus vistosos tonos naranja interrumpidos por franjas blancas y bordes negros. Pues el agua \u00e1cida les hace perder su sentido del olfato y as\u00ed no puedan sentir la cercan\u00eda de un depredador.<\/p>\n<p>La Pontificia Universidad Javeriana se suma actualmente a la investigaci\u00f3n oceanogr\u00e1fica con el montaje de un laboratorio que liderar\u00e1 un programa de monitoreo sobre acidificaci\u00f3n marina en el pa\u00eds, particularmente en el Pac\u00edfico colombiano. El objetivo de la investigaci\u00f3n ser\u00e1 responder si existen zonas marinas como fuentes liberadoras de di\u00f3xido de carbono a la atm\u00f3sfera o, por lo contrario, como sumidero de CO<sub>2<\/sub> atmosf\u00e9rico.<\/p>\n<p>Lo cierto es que todos los esfuerzos que se realicen para entender lo que est\u00e1 ocurriendo con nuestros oc\u00e9anos es bienvenido. Por ahora, y a pesar de que el presidente estadounidense Donald Trump no cree en el cambio clim\u00e1tico, el profesor Sabine, uno de los investigadores del Panel Intergubernamental de Cambio Clim\u00e1tico (IPCC) que gan\u00f3 el Premio Nobel de Paz en 2007, contin\u00faa en Haw\u00e1i sus investigaciones financiado por la Administraci\u00f3n Nacional Oce\u00e1nica y Atmosf\u00e9rica (NOAA) y la Fundaci\u00f3n Nacional de Ciencia (NSF), ambas instituciones p\u00fablicas de los Estados Unidos.<\/p>\n<p>Sabine sabe que el reto est\u00e1 presente en todo momento y conf\u00eda en que esta situaci\u00f3n cambiar\u00e1 en el futuro. \u00bfCu\u00e1l entonces es su recomendaci\u00f3n para una pol\u00edtica p\u00fablica real y posible?<\/p>\n<p style=\"text-align: left;\">[wpdevart_youtube]Q0Kc8ij7crI[\/wpdevart_youtube]<\/p>\n","protected":false},"excerpt":{"rendered":"<p>La actividad y la ausencia de una pol\u00edtica ambiental que proteja el medio ambiente ha reversado el ciclo del carbono, convirtiendo a los oc\u00e9anos en enormes dep\u00f3sitos de CO2. El ocean\u00f3grafo estadounidense Christopher Sabine le explica a Pesquisa Javeriana el verdadero impacto que puede sufrir el planeta en los a\u00f1os por venir.<\/p>\n","protected":false},"author":25,"featured_media":23532,"comment_status":"open","ping_status":"open","sticky":false,"template":"","format":"standard","meta":{"footnotes":""},"categories":[376,3687,48],"tags":[777,1913,1912,526,1911,1914,381],"class_list":{"0":"post-13136","1":"post","2":"type-post","3":"status-publish","4":"format-standard","5":"has-post-thumbnail","7":"category-ambiente","8":"category-cambio-climatico","9":"category-entrevistas","10":"tag-cambio-climatico","11":"tag-dioxido-de-carbono","12":"tag-fauna-marina","13":"tag-impacto-ambiental","14":"tag-oceanos","15":"tag-politica-ambiental","16":"tag-premio-nobel"},"_links":{"self":[{"href":"http:\/\/www.javeriana.edu.co\/pesquisa\/wp-json\/wp\/v2\/posts\/13136","targetHints":{"allow":["GET"]}}],"collection":[{"href":"http:\/\/www.javeriana.edu.co\/pesquisa\/wp-json\/wp\/v2\/posts"}],"about":[{"href":"http:\/\/www.javeriana.edu.co\/pesquisa\/wp-json\/wp\/v2\/types\/post"}],"author":[{"embeddable":true,"href":"http:\/\/www.javeriana.edu.co\/pesquisa\/wp-json\/wp\/v2\/users\/25"}],"replies":[{"embeddable":true,"href":"http:\/\/www.javeriana.edu.co\/pesquisa\/wp-json\/wp\/v2\/comments?post=13136"}],"version-history":[{"count":4,"href":"http:\/\/www.javeriana.edu.co\/pesquisa\/wp-json\/wp\/v2\/posts\/13136\/revisions"}],"predecessor-version":[{"id":13184,"href":"http:\/\/www.javeriana.edu.co\/pesquisa\/wp-json\/wp\/v2\/posts\/13136\/revisions\/13184"}],"wp:featuredmedia":[{"embeddable":true,"href":"http:\/\/www.javeriana.edu.co\/pesquisa\/wp-json\/wp\/v2\/media\/23532"}],"wp:attachment":[{"href":"http:\/\/www.javeriana.edu.co\/pesquisa\/wp-json\/wp\/v2\/media?parent=13136"}],"wp:term":[{"taxonomy":"category","embeddable":true,"href":"http:\/\/www.javeriana.edu.co\/pesquisa\/wp-json\/wp\/v2\/categories?post=13136"},{"taxonomy":"post_tag","embeddable":true,"href":"http:\/\/www.javeriana.edu.co\/pesquisa\/wp-json\/wp\/v2\/tags?post=13136"}],"curies":[{"name":"wp","href":"https:\/\/api.w.org\/{rel}","templated":true}]}}