{"id":13228,"date":"2019-07-21T00:02:58","date_gmt":"2019-07-21T05:02:58","guid":{"rendered":"http:\/\/www.javeriana.edu.co\/pesquisa\/?p=13228"},"modified":"2022-05-17T15:28:54","modified_gmt":"2022-05-17T20:28:54","slug":"circula-pesquisa-48","status":"publish","type":"post","link":"http:\/\/www.javeriana.edu.co\/pesquisa\/circula-pesquisa-48\/","title":{"rendered":"No te pierdas nuestra nueva edici\u00f3n impresa"},"content":{"rendered":"<p>La segunda edici\u00f3n de 2019 de la revista <span style=\"text-decoration: underline;\">Pesquisa Javeriana<\/span> circula a partir de este domingo, 21 de julio, con las m\u00e1s recientes investigaciones sobre ciencia, salud, ganader\u00eda, sociolog\u00eda e historia, entre otras disciplinas.<\/p>\n<p>Encuentre en nuestras p\u00e1ginas:<\/p>\n<ul>\n<li>La investigaci\u00f3n liderada por acad\u00e9micos de la Pontificia Universidad Javeriana que busca reevaluar los mitos sobre el cultivo de palma de aceite en Colombia, como la propiedad de las tierras en que se siembra y las grandes cantidades de agua que se emplean por hect\u00e1rea cultivada.<\/li>\n<li>Informe especial sobre los avances cient\u00edficos para combatir el virus de leucosis bovina (VLB), el puede perjudicar la salud humana.<\/li>\n<li>La historia del fil\u00f3sofo javeriano que esculc\u00f3 las obras de Immanuel Kant para descifrar su afirmaci\u00f3n de que el Salto del Tequendama era la ca\u00edda de agua m\u00e1s alta del mundo, encontrando, de paso, alusiones a la expedici\u00f3n del naturalista Alexander von Humboldt por la Nueva Granada.<\/li>\n<li>El proyecto entre la academia y la comunidad de Bosa que gener\u00f3 nuevos di\u00e1logos e interacciones a trav\u00e9s de un mural, y c\u00f3mo esta estrategia busca rescatar tradiciones culturales milenarias.<\/li>\n<li>Los proyectos de innovaci\u00f3n en salud para mejorar las vidas de pacientes con falla cardiaca y con la enfermedad hereditaria de Morquio A.<\/li>\n<li>La llamada de nuestro Editorial para que se aproveche el actual momento de la ciencia colombiana y se dise\u00f1e una verdadera pol\u00edtica p\u00fablica que la consolide.<\/li>\n<li>El an\u00e1lisis acad\u00e9mico que le mide el pulso a la evoluci\u00f3n de la econom\u00eda colombiana durante los \u00faltimos 67 a\u00f1os.<\/li>\n<li>Perfil de Nini Vanesa Rueda, la joven ingeniera electr\u00f3nica que trabaja para encontrar soluciones a la contaminaci\u00f3n del agua por medio del plasma fr\u00edo.<\/li>\n<\/ul>\n<p>No se pierda el homenaje que en nuestras p\u00e1ginas hacemos a la investigadora acad\u00e9mica Maryluz Vallejo, quien ha dedicado sus investigaciones a escudri\u00f1ar diversos aspectos del periodismo en Colombia. Encuentre todos estos temas en la edici\u00f3n que el diario <em>El Espectador<\/em> destina a sus suscriptores.<\/p>\n<p>Si usted desea consultar el contenido de nuestra edici\u00f3n impresa y no es suscriptor de <em>El Espectador<\/em>, puede acceder a la versi\u00f3n digital de la revista, en formato PDF, por medio de este <a href=\"http:\/\/www.javeriana.edu.co\/pesquisa\/wp-content\/uploads\/2019\/07\/PESQUISA-48-Bajas.pdf\" target=\"_blank\" rel=\"noopener\">enlace<\/a>.<\/p>\n","protected":false},"excerpt":{"rendered":"<p>La investigaci\u00f3n acad\u00e9mica que busca desmitificar los prejuicios sobre el cultivo de palma de aceite en Colombia se toma las p\u00e1ginas de la edici\u00f3n n\u00famero 48 de Pesquisa Javeriana. Circula hoy con las p\u00e1ginas para suscriptores del diario &#8216;El Espectador&#8217; y &#8216;El Tiempo&#8217;.<\/p>\n","protected":false},"author":34,"featured_media":23471,"comment_status":"open","ping_status":"open","sticky":false,"template":"","format":"standard","meta":{"footnotes":""},"categories":[127],"tags":[1058,1955,530,414,1952,1951,1949,1953,1950,500,1948,415,1954],"class_list":{"0":"post-13228","1":"post","2":"type-post","3":"status-publish","4":"format-standard","5":"has-post-thumbnail","7":"category-innovacion","8":"tag-agua","9":"tag-bosa","10":"tag-economia","11":"tag-edicion-impresa","12":"tag-falla-cardiaca","13":"tag-leucosis-bovina","14":"tag-maryluz-vallejo","15":"tag-morquio-a","16":"tag-palma-de-aceite","17":"tag-periodismo","18":"tag-pesquisa-48","19":"tag-politica-de-ciencia","20":"tag-salto-del-tequendama"},"_links":{"self":[{"href":"http:\/\/www.javeriana.edu.co\/pesquisa\/wp-json\/wp\/v2\/posts\/13228","targetHints":{"allow":["GET"]}}],"collection":[{"href":"http:\/\/www.javeriana.edu.co\/pesquisa\/wp-json\/wp\/v2\/posts"}],"about":[{"href":"http:\/\/www.javeriana.edu.co\/pesquisa\/wp-json\/wp\/v2\/types\/post"}],"author":[{"embeddable":true,"href":"http:\/\/www.javeriana.edu.co\/pesquisa\/wp-json\/wp\/v2\/users\/34"}],"replies":[{"embeddable":true,"href":"http:\/\/www.javeriana.edu.co\/pesquisa\/wp-json\/wp\/v2\/comments?post=13228"}],"version-history":[{"count":9,"href":"http:\/\/www.javeriana.edu.co\/pesquisa\/wp-json\/wp\/v2\/posts\/13228\/revisions"}],"predecessor-version":[{"id":24821,"href":"http:\/\/www.javeriana.edu.co\/pesquisa\/wp-json\/wp\/v2\/posts\/13228\/revisions\/24821"}],"wp:featuredmedia":[{"embeddable":true,"href":"http:\/\/www.javeriana.edu.co\/pesquisa\/wp-json\/wp\/v2\/media\/23471"}],"wp:attachment":[{"href":"http:\/\/www.javeriana.edu.co\/pesquisa\/wp-json\/wp\/v2\/media?parent=13228"}],"wp:term":[{"taxonomy":"category","embeddable":true,"href":"http:\/\/www.javeriana.edu.co\/pesquisa\/wp-json\/wp\/v2\/categories?post=13228"},{"taxonomy":"post_tag","embeddable":true,"href":"http:\/\/www.javeriana.edu.co\/pesquisa\/wp-json\/wp\/v2\/tags?post=13228"}],"curies":[{"name":"wp","href":"https:\/\/api.w.org\/{rel}","templated":true}]}}