{"id":13277,"date":"2019-07-31T10:42:01","date_gmt":"2019-07-31T15:42:01","guid":{"rendered":"http:\/\/www.javeriana.edu.co\/pesquisa\/?p=13277"},"modified":"2022-06-21T15:14:49","modified_gmt":"2022-06-21T20:14:49","slug":"un-instituto-para-el-agua","status":"publish","type":"post","link":"http:\/\/www.javeriana.edu.co\/pesquisa\/un-instituto-para-el-agua\/","title":{"rendered":"Un instituto para el agua"},"content":{"rendered":"<p>Conocer las consecuencias ecosist\u00e9micas de construir obras como <a href=\"http:\/\/www.javeriana.edu.co\/pesquisa\/hidroituango-el-canon-de-agua-que-le-apunta-al-pueblo\/\" target=\"_blank\" rel=\"noopener\">Hidroituango<\/a>, entender las din\u00e1micas del agua en el rio Magdalena, analizar las implicaciones ambientales del <a href=\"http:\/\/www.javeriana.edu.co\/pesquisa\/colombia-entre-las-dudas-y-los-beneficios-que-ofrece-el-fracking\/\" target=\"_blank\" rel=\"noopener\">fracturamiento hidr\u00e1ulico, o <\/a><em><a href=\"http:\/\/www.javeriana.edu.co\/pesquisa\/colombia-entre-las-dudas-y-los-beneficios-que-ofrece-el-fracking\/\" target=\"_blank\" rel=\"noopener\">fracking<\/a>,<\/em> y aportar a la discusi\u00f3n sobre la implementaci\u00f3n de macroproyectos como el canal de Dique en la regi\u00f3n de la Mojana, al norte de Colombia, y la ampliaci\u00f3n de la v\u00eda Santa Marta &#8211; Barranquilla, son algunos casos en los que, de ahora en adelante, el Instituto Javeriano del Agua (IJA) participar\u00e1 con sus aportes, conceptos y visiones tras su lanzamiento, el 30 de julio, en la Pontificia Universidad Javeriana.<\/p>\n<p>De acuerdo con <a href=\"https:\/\/scienti.colciencias.gov.co:8081\/cvlac\/visualizador\/generarCurriculoCv.do?cod_rh=0000194077\" target=\"_blank\" rel=\"noopener\">Nelson Obreg\u00f3n Neira<\/a>, doctor en ciencias hidrol\u00f3gicas y su actual director, estos son algunos ejemplos que conforman los nuevos retos que asumir\u00e1 el centro de pensamiento, pues, adem\u00e1s de pensarse como un ente integrador, interdisciplinar y multisectorial, el IJA tiene el compromiso de generar, aplicar y transferir un conocimiento cient\u00edfico capaz de aportar al manejo racional de los recursos naturales, contribuir a los procesos de transformaci\u00f3n social y de construcci\u00f3n de paz, y favorecer la soluci\u00f3n de problemas en la gesti\u00f3n integral del agua en el pa\u00eds.<\/p>\n<p>\u201cLa lucha por el agua y <a href=\"http:\/\/www.javeriana.edu.co\/pesquisa\/el-planeta-pierde-terreno\/\" target=\"_blank\" rel=\"noopener\">el problema de escasez<\/a> no solo son asuntos de grandes ciudades como Ciudad del Cabo, en Sud\u00e1frica, sino tambi\u00e9n son problemas que hacen parte de la realidad colombiana\u201d, reconoci\u00f3 Alexis Carabal\u00ed Angonla, profesor de la Universidad de La Guajira durante el lanzamiento del IJA, quien adem\u00e1s puso de ejemplo a su departamento porque \u201cen Rioacha, la mayor\u00eda de los pobladores, reciben el l\u00edquido una vez por semana, mientras que en ciudades como Maicao, Uribia y Maure, el suministro de agua no llega pues depende de los carrotanques que dan el servicio en una mezcla de inoperancia y corrupci\u00f3n por parte de los entes locales\u201d.<\/p>\n<p>El IJA trabajar\u00e1 en cuatro l\u00edneas base de investigaci\u00f3n: gesti\u00f3n del recurso h\u00eddrico y sistemas socioecol\u00f3gicos; seguridad h\u00eddrica; el recurso h\u00eddrico, ecosistemas y biodiversidad, y el aprovechamiento, conservaci\u00f3n e infraestructura sostenible del agua. Estas tem\u00e1ticas se articular\u00e1n con experiencias provechosas de pa\u00edses referentes como Israel, el cual, a pesar de sostener una relaci\u00f3n de supervivencia con el ambiente por cada gota de agua y rayo de sol que recibe, cuenta actualmente con un sistema de riego por goteo que permite cultivar en condiciones de sequ\u00eda, as\u00ed como asegurar el r\u00e9cord mundial de reciclaje de aguas residuales y <a href=\"https:\/\/www.ide-tech.com\/es\/our-projects\/proyecto-ashkelon\/?data=item_1\" target=\"_blank\" rel=\"noopener\">la planta de desalinizaci\u00f3n m\u00e1s avanzada del mundo<\/a> en Askelon, tal como lo resalt\u00f3 Marco Sermoneta, embajador israel\u00ed en Colombia.<\/p>\n<p style=\"text-align: center;\"><img fetchpriority=\"high\" decoding=\"async\" class=\"aligncenter size-full wp-image-23463\" src=\"http:\/\/www.javeriana.edu.co\/pesquisa\/wp-content\/uploads\/2019\/07\/instituto-del-agua2.jpg\" alt=\"instituto-del-agua2\" width=\"1024\" height=\"768\" srcset=\"http:\/\/www.javeriana.edu.co\/pesquisa\/wp-content\/uploads\/2019\/07\/instituto-del-agua2.jpg 1024w, http:\/\/www.javeriana.edu.co\/pesquisa\/wp-content\/uploads\/2019\/07\/instituto-del-agua2-300x225.jpg 300w, http:\/\/www.javeriana.edu.co\/pesquisa\/wp-content\/uploads\/2019\/07\/instituto-del-agua2-150x113.jpg 150w, http:\/\/www.javeriana.edu.co\/pesquisa\/wp-content\/uploads\/2019\/07\/instituto-del-agua2-450x338.jpg 450w, http:\/\/www.javeriana.edu.co\/pesquisa\/wp-content\/uploads\/2019\/07\/instituto-del-agua2-768x576.jpg 768w\" sizes=\"(max-width: 1024px) 100vw, 1024px\" \/><br \/>\n<span style=\"color: #999999;\">Nelson Obreg\u00f3n, director del Instituto Javeriano del Agua, durante el evento de lanzamiento. \/ Tatiana Avellaneda &#8211; FEAR<\/span><\/p>\n<p>Para Obreg\u00f3n, el IJA se centrar\u00e1 en generar valor agregado en torno al recurso h\u00eddrico por medio de dos estrategias: \u201cCon proyectos especializados que requieren la participaci\u00f3n de varias disciplinas en las regiones, o con grandes proyectos en \u00e1reas hidrogr\u00e1ficas como en el Amazonas\u201d.<\/p>\n<p>De momento, la investigaci\u00f3n <em>Oportunidades para el abordaje de escenarios complejos de desaparici\u00f3n<\/em> es su primicia, y con ella el Instituto aportar\u00e1 conocimientos en mec\u00e1nica de fluidos y una articulaci\u00f3n de trabajo interdisciplinario con el apoyo de las ciencias forenses para identificar posibles sitios donde estar\u00edan los cuerpos de v\u00edctimas de desaparici\u00f3n forzada por el conflicto armado colombiano, mientras que simult\u00e1neamente se prepara para responder al papel que debe asumir el agua en los 17 objetivos de desarrollo sostenible propuestos por la Organizaci\u00f3n de las Naciones Unidas, en pro del desarrollo y bienestar de las comunidades.<\/p>\n<p>*Reviva en <a href=\"https:\/\/bit.ly\/2LQg8Vd\" target=\"_blank\" rel=\"noopener\">este video<\/a> el evento de lanzamiento del IJA.<\/p>\n<p>&nbsp;<\/p>\n<p><em><strong>Para leer m\u00e1s:<\/strong><\/em><\/p>\n<ul>\n<li><em><a href=\"http:\/\/www.javeriana.edu.co\/pesquisa\/el-agua-recurso-de-la-vida\/\" target=\"_blank\" rel=\"noopener\">El agua: recurso de la vida<\/a><\/em><\/li>\n<\/ul>\n","protected":false},"excerpt":{"rendered":"<p>La Pontificia Universidad Javeriana present\u00f3 en sociedad el Instituto Javeriano del Agua, una iniciativa acad\u00e9mica para aportar valor agregado en torno al uso, escasez, gesti\u00f3n y conservaci\u00f3n del recurso h\u00eddrico y su papel en el desarrollo humano.<\/p>\n","protected":false},"author":39,"featured_media":23464,"comment_status":"open","ping_status":"open","sticky":false,"template":"","format":"standard","meta":{"footnotes":""},"categories":[376,3688,127],"tags":[1058,1411,1973,1972,1971,307,119],"class_list":{"0":"post-13277","1":"post","2":"type-post","3":"status-publish","4":"format-standard","5":"has-post-thumbnail","7":"category-ambiente","8":"category-en-colombia","9":"category-innovacion","10":"tag-agua","11":"tag-comunidades","12":"tag-escasez-de-agua","13":"tag-ija","14":"tag-instituto-javeriano-del-agua","15":"tag-medio-ambiente","16":"tag-recurso-hidrico"},"_links":{"self":[{"href":"http:\/\/www.javeriana.edu.co\/pesquisa\/wp-json\/wp\/v2\/posts\/13277","targetHints":{"allow":["GET"]}}],"collection":[{"href":"http:\/\/www.javeriana.edu.co\/pesquisa\/wp-json\/wp\/v2\/posts"}],"about":[{"href":"http:\/\/www.javeriana.edu.co\/pesquisa\/wp-json\/wp\/v2\/types\/post"}],"author":[{"embeddable":true,"href":"http:\/\/www.javeriana.edu.co\/pesquisa\/wp-json\/wp\/v2\/users\/39"}],"replies":[{"embeddable":true,"href":"http:\/\/www.javeriana.edu.co\/pesquisa\/wp-json\/wp\/v2\/comments?post=13277"}],"version-history":[{"count":10,"href":"http:\/\/www.javeriana.edu.co\/pesquisa\/wp-json\/wp\/v2\/posts\/13277\/revisions"}],"predecessor-version":[{"id":31639,"href":"http:\/\/www.javeriana.edu.co\/pesquisa\/wp-json\/wp\/v2\/posts\/13277\/revisions\/31639"}],"wp:featuredmedia":[{"embeddable":true,"href":"http:\/\/www.javeriana.edu.co\/pesquisa\/wp-json\/wp\/v2\/media\/23464"}],"wp:attachment":[{"href":"http:\/\/www.javeriana.edu.co\/pesquisa\/wp-json\/wp\/v2\/media?parent=13277"}],"wp:term":[{"taxonomy":"category","embeddable":true,"href":"http:\/\/www.javeriana.edu.co\/pesquisa\/wp-json\/wp\/v2\/categories?post=13277"},{"taxonomy":"post_tag","embeddable":true,"href":"http:\/\/www.javeriana.edu.co\/pesquisa\/wp-json\/wp\/v2\/tags?post=13277"}],"curies":[{"name":"wp","href":"https:\/\/api.w.org\/{rel}","templated":true}]}}