{"id":13378,"date":"2019-09-05T06:08:29","date_gmt":"2019-09-05T11:08:29","guid":{"rendered":"http:\/\/www.javeriana.edu.co\/pesquisa\/?p=13378"},"modified":"2022-05-17T15:21:51","modified_gmt":"2022-05-17T20:21:51","slug":"los-pasos-a-una-democracia-sin-mentira-ni-engano-politico","status":"publish","type":"post","link":"http:\/\/www.javeriana.edu.co\/pesquisa\/los-pasos-a-una-democracia-sin-mentira-ni-engano-politico\/","title":{"rendered":"Los pasos a una democracia sin mentira ni enga\u00f1o pol\u00edtico"},"content":{"rendered":"<p>A dos meses de que los colombianos vayan a las urnas para elegir a los pr\u00f3ximos alcaldes, gobernadores, diputados y concejales del pa\u00eds para el periodo 2020 \u2013 2023, y teniendo en cuenta que la primera generaci\u00f3n de los llamados <a href=\"https:\/\/www.semana.com\/educacion\/articulo\/caracteristicas-de-la-generacion-de-centennials\/603165\" target=\"_blank\" rel=\"noopener\"><em>centennials<\/em><\/a> podr\u00e1 ejercer su derecho al voto, la Pontificia Universidad Javeriana y la Universidad de los Andes organizaron el \u2018Simposio internacional sobre mentira y enga\u00f1o en pol\u00edtica\u2019, evento dise\u00f1ado para la reflexi\u00f3n p\u00fablica y acad\u00e9mica sobre estos temas como pr\u00e1cticas comunes en la pol\u00edtica contempor\u00e1nea.<\/p>\n<p>\u00bfCu\u00e1les son las caracter\u00edsticas que definen la mentira y el enga\u00f1o en la pol\u00edtica? \u00bfQu\u00e9 riesgos corre una democracia con estas actividades? \u00bfQu\u00e9 actitud deber\u00edan asumir los ciudadanos frente a estas mentiras? Estas fueron algunas de las preguntas que articularon el encuentro realizado entre el 26 y el 30 de agosto pasados.<\/p>\n<p>Iv\u00e1n Ram\u00f3n Rodr\u00edguez, docente de la Universidad de la Salle y conferencista de la charla \u2018Miedo y enga\u00f1o en la pol\u00edtica\u2019, dijo que \u201cel uso del miedo hace parte de la dominaci\u00f3n social, pues no hay nada m\u00e1s eficaz para gobernar al pueblo que la superstici\u00f3n y, particularmente, la idea de que los soberanos no disponen de la libertad para gobernar como creen\u201d. De ah\u00ed, que la mentira pol\u00edtica sea \u201cun discurso l\u00f3gico, suficientemente coherente, dicho con autoridad, capaz de movilizar a la gente para alcanzar un objetivo pol\u00edtico y preparado para tomar tranquilamente distancia de lo ocurrido\u201d, en palabras de Francisco de Roux, sacerdote jesuita y presidente de la Comisi\u00f3n de la Verdad<\/p>\n<p>Desde una mirada cr\u00edtica de la filosof\u00eda, la profesora em\u00e9rita de la Javeriana, \u00c1ngela Calvo de Saavedra, reconoci\u00f3 que, en efecto, hay una relaci\u00f3n intr\u00ednseca e hist\u00f3rica entre la religi\u00f3n y la pol\u00edtica, pues \u201csu semejanza no solo corresponde a un origen com\u00fan sino a la importancia que ocupa en ambas el t\u00e9rmino \u2018creencia\u2019\u201d.<\/p>\n<p>Es decir, la creencia social que en algunos casos es ejercida por el miedo, tal como lo afirm\u00f3 Rodr\u00edguez al recordar las pr\u00e1cticas del gobierno romano, basadas en \u201cuna estrategia que no expira hoy sino que permite leer el presente desde el miedo y hace que los ciudadanos conf\u00eden ciegamente en sus gobernantes, aquellos que parecen comprender los asuntos de Estado desde una inteligencia superior que la poblaci\u00f3n no posee\u201d.<\/p>\n<p>Por eso, uno de los riesgos que vive la democracia con la mentira y el enga\u00f1o es que \u201clas personas dejen de acceder a la informaci\u00f3n necesaria para tener opiniones s\u00f3lidas; que recurran \u00fanicamente a aquellos que piensan lo mismo, originando polarizaci\u00f3n y violencia, evitando confiar en un sistema pol\u00edtico que se basa en el di\u00e1logo y discusi\u00f3n ciudadana, y dudando, adem\u00e1s, de la sociedad en su conjunto\u201d, de acuerdo con Juan Samuel Santos, profesor de la Facultad de Filosof\u00eda de la Javeriana. No en vano, solo 19&#8217;636.714 colombianos de 36\u2019783.940 habilitados asistieron a las urnas para depositar su voto durante las elecciones presidenciales 2018.<\/p>\n<blockquote><p>La mentira pol\u00edtica consiste en organizar un discurso l\u00f3gico, con un inter\u00e9s de conseguir poder, suficientemente coherente y capaz de movilizar a un pueblo para alcanzar un objetivo pol\u00edtico\u201d.<br \/>\n<strong>Francisco de Roux.<\/strong><\/p><\/blockquote>\n<p>Por \u00faltimo, para entender el comportamiento de los colombianos ante el enga\u00f1o, De Roux afirm\u00f3 que, aunque los gobernantes pueden alcanzar sus posiciones pol\u00edticas con mentiras o miedo, la tendencia de los colombianos es buscar al culpable, ver c\u00f3mo destruirlo y acabarlo pol\u00edticamente, ya que \u201cla sociedad entera ha sido tremendamente herida por un periodo de violencia prolongado, lo cual la carga de traumas, problemas y conflictos, especialmente cuando surge un gobernante que maneja el discurso pol\u00edtico\u201d, puntualiz\u00f3.<\/p>\n<p>As\u00ed, es urgente despertar a una ciudadan\u00eda cr\u00edtica que tome distancia de la ira, indignaci\u00f3n y odio producidos por la mentira pol\u00edtica para identificar a qui\u00e9nes est\u00e1n moviendo las pasiones y emociones del pa\u00eds; una ciudadan\u00eda capaz de comprender la realidad hist\u00f3rica, que sea h\u00e1bil para interpelar a sus gobernantes y sus propuestas y, sobre todo, que combine la discusi\u00f3n acad\u00e9mica tradicional con la experiencia de representantes de movimientos sociales e instituciones gubernamentales para instaurar la pr\u00e1ctica diaria de la verdad como lema de gobernanza y democracia.<\/p>\n<p>Como, por ejemplo, en las pr\u00f3ximas elecciones regionales.<\/p>\n","protected":false},"excerpt":{"rendered":"<p>El pr\u00f3ximo 27 de octubre se realizar\u00e1n las elecciones regionales 2019 para elegir a los nuevos gobernantes de los 32 departamentos y alcald\u00edas de los m\u00e1s de 1.100 municipios del pa\u00eds, una cita que requiere del compromiso y responsabilidad de los ciudadanos. Al respecto, acad\u00e9micos de diversas universidades debatieron el papel que juegan la mentira y el enga\u00f1o pol\u00edtico en el ejercicio democr\u00e1tico.<\/p>\n","protected":false},"author":27,"featured_media":23027,"comment_status":"open","ping_status":"open","sticky":false,"template":"","format":"standard","meta":{"footnotes":""},"categories":[373],"tags":[723,1172,2010,2009,2012,785,2011],"class_list":{"0":"post-13378","1":"post","2":"type-post","3":"status-publish","4":"format-standard","5":"has-post-thumbnail","7":"category-sociedad","8":"tag-democracia","9":"tag-elecciones","10":"tag-engano","11":"tag-mentira","12":"tag-mentira-politica","13":"tag-politica","14":"tag-verdad"},"_links":{"self":[{"href":"http:\/\/www.javeriana.edu.co\/pesquisa\/wp-json\/wp\/v2\/posts\/13378","targetHints":{"allow":["GET"]}}],"collection":[{"href":"http:\/\/www.javeriana.edu.co\/pesquisa\/wp-json\/wp\/v2\/posts"}],"about":[{"href":"http:\/\/www.javeriana.edu.co\/pesquisa\/wp-json\/wp\/v2\/types\/post"}],"author":[{"embeddable":true,"href":"http:\/\/www.javeriana.edu.co\/pesquisa\/wp-json\/wp\/v2\/users\/27"}],"replies":[{"embeddable":true,"href":"http:\/\/www.javeriana.edu.co\/pesquisa\/wp-json\/wp\/v2\/comments?post=13378"}],"version-history":[{"count":4,"href":"http:\/\/www.javeriana.edu.co\/pesquisa\/wp-json\/wp\/v2\/posts\/13378\/revisions"}],"predecessor-version":[{"id":24828,"href":"http:\/\/www.javeriana.edu.co\/pesquisa\/wp-json\/wp\/v2\/posts\/13378\/revisions\/24828"}],"wp:featuredmedia":[{"embeddable":true,"href":"http:\/\/www.javeriana.edu.co\/pesquisa\/wp-json\/wp\/v2\/media\/23027"}],"wp:attachment":[{"href":"http:\/\/www.javeriana.edu.co\/pesquisa\/wp-json\/wp\/v2\/media?parent=13378"}],"wp:term":[{"taxonomy":"category","embeddable":true,"href":"http:\/\/www.javeriana.edu.co\/pesquisa\/wp-json\/wp\/v2\/categories?post=13378"},{"taxonomy":"post_tag","embeddable":true,"href":"http:\/\/www.javeriana.edu.co\/pesquisa\/wp-json\/wp\/v2\/tags?post=13378"}],"curies":[{"name":"wp","href":"https:\/\/api.w.org\/{rel}","templated":true}]}}