{"id":13609,"date":"2019-10-30T06:02:16","date_gmt":"2019-10-30T11:02:16","guid":{"rendered":"http:\/\/www.javeriana.edu.co\/pesquisa\/?p=13609"},"modified":"2022-05-17T15:13:52","modified_gmt":"2022-05-17T20:13:52","slug":"visita-al-cern-colision-entre-arte-y-ciencia","status":"publish","type":"post","link":"http:\/\/www.javeriana.edu.co\/pesquisa\/visita-al-cern-colision-entre-arte-y-ciencia\/","title":{"rendered":"Visita al CERN, donde la uni\u00f3n entre arte y ciencia es una realidad"},"content":{"rendered":"<p><img fetchpriority=\"high\" decoding=\"async\" class=\"alignright size-medium wp-image-13617\" src=\"http:\/\/www.javeriana.edu.co\/pesquisa\/wp-content\/uploads\/2019\/10\/Perfil-blanco-y-negro-169x300.jpg\" alt=\"Perfil-blanco-y-negro\" width=\"169\" height=\"300\" srcset=\"http:\/\/www.javeriana.edu.co\/pesquisa\/wp-content\/uploads\/2019\/10\/Perfil-blanco-y-negro-169x300.jpg 169w, http:\/\/www.javeriana.edu.co\/pesquisa\/wp-content\/uploads\/2019\/10\/Perfil-blanco-y-negro-576x1024.jpg 576w, http:\/\/www.javeriana.edu.co\/pesquisa\/wp-content\/uploads\/2019\/10\/Perfil-blanco-y-negro-864x1536.jpg 864w, http:\/\/www.javeriana.edu.co\/pesquisa\/wp-content\/uploads\/2019\/10\/Perfil-blanco-y-negro-150x267.jpg 150w, http:\/\/www.javeriana.edu.co\/pesquisa\/wp-content\/uploads\/2019\/10\/Perfil-blanco-y-negro-450x800.jpg 450w, http:\/\/www.javeriana.edu.co\/pesquisa\/wp-content\/uploads\/2019\/10\/Perfil-blanco-y-negro-768x1365.jpg 768w, http:\/\/www.javeriana.edu.co\/pesquisa\/wp-content\/uploads\/2019\/10\/Perfil-blanco-y-negro.jpg 1080w\" sizes=\"(max-width: 169px) 100vw, 169px\" \/>El programa de arte y ciencia <a href=\"https:\/\/www.suratomica.com\/\" target=\"_blank\" rel=\"noopener\">Surat\u00f3mica<\/a> seleccion\u00f3 a ocho artistas colombianos para hacer una residencia art\u00edstica de 15 d\u00edas en el <a href=\"https:\/\/home.cern\/\" target=\"_blank\" rel=\"noopener\">Consejo Europeo para la Investigaci\u00f3n Nuclear (CERN por sus siglas en franc\u00e9s)<\/a>, un laboratorio de investigaci\u00f3n internacional ubicado en Ginebra, Suiza, donde se realizan los experimentos m\u00e1s potentes del mundo en f\u00edsica de part\u00edculas.<\/p>\n<p>Desde principios de este a\u00f1o, Surat\u00f3mica \u2013un espacio de creaci\u00f3n y colaboraci\u00f3n entre ciencia y arte dirigido a artistas del sur global- ha promovido frecuentes encuentros entre algunos de los principales cient\u00edficos colombianos que trabajan con el CERN y diferentes artistas nacionales interesados en tomar como punto de partida de sus creaciones los datos, teor\u00edas y conceptos con los que se trabaja en esta organizaci\u00f3n para expresarlos en sus producciones art\u00edsticas que ser\u00e1n presentadas en abril de 2020.<\/p>\n<p><img decoding=\"async\" class=\"wp-image-13619 alignleft\" src=\"http:\/\/www.javeriana.edu.co\/pesquisa\/wp-content\/uploads\/2019\/10\/Interna-3-300x174.jpg\" alt=\"Interna-3\" width=\"365\" height=\"220\"><\/p>\n<p>El acelerador de part\u00edculas de 27 km de recorrido circular y a 100 metros de profundidad sobre la superficie terrestre del CERN, busca reproducir a partir de colisiones entre protones, alt\u00edsimas energ\u00edas cercanas a las del Big Bang para investigar sobre las part\u00edculas elementales que conforman el <em>modelo standard<\/em>: los ladrillos elementales de la materia y de la vida.<\/p>\n<p>De esta manera, los artistas han tenido la oportunidad de mantener un permanente di\u00e1logo a trav\u00e9s de conferencias, visitas a laboratorios y encuentros con los f\u00edsicos que orientan sus investigaciones en temas como la antimateria, la materia oscura, la consciencia cu\u00e1ntica o el origen.<\/p>\n<p><strong>\u00bfMi pregunta de investigaci\u00f3n en arte y ciencia?<\/strong><\/p>\n<p>Yo indago sobre la belleza detr\u00e1s de la asimetr\u00eda entre materia y antimateria. Seg\u00fan la ecuaci\u00f3n de Einstein E=MC2 y confirmado en los laboratorios del CERN hace ya unas d\u00e9cadas, de la energ\u00eda se crea materia. Lo que sucede es que hasta ahora en todos los experimentos realizados, siempre que se produce materia a partir de energ\u00eda ocurre en pares id\u00e9nticos de materia y antimateria.<\/p>\n<p><img decoding=\"async\" class=\"aligncenter size-medium wp-image-13614\" src=\"http:\/\/www.javeriana.edu.co\/pesquisa\/wp-content\/uploads\/2019\/10\/Interna-5-300x224.jpg\" alt=\"Interna-5\" width=\"300\" height=\"224\" srcset=\"http:\/\/www.javeriana.edu.co\/pesquisa\/wp-content\/uploads\/2019\/10\/Interna-5-300x224.jpg 300w, http:\/\/www.javeriana.edu.co\/pesquisa\/wp-content\/uploads\/2019\/10\/Interna-5-150x112.jpg 150w, http:\/\/www.javeriana.edu.co\/pesquisa\/wp-content\/uploads\/2019\/10\/Interna-5-450x335.jpg 450w, http:\/\/www.javeriana.edu.co\/pesquisa\/wp-content\/uploads\/2019\/10\/Interna-5.jpg 600w\" sizes=\"(max-width: 300px) 100vw, 300px\" \/><\/p>\n<p>Todas las part\u00edculas que conocemos tienen su antipart\u00edcula que es id\u00e9ntica pero con carga contraria; la antipart\u00edcula del electr\u00f3n es el positr\u00f3n y la del prot\u00f3n es el antiprot\u00f3n. En 1995 en los laboratorios del CERN se consigui\u00f3 por primera vez conectar dichas antipart\u00edculas para producir el primer \u00e1tomo de antihidr\u00f3geno.<\/p>\n<p>El problema es que la materia y la antimateria se aniquilan mutuamente al ponerse en contacto entre s\u00ed y vuelven al estado de energ\u00eda en forma de fotones. En el origen del universo se rompi\u00f3 la simetr\u00eda entre materia y antimateria, lo cual permiti\u00f3 que una peque\u00f1\u00edsima porci\u00f3n de materia sobreviviera y no se aniquilara con su antimateria. De esta peque\u00f1\u00edsima porci\u00f3n de materia se form\u00f3 el universo, las estrellas, las galaxias, los planetas y nosotros, toda la vida que habita el planeta tierra.<\/p>\n<p>Mi proyecto ha sido acompa\u00f1ado por Jairo Alexis Rodr\u00edguez, f\u00edsico de part\u00edculas, decano de la facultad de Ciencias de la Universidad Nacional e investigador del experimento LHCb del CERN. El proyecto tuvo como punto de partida la tendencia de la materia y la naturaleza a la simetr\u00eda por reflexi\u00f3n pero es en el rompimiento de esas simetr\u00edas donde se encuentran algunas de las claves del origen del universo. Por otro lado, hemos revisado el comportamiento de la luz (fotones) al cambiar de medio entre vac\u00edo, aire o agua como materialidad para explorar.<\/p>\n<p><strong>Visita al CERN<\/strong>: <strong>primer impacto<\/strong><\/p>\n<p>Viaj\u00e9 del 16 de septiembre al 3 de octubre Bogot\u00e1 &#8211; Ginebra. El CERN se encuentra a 16 minutos en tranv\u00eda desde el centro de la hist\u00f3rica ciudad de Ginebra, Suiza. La entrada principal donde est\u00e1 el ic\u00f3nico Globo, se encuentra a escasos 80 metros de la frontera con Francia. Desde sus instalaciones y durante los d\u00edas despejados se tiene una monumental vista al Mont Blanc.<\/p>\n<p><img loading=\"lazy\" decoding=\"async\" class=\"aligncenter wp-image-13615\" src=\"http:\/\/www.javeriana.edu.co\/pesquisa\/wp-content\/uploads\/2019\/10\/Interna-1-1-300x225.jpg\" alt=\"Interna-1 (1)\" width=\"422\" height=\"316\" srcset=\"http:\/\/www.javeriana.edu.co\/pesquisa\/wp-content\/uploads\/2019\/10\/Interna-1-1-300x225.jpg 300w, http:\/\/www.javeriana.edu.co\/pesquisa\/wp-content\/uploads\/2019\/10\/Interna-1-1-150x113.jpg 150w, http:\/\/www.javeriana.edu.co\/pesquisa\/wp-content\/uploads\/2019\/10\/Interna-1-1-450x338.jpg 450w, http:\/\/www.javeriana.edu.co\/pesquisa\/wp-content\/uploads\/2019\/10\/Interna-1-1-768x576.jpg 768w, http:\/\/www.javeriana.edu.co\/pesquisa\/wp-content\/uploads\/2019\/10\/Interna-1-1.jpg 800w\" sizes=\"(max-width: 422px) 100vw, 422px\" \/><\/p>\n<p>No todo el mundo tiene la oportunidad de visitar el CERN y menos de bajar 100 metros bajo tierra a conocer sus cuatro experimentos principales. Nuestro anfitri\u00f3n fue el f\u00edsico y fot\u00f3grafo Michael Hoch director de art@CMS; contamos tambi\u00e9n con el apoyo del experimento ATLAS y el IdeaSquare.<\/p>\n<p>A simple vista el campus del CERN parece un complejo industrial, con grandes espacios y edificios de la d\u00e9cada de los a\u00f1os cincuenta y sesenta, enormes tanques que almacenan diferentes tipos de gases y gigantescas naves del tama\u00f1o de hangares donde prueban y ensamblan los detectores que despu\u00e9s desplazan bajo tierra.<\/p>\n<p>Dentro de sus instalaciones se vive un ambiente internacional, acad\u00e9mico y de investigaci\u00f3n, incluso de competencia profesional entre los cient\u00edficos de los diferentes experimentos. La cafeter\u00eda principal es un gran punto de encuentro donde convergen cient\u00edficos de todas partes del mundo desde premios Nobel de f\u00edsica o la directora Fabiola Gianotti hasta j\u00f3venes programadores, f\u00edsicos te\u00f3ricos y experimentales. Es all\u00ed donde ocurren las conversaciones m\u00e1s interesantes de las jornadas.<\/p>\n<p>Despu\u00e9s de convivir 15 d\u00edas en sus instalaciones, se siente y se contagia la pasi\u00f3n y el convencimiento con el que los cient\u00edficos hablan de sus teor\u00edas y experimentos. Fue emocionante compartir con algunos de ellos, pues siempre estuvieron dispuestos a sacar un rato dentro de su agitada rutina para conocer nuestros proyectos art\u00edsticos y retroalimentar nuestras l\u00edneas de investigaci\u00f3n.<\/p>\n<p><strong>Segundo impacto<\/strong><\/p>\n<p>La aparente calma que se vive en la superficie contrasta con los sofisticados experimentos que se llevan a cabo bajo tierra en \u00e9ste, el laboratorio de f\u00edsica de part\u00edculas m\u00e1s grande del mundo. Los hangares de la superficie son grandes salas de control llenas de pantallas donde cientos de cient\u00edficos siguen de cerca los datos que arrojan las colisiones. En cada uno de los cuatros experimentos principales trabajan m\u00e1s de tres mil cient\u00edficos de todas las partes del mundo.<\/p>\n<p>Pero abajo es donde sucede la acci\u00f3n y llegar hasta all\u00e1 se logra bajo estrictas medidas de seguridad. Cada uno de estos experimentos tiene diferentes protocolos de seguridad desde tokens personalizados, lectores biom\u00e9tricos hasta puertas inteligentes.&nbsp;Para ver con los propios ojos los experimentos se deben pasar estos filtros siempre acompa\u00f1ados por un experto que autoriza la entrada en cada puerta y un ascensor que desciende entre 60 y 100 metros dependiendo del experimento.&nbsp;Todo esto para asegurarse de que ninguno de ellos se ponga en marcha hasta una total evacuaci\u00f3n.<\/p>\n<p><img loading=\"lazy\" decoding=\"async\" class=\"aligncenter size-medium wp-image-13616\" src=\"http:\/\/www.javeriana.edu.co\/pesquisa\/wp-content\/uploads\/2019\/10\/Interna-4-300x225.jpg\" alt=\"Interna-4\" width=\"300\" height=\"225\" srcset=\"http:\/\/www.javeriana.edu.co\/pesquisa\/wp-content\/uploads\/2019\/10\/Interna-4-300x225.jpg 300w, http:\/\/www.javeriana.edu.co\/pesquisa\/wp-content\/uploads\/2019\/10\/Interna-4-150x113.jpg 150w, http:\/\/www.javeriana.edu.co\/pesquisa\/wp-content\/uploads\/2019\/10\/Interna-4-450x338.jpg 450w, http:\/\/www.javeriana.edu.co\/pesquisa\/wp-content\/uploads\/2019\/10\/Interna-4-768x576.jpg 768w, http:\/\/www.javeriana.edu.co\/pesquisa\/wp-content\/uploads\/2019\/10\/Interna-4.jpg 800w\" sizes=\"(max-width: 300px) 100vw, 300px\" \/><\/p>\n<p>Tuvimos la suerte de bajar a los cuatro experimentos principales, empezando por ATLAS (Aparato Toroidal del LHC) el m\u00e1s grande de los experimentos y junto al CMS (Solenoide Compacto de Muones) son los que detectaron el famoso Bos\u00f3n de Higgs en 2012. Tambi\u00e9n conocimos a ALICE (Gran Colisionador de Iones) que se encarga de investigar las propiedades del estado plasma quark-gluon, un estado de la materia que se form\u00f3 justo despu\u00e9s del Big Bang y finalmente visitamos el experimento LHC-beauty encargado de buscar la antimateria perdida del universo.<\/p>\n<p>Los enormes detectores de m\u00e1s de 20 metros de alto por 26 de ancho y unos 50 de profundidad se esconden imponentes bajo tierra. Son las c\u00e1maras m\u00e1s potentes del mundo, una extensi\u00f3n de nuestra visi\u00f3n capaz de detectar las trayectorias de las ef\u00edmeras part\u00edculas subat\u00f3micas que aparecen, debido a las alt\u00edsimas energ\u00edas que se producen durante las colisiones.<\/p>\n<p>Como una sofisticada m\u00e1quina bi\u00f3nica, el detector se impone como un enorme y tecnol\u00f3gico globo ocular. Millones de cables como diminutas venas viajan de los extremos del cilindro al centro, la pupila que observa las colisiones. Como la retina, los sensores se organizan en una matriz de diferentes capas y se encargan de detectar la trayectoria de part\u00edculas como fotones, muones, quarks o antiquarks.<\/p>\n<p><strong>Actividades diarias<\/strong><\/p>\n<p>Adem\u00e1s de bajar a los experimentos, conocer los emblem\u00e1ticos edificios y m\u00e1quinas que hacen parte de la larga historia del CERN acompa\u00f1ados siempre por Dr. Michael Storr, un apasionado jubilado encargado de recibir todas las visitas, tuvimos la oportunidad de asistir a algunas de las conferencias que se ofrecen diariamente en el auditorio principal, as\u00ed como a diferentes reuniones\/talleres con f\u00edsicos con los que intercambiamos las ideas de nuestros proyectos. Tambi\u00e9n compartimos con tres artistas internacionales que nos apoyaron en los proyectos desde la perspectiva art\u00edstica en las contempor\u00e1neas instalaciones del IdeaSquare.<\/p>\n<p>La residencia art\u00edstica en el CERN hizo parte de la etapa inicial de investigaci\u00f3n y en los siguientes meses estaremos haciendo pruebas y experimentos para definir la materialidad de las piezas art\u00edsticas que deben exponerse en abril del siguiente a\u00f1o.<\/p>\n<p>&nbsp;<\/p>\n<p>* Doctor en Arte de la Universidad Polit\u00e9cnica de Valencia. Director del Proyecto nanoDise\u00f1o del Departamento de Est\u00e9tica de la Facultad de Arquitectura y Dise\u00f1o de la Pontificia Universidad Javeriana. Profesor, investigador y artista.<\/p>\n","protected":false},"excerpt":{"rendered":"<p>Gracias a una invitaci\u00f3n especial, el profesor investigador y artista Carlos Manuel Rivera visit\u00f3 las instalaciones del laboratorio de part\u00edculas elementales europeo, CERN, donde tuvo la oportunidad de profundizar en su tema de vida: la belleza detr\u00e1s de la asimetr\u00eda entre materia y antimateria. Aqu\u00ed su testimonio.<\/p>\n","protected":false},"author":25,"featured_media":13613,"comment_status":"open","ping_status":"open","sticky":false,"template":"","format":"standard","meta":{"footnotes":""},"categories":[471,199,372],"tags":[2110,302,2109,460,563,917],"class_list":{"0":"post-13609","1":"post","2":"type-post","3":"status-publish","4":"format-standard","5":"has-post-thumbnail","7":"category-columnistas","8":"category-cultura","9":"category-opinion","10":"tag-antimateria","11":"tag-arte","12":"tag-cern","13":"tag-ciencia","14":"tag-creacion","15":"tag-diseno"},"_links":{"self":[{"href":"http:\/\/www.javeriana.edu.co\/pesquisa\/wp-json\/wp\/v2\/posts\/13609","targetHints":{"allow":["GET"]}}],"collection":[{"href":"http:\/\/www.javeriana.edu.co\/pesquisa\/wp-json\/wp\/v2\/posts"}],"about":[{"href":"http:\/\/www.javeriana.edu.co\/pesquisa\/wp-json\/wp\/v2\/types\/post"}],"author":[{"embeddable":true,"href":"http:\/\/www.javeriana.edu.co\/pesquisa\/wp-json\/wp\/v2\/users\/25"}],"replies":[{"embeddable":true,"href":"http:\/\/www.javeriana.edu.co\/pesquisa\/wp-json\/wp\/v2\/comments?post=13609"}],"version-history":[{"count":10,"href":"http:\/\/www.javeriana.edu.co\/pesquisa\/wp-json\/wp\/v2\/posts\/13609\/revisions"}],"predecessor-version":[{"id":31610,"href":"http:\/\/www.javeriana.edu.co\/pesquisa\/wp-json\/wp\/v2\/posts\/13609\/revisions\/31610"}],"wp:featuredmedia":[{"embeddable":true,"href":"http:\/\/www.javeriana.edu.co\/pesquisa\/wp-json\/wp\/v2\/media\/13613"}],"wp:attachment":[{"href":"http:\/\/www.javeriana.edu.co\/pesquisa\/wp-json\/wp\/v2\/media?parent=13609"}],"wp:term":[{"taxonomy":"category","embeddable":true,"href":"http:\/\/www.javeriana.edu.co\/pesquisa\/wp-json\/wp\/v2\/categories?post=13609"},{"taxonomy":"post_tag","embeddable":true,"href":"http:\/\/www.javeriana.edu.co\/pesquisa\/wp-json\/wp\/v2\/tags?post=13609"}],"curies":[{"name":"wp","href":"https:\/\/api.w.org\/{rel}","templated":true}]}}