{"id":13682,"date":"2019-11-15T06:06:31","date_gmt":"2019-11-15T11:06:31","guid":{"rendered":"http:\/\/www.javeriana.edu.co\/pesquisa\/?p=13682"},"modified":"2022-06-21T18:26:27","modified_gmt":"2022-06-21T23:26:27","slug":"cual-es-el-futuro-de-colpensiones","status":"publish","type":"post","link":"http:\/\/www.javeriana.edu.co\/pesquisa\/cual-es-el-futuro-de-colpensiones\/","title":{"rendered":"\u00bfCu\u00e1l es el futuro de Colpensiones?"},"content":{"rendered":"<p>A pesar de que el mismo presidente Iv\u00e1n Duque manifest\u00f3 que la entidad no se acabar\u00e1, en el ambiente laboral tambi\u00e9n preocupan dos propuestas que har\u00edan parte del proyecto de ley que alista la Comisi\u00f3n de Reforma de Protecci\u00f3n a la Vejez:&nbsp;la eliminaci\u00f3n del r\u00e9gimen de prima media y el aumento de la tasa de cotizaci\u00f3n de forma gradual.<\/p>\n<p>Luis Carlos Reyes, director del Observatorio Fiscal de la Pontificia Universidad Javeriana, hace un an\u00e1lisis en este video sobre el futuro de esta empresa industrial y comercial del Estado y de la actualidad sobre los subsidios que all\u00ed se manejan.<\/p>\n<p>[wpdevart_youtube]qT2sTlmdKNM[\/wpdevart_youtube]<\/p>\n","protected":false},"excerpt":{"rendered":"<p>Cuando se habla de pensiones y jubilaciones, hay todo tipo de especulaciones. Una de ellas es si Colpensiones (Administradora Colombiana de Pensiones) se acabar\u00e1 o no con la reforma que quiere presentar el Gobierno Nacional.<\/p>\n","protected":false},"author":18,"featured_media":22685,"comment_status":"open","ping_status":"open","sticky":false,"template":"","format":"standard","meta":{"footnotes":""},"categories":[3691,373],"tags":[2116,2117,2118,2119,1775],"class_list":{"0":"post-13682","1":"post","2":"type-post","3":"status-publish","4":"format-standard","5":"has-post-thumbnail","7":"category-economia","8":"category-sociedad","9":"tag-colpensiones","10":"tag-jubilacion","11":"tag-pension","12":"tag-reforma-laboral","13":"tag-reforma-pensional"},"_links":{"self":[{"href":"http:\/\/www.javeriana.edu.co\/pesquisa\/wp-json\/wp\/v2\/posts\/13682","targetHints":{"allow":["GET"]}}],"collection":[{"href":"http:\/\/www.javeriana.edu.co\/pesquisa\/wp-json\/wp\/v2\/posts"}],"about":[{"href":"http:\/\/www.javeriana.edu.co\/pesquisa\/wp-json\/wp\/v2\/types\/post"}],"author":[{"embeddable":true,"href":"http:\/\/www.javeriana.edu.co\/pesquisa\/wp-json\/wp\/v2\/users\/18"}],"replies":[{"embeddable":true,"href":"http:\/\/www.javeriana.edu.co\/pesquisa\/wp-json\/wp\/v2\/comments?post=13682"}],"version-history":[{"count":7,"href":"http:\/\/www.javeriana.edu.co\/pesquisa\/wp-json\/wp\/v2\/posts\/13682\/revisions"}],"predecessor-version":[{"id":31607,"href":"http:\/\/www.javeriana.edu.co\/pesquisa\/wp-json\/wp\/v2\/posts\/13682\/revisions\/31607"}],"wp:featuredmedia":[{"embeddable":true,"href":"http:\/\/www.javeriana.edu.co\/pesquisa\/wp-json\/wp\/v2\/media\/22685"}],"wp:attachment":[{"href":"http:\/\/www.javeriana.edu.co\/pesquisa\/wp-json\/wp\/v2\/media?parent=13682"}],"wp:term":[{"taxonomy":"category","embeddable":true,"href":"http:\/\/www.javeriana.edu.co\/pesquisa\/wp-json\/wp\/v2\/categories?post=13682"},{"taxonomy":"post_tag","embeddable":true,"href":"http:\/\/www.javeriana.edu.co\/pesquisa\/wp-json\/wp\/v2\/tags?post=13682"}],"curies":[{"name":"wp","href":"https:\/\/api.w.org\/{rel}","templated":true}]}}