{"id":13745,"date":"2019-12-04T14:35:12","date_gmt":"2019-12-04T19:35:12","guid":{"rendered":"http:\/\/www.javeriana.edu.co\/pesquisa\/?p=13745"},"modified":"2022-06-21T17:44:53","modified_gmt":"2022-06-21T22:44:53","slug":"por-que-colombia-sigue-rajada-en-las-pruebas-pisa","status":"publish","type":"post","link":"http:\/\/www.javeriana.edu.co\/pesquisa\/por-que-colombia-sigue-rajada-en-las-pruebas-pisa\/","title":{"rendered":"\u00bfPor qu\u00e9 Colombia sigue &#8220;rajada&#8221; en las Pruebas Pisa?"},"content":{"rendered":"<p>La falta de un modelo de innovaci\u00f3n educativa y el ausentismo de los profesores en escuelas y colegios de Colombia, principalmente en zonas apartadas, son los principales motivos que pueden impactar en los deficientes resultados que arrojaron las pruebas Pisa, presentadas esta semana. As\u00ed lo sostiene a <strong>Pesquisa Javeriana<\/strong> Luz Karime Abad\u00eda, directora de posgrados en Econom\u00eda de la Pontificia Universidad Javeriana. Y agrega que si el pa\u00eds trabajara sobre esos dos factores, seguro generar\u00eda cambios estructurales para brindarles una educaci\u00f3n cualificada a sus estudiantes y responder\u00eda a sus necesidades actuales.<\/p>\n<p>Dice que no se deben \u201cseguir usando los mismos m\u00e9todos de ense\u00f1anza y aprendizaje tradicionales porque nuestros j\u00f3venes son diferentes, porque requieren habilidades diferentes y porque estos m\u00e9todos tradicionales ya no responden a los problemas complejos que tenemos en el mundo actual.<\/p>\n","protected":false},"excerpt":{"rendered":"<p>Colombia tiene el resultado m\u00e1s bajo en las Pruebas Pisa entre los pa\u00edses miembros de la Organizaci\u00f3n para la Cooperaci\u00f3n y el Desarrollo Econ\u00f3mico (Ocde). La profesora e investigadora javeriana Luz Karime Abad\u00eda explica las razones por las que Colombia sigue &#8220;rajada&#8221; en desempe\u00f1o escolar, por qu\u00e9 hay una desventaja mayor en las ni\u00f1as y cu\u00e1les son las recomendaciones para que el pa\u00eds salga de esa crisis en educaci\u00f3n.<\/p>\n","protected":false},"author":18,"featured_media":13747,"comment_status":"open","ping_status":"open","sticky":false,"template":"","format":"video","meta":{"footnotes":""},"categories":[373,3689,48,127,378,372],"tags":[1289,303,2086,319,474,1280],"class_list":{"0":"post-13745","1":"post","2":"type-post","3":"status-publish","4":"format-video","5":"has-post-thumbnail","7":"category-sociedad","8":"category-educacion","9":"category-entrevistas","10":"category-innovacion","11":"category-multimedia","12":"category-opinion","13":"tag-brecha-de-genero","14":"tag-educacion","15":"tag-ninas","16":"tag-ninos","17":"tag-ocde","18":"tag-pruebas-pisa","19":"post_format-post-format-video"},"_links":{"self":[{"href":"http:\/\/www.javeriana.edu.co\/pesquisa\/wp-json\/wp\/v2\/posts\/13745","targetHints":{"allow":["GET"]}}],"collection":[{"href":"http:\/\/www.javeriana.edu.co\/pesquisa\/wp-json\/wp\/v2\/posts"}],"about":[{"href":"http:\/\/www.javeriana.edu.co\/pesquisa\/wp-json\/wp\/v2\/types\/post"}],"author":[{"embeddable":true,"href":"http:\/\/www.javeriana.edu.co\/pesquisa\/wp-json\/wp\/v2\/users\/18"}],"replies":[{"embeddable":true,"href":"http:\/\/www.javeriana.edu.co\/pesquisa\/wp-json\/wp\/v2\/comments?post=13745"}],"version-history":[{"count":5,"href":"http:\/\/www.javeriana.edu.co\/pesquisa\/wp-json\/wp\/v2\/posts\/13745\/revisions"}],"predecessor-version":[{"id":24469,"href":"http:\/\/www.javeriana.edu.co\/pesquisa\/wp-json\/wp\/v2\/posts\/13745\/revisions\/24469"}],"wp:featuredmedia":[{"embeddable":true,"href":"http:\/\/www.javeriana.edu.co\/pesquisa\/wp-json\/wp\/v2\/media\/13747"}],"wp:attachment":[{"href":"http:\/\/www.javeriana.edu.co\/pesquisa\/wp-json\/wp\/v2\/media?parent=13745"}],"wp:term":[{"taxonomy":"category","embeddable":true,"href":"http:\/\/www.javeriana.edu.co\/pesquisa\/wp-json\/wp\/v2\/categories?post=13745"},{"taxonomy":"post_tag","embeddable":true,"href":"http:\/\/www.javeriana.edu.co\/pesquisa\/wp-json\/wp\/v2\/tags?post=13745"}],"curies":[{"name":"wp","href":"https:\/\/api.w.org\/{rel}","templated":true}]}}