{"id":13780,"date":"2019-12-13T07:31:35","date_gmt":"2019-12-13T12:31:35","guid":{"rendered":"http:\/\/www.javeriana.edu.co\/pesquisa\/?p=13780"},"modified":"2022-05-17T15:07:19","modified_gmt":"2022-05-17T20:07:19","slug":"discapacidad-no-significa-incapacidad-historias-que-conmueven-y-dan-ejemplo","status":"publish","type":"post","link":"http:\/\/www.javeriana.edu.co\/pesquisa\/discapacidad-no-significa-incapacidad-historias-que-conmueven-y-dan-ejemplo\/","title":{"rendered":"Discapacidad no significa incapacidad: historias que conmueven y dan ejemplo"},"content":{"rendered":"<p>\u201cFui prematura. Nac\u00ed de seis meses. Sobreviv\u00ed en contra de todo pron\u00f3stico m\u00e9dico. Esa fue mi primera prueba de fuerza y perseverancia. La lucha continu\u00f3 durante la infancia cuando descubr\u00ed que las dem\u00e1s personas crec\u00edan, menos yo. Me fui acostumbrando a mirar para arriba a los dem\u00e1s\u201d. Son palabras de Martaluc\u00eda Tamayo, m\u00e9dica genetista, periodista-comunicadora social y persona en condici\u00f3n de discapacidad, los tres t\u00edtulos que siempre acompa\u00f1an sus palabras de presentaci\u00f3n. A mucho honor, porque a sus 62 a\u00f1os, se ha convencido de que quienes como ella viven con una enfermedad hu\u00e9rfana o rara son personas que desarrollan capacidades y posibilidades \u00fanicas, que afloran cuando la sociedad logra considerarlas \u201cpersonas comunes y corrientes y aprenden a manejar su enfermedad como una compa\u00f1era a la que hay que dominar y superar\u201d.<\/p>\n<p>Esta m\u00e9dica con maestr\u00eda en gen\u00e9tica, de 1,20 metros de estatura, que deb\u00eda buscar un butaco para alcanzar los tubos de ensayo y realizar sus pruebas en el laboratorio, decidi\u00f3 que no habr\u00eda obst\u00e1culos que le impidieran volar: \u201cso\u00f1\u00e9 que pod\u00eda so\u00f1ar y que el mundo me quedaba chiquito\u201d. Hoy, entre los numerosos logros que ha alcanzado, entre la infinidad de viajes que la han llevado a preciosos paisajes de los cinco continentes, entre cursos y conferencias dictadas, entre los innumerables pacientes que ha atendido, entre premios y reconocimientos, acaba de editar un nuevo libro, <em>Vidas diversas, mundos iguales, 13 historias hu\u00e9rfanas<\/em>, porque el reto que se impuso fue lograr una \u201cverdadera equidad\u201d para quienes sufren ciertas condiciones olvidadas que son enfermedades hu\u00e9rfanas o casi-hu\u00e9rfanas sordoceguera, s\u00edndrome de Guillan Barr\u00e9, Refsum infantil, trauma raquimedular, esclerodermia sist\u00e9mica, P\u00e1rkinson, sordera profunda, s\u00edndrome de Down, esclerosis m\u00faltiple, gastroparesis, autismo\u2026 o como ella, displasia esp\u00f3ndilo-epifisaria.<\/p>\n<p>Son m\u00e1s de 6.000 enfermedades hu\u00e9rfanas identificadas, la mayor\u00eda de tipo gen\u00e9tico, pero para diagnosticarlas se requiere mucha investigaci\u00f3n y seguimiento. \u201c\u00a1La gen\u00e9tica antes era adivinando!\u201d, exclama. Hoy en d\u00eda, gracias a la gen\u00e9tica molecular, es m\u00e1s viable entregar informaci\u00f3n al paciente y a su familia de las caracter\u00edsticas de la enfermedad que presenta, pero a\u00fan la ciencia tiene mucho trabajo por hacer en este campo.<\/p>\n<p>Martaluc\u00eda se dedic\u00f3 a estudiar aquellas que afectan ojos y o\u00eddos y trabaja con personas sordas, ciegas y sordociegas y lo hace no solamente desde la gen\u00e9tica, sino tambi\u00e9n desde un enfoque social. As\u00ed, conoce a cientos de personas que si bien han sido diagnosticadas con una enfermedad rara, han dejado atr\u00e1s las desventajas, desarrollando habilidades de superaci\u00f3n para ingresar a la sociedad y al mercado laboral sin mayores problemas.<\/p>\n<p>Resolvi\u00f3 entonces proponerles escribir sus testimonios, lo que para muchos fue doloroso; muchos lloraron en el proceso y les \u201crevolc\u00f3 la vida\u201d, escribe en la presentaci\u00f3n del libro. \u201cPor eso estos relatos son tan valiosos\u201d, concluye. Y por eso considera importante que todos leamos estas historias.<\/p>\n<p><iframe src=\"https:\/\/www.youtube.com\/embed\/DXZTF7Ekw6g?start=000&amp;end=087&amp;version=3\" allowfullscreen=\"allowfullscreen\" width=\"560\" height=\"315\" frameborder=\"0\"><\/iframe><\/p>\n<p>Martaluc\u00eda ha aprendido a tomar analg\u00e9sicos porque los huesos le duelen \u2018hasta la m\u00e9dula\u2019 y tiene mucha limitaci\u00f3n de movilidad. Antonio qued\u00f3 paralizado de un momento a otro y tuvo que aprender a respirar luego de muchos meses hospitalizado: hoy es un neur\u00f3logo que, aunque con ciertas secuelas de su enfermedad, lleva una vida profesional exitosa. El cuerpo de Daniela no reconoce ciertos \u00e1cidos grasos, lo que le genera problemas en su sistema nervioso, pero es joven, estudia sociolog\u00eda y se adapta a la vida universitaria con templanza. Tina presenta una sordera profunda, lo que no le ha impedido cumplir sus sue\u00f1os, tener dos hijos y ser una artista muy original; es la creadora de la portada del libro. \u201cGracias a Dios tengo Parkinson\u201d, dice Diego, diagnosticado a los 32 a\u00f1os de edad, a quien su familia se le ha dedicado con el mayor cari\u00f1o y entrega: \u201cun 30% de la mejor forma de manejar la enfermedad est\u00e1 en manos de los m\u00e9dicos, pero el otro 70% est\u00e1 en nuestra mente\u201d.<\/p>\n<p>Lala es m\u00e9dica y presenta una enfermedad autoinmune. Carolina es una excelente creativa que maneja su hijo y su hogar desde una silla de ruedas. Juliana presenta una par\u00e1lisis del est\u00f3mago y requiere alimentarse por una sonda conectada al intestino, pero a pesar de todo estudi\u00f3 periodismo y ahora estudia nutrici\u00f3n. Laura tiene 24 a\u00f1os, naci\u00f3 con s\u00edndrome de Down y sus padres dicen con orgullo \u201cque ha logrado alcanzar unas metas inimaginables para nosotros hace 20 a\u00f1os\u201d. Los relatos de vida de Adriana Sor, quien es sordociega, y de Yecenia, que qued\u00f3 ciega como consecuencia de una enfermedad llamada retinitis pigmentosa, son asombrosos. Calos Mario cambi\u00f3 la silla de capit\u00e1n de avi\u00f3n por una silla de ruedas. Una mam\u00e1, desde el anonimato, relata la vida de su hijo con espectro autista.<\/p>\n<p>Todos ellos se han cruzado en el camino de Martaluc\u00eda y comparten ciertas caracter\u00edsticas.<\/p>\n<p><iframe src=\"https:\/\/www.youtube.com\/embed\/DXZTF7Ekw6g?start=087&amp;end=214&amp;version=3\" allowfullscreen=\"allowfullscreen\" width=\"560\" height=\"315\" frameborder=\"0\"><\/iframe><\/p>\n<p>Fundalde, la Fundaci\u00f3n Derecho a la Desventaja, edit\u00f3 el libro. Esta organizaci\u00f3n se dedica a apoyar, asesorar y propender por un trato digno y adecuado a la poblaci\u00f3n con discapacidad. Ofrece talleres, cursos y asesor\u00eda para capacitar a estas personas de tal manera que puedan ser l\u00edderes y autosuficientes. El problema, dice la doctora Tamayo, es la barrera que impone la sociedad, una \u201cbarrera actitudinal\u201d. Por eso insiste en demostrar que la discapacidad no es incapacidad. \u201cCon frecuencia es la persona que se esfuerza m\u00e1s que los dem\u00e1s y muchas veces da resultados muy superiores a los que dan quienes no tienen esta condici\u00f3n; aprenden a ser felices con lo que la vida les da y eso los hace querer superarse a s\u00ed mismos cada d\u00eda. \u00bfAcaso \u00e9sta sea la ventaja de vivir en desventaja?\u201d.<\/p>\n<p>En estas 13 historias, remata, \u201chemos dejado nuestra desventura y nuestra alegr\u00eda, nuestra fe y nuestra esperanza. Hemos plasmado nuestra infinita resiliencia, porque nos queda claro que, por algo y para algo, nos toc\u00f3 vivir esta vida que nos toc\u00f3. Eso es parte de nuestra tarea\u201d.<\/p>\n","protected":false},"excerpt":{"rendered":"<p>\u201cFui prematura. Nac\u00ed de seis meses. Sobreviv\u00ed en contra de todo pron\u00f3stico m\u00e9dico. Esa fue mi primera prueba de fuerza y perseverancia. La lucha continu\u00f3 durante la infancia cuando descubr\u00ed que las dem\u00e1s personas crec\u00edan, menos yo. Me fui acostumbrando a mirar para arriba a los dem\u00e1s\u201d. Son palabras de Martaluc\u00eda Tamayo, m\u00e9dica genetista, periodista-comunicadora social y persona en condici\u00f3n de discapacidad, los tres t\u00edtulos que siempre acompa\u00f1an sus palabras de presentaci\u00f3n.<\/p>\n","protected":false},"author":25,"featured_media":13781,"comment_status":"open","ping_status":"open","sticky":false,"template":"","format":"standard","meta":{"footnotes":""},"categories":[373],"tags":[],"class_list":{"0":"post-13780","1":"post","2":"type-post","3":"status-publish","4":"format-standard","5":"has-post-thumbnail","7":"category-sociedad"},"_links":{"self":[{"href":"http:\/\/www.javeriana.edu.co\/pesquisa\/wp-json\/wp\/v2\/posts\/13780","targetHints":{"allow":["GET"]}}],"collection":[{"href":"http:\/\/www.javeriana.edu.co\/pesquisa\/wp-json\/wp\/v2\/posts"}],"about":[{"href":"http:\/\/www.javeriana.edu.co\/pesquisa\/wp-json\/wp\/v2\/types\/post"}],"author":[{"embeddable":true,"href":"http:\/\/www.javeriana.edu.co\/pesquisa\/wp-json\/wp\/v2\/users\/25"}],"replies":[{"embeddable":true,"href":"http:\/\/www.javeriana.edu.co\/pesquisa\/wp-json\/wp\/v2\/comments?post=13780"}],"version-history":[{"count":11,"href":"http:\/\/www.javeriana.edu.co\/pesquisa\/wp-json\/wp\/v2\/posts\/13780\/revisions"}],"predecessor-version":[{"id":31598,"href":"http:\/\/www.javeriana.edu.co\/pesquisa\/wp-json\/wp\/v2\/posts\/13780\/revisions\/31598"}],"wp:featuredmedia":[{"embeddable":true,"href":"http:\/\/www.javeriana.edu.co\/pesquisa\/wp-json\/wp\/v2\/media\/13781"}],"wp:attachment":[{"href":"http:\/\/www.javeriana.edu.co\/pesquisa\/wp-json\/wp\/v2\/media?parent=13780"}],"wp:term":[{"taxonomy":"category","embeddable":true,"href":"http:\/\/www.javeriana.edu.co\/pesquisa\/wp-json\/wp\/v2\/categories?post=13780"},{"taxonomy":"post_tag","embeddable":true,"href":"http:\/\/www.javeriana.edu.co\/pesquisa\/wp-json\/wp\/v2\/tags?post=13780"}],"curies":[{"name":"wp","href":"https:\/\/api.w.org\/{rel}","templated":true}]}}