{"id":13835,"date":"2019-12-25T21:32:55","date_gmt":"2019-12-26T02:32:55","guid":{"rendered":"http:\/\/www.javeriana.edu.co\/pesquisa\/?p=13835"},"modified":"2022-05-17T15:06:02","modified_gmt":"2022-05-17T20:06:02","slug":"los-microorganismos-estan-de-moda","status":"publish","type":"post","link":"http:\/\/www.javeriana.edu.co\/pesquisa\/los-microorganismos-estan-de-moda\/","title":{"rendered":"Los microorganismos est\u00e1n de moda"},"content":{"rendered":"<p>Camina elegante, sin pretensi\u00f3n. Muy refinada luce una bata que lleva puesta sobre ella. En la tela est\u00e1n fijadas extra\u00f1as sales coloridas y cristalinas. Es ex\u00f3tico ver la belleza de un peque\u00f1o trozo de sal que desborda en detalles con tanta claridad. \u201c\u00bfT\u00fa lo hiciste?\u201d, le pregunto. \u201cS\u00ed, yo lo dise\u00f1\u00e9\u201d, me responde con una sonrisa en su rostro, y se muestra orgullosa de lucir una prenda que hoy hace parte de las \u00faltimas colecciones de su emprendimiento.<\/p>\n<p>Andrea Vega naci\u00f3 en Boyac\u00e1, pero su acento la delata, ha vivido en Bogot\u00e1 toda la vida y se escucha muy cachaca. Desde ni\u00f1a us\u00f3 la ropa que quiso, por m\u00e1s rara que esta pareciera, nunca le import\u00f3 si luc\u00eda bien o mal para los dem\u00e1s, pues lo que digan de ella no ha sido su preocupaci\u00f3n. Quien la conoce sabe que esta mona de ojos expresivos y sonrisa pulida de 31 a\u00f1os, es diferente, no come cuento de nadie y tiene mucho estilo.<\/p>\n<p>Cuando sali\u00f3 del colegio no sab\u00eda qu\u00e9 estudiar, pero ten\u00eda dos cosas muy claras: en primer lugar, que estudiar\u00eda en la que para ella era la mejor universidad de Colombia: \u201cpor su calidad y prestigio la Javeriana siempre fue mi primera opci\u00f3n\u201d, afirma con certeza; y, por otro lado, que ser\u00eda algo enfocado en la salud por su vocaci\u00f3n de servicio y porque a pesar de lo art\u00edstica, en sus planes no estaba el arte, ni terminar de fiscal como su padre. \u201cEmpec\u00e9 a averiguar carreras como medicina, odontolog\u00eda, pero cuando vi bacteriolog\u00eda, y todo lo de los microorganismos, me pareci\u00f3 s\u00faper ch\u00e9vere y dije: esta es\u201d.<\/p>\n<p>Ya en la universidad, no fue la m\u00e1s destacada, pero siempre cumpli\u00f3 con sus compromisos acad\u00e9micos. Sus compa\u00f1eros podr\u00edan recordarla por su&nbsp;particular forma&nbsp;de vestirse. En los pasillos de la Facultad de Ciencias la mayor\u00eda de los estudiantes de su carrera caminaban con uniforme, de tenis y blus\u00f3n de laboratorio; las&nbsp;mujeres, sin esmalte en las u\u00f1as y en sus rostros con poco o nada de maquillaje. Mientras tanto ella, como quien no pertenece al lugar, sal\u00eda de los laboratorios directo a cambiarse, una r\u00e1pida carrera al mejor estilo de vida de las modelos en sus pasarelas, y por lo que pudo cazar el descontento de alg\u00fan profesor. \u201cEn una ocasi\u00f3n me sacaron de clase por no ir en uniforme. Tambi\u00e9n recuerdo que un d\u00eda en el laboratorio yo llevaba mis u\u00f1as pintadas de una tonalidad oscura, me puse los guantes, pero igual se ve\u00eda, as\u00ed que la profesora me sac\u00f3\u201d, cuenta la microbi\u00f3loga.<\/p>\n<p>Andrea termin\u00f3 su carrera y se enamor\u00f3 de una l\u00ednea de la bacteriolog\u00eda en la que poco se profundiza en Colombia: la microscop\u00eda. \u201cMe gustaba porque nosotros ten\u00edamos que coger los hongos o las bacterias, hacer unas siembras y luego observarla, y yo no solo me fascinaba por lo que biol\u00f3gicamente encontraba sino por las formas que ve\u00eda, era toda una obra de arte que ten\u00eda el privilegio de conocer\u201d. Y, a decir verdad, con la microscop\u00eda no solo lleg\u00f3 el amor por esos aparatos, que con sencillos movimientos le permit\u00edan ver un nuevo mundo que la emocionaba y la dejaba perpleja, tambi\u00e9n se enamor\u00f3 de un profesional en microscop\u00eda, quien hoy es su esposo.<\/p>\n<p>El panorama para ella, en ese entonces, ya se hab\u00eda abierto. Su camino era el de explorar infinidad de universos diminutos, empu\u00f1ando un microscopio en su mano, poniendo el ojo en la lente y, eso s\u00ed, con un estilo indiscutible. Por eso se jug\u00f3 todas las cartas en crear su propio laboratorio, que lejos de parecerse al convencional en el que se analizan muestras de sangre u orina y se acostumbra a ver al personal vestido con batas blancas y uniformes que se asemejan a los de los m\u00e9dicos, ten\u00eda un aspecto m\u00e1s cercano al de un centro de confecciones de alta costura, con algo de arte, dise\u00f1o y la ciencia por doquier.<\/p>\n<p><a href=\"http:\/\/www.javeriana.edu.co\/pesquisa\/wp-content\/uploads\/2019\/12\/WhatsApp-Image-2019-12-25-at-8.37.51-PM-2.jpeg\" rel=\"attachment wp-att-13838\"><img fetchpriority=\"high\" decoding=\"async\" class=\"aligncenter size-full wp-image-13838\" src=\"http:\/\/www.javeriana.edu.co\/pesquisa\/wp-content\/uploads\/2019\/12\/WhatsApp-Image-2019-12-25-at-8.37.51-PM-2.jpeg\" alt=\"WhatsApp Image 2019-12-25 at 8.37.51 PM (2)\" width=\"1080\" height=\"1063\" srcset=\"http:\/\/www.javeriana.edu.co\/pesquisa\/wp-content\/uploads\/2019\/12\/WhatsApp-Image-2019-12-25-at-8.37.51-PM-2.jpeg 1080w, http:\/\/www.javeriana.edu.co\/pesquisa\/wp-content\/uploads\/2019\/12\/WhatsApp-Image-2019-12-25-at-8.37.51-PM-2-300x295.jpeg 300w, http:\/\/www.javeriana.edu.co\/pesquisa\/wp-content\/uploads\/2019\/12\/WhatsApp-Image-2019-12-25-at-8.37.51-PM-2-1024x1008.jpeg 1024w, http:\/\/www.javeriana.edu.co\/pesquisa\/wp-content\/uploads\/2019\/12\/WhatsApp-Image-2019-12-25-at-8.37.51-PM-2-80x80.jpeg 80w, http:\/\/www.javeriana.edu.co\/pesquisa\/wp-content\/uploads\/2019\/12\/WhatsApp-Image-2019-12-25-at-8.37.51-PM-2-150x148.jpeg 150w, http:\/\/www.javeriana.edu.co\/pesquisa\/wp-content\/uploads\/2019\/12\/WhatsApp-Image-2019-12-25-at-8.37.51-PM-2-450x443.jpeg 450w, http:\/\/www.javeriana.edu.co\/pesquisa\/wp-content\/uploads\/2019\/12\/WhatsApp-Image-2019-12-25-at-8.37.51-PM-2-768x756.jpeg 768w\" sizes=\"(max-width: 1080px) 100vw, 1080px\" \/><\/a><\/p>\n<p><strong>No hay que temerle al fracaso<\/strong><\/p>\n<p>La idea lleg\u00f3 un d\u00eda cualquiera, al son de un vino y buena m\u00fasica, como de costumbre. Andrea tom\u00f3 uno de los microscopios que ten\u00eda en casa, empez\u00f3 a recorrer muestras y bast\u00f3 un instante para ver algo que, una vez m\u00e1s, la sorprend\u00eda por su encanto. \u201cEsto es algo que todos tienen que ver, es una obra de arte\u201d, se dec\u00eda. As\u00ed que, a pesar de que quiso ser empresaria, comenz\u00f3 primero ense\u00f1ando microscop\u00eda en colegios. Tambi\u00e9n vendi\u00f3 obras de arte con las im\u00e1genes que ve\u00eda en el microscopio. Al paso del tiempo, ninguna de las dos ideas continu\u00f3.<\/p>\n<p>Pero, tal como lo vivi\u00f3 Thomas Alva Edison, el inventor de la bombilla el\u00e9ctrica, y Alexander Graham Bell, creador del tel\u00e9fono, despu\u00e9s de varios intentos vino el \u00e9xito. En una tarde de compras, Andrea se pregunt\u00f3 \u201c\u00bfc\u00f3mo se ver\u00edan las formas que yo veo en el microscopio estampadas en una tela?\u201d. Con ese interrogante se fue hasta donde la que siempre ha sido su c\u00f3mplice: su madre. \u201c\u00bfMam\u00e1 c\u00f3mo se ver\u00e1 esto en ropa?\u201d, mientras eso, la se\u00f1ora Luc\u00eda la miraba extra\u00f1ada, tildando su idea de descabellada.<\/p>\n<p>Sin importarle mucho, empez\u00f3 a buscar lugares donde hicieran de, lo que para muchos era un disparate, una realidad. \u201cEn ese momento yo no ten\u00eda ni idea de estampados, no sab\u00eda absolutamente nada de ese mundo, todo era nuevo para m\u00ed. Yo pensaba que las telas que se ve\u00edan con detalles, originalmente ven\u00edan as\u00ed\u201d. Cuando tocaba puertas no la tomaban en serio, pues, eran exploraciones extra\u00f1as para muchos y muy riesgosas. Adem\u00e1s, qui\u00e9n iba a creer que una bacteri\u00f3loga de formaci\u00f3n cient\u00edfica y acad\u00e9mica, que hablaba de prote\u00ednas, compuestos qu\u00edmicos, hongos y bacterias, terminar\u00eda en tiendas de modistas, preguntando c\u00f3mo estampar sus fotos en tela. Desde una mirada convencional, esta apuesta parec\u00eda ser una premonici\u00f3n al fracaso.<\/p>\n<p>Por la poca experiencia como dise\u00f1adora, se negaban a imprimir sus im\u00e1genes en tela. Cuando encontr\u00f3 un lugar, hab\u00eda algo en el idioma de los tenderos que ella no lograba comprender. Lo m\u00e1s cercano que hab\u00eda estado a un documento con tantas medidas e indicaciones eran los acad\u00e9micos, que ten\u00eda que ajustar a normas APA. Al principio solicit\u00f3 ayuda y luego, por iniciativa propia, los tutoriales fueron su mejor aliado para aprender a dise\u00f1ar.<\/p>\n<p>Con la tela lista empez\u00f3 a darles forma a pa\u00f1oletas y pashminas. Frecuentemente recib\u00eda comentarios negativos \u201cqui\u00e9n se va a poner eso, tu idea no va a dar resultado, est\u00e1s loca\u201d, y tuvo que luchar internamente por no creer en esas ideas. Sus primeras compradoras fueron su madre, su suegra, t\u00edas, primas y amigas, quienes miraban su producto con ojos de amor. Pero ella estaba convencida de que ten\u00eda que escuchar nuevas voces.<\/p>\n<p><strong>La academia como medio para hacer ideas de negocio empresas sostenibles<\/strong><\/p>\n<p>Diferentes instituciones de educaci\u00f3n superior cuentan con programas para apoyar a estudiantes o egresados emprendedores. <a href=\"https:\/\/www.javeriana.edu.co\/vicerrectoria-de-extension-y-relaciones-interinstitucionales\/direcciondeegresados#.Xd6mrehKiUn\">Regresa, re\u00fanete y emprende<\/a> es el programa de la Universidad Javeriana que abri\u00f3 las puertas a Andrea, visibiliz\u00f3 su producto y la prepar\u00f3 para hacer de su idea una empresa. Tito Fabi\u00e1n Ortega, de la Direcci\u00f3n de Relaciones con Egresados de la instituci\u00f3n, relata la experiencia de la bacteri\u00f3loga como emprendedora: \u201cYo conoc\u00ed a Andrea en una feria que organizamos y de entrada cuando se present\u00f3 una bacteri\u00f3loga nos gener\u00f3 curiosidad porque es muy raro encontrar a un egresado de microbiolog\u00eda emprendiendo. Y, aunque crea valor, lo hace a\u00fan m\u00e1s raro que lo estuviera haciendo desde su disciplina, combinando algo que se aprende a lo largo de la carrera (t\u00e9cnicas de microscop\u00eda) con una posibilidad de volver visible lo que para muchos es invisible\u201d.<\/p>\n<p>Este fue el punto de partida para que el proyecto de Andrea empezara a andar a un ritmo tan acelerado que ni ella alcanza a comprender. Recuerda ese momento con conmoci\u00f3n y algo de modestia, \u201caqu\u00ed me di cuenta de que el emprendimiento es de aprovechar oportunidades. Yo siempre he sido muy perfeccionista y para ese momento mi producto no era el que yo quer\u00eda mostrar, lo recuerdo y es vergonzoso. No s\u00e9 por qu\u00e9 fui a la feria con algo as\u00ed, pero fue la mejor decisi\u00f3n que tom\u00e9\u201d. Empez\u00f3 a comercializar su producto dentro de la universidad, primero fueron 170, luego 1.500 productos vendidos. Con el apoyo de la Javeriana tuvo alcance a 15 ciudades de Colombia y 15 pa\u00edses del mundo, y en adelante <a href=\"https:\/\/microscopedesigns.com\/\" target=\"_blank\" rel=\"noopener\">Microscope Designs<\/a> se ha convertido en una marca disruptiva, exclusiva, sostenible y escalable.<\/p>\n<p>Los primeros sorprendidos por su trabajo fueron los de su misma carrera: c\u00f3mo era posible que los fluidos, microorganismos y dem\u00e1s cosas que ellos ve\u00edan a diario en los laboratorios, estuvieran puestos en una tela, con tanta claridad y fuera digna de lucir. Ahora, Andrea ha ampliado su negocio y \u201cha encontrado la oportunidad perfecta para decirle a la gente, a trav\u00e9s de una imagen, c\u00f3mo se hace ciencia desde un laboratorio, c\u00f3mo se pueden hacer visibles cosas inimaginables en una prenda est\u00e9ticamente linda y un llamado a los cient\u00edficos para que hagan de las soluciones que est\u00e1n en el papel una realidad porque las oportunidades est\u00e1n, pero se quedan en la academia\u201d, dice Tito.<\/p>\n<p>Microscope Designs hoy es un laboratorio que no se parece en nada al de un centro m\u00e9dico, m\u00e1s bien parece un taller de arte, y est\u00e1 en su casa. M\u00fasica, microscopios de varios tipos, muestras colombianas y otras tra\u00eddas del exterior, debidamente organizadas en placas Petri y telas con dise\u00f1os del mundo diminuto de los microorganismos revoloteando por todo lado. Andrea, por su parte, pasa horas bajo la lente de un microscopio, mirando cualquier fragmento o part\u00edcula del mundo que nos rodea hasta dar con un dise\u00f1o que mezcle la forma, la tonalidad y el aspecto ideal, y sin dejarlo pasar toma una foto, para que quien lo vaya a portar lleve consigo las trizas m\u00e1s ocultas e inimaginables del mundo con sus m\u00e1gicas suntuosidades.<\/p>\n<p>Con tan solo dos a\u00f1os de consolidado, Microscope ha participado de importantes eventos para dar a conocer su empresa como: el Women Economic Forum, el Congreso internacional de bacteri\u00f3logos, con ventas que ya superan los 100 millones de pesos en el a\u00f1o y, a pesar de ser un emprendimiento joven, Andrea contin\u00faa trabajando en proyectos de crecimiento, nuevos productos y posibilidades de exportaci\u00f3n.<\/p>\n<p>Andrea Vega ahora se vanagloria de los desaf\u00edos y diferentes caminos tomados porque hacen parte de los aprendizajes que la han llevado a fortalecer el proyecto de sus sue\u00f1os. A donde llega Microscope causa revuelo porque logr\u00f3 unir la ciencia y la moda de la forma m\u00e1s fina, cuidando cada detalle, \u201ceste no es un almac\u00e9n de ropa com\u00fan y corriente, aqu\u00ed hay un contexto, una historia, apropiaci\u00f3n social del conocimiento, fotograf\u00edas especiales\u201d.<\/p>\n<p>Pashminas, kimonos, pa\u00f1oletas y pa\u00f1uelos hoy hacen parte de la l\u00ednea de productos de esta nueva marca colombiana que vendr\u00e1 con m\u00e1s de una sorpresa para el otro a\u00f1o, \u201cporque la bacteriolog\u00eda tiene muchas cosas bellas por mostrar. Yo siempre quise que los dem\u00e1s conocieran esa parte bonita y art\u00edstica de mi profesi\u00f3n, y aqu\u00ed estoy. Nada fue por azar\u201d, finaliza la emprendedora javeriana.<\/p>\n","protected":false},"excerpt":{"rendered":"<p>Microscope Designs es la mezcla entre el arte, la ciencia y dise\u00f1o. Andrea Vega es bacteri\u00f3loga, pero no le gustan los laboratorios convencionales, por eso, cre\u00f3 uno fuera de lo com\u00fan para mostrar lo que el ojo humano no puede ver y, a trav\u00e9s de la moda, hacer visible lo que para muchos es invisible. Un emprendimiento de pasarela que naci\u00f3 de lo microsc\u00f3pico. <\/p>\n","protected":false},"author":27,"featured_media":13837,"comment_status":"open","ping_status":"open","sticky":false,"template":"","format":"standard","meta":{"footnotes":""},"categories":[127],"tags":[],"class_list":{"0":"post-13835","1":"post","2":"type-post","3":"status-publish","4":"format-standard","5":"has-post-thumbnail","7":"category-innovacion"},"_links":{"self":[{"href":"http:\/\/www.javeriana.edu.co\/pesquisa\/wp-json\/wp\/v2\/posts\/13835","targetHints":{"allow":["GET"]}}],"collection":[{"href":"http:\/\/www.javeriana.edu.co\/pesquisa\/wp-json\/wp\/v2\/posts"}],"about":[{"href":"http:\/\/www.javeriana.edu.co\/pesquisa\/wp-json\/wp\/v2\/types\/post"}],"author":[{"embeddable":true,"href":"http:\/\/www.javeriana.edu.co\/pesquisa\/wp-json\/wp\/v2\/users\/27"}],"replies":[{"embeddable":true,"href":"http:\/\/www.javeriana.edu.co\/pesquisa\/wp-json\/wp\/v2\/comments?post=13835"}],"version-history":[{"count":5,"href":"http:\/\/www.javeriana.edu.co\/pesquisa\/wp-json\/wp\/v2\/posts\/13835\/revisions"}],"predecessor-version":[{"id":31595,"href":"http:\/\/www.javeriana.edu.co\/pesquisa\/wp-json\/wp\/v2\/posts\/13835\/revisions\/31595"}],"wp:featuredmedia":[{"embeddable":true,"href":"http:\/\/www.javeriana.edu.co\/pesquisa\/wp-json\/wp\/v2\/media\/13837"}],"wp:attachment":[{"href":"http:\/\/www.javeriana.edu.co\/pesquisa\/wp-json\/wp\/v2\/media?parent=13835"}],"wp:term":[{"taxonomy":"category","embeddable":true,"href":"http:\/\/www.javeriana.edu.co\/pesquisa\/wp-json\/wp\/v2\/categories?post=13835"},{"taxonomy":"post_tag","embeddable":true,"href":"http:\/\/www.javeriana.edu.co\/pesquisa\/wp-json\/wp\/v2\/tags?post=13835"}],"curies":[{"name":"wp","href":"https:\/\/api.w.org\/{rel}","templated":true}]}}