{"id":13848,"date":"2020-01-02T07:33:23","date_gmt":"2020-01-02T12:33:23","guid":{"rendered":"http:\/\/www.javeriana.edu.co\/pesquisa\/?p=13848"},"modified":"2022-05-17T15:04:35","modified_gmt":"2022-05-17T20:04:35","slug":"lo-mas-destacado-2019-estas-son-las-notas-mas-leidas-del-ano","status":"publish","type":"post","link":"http:\/\/www.javeriana.edu.co\/pesquisa\/lo-mas-destacado-2019-estas-son-las-notas-mas-leidas-del-ano\/","title":{"rendered":"Lo m\u00e1s destacado 2019: estas son las notas m\u00e1s le\u00eddas del a\u00f1o"},"content":{"rendered":"<p>Pesquisa Javeriana se caracteriza por hacer visibles los diferentes procesos investigativos que se realizan en la Pontificia Universidad Javeriana. Por tal motivo, en las siguientes l\u00edneas mostramos algunas de las notas con mayor impacto en nuestra p\u00e1gina web en el a\u00f1o que reci\u00e9n termina.<\/p>\n<h3><strong>As\u00ed recordamos a Javier Maldonado<\/strong><\/h3>\n<p>Nunca hubi\u00e9ramos querido escribir estas palabras, pero hoy deseamos mantener vivo en la memoria a Javier Maldonado (1977-2019), nuestro icti\u00f3logo, acad\u00e9mico, profesor, amigo, confidente\u2026 Una sentida nota de todos los que lo conocimos desde Pesquisa Javeriana y trabajamos a su lado, con la esperanza de que su huella inspire a nuevas generaciones a seguir su estela.<\/p>\n<p><a href=\"http:\/\/www.javeriana.edu.co\/pesquisa\/asi-recordamos-a-javier-maldonado\/\">Lea la nota aqu\u00ed<\/a><\/p>\n<h3><strong>Aprender a leer nuevamente en la universidad<\/strong><\/h3>\n<p>Los estudiantes universitarios se enfrentan cada clase a grandes dificultades para buscar, interpretar y producir informaci\u00f3n en el contexto acad\u00e9mico. Este problema, contrario a lo que se cree, es reforzado por la aversi\u00f3n de los docentes al empleo de la tecnolog\u00eda, pues impide generar h\u00e1bitos de lectura cr\u00edtica y de construcci\u00f3n de nuevo conocimiento.<\/p>\n<p><a href=\"http:\/\/www.javeriana.edu.co\/pesquisa\/aprender-a-leer-nuevamente-en-la-universidad\/\">Lea la nota aqu\u00ed<\/a><\/p>\n<h3><strong>Resoluci\u00f3n sobre cuotas globales de pesca no promueve el \u2018aleteo\u2019 dice experto en tiburones<\/strong><\/h3>\n<p>Fabio G\u00f3mez-Delgado, investigador del departamento de biolog\u00eda de la Pontificia Universidad Javeriana y experto en tiburones, despeja varias de las dudas relacionadas con la nueva directriz del Ministerio de Agricultura (suspendida parcialmente en diciembre) sobre la pesca de diferentes especies marinas.<\/p>\n<p><a href=\"http:\/\/www.javeriana.edu.co\/pesquisa\/resolucion-sobre-cuotas-globales-de-pesca-no-promueve-el-aleteo-experto-en-tiburones-la-pesca-de-tiburon-se-puede-o-no\/\">Lea la nota aqu\u00ed<\/a><\/p>\n<h3><strong>De Carcas\u00ed a Brasil, los ni\u00f1os cient\u00edficos viajeros<\/strong><\/h3>\n<p>Ganadores de la feria m\u00e1s importante para cient\u00edficos en edad escolar de Latinoam\u00e9rica, un grupo de estudiantes investigadores de la zona rural de Carcas\u00ed, en las monta\u00f1as de Santander, prepara maletas para mostrar su trabajo en Argentina y asistir a un campamento cient\u00edfico en Estados Unidos. Gracias a su perseverancia y disciplina, se han convertido en ejemplo para su comunidad.<\/p>\n<p><a href=\"http:\/\/www.javeriana.edu.co\/pesquisa\/de-carcasi-a-brasil-los-ninos-cientificos-viajeros\/\">Lea la nota aqu\u00ed<\/a><\/p>\n","protected":false},"excerpt":{"rendered":"<p>Pesquisa Javeriana se caracteriza por hacer visibles los diferentes procesos investigativos que se realizan en la Pontificia Universidad Javeriana. Por tal motivo, en las siguientes l\u00edneas mostramos algunas de las notas con mayor impacto en nuestra p\u00e1gina web en el a\u00f1o que reci\u00e9n termina.<\/p>\n","protected":false},"author":40,"featured_media":0,"comment_status":"open","ping_status":"open","sticky":false,"template":"","format":"standard","meta":{"footnotes":""},"categories":[127],"tags":[],"class_list":{"0":"post-13848","1":"post","2":"type-post","3":"status-publish","4":"format-standard","6":"category-innovacion"},"_links":{"self":[{"href":"http:\/\/www.javeriana.edu.co\/pesquisa\/wp-json\/wp\/v2\/posts\/13848","targetHints":{"allow":["GET"]}}],"collection":[{"href":"http:\/\/www.javeriana.edu.co\/pesquisa\/wp-json\/wp\/v2\/posts"}],"about":[{"href":"http:\/\/www.javeriana.edu.co\/pesquisa\/wp-json\/wp\/v2\/types\/post"}],"author":[{"embeddable":true,"href":"http:\/\/www.javeriana.edu.co\/pesquisa\/wp-json\/wp\/v2\/users\/40"}],"replies":[{"embeddable":true,"href":"http:\/\/www.javeriana.edu.co\/pesquisa\/wp-json\/wp\/v2\/comments?post=13848"}],"version-history":[{"count":2,"href":"http:\/\/www.javeriana.edu.co\/pesquisa\/wp-json\/wp\/v2\/posts\/13848\/revisions"}],"predecessor-version":[{"id":13850,"href":"http:\/\/www.javeriana.edu.co\/pesquisa\/wp-json\/wp\/v2\/posts\/13848\/revisions\/13850"}],"wp:attachment":[{"href":"http:\/\/www.javeriana.edu.co\/pesquisa\/wp-json\/wp\/v2\/media?parent=13848"}],"wp:term":[{"taxonomy":"category","embeddable":true,"href":"http:\/\/www.javeriana.edu.co\/pesquisa\/wp-json\/wp\/v2\/categories?post=13848"},{"taxonomy":"post_tag","embeddable":true,"href":"http:\/\/www.javeriana.edu.co\/pesquisa\/wp-json\/wp\/v2\/tags?post=13848"}],"curies":[{"name":"wp","href":"https:\/\/api.w.org\/{rel}","templated":true}]}}