{"id":13945,"date":"2020-01-13T06:42:29","date_gmt":"2020-01-13T11:42:29","guid":{"rendered":"http:\/\/www.javeriana.edu.co\/pesquisa\/?p=13945"},"modified":"2022-06-13T13:53:51","modified_gmt":"2022-06-13T18:53:51","slug":"lo-mejor-de-2019-analisis-del-ano-que-recien-termina","status":"publish","type":"post","link":"http:\/\/www.javeriana.edu.co\/pesquisa\/lo-mejor-de-2019-analisis-del-ano-que-recien-termina\/","title":{"rendered":"Lo mejor de 2019: el aporte de Pesquisa Javeriana a la agenda noticiosa del pa\u00eds"},"content":{"rendered":"<p>Como todo medio de comunicaci\u00f3n, en 2019 Pesquisa Javeriana se impuso el reto de adaptarse a la agenda noticiosa del pa\u00eds y del mundo, sin dejar de dar voz a aquellas historias que protagonizan los cient\u00edficos javerianos desde sus diferentes disciplinas.<\/p>\n<p>As\u00ed, nos enorgullece recordar los art\u00edculos que publicamos informando sobre temas de actualidad, en el momento justo. Por ejemplo en enero, cuando comienza el a\u00f1o, se hacen balances y se imponen metas con base en ellos, nuestro colaborador Juan Pablo Eslava entrevist\u00f3 a la doctora en ciencias sociales y directora del Instituto Pensar de la Pontificia Universidad Javeriana, Martha Luc\u00eda M\u00e1rquez sobre la pol\u00edtica exterior del actual presidente Iv\u00e1n Duque que, como ella dice en la entrevista, tiene que ver claramente con la pol\u00edtica interna.<\/p>\n<p>A paso lento iba el gobierno Duque aplicando lo acordado en La Habana, Cuba, con las FARC. \u201cHacer trizas el acuerdo de paz es no implement\u00e1ndolo porque no se destinan recursos ni se nombra gente comprometida con el proceso\u201d, dijo entonces, proponiendo acelerar el proceso y cumplir los compromisos adquiridos. Marquez tambi\u00e9n analiza la posici\u00f3n de Colombia frente al r\u00e9gimen de Nicol\u00e1s Maduro, as\u00ed como la migraci\u00f3n venezolana a territorio colombiano que a su juicio ha tenido tres momentos importantes. \u00bfCu\u00e1les fueron? <a href=\"http:\/\/www.javeriana.edu.co\/pesquisa\/una-paz-congelada-y-un-distanciamiento-regional\/\">L\u00e9alo aqu\u00ed.<\/a><\/p>\n<p>La muerte accidental del icti\u00f3logo javeriano Javier Maldonado ocurrida a comienzos de marzo de 2019, enlut\u00f3 a la universidad y Pesquisa Javeriana, con sus cinco art\u00edculos, fue replicada en varios medios de comunicaci\u00f3n. Desde el 4 y hasta el 10 de marzo nuestra revista multiplataforma public\u00f3 varias notas dando cuenta de la vida y obra de nuestro querido compa\u00f1ero, quien adem\u00e1s de ser un referente en el conocimiento de los peces que nadan por los r\u00edos del pa\u00eds, fue un activo divulgador de la ciencia. Lea las notas:<\/p>\n<figure id=\"attachment_21742\" aria-describedby=\"caption-attachment-21742\" style=\"width: 1280px\" class=\"wp-caption aligncenter\"><img fetchpriority=\"high\" decoding=\"async\" class=\"wp-image-21742 size-full\" src=\"http:\/\/www.javeriana.edu.co\/pesquisa\/wp-content\/uploads\/2020\/01\/javier-maldonado.jpg\" alt=\"\" width=\"1280\" height=\"720\" srcset=\"http:\/\/www.javeriana.edu.co\/pesquisa\/wp-content\/uploads\/2020\/01\/javier-maldonado.jpg 1280w, http:\/\/www.javeriana.edu.co\/pesquisa\/wp-content\/uploads\/2020\/01\/javier-maldonado-300x169.jpg 300w, http:\/\/www.javeriana.edu.co\/pesquisa\/wp-content\/uploads\/2020\/01\/javier-maldonado-1024x576.jpg 1024w, http:\/\/www.javeriana.edu.co\/pesquisa\/wp-content\/uploads\/2020\/01\/javier-maldonado-150x84.jpg 150w, http:\/\/www.javeriana.edu.co\/pesquisa\/wp-content\/uploads\/2020\/01\/javier-maldonado-450x253.jpg 450w, http:\/\/www.javeriana.edu.co\/pesquisa\/wp-content\/uploads\/2020\/01\/javier-maldonado-1200x675.jpg 1200w, http:\/\/www.javeriana.edu.co\/pesquisa\/wp-content\/uploads\/2020\/01\/javier-maldonado-768x432.jpg 768w\" sizes=\"(max-width: 1280px) 100vw, 1280px\" \/><figcaption id=\"caption-attachment-21742\" class=\"wp-caption-text\">Fotograf\u00eda: Diederik Ruka<\/figcaption><\/figure>\n<p><a href=\"http:\/\/www.javeriana.edu.co\/pesquisa\/javier-maldonado-y-su-vocacion-desaforada\/\">Javier Maldonado y su vocaci\u00f3n desaforada<\/a><\/p>\n<p><a href=\"http:\/\/www.javeriana.edu.co\/pesquisa\/asi-recordamos-a-javier-maldonado\/\">As\u00ed recordamos a Javier Maldonado<\/a><\/p>\n<p><a href=\"http:\/\/www.javeriana.edu.co\/pesquisa\/javier-maldonado-sus-aprendizajes-junto-al-rio\/\">Javier Maldonado, sus aprendizajes frente al r\u00edo<\/a><\/p>\n<p><a href=\"http:\/\/www.javeriana.edu.co\/pesquisa\/javier-maldonado-in-memoriam\/\">Javier Maldonado, in memoriam<\/a><\/p>\n<p><a href=\"http:\/\/www.javeriana.edu.co\/pesquisa\/el-javier-maldonado-que-conoci\/\">El Javier Maldonado que conoc\u00ed&#8230;<\/a><\/p>\n<p>En julio, mes de la independencia, recurrimos a la historia. La investigadora Juana Mar\u00eda Mar\u00edn Leoz le cont\u00f3 a nuestra periodista Mar\u00eda Ximena Monta\u00f1o qui\u00e9nes firmaron el Acta del Cabildo Extraordinario en Santaf\u00e9 de Bogot\u00e1, el inicio de la carrera por la independencia de nuestro territorio. El acta tiene la r\u00fabrica de 53 personas. <a href=\"http:\/\/www.javeriana.edu.co\/pesquisa\/lo-que-nunca-nos-contaron-del-20-de-julio-de-1810\/\">\u00bfQui\u00e9nes eran?<\/a><\/p>\n<p>Cuando los investigadores publican en revistas cient\u00edficas es noticia. Y los javerianos est\u00e1n empezando a ver la importancia no solo de hacerlo, pues eso es parte de la tradici\u00f3n y el reconocimiento en la ciencia, sino de pensar que tambi\u00e9n quienes no son sus colegas pueden estar interesados en sus historias.<\/p>\n<p>Y aunque fueron muchos los cient\u00edficos javerianos que publicaron en revistas indexadas, Pesquisa Javeriana destaca en este resumen tres notas: la protagonista de <a href=\"http:\/\/www.javeriana.edu.co\/pesquisa\/la-verdadera-identidad-de-una-orquidea-bicentenaria\/\">la primera historia es una orqu\u00eddea que colect\u00f3 Humboldt<\/a>, qued\u00f3 clasificada entonces como de origen mexicano y gracias a un trabajo gen\u00e9tico se comprob\u00f3 que hab\u00eda sido colectada en territorio colombiano. Esta investigaci\u00f3n sali\u00f3 publicada en la revista Taxon.<\/p>\n<figure id=\"attachment_21743\" aria-describedby=\"caption-attachment-21743\" style=\"width: 1024px\" class=\"wp-caption aligncenter\"><img decoding=\"async\" class=\"wp-image-21743 size-large\" src=\"http:\/\/www.javeriana.edu.co\/pesquisa\/wp-content\/uploads\/2020\/01\/orquidea-amarilla-1024x536.jpg\" alt=\"\" width=\"1024\" height=\"536\" srcset=\"http:\/\/www.javeriana.edu.co\/pesquisa\/wp-content\/uploads\/2020\/01\/orquidea-amarilla-1024x536.jpg 1024w, http:\/\/www.javeriana.edu.co\/pesquisa\/wp-content\/uploads\/2020\/01\/orquidea-amarilla-300x157.jpg 300w, http:\/\/www.javeriana.edu.co\/pesquisa\/wp-content\/uploads\/2020\/01\/orquidea-amarilla-150x79.jpg 150w, http:\/\/www.javeriana.edu.co\/pesquisa\/wp-content\/uploads\/2020\/01\/orquidea-amarilla-450x236.jpg 450w, http:\/\/www.javeriana.edu.co\/pesquisa\/wp-content\/uploads\/2020\/01\/orquidea-amarilla-1200x628.jpg 1200w, http:\/\/www.javeriana.edu.co\/pesquisa\/wp-content\/uploads\/2020\/01\/orquidea-amarilla-768x402.jpg 768w, http:\/\/www.javeriana.edu.co\/pesquisa\/wp-content\/uploads\/2020\/01\/orquidea-amarilla.jpg 1280w\" sizes=\"(max-width: 1024px) 100vw, 1024px\" \/><figcaption id=\"caption-attachment-21743\" class=\"wp-caption-text\">Fotograf\u00eda: Cortes\u00eda Editorial Javeriana<\/figcaption><\/figure>\n<p><a href=\"http:\/\/www.javeriana.edu.co\/pesquisa\/de-pasturas-a-cultivos-de-palma-de-aceite-una-reconversion-sostenible\/\">La protagonista de la segunda historia es la palma de aceite, investigaci\u00f3n que sali\u00f3 publicada en la prestigiosa revista Science Advances<\/a>. Los cient\u00edficos javerianos, aliados con colegas de instituciones internacionales, concluyen que la conversi\u00f3n de grandes territorios de potreros de ganader\u00eda de baja productividad en plantaciones de palma de aceite puede ser neutral en t\u00e9rminos de emisiones de carbono.<\/p>\n<p><a href=\"http:\/\/www.javeriana.edu.co\/pesquisa\/cuando-los-bosques-se-fragmentan-los-animales-tienen-dos-alternativas-adaptarse-o-morir\/\">Los animales salvajes fueron el tema principal de la tercera historia.<\/a> Investigadores javerianos reportaron en la revista Science que los que viven en el tr\u00f3pico sufren seis veces m\u00e1s los efectos de la deforestaci\u00f3n que los que habitan en climas temperados, o de estaciones. Mientras estos \u00faltimos se han adaptado a eventos frecuentes como incendios o huracanes, los cambios en el h\u00e1bitat tropical \u2013recientes y causados por el ser humano\u2013, ha tomado por sorpresa a su fauna.<\/p>\n<p>Dos de estas historias pubicadas en Pesquisa Javeriana fueron replicadas por <a href=\"https:\/\/www.elespectador.com\/noticias\/medio-ambiente\/hay-animales-que-saben-cambiar-de-casa-y-otros-no-tanto-articulo-896403\" target=\"_blank\" rel=\"noopener\">El Espectador<\/a> y <a href=\"https:\/\/www.eltiempo.com\/vida\/medio-ambiente\/la-orquidea-bicentenaria-que-se-pensaba-era-mexicana-y-resulto-ser-colombiana-415596\" target=\"_blank\" rel=\"noopener\">El Tiempo<\/a>.<\/p>\n<p>Octubre fue mes de elecciones y Pesquisa Javeriana aprovech\u00f3 la coyuntura para publicar <a href=\"http:\/\/www.javeriana.edu.co\/pesquisa\/es-la-mentira-politica-diferente-a-las-otras-mentiras\/\">un art\u00edculo sobre las mentiras pol\u00edticas<\/a>, con base en un estudio realizado por fil\u00f3sofos de la universidad. Argumentan que este tipo de mentira es diferente a la tradicional, la cotidiana. \u00bfC\u00f3mo se construye esa mentira pol\u00edtica?<\/p>\n<figure id=\"attachment_21744\" aria-describedby=\"caption-attachment-21744\" style=\"width: 500px\" class=\"wp-caption aligncenter\"><img decoding=\"async\" class=\"wp-image-21744 size-full\" src=\"http:\/\/www.javeriana.edu.co\/pesquisa\/wp-content\/uploads\/2020\/01\/ilustracion-mentiras-y-politica.jpg\" alt=\"\" width=\"500\" height=\"593\" srcset=\"http:\/\/www.javeriana.edu.co\/pesquisa\/wp-content\/uploads\/2020\/01\/ilustracion-mentiras-y-politica.jpg 500w, http:\/\/www.javeriana.edu.co\/pesquisa\/wp-content\/uploads\/2020\/01\/ilustracion-mentiras-y-politica-253x300.jpg 253w, http:\/\/www.javeriana.edu.co\/pesquisa\/wp-content\/uploads\/2020\/01\/ilustracion-mentiras-y-politica-150x178.jpg 150w, http:\/\/www.javeriana.edu.co\/pesquisa\/wp-content\/uploads\/2020\/01\/ilustracion-mentiras-y-politica-450x534.jpg 450w\" sizes=\"(max-width: 500px) 100vw, 500px\" \/><figcaption id=\"caption-attachment-21744\" class=\"wp-caption-text\">Ilustraci\u00f3n: Vito<\/figcaption><\/figure>\n<p>Tambi\u00e9n fue el mes en el que todos los a\u00f1os se anuncian los ganadores de los premios nobel. <a href=\"http:\/\/www.javeriana.edu.co\/pesquisa\/un-recorrido-historico-por-los-premios-nobel\/\">Pesquisa Javeriana dise\u00f1\u00f3 una infograf\u00eda<\/a> que da cuenta de algunos hitos importantes para nuestra regi\u00f3n.<\/p>\n<p>En noviembre publicamos historias sobre temas coyunturales que se discut\u00edan en el Congreso de la Rep\u00fablica, como las reformas tributaria y pensional. La academia siempre tiene mucho por decir y cuando las pol\u00edticas p\u00fablicas se basan en evidencia cient\u00edfica hay m\u00e1s posibilidades de acertar. L\u00e9alas a continuaci\u00f3n:<\/p>\n<p><a href=\"http:\/\/www.javeriana.edu.co\/pesquisa\/nueva-reforma-tributaria-9-billones-para-las-empresas-y-un-par-para-los-ciudadanos-de-a-pie\/\">Nueva reforma tributaria: $9 billones para las empresas y un par para los ciudadanos de a pie<\/a><\/p>\n<p><a href=\"http:\/\/www.javeriana.edu.co\/pesquisa\/cual-es-el-futuro-de-colpensiones\/\">\u00bfCu\u00e1l es el futuro de Colpensiones?<\/a><\/p>\n<p>Fue el caso tambi\u00e9n del debate que gener\u00f3 la Resoluci\u00f3n 350 del 25 de octubre de 2019 por parte del Ministerio de Agricultura y Desarrollo Rural, que establec\u00eda las cuotas globales de pesca para el a\u00f1o 2020, entre ellos los tiburones sedosos. Sin ser la \u00fanica voz que se pronunci\u00f3 por parte de la Universidad Javeriana, el profesor Fabio G\u00f3mez-Delgado, investigador del departamento de biolog\u00eda y experto en tiburones, <a href=\"http:\/\/www.javeriana.edu.co\/pesquisa\/resolucion-sobre-cuotas-globales-de-pesca-no-promueve-el-aleteo-experto-en-tiburones-la-pesca-de-tiburon-se-puede-o-no\/\">despeja varias de las dudas relacionadas con esta directriz<\/a>.<\/p>\n<p>Y en diciembre cerramos con dos notas de temas candentes como <a href=\"http:\/\/www.javeriana.edu.co\/pesquisa\/por-que-colombia-sigue-rajada-en-las-pruebas-pisa\/\">las pruebas Pisa<\/a> y la entrega del <a href=\"http:\/\/www.javeriana.edu.co\/pesquisa\/nueva-ruta-para-la-ciencia-colombiana\/\">documento de la Misi\u00f3n Internacional de Sabios<\/a>.<\/p>\n<p>En el 2020 el reto de estar en la agenda medi\u00e1tica continuar\u00e1 para que el lector pueda tener una visi\u00f3n acad\u00e9mica de las noticias que ocurren en Colombia y en el mundo.<\/p>\n","protected":false},"excerpt":{"rendered":"<p>A continuaci\u00f3n presentamos un resumen de las notas period\u00edsticas que representaron para el equipo de Pesquisa Javeriana un aporte a la conversaci\u00f3n nacional en campos como la historia, el ambiente, la econom\u00eda o la pol\u00edtica. <\/p>\n","protected":false},"author":25,"featured_media":21740,"comment_status":"open","ping_status":"open","sticky":false,"template":"","format":"standard","meta":{"footnotes":""},"categories":[373],"tags":[2178,2176,2177],"class_list":{"0":"post-13945","1":"post","2":"type-post","3":"status-publish","4":"format-standard","5":"has-post-thumbnail","7":"category-sociedad","8":"tag-notas-cientificas-universidad-javeriana","9":"tag-notas-sobre-ambiente-2019","10":"tag-periodismo-cientifico-colombia"},"_links":{"self":[{"href":"http:\/\/www.javeriana.edu.co\/pesquisa\/wp-json\/wp\/v2\/posts\/13945","targetHints":{"allow":["GET"]}}],"collection":[{"href":"http:\/\/www.javeriana.edu.co\/pesquisa\/wp-json\/wp\/v2\/posts"}],"about":[{"href":"http:\/\/www.javeriana.edu.co\/pesquisa\/wp-json\/wp\/v2\/types\/post"}],"author":[{"embeddable":true,"href":"http:\/\/www.javeriana.edu.co\/pesquisa\/wp-json\/wp\/v2\/users\/25"}],"replies":[{"embeddable":true,"href":"http:\/\/www.javeriana.edu.co\/pesquisa\/wp-json\/wp\/v2\/comments?post=13945"}],"version-history":[{"count":6,"href":"http:\/\/www.javeriana.edu.co\/pesquisa\/wp-json\/wp\/v2\/posts\/13945\/revisions"}],"predecessor-version":[{"id":31592,"href":"http:\/\/www.javeriana.edu.co\/pesquisa\/wp-json\/wp\/v2\/posts\/13945\/revisions\/31592"}],"wp:featuredmedia":[{"embeddable":true,"href":"http:\/\/www.javeriana.edu.co\/pesquisa\/wp-json\/wp\/v2\/media\/21740"}],"wp:attachment":[{"href":"http:\/\/www.javeriana.edu.co\/pesquisa\/wp-json\/wp\/v2\/media?parent=13945"}],"wp:term":[{"taxonomy":"category","embeddable":true,"href":"http:\/\/www.javeriana.edu.co\/pesquisa\/wp-json\/wp\/v2\/categories?post=13945"},{"taxonomy":"post_tag","embeddable":true,"href":"http:\/\/www.javeriana.edu.co\/pesquisa\/wp-json\/wp\/v2\/tags?post=13945"}],"curies":[{"name":"wp","href":"https:\/\/api.w.org\/{rel}","templated":true}]}}