{"id":14480,"date":"2020-02-21T10:11:09","date_gmt":"2020-02-21T15:11:09","guid":{"rendered":"http:\/\/www.javeriana.edu.co\/pesquisa\/?p=14480"},"modified":"2022-05-18T22:32:22","modified_gmt":"2022-05-19T03:32:22","slug":"hasta-pronto-antartida","status":"publish","type":"post","link":"http:\/\/www.javeriana.edu.co\/pesquisa\/hasta-pronto-antartida\/","title":{"rendered":"\u00a1Hasta pronto, Ant\u00e1rtida!"},"content":{"rendered":"<p>En los \u00faltimos d\u00edas tuve la oportunidad de conocer la base italiana Mario Zucchelli. Nos organizaron por grupos para poder bajar y pisar por primera vez la Ant\u00e1rtida. En aproximadamente dos horas hicimos un recorrido para conocer las instalaciones de la base y a algunas personas que trabajan all\u00ed; nos llevaron tambi\u00e9n a una casita de madera donde todos los que visitan la base escriben lo que quieran y plasman su firma. Fue una experiencia diferente e interesante, pues llev\u00e1bamos m\u00e1s de un mes abordo, sin hacer mucho ejercicio y con el movimiento constante del barco.<\/p>\n<p>Luego lleg\u00f3 el d\u00eda del adi\u00f3s. Dejamos el \u2018Continente Blanco\u2019 y tomamos rumbo a Nueva Zelanda. En ese instante me di cuenta de que el tiempo se hab\u00eda acabado. No s\u00e9 en qu\u00e9 momento se pasaron casi 30 d\u00edas en ese para\u00edso. Nos encontr\u00e1bamos en frente de la estaci\u00f3n italiana cuando la jefe cient\u00edfica de la expedici\u00f3n hizo sonar la bocina del barco en tres ocasiones, en se\u00f1al de despedida. Yo simplemente me qued\u00e9 afuera, observando el hermoso paisaje, mirando por \u00faltima vez al volc\u00e1n Melbourne, un volc\u00e1n activo de alrededor 2700 metros de altura. En ese momento empec\u00e9 a tomar fotos de la espectacular Ant\u00e1rtida y me embargaron muchos sentimientos, no pude evitar que las l\u00e1grimas rodaran por mis mejillas. Sent\u00ed mucha alegr\u00eda por haber tenido esta m\u00e1gica experiencia, pero mucha tristeza por dejar el que, para m\u00ed, es el lugar m\u00e1s hermoso de la Tierra. Tengo mucha gratitud con el universo y con todas las personas que hicieron posible que este sue\u00f1o se hiciera realidad. Hay muchos deseos de repetirlo.<\/p>\n<figure id=\"attachment_22044\" aria-describedby=\"caption-attachment-22044\" style=\"width: 1024px\" class=\"wp-caption aligncenter\"><img fetchpriority=\"high\" decoding=\"async\" class=\"wp-image-22044 size-large\" src=\"http:\/\/www.javeriana.edu.co\/pesquisa\/wp-content\/uploads\/2020\/02\/volcan-antartida-1024x683.jpg\" alt=\"\" width=\"1024\" height=\"683\" srcset=\"http:\/\/www.javeriana.edu.co\/pesquisa\/wp-content\/uploads\/2020\/02\/volcan-antartida-1024x683.jpg 1024w, http:\/\/www.javeriana.edu.co\/pesquisa\/wp-content\/uploads\/2020\/02\/volcan-antartida-300x200.jpg 300w, http:\/\/www.javeriana.edu.co\/pesquisa\/wp-content\/uploads\/2020\/02\/volcan-antartida-1536x1024.jpg 1536w, http:\/\/www.javeriana.edu.co\/pesquisa\/wp-content\/uploads\/2020\/02\/volcan-antartida-2048x1365.jpg 2048w, http:\/\/www.javeriana.edu.co\/pesquisa\/wp-content\/uploads\/2020\/02\/volcan-antartida-150x100.jpg 150w, http:\/\/www.javeriana.edu.co\/pesquisa\/wp-content\/uploads\/2020\/02\/volcan-antartida-450x300.jpg 450w, http:\/\/www.javeriana.edu.co\/pesquisa\/wp-content\/uploads\/2020\/02\/volcan-antartida-1200x800.jpg 1200w, http:\/\/www.javeriana.edu.co\/pesquisa\/wp-content\/uploads\/2020\/02\/volcan-antartida-768x512.jpg 768w, http:\/\/www.javeriana.edu.co\/pesquisa\/wp-content\/uploads\/2020\/02\/volcan-antartida-600x400.jpg 600w, http:\/\/www.javeriana.edu.co\/pesquisa\/wp-content\/uploads\/2020\/02\/volcan-antartida-272x182.jpg 272w\" sizes=\"(max-width: 1024px) 100vw, 1024px\" \/><figcaption id=\"caption-attachment-22044\" class=\"wp-caption-text\">Fotograf\u00eda: Nohelia Far\u00edas Curtidor \u2013 Volc\u00e1n Melbourne<\/figcaption><\/figure>\n<p>As\u00ed empezamos seis d\u00edas de navegaci\u00f3n con rumbo a Lyttelton (Nueva Zelanda). Desafortunadamente nos toc\u00f3 pasar entre dos tormentas en el Pac\u00edfico Sur, por lo cual el movimiento se hizo m\u00e1s fuerte a medida que sal\u00edamos del mar de Ross. Tengo que confesar que no fueron d\u00edas muy placenteros, de nuevo muchos de los investigadores se sintieron mal y tuvieron que pasar el mayor tiempo del viaje en cama. Yo sent\u00eda un poco de dolor de cabeza, pero lo malo es que no se puede hacer ninguna actividad, no pod\u00eda sentarme a trabajar en el computador porque me mareaba, solo estuve los dos primeros d\u00edas en el puente de la embarcaci\u00f3n tratando de ver alg\u00fan mam\u00edfero marino, luego me toc\u00f3 estar en la parte m\u00e1s baja del barco, conversando con otros investigadores, tratando de tocar guitarra, tratando de hacer que el tiempo pasara r\u00e1pido. Sin embargo, le dije a un investigador que si ese era el precio que ten\u00eda que pagar para ir a la Ant\u00e1rtida, estaba dispuesta a pagarlo todas las veces que fuera necesario.<\/p>\n<p>Cuando nos encontr\u00e1bamos llegando a Nueva Zelanda, el clima se calm\u00f3 un poco y pude volver a retomar los avistamientos. As\u00ed fue como observ\u00e9 saltando el lobo marino de Nueva Zelanda <em>(Arctocephalus forsteri)<\/em>, sacando su cabeza del agua para ver el bote y nadando en varias ocasiones. \u00a0Su distribuci\u00f3n se restringe a Nueva Zelanda y al suroccidente de Australia; puede llegar a medir entre 1.5 y 2 metros; tienen orejas externas y aletas traseras que rotan hacia delante; pueden bucear de 10 a 15 minutos y bajar a profundidades de hasta 300 metros. En la isla sur de Nueva Zelanda hay varias colonias de esta especie.<\/p>\n<figure id=\"attachment_22048\" aria-describedby=\"caption-attachment-22048\" style=\"width: 1000px\" class=\"wp-caption aligncenter\"><img decoding=\"async\" class=\"wp-image-22048 size-full\" src=\"http:\/\/www.javeriana.edu.co\/pesquisa\/wp-content\/uploads\/2020\/02\/lobo-marino.jpg\" alt=\"\" width=\"1000\" height=\"639\" srcset=\"http:\/\/www.javeriana.edu.co\/pesquisa\/wp-content\/uploads\/2020\/02\/lobo-marino.jpg 1000w, http:\/\/www.javeriana.edu.co\/pesquisa\/wp-content\/uploads\/2020\/02\/lobo-marino-300x192.jpg 300w, http:\/\/www.javeriana.edu.co\/pesquisa\/wp-content\/uploads\/2020\/02\/lobo-marino-150x96.jpg 150w, http:\/\/www.javeriana.edu.co\/pesquisa\/wp-content\/uploads\/2020\/02\/lobo-marino-450x288.jpg 450w, http:\/\/www.javeriana.edu.co\/pesquisa\/wp-content\/uploads\/2020\/02\/lobo-marino-768x491.jpg 768w\" sizes=\"(max-width: 1000px) 100vw, 1000px\" \/><figcaption id=\"caption-attachment-22048\" class=\"wp-caption-text\">Fotograf\u00eda: Nohelia Far\u00edas Curtidor \u2013 Lobo marino de Nueva Zelanda (Arctocephalus forsteri)<\/figcaption><\/figure>\n<p>El \u00faltimo avistamiento que tuve fue el de los delfines de H\u00e9ctor <em>(<\/em><em>Cephalorhynchus hectori). <\/em>Fueron solo dos minutos en los que cuatro individuos se acercaron a la embarcaci\u00f3n, luego jugaron en la proa y desaparecieron. Esta especie es end\u00e9mica, es decir que solo la podemos ver en Nueva Zelanda. Desafortunadamente esta especie se encuentra en peligro de extinci\u00f3n, las mallas de pesca han sido las principales responsables de su estado de amenaza ya que muchas son hechas con materiales muy delgados y que en muchos casos estos animales no detectan cuando se alimentan. Este es uno de los cet\u00e1ceos m\u00e1s peque\u00f1os, llegando a medir aproximadamente 1.5 metros y a pesar aproximadamente 50 kilogramos.<\/p>\n<figure id=\"attachment_22050\" aria-describedby=\"caption-attachment-22050\" style=\"width: 1000px\" class=\"wp-caption aligncenter\"><img decoding=\"async\" class=\"wp-image-22050 size-full\" src=\"http:\/\/www.javeriana.edu.co\/pesquisa\/wp-content\/uploads\/2020\/02\/delfin-antartida.jpg\" alt=\"\" width=\"1000\" height=\"642\" srcset=\"http:\/\/www.javeriana.edu.co\/pesquisa\/wp-content\/uploads\/2020\/02\/delfin-antartida.jpg 1000w, http:\/\/www.javeriana.edu.co\/pesquisa\/wp-content\/uploads\/2020\/02\/delfin-antartida-300x193.jpg 300w, http:\/\/www.javeriana.edu.co\/pesquisa\/wp-content\/uploads\/2020\/02\/delfin-antartida-150x96.jpg 150w, http:\/\/www.javeriana.edu.co\/pesquisa\/wp-content\/uploads\/2020\/02\/delfin-antartida-450x289.jpg 450w, http:\/\/www.javeriana.edu.co\/pesquisa\/wp-content\/uploads\/2020\/02\/delfin-antartida-768x493.jpg 768w\" sizes=\"(max-width: 1000px) 100vw, 1000px\" \/><figcaption id=\"caption-attachment-22050\" class=\"wp-caption-text\">Fotograf\u00eda: Nohelia Far\u00edas Curtidor &#8211; Delf\u00edn de H\u00e9ctor (Cephalorhynchus hectori)<\/figcaption><\/figure>\n<p>Quiero agradecer a la Facultad de Ciencias de la Pontificia Universidad Javeriana, especialmente al director del Departamento de Biolog\u00eda, Carlos Rivera Rond\u00f3n, y a la productora general de la revista Pesquisa Javeriana, Claudia Marcela Mej\u00eda Ram\u00edrez, por su trabajo, apoyo y compa\u00f1\u00eda, para vivir este sue\u00f1o conmigo. Tambi\u00e9n al jefe de la expedici\u00f3n, Riccardo Scipinotti, quien con su esfuerzo y alegr\u00eda constante gener\u00f3 un muy buen ambiente de trabajo abordo; adem\u00e1s, gracias a toda la tripulaci\u00f3n del buque Laura Bassi y a los \u00a0investigadores con los que compart\u00ed momentos que quedar\u00e1n por siempre en mi memoria.<\/p>\n<p>&gt;&gt; <a href=\"http:\/\/www.javeriana.edu.co\/pesquisa\/opinion\/javeriana-en-antartida\/\">Conoce\u00a0aqu\u00ed la aventura completa<\/a>.<\/p>\n<hr \/>\n<p>* La participaci\u00f3n de la egresada javeriana en biolog\u00eda Nohelia Far\u00edas Curtidor a esta expedici\u00f3n\u00a0cuenta con la financiaci\u00f3n de la Facultad de Ciencias de la Pontificia Universidad Javeriana.<\/p>\n","protected":false},"excerpt":{"rendered":"<p>Luego lleg\u00f3 el d\u00eda del adi\u00f3s. Dejamos el \u2018Continente Blanco\u2019 y tomamos rumbo a Nueva Zelanda. En ese instante me di cuenta de que el tiempo se hab\u00eda acabado. No s\u00e9 en qu\u00e9 momento se pasaron casi 30 d\u00edas en ese para\u00edso.<\/p>\n","protected":false},"author":70,"featured_media":22051,"comment_status":"open","ping_status":"open","sticky":false,"template":"","format":"standard","meta":{"footnotes":""},"categories":[376],"tags":[1058,1663,529,1816,2166,2155,527,430,460,2123,786,2157,1149,499,2160,734,633,525,122,405,2022,1490,634],"class_list":{"0":"post-14480","1":"post","2":"type-post","3":"status-publish","4":"format-standard","5":"has-post-thumbnail","7":"category-ambiente","8":"tag-agua","9":"tag-ambiente","10":"tag-amenaza","11":"tag-animales","12":"tag-antartica","13":"tag-antartida","14":"tag-avistamiento","15":"tag-biologia","16":"tag-ciencia","17":"tag-ciencias","18":"tag-clima","19":"tag-expedicion","20":"tag-facultad-de-ciencias","21":"tag-javeriana","22":"tag-mar","23":"tag-pacifico","24":"tag-paisaje","25":"tag-peligro-de-extincion","26":"tag-pesquisa","27":"tag-pesquisa-javeriana","28":"tag-pontificia-universidad-javeriana","29":"tag-revista-pesquisa-javeriana","30":"tag-viaje"},"_links":{"self":[{"href":"http:\/\/www.javeriana.edu.co\/pesquisa\/wp-json\/wp\/v2\/posts\/14480","targetHints":{"allow":["GET"]}}],"collection":[{"href":"http:\/\/www.javeriana.edu.co\/pesquisa\/wp-json\/wp\/v2\/posts"}],"about":[{"href":"http:\/\/www.javeriana.edu.co\/pesquisa\/wp-json\/wp\/v2\/types\/post"}],"author":[{"embeddable":true,"href":"http:\/\/www.javeriana.edu.co\/pesquisa\/wp-json\/wp\/v2\/users\/70"}],"replies":[{"embeddable":true,"href":"http:\/\/www.javeriana.edu.co\/pesquisa\/wp-json\/wp\/v2\/comments?post=14480"}],"version-history":[{"count":5,"href":"http:\/\/www.javeriana.edu.co\/pesquisa\/wp-json\/wp\/v2\/posts\/14480\/revisions"}],"predecessor-version":[{"id":31568,"href":"http:\/\/www.javeriana.edu.co\/pesquisa\/wp-json\/wp\/v2\/posts\/14480\/revisions\/31568"}],"wp:featuredmedia":[{"embeddable":true,"href":"http:\/\/www.javeriana.edu.co\/pesquisa\/wp-json\/wp\/v2\/media\/22051"}],"wp:attachment":[{"href":"http:\/\/www.javeriana.edu.co\/pesquisa\/wp-json\/wp\/v2\/media?parent=14480"}],"wp:term":[{"taxonomy":"category","embeddable":true,"href":"http:\/\/www.javeriana.edu.co\/pesquisa\/wp-json\/wp\/v2\/categories?post=14480"},{"taxonomy":"post_tag","embeddable":true,"href":"http:\/\/www.javeriana.edu.co\/pesquisa\/wp-json\/wp\/v2\/tags?post=14480"}],"curies":[{"name":"wp","href":"https:\/\/api.w.org\/{rel}","templated":true}]}}