{"id":15666,"date":"2020-06-24T06:00:39","date_gmt":"2020-06-24T11:00:39","guid":{"rendered":"http:\/\/www.javeriana.edu.co\/pesquisa\/?p=15666"},"modified":"2022-06-21T18:07:25","modified_gmt":"2022-06-21T23:07:25","slug":"la-historia-la-literatura-y-la-periferia","status":"publish","type":"post","link":"http:\/\/www.javeriana.edu.co\/pesquisa\/la-historia-la-literatura-y-la-periferia\/","title":{"rendered":"La historia, la literatura y la periferia"},"content":{"rendered":"<p>Los alcances de la traducci\u00f3n en la edici\u00f3n acad\u00e9mica \u00bfQu\u00e9 tienen en com\u00fan una salina del siglo XIX, el Concurso Nacional de Belleza y las caucher\u00edas de la Amazon\u00eda? Por un lado, estos eventos y lugares forman parte esencial de la historia colombiana, pues permiten crear un relato de naci\u00f3n desde los m\u00e1rgenes y, por el otro, son el objeto de estudio de tres libros editados por la Editorial Pontificia Universidad Javeriana: Entre bestias y bellezas, La vor\u00e1gine amaz\u00f3nica y La sal y el Estado colombiano.<\/p>\n<p>Traducidos del ingl\u00e9s y el portugu\u00e9s, estos tres libros usan las historias culturales, la cr\u00edtica literaria y las microhistorias para abrir nuevos enfoques investigativos y enriquecer el conocimiento del pa\u00eds. Revueltas, asesinatos, novelas nacionales, masacres, joyas, coronas de reinado y luchas por el poder son algunos de los temas que estudian, analizan y problematizan los autores de estas investigaciones, y que hasta hoy no estaban disponibles para el p\u00fablico hispanohablante.<\/p>\n<p>La importancia de la traducci\u00f3n de estos tres libros radica en que, al franquear las fronteras que impone el idioma, se demuestra que el conocimiento es transversal, a pesar de ser producido en academias distintas a la colombiana. En este sentido, el debate de temas colombianos en el exterior nos permite entendernos desde la complejidad y la diferencia. Se trata, en otras palabras, de una apuesta acad\u00e9mica por producir conocimiento a partir de diversas fuentes y materiales. Aunque la sal, la selva y los concursos de belleza parecen ser objetos de estudio ins\u00f3litos, tienen una potencia significativa, ya que invitan a la reflexi\u00f3n sobre las coyunturas pol\u00edticas y econ\u00f3micas de una naci\u00f3n en construcci\u00f3n, la violencia y la miseria que provoca la destrucci\u00f3n, y los paradigmas est\u00e9ticos de la cultura colombiana.<\/p>\n<p><img fetchpriority=\"high\" decoding=\"async\" class=\"aligncenter size-full wp-image-22433\" src=\"http:\/\/www.javeriana.edu.co\/pesquisa\/wp-content\/uploads\/2020\/06\/la-sal-y-el-estado-colombiano.jpg\" alt=\"la-sal-y-el-estado-colombiano\" width=\"300\" height=\"300\" srcset=\"http:\/\/www.javeriana.edu.co\/pesquisa\/wp-content\/uploads\/2020\/06\/la-sal-y-el-estado-colombiano.jpg 300w, http:\/\/www.javeriana.edu.co\/pesquisa\/wp-content\/uploads\/2020\/06\/la-sal-y-el-estado-colombiano-80x80.jpg 80w, http:\/\/www.javeriana.edu.co\/pesquisa\/wp-content\/uploads\/2020\/06\/la-sal-y-el-estado-colombiano-150x150.jpg 150w\" sizes=\"(max-width: 300px) 100vw, 300px\" \/><\/p>\n<p><strong>La sal y el Estado colombiano. Sociedad local y monopolio regional en Boyac\u00e1 (1821-1900)<br \/>\n<\/strong>T\u00edtulo original: Salt and the Colombian State. Local Society and Regional Monopoly in Boyac\u00e1, 1821-1900<strong><br \/>\n<\/strong>Joshua M. Rosenthal, trad. por Mariana Serrano Zalamea. Editorial Pontificia Universidad Javeriana, 2020, 232 pp.<\/p>\n<p>La sal, ese elemento que hoy parece confinado a los l\u00edmites de la cocina, tambi\u00e9n tiene aplicaciones en la agricultura, la ganader\u00eda y la conservaci\u00f3n de los alimentos. De hecho, en Colombia hasta finales del siglo XIX, esta fue una de las fuentes m\u00e1s importantes de rentas fiscales del Gobierno nacional. En este libro, Joshua M. Rosenthal lleva a cabo un estudio hist\u00f3rico sobre La Salina, ubicada en el piedemonte llanero, que muestra c\u00f3mo, entre 1821 y 1900, la sal, el dinero y la vida misma pasaban de los conservadores a los liberales, del federalismo al centralismo, de la Gran Colombia a la Rep\u00fablica de Colombia, de las guerras civiles a las \u00e9pocas de relativa estabilidad pol\u00edtica. Su minucioso trabajo de archivo le permite ilustrar el modo en el que, en la lucha por el control del monopolio de la sal, se traza\u00a0el destino de la naci\u00f3n colombiana. Este libro fue traducido y publicado gracias a un est\u00edmulo otorgado por el Ministerio de Cultura.<\/p>\n<p><img decoding=\"async\" class=\"aligncenter size-full wp-image-22431\" src=\"http:\/\/www.javeriana.edu.co\/pesquisa\/wp-content\/uploads\/2020\/06\/voragine-amazonica.jpg\" alt=\"voragine-amazonica\" width=\"300\" height=\"300\" srcset=\"http:\/\/www.javeriana.edu.co\/pesquisa\/wp-content\/uploads\/2020\/06\/voragine-amazonica.jpg 300w, http:\/\/www.javeriana.edu.co\/pesquisa\/wp-content\/uploads\/2020\/06\/voragine-amazonica-80x80.jpg 80w, http:\/\/www.javeriana.edu.co\/pesquisa\/wp-content\/uploads\/2020\/06\/voragine-amazonica-150x150.jpg 150w\" sizes=\"(max-width: 300px) 100vw, 300px\" \/><\/p>\n<p><strong>La vor\u00e1gine amaz\u00f3nica: para\u00edso sospechoso<\/strong><br \/>\nT\u00edtulo original: Para\u00edso Suspeito: A Voragem Amaz\u00f4nica<br \/>\nLeopoldo M. Bernucci, trad. por Mariana Serrano Zalamea. Editorial Pontificia Universidad Javeriana, 2020, 254 pp.<\/p>\n<p>Desde la \u00e9poca de Francisco de Orellana (1490-1546) hasta nuestros d\u00edas, el Amazonas ha llevado un signo maldito: ser un para\u00edso infernal. Este libro trata uno de los periodos m\u00e1s tr\u00e1gicos en la historia de este inmenso territorio, cuando la agresiva extracci\u00f3n de caucho a escala industrial alcanz\u00f3 su auge y propici\u00f3 cr\u00edmenes horrendos contra la humanidad. A trav\u00e9s de un an\u00e1lisis cr\u00edtico y exhaustivo de La vor\u00e1gine, la novela del colombiano Jos\u00e9 Eustasio Rivera, y de los textos literarios de los brasile\u00f1os Euclides da Cunha y de Alberto Rangel, Leopoldo M. Bernucci pone en tensi\u00f3n la relaci\u00f3n entre literatura y realidad, y muestra c\u00f3mo Rivera convierte su novela en una potente arma pol\u00edtica de denuncia.<\/p>\n<p><img decoding=\"async\" class=\"aligncenter size-full wp-image-22432\" src=\"http:\/\/www.javeriana.edu.co\/pesquisa\/wp-content\/uploads\/2020\/06\/entre-bestias-y-bellezas.jpg\" alt=\"entre-bestias-y-bellezas\" width=\"300\" height=\"300\" srcset=\"http:\/\/www.javeriana.edu.co\/pesquisa\/wp-content\/uploads\/2020\/06\/entre-bestias-y-bellezas.jpg 300w, http:\/\/www.javeriana.edu.co\/pesquisa\/wp-content\/uploads\/2020\/06\/entre-bestias-y-bellezas-80x80.jpg 80w, http:\/\/www.javeriana.edu.co\/pesquisa\/wp-content\/uploads\/2020\/06\/entre-bestias-y-bellezas-150x150.jpg 150w\" sizes=\"(max-width: 300px) 100vw, 300px\" \/><\/p>\n<p><strong>Entre bestias y bellezas. Raza, g\u00e9nero e identidad en Colombia<\/strong><br \/>\nT\u00edtulo original: Of Beasts and Beauty. Gender, Race, and Identity in Colombia<br \/>\nMichael Edward Stanfield, trad. por Mateo Cardona Vallejo. Editorial Pontificia Universidad Javeriana, 2020, 328 pp.<\/p>\n<p>En Colombia, la belleza de las mujeres se ha convertido en una fachada para problemas profundamente arraigados en la realidad nacional. Aunque se ha destacado por sus gobiernos democr\u00e1ticos, sus abundantes recursos y su econom\u00eda din\u00e1mica, de acuerdo con Michael Edward Stanfield, Colombia nunca ha tenido un Gobierno incluyente y soberano, pues sus pol\u00edticas elitistas favorecen solo a ricos y poderosos. Este libro explora la transformaci\u00f3n del concepto de belleza en la historia cultural del pa\u00eds, al tiempo que reflexiona sobre las construcciones de g\u00e9nero, las jerarqu\u00edas raciales y sus se\u00f1as de identidad en el Concurso Nacional de Belleza y los m\u00e1s de tres mil concursos regionales que se hacen cada a\u00f1o en el pa\u00eds. Justamente porque en Colombia la belleza no solo reina, sino que cura, distrae y, a menudo, mata.<\/p>\n<p style=\"text-align: right;\"><a href=\"http:\/\/www.javeriana.edu.co\/pesquisa\/el-mensajero-del-agua\/\" rel=\"attachment wp-att-15684\"><img loading=\"lazy\" decoding=\"async\" class=\"alignnone wp-image-15684 size-full\" src=\"http:\/\/www.javeriana.edu.co\/pesquisa\/wp-content\/uploads\/2020\/05\/P\u00e1gina-anterior.png\" alt=\"P\u00e1gina-anterior\" width=\"48\" height=\"88\" \/><\/a><a href=\"http:\/\/www.javeriana.edu.co\/pesquisa\/edicion-51\/\" rel=\"attachment wp-att-15685\"><img loading=\"lazy\" decoding=\"async\" class=\"alignnone wp-image-15685 size-full\" src=\"http:\/\/www.javeriana.edu.co\/pesquisa\/wp-content\/uploads\/2020\/05\/Regresar-a-p51.png\" alt=\"Regresar-a-p51\" width=\"56\" height=\"88\" \/><\/a><\/p>\n","protected":false},"excerpt":{"rendered":"<p>La Editorial Javeriana presenta tres libros traducidos del ingl\u00e9s y el portugu\u00e9s que enriquecen el conocimiento del pa\u00eds: Entre bestias y bellezas, de Michael Stanfield, La vor\u00e1gine amaz\u00f3nica, de Leopoldo Bernucci, y La sal y el Estado colombiano de Joshua Rosenthal.<\/p>\n","protected":false},"author":40,"featured_media":22430,"comment_status":"open","ping_status":"open","sticky":false,"template":"","format":"standard","meta":{"footnotes":""},"categories":[380,199,3695,2290],"tags":[3110,3109,3111],"class_list":{"0":"post-15666","1":"post","2":"type-post","3":"status-publish","4":"format-standard","5":"has-post-thumbnail","7":"category-pesquisa-impresa","8":"category-cultura","9":"category-literatura","10":"category-pesquisa-51","11":"tag-entre-bellezas-y-bestias","12":"tag-las-sal-y-el-estado-colombiano","13":"tag-lavoragine-amazonica"},"_links":{"self":[{"href":"http:\/\/www.javeriana.edu.co\/pesquisa\/wp-json\/wp\/v2\/posts\/15666","targetHints":{"allow":["GET"]}}],"collection":[{"href":"http:\/\/www.javeriana.edu.co\/pesquisa\/wp-json\/wp\/v2\/posts"}],"about":[{"href":"http:\/\/www.javeriana.edu.co\/pesquisa\/wp-json\/wp\/v2\/types\/post"}],"author":[{"embeddable":true,"href":"http:\/\/www.javeriana.edu.co\/pesquisa\/wp-json\/wp\/v2\/users\/40"}],"replies":[{"embeddable":true,"href":"http:\/\/www.javeriana.edu.co\/pesquisa\/wp-json\/wp\/v2\/comments?post=15666"}],"version-history":[{"count":11,"href":"http:\/\/www.javeriana.edu.co\/pesquisa\/wp-json\/wp\/v2\/posts\/15666\/revisions"}],"predecessor-version":[{"id":31521,"href":"http:\/\/www.javeriana.edu.co\/pesquisa\/wp-json\/wp\/v2\/posts\/15666\/revisions\/31521"}],"wp:featuredmedia":[{"embeddable":true,"href":"http:\/\/www.javeriana.edu.co\/pesquisa\/wp-json\/wp\/v2\/media\/22430"}],"wp:attachment":[{"href":"http:\/\/www.javeriana.edu.co\/pesquisa\/wp-json\/wp\/v2\/media?parent=15666"}],"wp:term":[{"taxonomy":"category","embeddable":true,"href":"http:\/\/www.javeriana.edu.co\/pesquisa\/wp-json\/wp\/v2\/categories?post=15666"},{"taxonomy":"post_tag","embeddable":true,"href":"http:\/\/www.javeriana.edu.co\/pesquisa\/wp-json\/wp\/v2\/tags?post=15666"}],"curies":[{"name":"wp","href":"https:\/\/api.w.org\/{rel}","templated":true}]}}