{"id":15777,"date":"2020-06-05T07:41:03","date_gmt":"2020-06-05T12:41:03","guid":{"rendered":"http:\/\/www.javeriana.edu.co\/pesquisa\/?p=15777"},"modified":"2022-05-18T18:18:59","modified_gmt":"2022-05-18T23:18:59","slug":"lecciones-de-la-pandemia-a-la-luz-de-la-enciclica-laudato-si","status":"publish","type":"post","link":"http:\/\/www.javeriana.edu.co\/pesquisa\/lecciones-de-la-pandemia-a-la-luz-de-la-enciclica-laudato-si\/","title":{"rendered":"Lecciones de la pandemia a la luz de la Enc\u00edclica Laudato s\u00ed"},"content":{"rendered":"<p>Aplanar la curva de contagios por coronavirus ha sido un asunto de particular preocupaci\u00f3n para los gobiernos. Transversal a este escenario han surgido una serie de reflexiones en torno a la necesidad de aplanar tambi\u00e9n la curva de la pobreza, desigualdad, discriminaci\u00f3n, polarizaci\u00f3n, indiferencia y da\u00f1o ambiental. En ese sentido, y con la intenci\u00f3n de identificar las lecciones globales durante la actual pandemia, la Pontificia Universidad Javeriana llev\u00f3 a cabo el pasado 28 de mayo el seminario web \u2018Aprendizajes de la crisis del Covid-19 para afrontar el cambio clim\u00e1tico\u2019.<\/p>\n<p>En esta jornada, a la luz de la <a href=\"https:\/\/www.vatican.va\/content\/francesco\/es\/encyclicals\/documents\/papa-francesco_20150524_enciclica-laudato-si.html\" target=\"_blank\" rel=\"noopener\">Carta Enc\u00edclica Laudato S\u00ed<\/a>, expertos nacionales e internacionales presentaron las lecciones que como peregrinos de la \u2018Casa com\u00fan\u2019 debe asumir la humanidad no solo para afrontar la actual situaci\u00f3n sanitaria y social, sino tambi\u00e9n la crisis que vive el planeta con el calentamiento global.<\/p>\n<p>\u201cSomos parte de un todo, somos parte de la \u2018Casa com\u00fan\u2019 y las transformaciones que se necesitan implican retos para el Gobierno y la sociedad. Esto significa, una nueva \u00e9tica con la naturaleza\u201d, afirm\u00f3 <a href=\"https:\/\/scienti.colciencias.gov.co:8081\/cvlac\/visualizador\/generarCurriculoCv.do?cod_rh=0000003717\" target=\"_blank\" rel=\"noopener\">Hernando Garc\u00eda<\/a>, director del <a href=\"https:\/\/www.humboldt.org.co\/es\/\" target=\"_blank\" rel=\"noopener\">Instituto de Investigaci\u00f3n de Recursos Biol\u00f3gicos Alexander von Humboldt<\/a>, quien tambi\u00e9n agreg\u00f3 el concepto de \u2018salud planetaria\u2019 al referirse a la preservaci\u00f3n del equilibrio ecol\u00f3gico, solidario, natural y espiritual del hombre con el medio ambiente.<\/p>\n<figure id=\"attachment_22496\" aria-describedby=\"caption-attachment-22496\" style=\"width: 1280px\" class=\"wp-caption aligncenter\"><img fetchpriority=\"high\" decoding=\"async\" class=\"wp-image-22496 size-full\" src=\"http:\/\/www.javeriana.edu.co\/pesquisa\/wp-content\/uploads\/2020\/06\/laudato-si-pesquisa.jpg\" alt=\"\" width=\"1280\" height=\"1028\" srcset=\"http:\/\/www.javeriana.edu.co\/pesquisa\/wp-content\/uploads\/2020\/06\/laudato-si-pesquisa.jpg 1280w, http:\/\/www.javeriana.edu.co\/pesquisa\/wp-content\/uploads\/2020\/06\/laudato-si-pesquisa-300x241.jpg 300w, http:\/\/www.javeriana.edu.co\/pesquisa\/wp-content\/uploads\/2020\/06\/laudato-si-pesquisa-1024x822.jpg 1024w, http:\/\/www.javeriana.edu.co\/pesquisa\/wp-content\/uploads\/2020\/06\/laudato-si-pesquisa-150x120.jpg 150w, http:\/\/www.javeriana.edu.co\/pesquisa\/wp-content\/uploads\/2020\/06\/laudato-si-pesquisa-450x361.jpg 450w, http:\/\/www.javeriana.edu.co\/pesquisa\/wp-content\/uploads\/2020\/06\/laudato-si-pesquisa-1200x964.jpg 1200w, http:\/\/www.javeriana.edu.co\/pesquisa\/wp-content\/uploads\/2020\/06\/laudato-si-pesquisa-768x617.jpg 768w, http:\/\/www.javeriana.edu.co\/pesquisa\/wp-content\/uploads\/2020\/06\/laudato-si-pesquisa-560x450.jpg 560w\" sizes=\"(max-width: 1280px) 100vw, 1280px\" \/><figcaption id=\"caption-attachment-22496\" class=\"wp-caption-text\">Fotograf\u00eda: Mar\u00eda Daniela Vargas Nieto<\/figcaption><\/figure>\n<p style=\"text-align: center;\"><span style=\"color: #999999;\">Se requiere una decisi\u00f3n clara de parte de los gobiernos y mercados internacionales para invertir en restauraci\u00f3n de ecosistemas, recuperaci\u00f3n de la agrobiodiversidad y control de la ganader\u00eda extensiva.<\/span><\/p>\n<blockquote><p>\u201cLa especie humana es un peque\u00f1o suspiro en la vida del planeta\u201d, reflexion\u00f3 Garc\u00eda.<\/p><\/blockquote>\n<p><a href=\"https:\/\/www.wwf.org.pe\/?277010\/wwf-internacional-nombra-a-manuel-pulgar-vidal-como-lider-de-clima-y-energia\" target=\"_blank\" rel=\"noopener\">Manuel Pulgar-Vidal<\/a>, exministro de ambiente de Per\u00fa y actual lider del Programa Internacional del Clima y Energ\u00eda de WWF, a\u00f1adi\u00f3 que la pandemia de la Covid-19 se debe interpretar desde la degradaci\u00f3n del medio ambiente, la p\u00e9rdida de especies y h\u00e1bitats, el calentamiento global y la precaria calidad del agua y el aire en regiones de alta densidad poblacional, lo cual incide directamente en la proliferaci\u00f3n de enfermedades como el Zika o el Chikungu\u00f1a y, en este caso, la Covid-19.<\/p>\n<p>Pulgar hizo un llamado al \u201crenacimiento de la regi\u00f3n\u201d, basado en los aprendizajes de la pandemia. Resalt\u00f3 que no existe un futuro sostenible sin consideraciones ambientales y clim\u00e1ticas, ni se puede pensar en una recuperaci\u00f3n futura si no se incorporan las necesidades sociales. Abog\u00f3 por una visi\u00f3n de sostenibilidad a largo plazo (a\u00f1o 2050) y finalmente dijo que es indispensable articular la econom\u00eda mundial con la conservaci\u00f3n de la naturaleza.<\/p>\n<figure id=\"attachment_22497\" aria-describedby=\"caption-attachment-22497\" style=\"width: 1200px\" class=\"wp-caption aligncenter\"><img decoding=\"async\" class=\"wp-image-22497 size-full\" src=\"http:\/\/www.javeriana.edu.co\/pesquisa\/wp-content\/uploads\/2020\/06\/laudato-si-javeriana.jpg\" alt=\"\" width=\"1200\" height=\"900\" srcset=\"http:\/\/www.javeriana.edu.co\/pesquisa\/wp-content\/uploads\/2020\/06\/laudato-si-javeriana.jpg 1200w, http:\/\/www.javeriana.edu.co\/pesquisa\/wp-content\/uploads\/2020\/06\/laudato-si-javeriana-300x225.jpg 300w, http:\/\/www.javeriana.edu.co\/pesquisa\/wp-content\/uploads\/2020\/06\/laudato-si-javeriana-1024x768.jpg 1024w, http:\/\/www.javeriana.edu.co\/pesquisa\/wp-content\/uploads\/2020\/06\/laudato-si-javeriana-150x113.jpg 150w, http:\/\/www.javeriana.edu.co\/pesquisa\/wp-content\/uploads\/2020\/06\/laudato-si-javeriana-450x338.jpg 450w, http:\/\/www.javeriana.edu.co\/pesquisa\/wp-content\/uploads\/2020\/06\/laudato-si-javeriana-768x576.jpg 768w\" sizes=\"(max-width: 1200px) 100vw, 1200px\" \/><figcaption id=\"caption-attachment-22497\" class=\"wp-caption-text\">Fotograf\u00eda: Mar\u00eda Daniela Vargas Nieto<\/figcaption><\/figure>\n<p style=\"text-align: center;\"><span style=\"color: #999999;\">Entre 1970 y 2015, la huella del hombre ha transformado m\u00e1s del 50% de los ecosistemas naturales en Colombia.<\/span><\/p>\n<blockquote><p>\u201cLa pol\u00edtica y la econom\u00eda tienden a culparse mutuamente por lo que se refiere a la pobreza y a la degradaci\u00f3n del ambiente. Pero lo que se espera es que reconozcan sus propios errores y encuentren formas de interacci\u00f3n orientadas al bien com\u00fan\u201d: Jairo H. Cifuentes, Secretario General de la Universidad Javeriana, durante la apertura de la jornada.<\/p><\/blockquote>\n<p>Por otro lado, <a href=\"https:\/\/www.linkedin.com\/in\/jimena-puyana-49abb71b\/?originalSubdomain=co\" target=\"_blank\" rel=\"noopener\">Jimena Puyana<\/a>, coordinadora de Ambiente y Desarrollo Sostenible del Programa de las Naciones Unidas para el Desarrollo de la ONU en Colombia, sostuvo que las ense\u00f1anzas que ha dejado el SARS-CoV-2 en materia de formulaci\u00f3n de pol\u00edticas p\u00fablicas en pa\u00edses en v\u00eda de desarrollo, son: priorizar las inversiones que generan m\u00faltiples beneficios y prop\u00f3sitos a trav\u00e9s de una \u2018econom\u00eda verde\u2019; invertir en educaci\u00f3n, salud e infraestructura desde una perspectiva de conservaci\u00f3n, protecci\u00f3n y sostenibilidad de la biodiversidad; apuntarle a impuestos que desincentiven la producci\u00f3n excesiva del carbono; apoyar las pol\u00edticas de reforestaci\u00f3n protectora y productora; invertir en las \u00e1reas protegidas; generar respuestas integrales -factores sociales, ambientales y econ\u00f3micos- para superar la crisis, y tener una conciencia clara de la vulnerabilidad humanidad evidenciada en la desigualdad y pobreza.<\/p>\n<p>Citando a la <a href=\"https:\/\/www.nature.com\/articles\/s41558-020-0797-x\" target=\"_blank\" rel=\"noopener\">revista cient\u00edfica Nature<\/a>, Puyana destac\u00f3 que \u201cla pandemia ha ocasionado que el mundo reduzca entre el 17% y el 26% la producci\u00f3n de gases de efecto invernadero en comparaci\u00f3n con el a\u00f1o pasado\u201d.<\/p>\n<p>El egresado javeriano Mauricio Rodr\u00edguez Castro, presidente de las firmas CO2Cero y EcoLogic, nutri\u00f3 la conversaci\u00f3n a partir de una perspectiva empresarial, desde la que es necesario implementar una econom\u00eda circular mediante la reutilizaci\u00f3n de recursos; es decir, que los empresarios articulen sus proyectos con ideas de negocios sostenibles, amigables con el medio ambiente. En t\u00e9rminos coloquiales, Rodr\u00edguez se\u00f1al\u00f3 que \u201cla naturaleza nos est\u00e1 dando una cachetada\u201d, raz\u00f3n por la cual, dijo, motivado por la situaci\u00f3n de pandemia, que la sociedad debe pensar en una transformaci\u00f3n profunda de su comportamiento, sus h\u00e1bitos y cultura.<\/p>\n<blockquote><p>\u201cPreviamente se cre\u00eda que las personas no eran productivas con el teletrabajo, pero la actual situaci\u00f3n ha llevado a los empresarios a considerar esta nueva alternativa\u201d, puntualiz\u00f3 Rodr\u00edguez Castro.<\/p><\/blockquote>\n<p>Finalmente, Andr\u00e9s Rosas, decano la <a href=\"https:\/\/cea.javeriana.edu.co\" target=\"_blank\" rel=\"noopener\">Facultad de Ciencias Econ\u00f3micas y Administrativas<\/a>, y moderador del simposio, convoc\u00f3 a una rueda de respuestas alrededor de la pregunta \u00bfqu\u00e9 se puede hacer para cambiar el comportamiento de las personas frente a la crisis del cambio clim\u00e1tico? Los panelistas afirmaron, en unanimidad, que la mejor forma para movilizar cambios sociales es entender que la humanidad es vulnerable y que la COVID-19 es un factor de sensibilizaci\u00f3n que deber\u00eda llevar a las personas a conectar sus decisiones con su entorno, en este caso el medio ambiente, tal y como lo menciona la Enc\u00edclica Laudato S\u00ed: \u201cEl cuidado de la naturaleza es parte de un estilo de vida que implica capacidad de convivencia y de comuni\u00f3n\u201d.<\/p>\n<p>Este simposio se llev\u00f3 a cabo en el marco de la celebraci\u00f3n del quinto aniversario de la Enc\u00edclica Laudato S\u00ed sobre el cuidado de la casa com\u00fan y el acuerdo de las Naciones Unidas de la Agenda 2030 y sus Objetivos de Desarrollo Sostenible. Lo invitamos a revivir la jornada <a href=\"https:\/\/www.facebook.com\/EduContinuaPUJ\/videos\/266818811345782\/\" target=\"_blank\" rel=\"noopener\">aqu\u00ed<\/a>.<\/p>\n","protected":false},"excerpt":{"rendered":"<p>A prop\u00f3sito del D\u00eda Mundial del Medio Ambiente, que se celebra este 5 de junio, la humanidad est\u00e1 llamada a proteger a los m\u00e1s vulnerables, escuchar a los cient\u00edficos e invertir en infraestructura y tecnolog\u00eda sostenible; es decir, un cambio de comportamiento y de visi\u00f3n hacia el planeta.<\/p>\n","protected":false},"author":39,"featured_media":22494,"comment_status":"open","ping_status":"open","sticky":false,"template":"","format":"standard","meta":{"footnotes":""},"categories":[376,373],"tags":[1058,1472,443,62,777,786,445,2204,2224,2190,1204,1392,530,740,1020,697,582,1024,2307,499,1207,307,2105,126,619,2229,848,783,2106],"class_list":{"0":"post-15777","1":"post","2":"type-post","3":"status-publish","4":"format-standard","5":"has-post-thumbnail","7":"category-ambiente","8":"category-sociedad","9":"tag-agua","10":"tag-alexander-von-humboldt","11":"tag-areas-protegidas","12":"tag-biodiversidad","13":"tag-cambio-climatico","14":"tag-clima","15":"tag-conservacion","16":"tag-coronavirus","17":"tag-covid-19","18":"tag-crisis","19":"tag-cuidado-de-la-casa-comun","20":"tag-desarrollo-sostenible","21":"tag-economia","22":"tag-ecosistema","23":"tag-ecosistemas","24":"tag-especies","25":"tag-etica","26":"tag-ganaderia-extensiva","27":"tag-humanidad","28":"tag-javeriana","29":"tag-laudato-si","30":"tag-medio-ambiente","31":"tag-objetivos-de-desarrollo-sostenible","32":"tag-politica-publica","33":"tag-preservacion","34":"tag-reforestacion","35":"tag-reutilizacion","36":"tag-sociedad","37":"tag-sostenibilidad"},"_links":{"self":[{"href":"http:\/\/www.javeriana.edu.co\/pesquisa\/wp-json\/wp\/v2\/posts\/15777","targetHints":{"allow":["GET"]}}],"collection":[{"href":"http:\/\/www.javeriana.edu.co\/pesquisa\/wp-json\/wp\/v2\/posts"}],"about":[{"href":"http:\/\/www.javeriana.edu.co\/pesquisa\/wp-json\/wp\/v2\/types\/post"}],"author":[{"embeddable":true,"href":"http:\/\/www.javeriana.edu.co\/pesquisa\/wp-json\/wp\/v2\/users\/39"}],"replies":[{"embeddable":true,"href":"http:\/\/www.javeriana.edu.co\/pesquisa\/wp-json\/wp\/v2\/comments?post=15777"}],"version-history":[{"count":3,"href":"http:\/\/www.javeriana.edu.co\/pesquisa\/wp-json\/wp\/v2\/posts\/15777\/revisions"}],"predecessor-version":[{"id":31526,"href":"http:\/\/www.javeriana.edu.co\/pesquisa\/wp-json\/wp\/v2\/posts\/15777\/revisions\/31526"}],"wp:featuredmedia":[{"embeddable":true,"href":"http:\/\/www.javeriana.edu.co\/pesquisa\/wp-json\/wp\/v2\/media\/22494"}],"wp:attachment":[{"href":"http:\/\/www.javeriana.edu.co\/pesquisa\/wp-json\/wp\/v2\/media?parent=15777"}],"wp:term":[{"taxonomy":"category","embeddable":true,"href":"http:\/\/www.javeriana.edu.co\/pesquisa\/wp-json\/wp\/v2\/categories?post=15777"},{"taxonomy":"post_tag","embeddable":true,"href":"http:\/\/www.javeriana.edu.co\/pesquisa\/wp-json\/wp\/v2\/tags?post=15777"}],"curies":[{"name":"wp","href":"https:\/\/api.w.org\/{rel}","templated":true}]}}