{"id":15839,"date":"2020-07-08T09:35:26","date_gmt":"2020-07-08T14:35:26","guid":{"rendered":"http:\/\/www.javeriana.edu.co\/pesquisa\/?p=15839"},"modified":"2022-06-21T17:29:06","modified_gmt":"2022-06-21T22:29:06","slug":"aguila-crestada-un-depredador-en-peligro-de-extincion","status":"publish","type":"post","link":"http:\/\/www.javeriana.edu.co\/pesquisa\/aguila-crestada-un-depredador-en-peligro-de-extincion\/","title":{"rendered":"\u00c1guila crestada: un depredador en peligro de extinci\u00f3n"},"content":{"rendered":"<p>Con una canasta amarrada al tronco de su cuerpo, Pilio recorre los cafetales del sur de Antioquia recogiendo uno a uno los granos de caf\u00e9, al tiempo que Isabel, su esposa, alimenta con \u2018puchos\u2019 de avena y trigo a sus gallinas. Esta tarea la realizan desde hace m\u00e1s de 40 a\u00f1os, al ritmo de bambucos y pasillos, entre los cerros de Jard\u00edn, un pueblo ubicado a 134 kil\u00f3metros de Medell\u00edn. Para ella, las gallinas son su vocaci\u00f3n pues adem\u00e1s de ser su compa\u00f1\u00eda se han convertido en fuente de alimento al poner cerca de 300 huevos al a\u00f1o. Sin embargo, el vuelo diario de un ave rapaz sobre su finca se ha convertido en un problema. Se trata del \u00e1guila crestada, una especie que debido a la deforestaci\u00f3n de zonas boscosas busca su alimento en h\u00e1bitats rurales, y que actualmente est\u00e1 en <a href=\"https:\/\/sib.gob.ar\/especies\/spizaetus-isidori\" target=\"_blank\" rel=\"noopener\">peligro<\/a> de extinci\u00f3n seg\u00fan la Uni\u00f3n Internacional para la Conservaci\u00f3n de la Naturaleza (UICN).<\/p>\n<p>Tanto para Isabel como para Pilio y muchos campesinos m\u00e1s, esta ave representa una amenaza para la supervivencia de los animales dom\u00e9sticos en sus fincas, raz\u00f3n por la que hay una tendencia a matarlas. Debido a ello, con la intenci\u00f3n de promover decisiones basadas en evidencia cient\u00edfica para mejorar las interacciones entre las personas y la naturaleza, Juan Sebasti\u00e1n Restrepo-Cardona, mag\u00edster en <a href=\"https:\/\/www.javeriana.edu.co\/maestria-conservacion-y-uso-de-biodiversidad\">Conservaci\u00f3n y Uso de Biodiversidad de la Pontificia Universidad Javeriana<\/a>, se ha dedicado a estudiar por m\u00e1s de cuatro a\u00f1os nidos del \u00e1guila crestada en los departamentos de Antioquia, Boyac\u00e1, Cundinamarca y Huila. Su prop\u00f3sito: analizar los factores socio-ecol\u00f3gicos que influyen en el conflicto entre los campesinos y el \u00e1guila, y al mismo tiempo desarrollar un trabajo educativo en el que las comunidades den un significado a la vida silvestre a partir de ejercicios de ciencia participativa.<\/p>\n<blockquote>\n<p>\u201cEste es un proyecto muy enriquecedor porque trabajamos de la mano con las comunidades locales. Son los campesinos quienes nos dicen d\u00f3nde est\u00e1n los nidos de las \u00e1guilas, ya que esta es una especie de paisajes rurales y son las personas quienes est\u00e1n interactuando con ellas todo el tiempo. Los pobladores participan durante todo el proceso, son la clave para la conservaci\u00f3n del \u00e1guila\u201d, afirma Restrepo-Cardona, bi\u00f3logo de profesi\u00f3n.<\/p>\n<\/blockquote>\n<p>Una parte del proyecto consiste en identificar la ubicaci\u00f3n geogr\u00e1fica de los nidos de esta especie para colectar informaci\u00f3n sobre las presas con las cuales los adultos alimentan a sus polluelos durante los periodos de crianza, para posteriormente cruzar esos datos con los cambios del paisaje del ecosistema de la regi\u00f3n. De ah\u00ed que, si bien los mam\u00edferos arb\u00f3reos como perros de monte, micos, monos y zarig\u00fceyas, entre otros, son fundamentales en su dieta, la reducci\u00f3n del bosque es un factor que lleva a esta \u00e1guila a depredar aves de corral, especialmente gallinas (<em>Gallus gallus<\/em>). A esto se suma que por la deforestaci\u00f3n la especie ha perdido el 60.6% de su h\u00e1bitat original en el pa\u00eds. Con este resultado, el egresado javeriano y sus\u00a0colaboradores\u00a0hicieron una publicaci\u00f3n en la revista Tropical Conservation Science en 2019 con el art\u00edculo <em><a href=\"https:\/\/journals.sagepub.com\/doi\/full\/10.1177\/1940082919831838?fbclid=IwAR262DjEbeusytn6ElIFbmSwhqKrI5llooUbEO_fbxxAo3BYUj8CJ3_dOEw\" target=\"_blank\" rel=\"noopener\">Deforestation may trigger Black-and-chestnut Eagle predation on domestic fowl<\/a><\/em>.<\/p>\n<blockquote>\n<p>\u201cLa deforestaci\u00f3n es una de las causas de la depredaci\u00f3n de gallinas por el \u00e1guila y encontramos evidencia cient\u00edfica que nos ayuda a soportar esto\u201d: Juan Sebasti\u00e1n Restrepo-Cardona.<\/p>\n<\/blockquote>\n<p>Por su parte, para identificar la percepci\u00f3n que las comunidades locales tienen sobre este animal, Juan Sebasti\u00e1n Restrepo trabaj\u00f3 con la organizaci\u00f3n The Peregrine Fund y la asesor\u00eda de Luis Miguel Renjifo y Mar\u00eda \u00c1ngela Echeverry, de la Universidad Javeriana, en la implementaci\u00f3n de 267 encuestas a personas mayores de 14 a\u00f1os en cuatro municipios elegidos para el estudio. Con este ejercicio, este egresado de la Facultad de Estudios Ambientales y Rurales encontr\u00f3 que en su mayor\u00eda la percepci\u00f3n de los campesinos hacia el \u00e1guila era negativa\u00a0por factores socio-demogr\u00e1ficos como el manejo dado a las gallinas en las fincas y el g\u00e9nero, debido a que una mujer rural como Isabel, en este caso, es quien vive de primera mano la experiencia de p\u00e9rdida de sus aves dom\u00e9sticas por cuenta del \u00e1guila crestada.<\/p>\n<figure id=\"attachment_22413\" aria-describedby=\"caption-attachment-22413\" style=\"width: 1000px\" class=\"wp-caption aligncenter\"><img fetchpriority=\"high\" decoding=\"async\" class=\"wp-image-22413 size-full\" src=\"http:\/\/www.javeriana.edu.co\/pesquisa\/wp-content\/uploads\/2020\/07\/aguila-crestada-en-peligro-en-colombia.jpg\" alt=\"\" width=\"1000\" height=\"800\" srcset=\"http:\/\/www.javeriana.edu.co\/pesquisa\/wp-content\/uploads\/2020\/07\/aguila-crestada-en-peligro-en-colombia.jpg 1000w, http:\/\/www.javeriana.edu.co\/pesquisa\/wp-content\/uploads\/2020\/07\/aguila-crestada-en-peligro-en-colombia-300x240.jpg 300w, http:\/\/www.javeriana.edu.co\/pesquisa\/wp-content\/uploads\/2020\/07\/aguila-crestada-en-peligro-en-colombia-150x120.jpg 150w, http:\/\/www.javeriana.edu.co\/pesquisa\/wp-content\/uploads\/2020\/07\/aguila-crestada-en-peligro-en-colombia-450x360.jpg 450w, http:\/\/www.javeriana.edu.co\/pesquisa\/wp-content\/uploads\/2020\/07\/aguila-crestada-en-peligro-en-colombia-768x614.jpg 768w\" sizes=\"(max-width: 1000px) 100vw, 1000px\" \/><figcaption id=\"caption-attachment-22413\" class=\"wp-caption-text\">Fotograf\u00eda: Felipe Quintero<\/figcaption><\/figure>\n<p>Estimativos indican que la poblaci\u00f3n colombiana de \u00e1guila crestada oscila entre 160 y 360 parejas.<\/p>\n<h3><strong>El conflicto entre los campesinos y el \u00e1guila crestada<\/strong><\/h3>\n<p>De acuerdo con los datos presentados en el <a href=\"https:\/\/www.researchgate.net\/publication\/262014547_Spizaetus_isidori\" target=\"_blank\" rel=\"noopener\">Libro rojo de aves de Colombia<\/a>, se estima que en la actualidad existen menos de 1.000 \u00e1guilas crestadas en el mundo, distribuidas en la cordillera de los Andes y la Sierra Nevada de Santa Marta. Los interesantes resultados presentados en la primera etapa de su tesis de maestr\u00eda llevaron a Restrepo-Cardona a preguntarse si la persecuci\u00f3n por depredaci\u00f3n de gallinas era una amenaza importante para <em>Spizaetus isidori <\/em>en el pa\u00eds.<\/p>\n<p>Para validar esta pregunta, el investigador recurri\u00f3 a archivo hist\u00f3rico, ejemplares de especies conservados en colecciones biol\u00f3gicas de varias universidades y centros de investigaci\u00f3n del pa\u00eds, conocedores de la especie, bases de datos de corporaciones aut\u00f3nomas regionales y literatura profunda sobre el tema. El resultado fue revelador ya que, entre 1943 y 2019, los registros presentaron 81 casos de \u00e1guilas que murieron o fueron capturadas: 47 ejemplares que recibieron disparos, 16 fueron capturadas (3 para ser traficadas) y dos se electrocutaron con l\u00edneas el\u00e9ctricas de alta tensi\u00f3n.<\/p>\n<p>Con esta informaci\u00f3n, Restrepo-Cardona y sus colaboradores concluyeron que la persecuci\u00f3n hacia el \u00e1guila ocurre como una prevenci\u00f3n o represalia ante la depredaci\u00f3n de gallinas, siendo la principal causa de mortalidad para la especie en Colombia, en donde ha perdido el 60.6% de su h\u00e1bitat original y enfrenta otras amenazas como la electrocuci\u00f3n y el tr\u00e1fico ilegal. Con base en estos resultados, la revista PLOS ONE public\u00f3 en enero de 2020 el art\u00edculo <em>Human-raptor conflict in rural settlements of Colombia<\/em><em>, <\/em>en el que est\u00e1 consignado el estudio.<\/p>\n<blockquote>De las 63 \u00e1guilas que recibieron disparos o fueron capturadas, en el 60% la excusa fue la depredaci\u00f3n de gallinas. Adem\u00e1s, el 53% de los eventos ocurrieron entre 2000 y 2019.<\/blockquote>\n<figure id=\"attachment_22412\" aria-describedby=\"caption-attachment-22412\" style=\"width: 1000px\" class=\"wp-caption aligncenter\"><img decoding=\"async\" class=\"wp-image-22412 size-full\" src=\"http:\/\/www.javeriana.edu.co\/pesquisa\/wp-content\/uploads\/2020\/07\/aguila-crestada-observando.jpg\" alt=\"\u00c1guila crestada observando. Paisaje colombiano\" width=\"1000\" height=\"800\" srcset=\"http:\/\/www.javeriana.edu.co\/pesquisa\/wp-content\/uploads\/2020\/07\/aguila-crestada-observando.jpg 1000w, http:\/\/www.javeriana.edu.co\/pesquisa\/wp-content\/uploads\/2020\/07\/aguila-crestada-observando-300x240.jpg 300w, http:\/\/www.javeriana.edu.co\/pesquisa\/wp-content\/uploads\/2020\/07\/aguila-crestada-observando-150x120.jpg 150w, http:\/\/www.javeriana.edu.co\/pesquisa\/wp-content\/uploads\/2020\/07\/aguila-crestada-observando-450x360.jpg 450w, http:\/\/www.javeriana.edu.co\/pesquisa\/wp-content\/uploads\/2020\/07\/aguila-crestada-observando-768x614.jpg 768w\" sizes=\"(max-width: 1000px) 100vw, 1000px\" \/><figcaption id=\"caption-attachment-22412\" class=\"wp-caption-text\">Fotograf\u00eda: Felipe Quintero<\/figcaption><\/figure>\n<p>Entre 2014 y 2019, al menos 23 \u00e1guilas fueron cazadas o capturadas ilegalmente en Colombia.<\/p>\n<h3><strong>Una responsabilidad de car\u00e1cter social<\/strong><\/h3>\n<p>A pesar de que los resultados de esta investigaci\u00f3n son desalentadores en materia de supervivencia del \u00e1guila crestada, existen oportunidades para lograr la conservaci\u00f3n de esta especie. Por eso, surge un llamado urgente a tomar acciones para mitigar y prevenir el conflicto humano-\u00e1guila en territorios reproductivos de esta ave a partir las siguientes recomendaciones:<\/p>\n<ol>\n<li>Mantener o incrementar los bosques.<\/li>\n<li>Aumentar las poblaciones de mam\u00edferos arb\u00f3reos que ejercen el rol de presas.<\/li>\n<li>Reducir la exposici\u00f3n de aves dom\u00e9sticas con el uso de corrales adecuados.<\/li>\n<li>Otorgar compensaciones econ\u00f3micas a los campesinos al sufrir la p\u00e9rdida de gallinas por ataques del \u00e1guila, como en el posible caso de Pilio e Isabel.<\/li>\n<li>Desarrollar programas educativos e investigaciones socio-ecol\u00f3gicas.<\/li>\n<li>Implementar un trabajo pedag\u00f3gico con comunidades locales.<\/li>\n<\/ol>\n<blockquote>\u201cLa planeaci\u00f3n efectiva para la conservaci\u00f3n del \u00e1guila debe ir m\u00e1s all\u00e1 del sistema de \u00e1reas protegidas e integrar enfoques socio-ecol\u00f3gicos en pr\u00e1cticas de conservaci\u00f3n en paisajes dominados por humanos\u201d, a\u00f1ade Restrepo-Cardona, quien actualmente participa en un proyecto de colaboraci\u00f3n internacional para la conservaci\u00f3n del \u00e1guila crestada en Suram\u00e9rica.<\/blockquote>\n<figure id=\"attachment_22414\" aria-describedby=\"caption-attachment-22414\" style=\"width: 1000px\" class=\"wp-caption aligncenter\"><img decoding=\"async\" class=\"wp-image-22414 size-full\" src=\"http:\/\/www.javeriana.edu.co\/pesquisa\/wp-content\/uploads\/2020\/07\/aguila-crestada-en-peligro-en-colombia-2.jpg\" alt=\"\" width=\"1000\" height=\"800\" srcset=\"http:\/\/www.javeriana.edu.co\/pesquisa\/wp-content\/uploads\/2020\/07\/aguila-crestada-en-peligro-en-colombia-2.jpg 1000w, http:\/\/www.javeriana.edu.co\/pesquisa\/wp-content\/uploads\/2020\/07\/aguila-crestada-en-peligro-en-colombia-2-300x240.jpg 300w, http:\/\/www.javeriana.edu.co\/pesquisa\/wp-content\/uploads\/2020\/07\/aguila-crestada-en-peligro-en-colombia-2-150x120.jpg 150w, http:\/\/www.javeriana.edu.co\/pesquisa\/wp-content\/uploads\/2020\/07\/aguila-crestada-en-peligro-en-colombia-2-450x360.jpg 450w, http:\/\/www.javeriana.edu.co\/pesquisa\/wp-content\/uploads\/2020\/07\/aguila-crestada-en-peligro-en-colombia-2-768x614.jpg 768w\" sizes=\"(max-width: 1000px) 100vw, 1000px\" \/><figcaption id=\"caption-attachment-22414\" class=\"wp-caption-text\">Fotograf\u00eda: Juan Carlos Nore\u00f1a<\/figcaption><\/figure>\n<p>El trabajo en paisajes rurales es fundamental para la conservaci\u00f3n del \u00e1guila crestada en Colombia.<\/p>\n\n\n<p><\/p>\n","protected":false},"excerpt":{"rendered":"<p>Debido a la deforestaci\u00f3n en la regi\u00f3n Andina colombiana, el \u00e1guila Spizaetus isidori modifica su dieta aliment\u00e1ndose de aves de corral como las gallinas. Esto desencadena conflictos con los campesinos, lo que termina en la persecuci\u00f3n de la especie.<\/p>\n","protected":false},"author":39,"featured_media":22411,"comment_status":"open","ping_status":"open","sticky":false,"template":"","format":"standard","meta":{"footnotes":""},"categories":[376,3688],"tags":[2332,2331,529,443,513,110,62,2335,445,2235,1695,740,2333,528,525,2334],"class_list":{"0":"post-15839","1":"post","2":"type-post","3":"status-publish","4":"format-standard","5":"has-post-thumbnail","7":"category-ambiente","8":"category-en-colombia","9":"tag-aguila","10":"tag-aguila-crestada","11":"tag-amenaza","12":"tag-areas-protegidas","13":"tag-aves","14":"tag-aves-de-colombia","15":"tag-biodiversidad","16":"tag-caza","17":"tag-conservacion","18":"tag-corporaciones-autonomas-regionales","19":"tag-deforestacion","20":"tag-ecosistema","21":"tag-extincion","22":"tag-libro-rojo","23":"tag-peligro-de-extincion","24":"tag-spizaetus-isidori"},"_links":{"self":[{"href":"http:\/\/www.javeriana.edu.co\/pesquisa\/wp-json\/wp\/v2\/posts\/15839","targetHints":{"allow":["GET"]}}],"collection":[{"href":"http:\/\/www.javeriana.edu.co\/pesquisa\/wp-json\/wp\/v2\/posts"}],"about":[{"href":"http:\/\/www.javeriana.edu.co\/pesquisa\/wp-json\/wp\/v2\/types\/post"}],"author":[{"embeddable":true,"href":"http:\/\/www.javeriana.edu.co\/pesquisa\/wp-json\/wp\/v2\/users\/39"}],"replies":[{"embeddable":true,"href":"http:\/\/www.javeriana.edu.co\/pesquisa\/wp-json\/wp\/v2\/comments?post=15839"}],"version-history":[{"count":7,"href":"http:\/\/www.javeriana.edu.co\/pesquisa\/wp-json\/wp\/v2\/posts\/15839\/revisions"}],"predecessor-version":[{"id":31515,"href":"http:\/\/www.javeriana.edu.co\/pesquisa\/wp-json\/wp\/v2\/posts\/15839\/revisions\/31515"}],"wp:featuredmedia":[{"embeddable":true,"href":"http:\/\/www.javeriana.edu.co\/pesquisa\/wp-json\/wp\/v2\/media\/22411"}],"wp:attachment":[{"href":"http:\/\/www.javeriana.edu.co\/pesquisa\/wp-json\/wp\/v2\/media?parent=15839"}],"wp:term":[{"taxonomy":"category","embeddable":true,"href":"http:\/\/www.javeriana.edu.co\/pesquisa\/wp-json\/wp\/v2\/categories?post=15839"},{"taxonomy":"post_tag","embeddable":true,"href":"http:\/\/www.javeriana.edu.co\/pesquisa\/wp-json\/wp\/v2\/tags?post=15839"}],"curies":[{"name":"wp","href":"https:\/\/api.w.org\/{rel}","templated":true}]}}