{"id":16237,"date":"2020-09-28T06:00:13","date_gmt":"2020-09-28T11:00:13","guid":{"rendered":"http:\/\/www.javeriana.edu.co\/pesquisa\/?p=16237"},"modified":"2022-05-18T10:36:03","modified_gmt":"2022-05-18T15:36:03","slug":"las-verdades-de-justicia-y-paz","status":"publish","type":"post","link":"http:\/\/www.javeriana.edu.co\/pesquisa\/las-verdades-de-justicia-y-paz\/","title":{"rendered":"Las verdades de Justicia y Paz"},"content":{"rendered":"<p>El 14 de diciembre de 2006, en Barranquilla, alias el Loro dio sus primeras palabras. Frente a \u00e9l, atentos, estaban algunas v\u00edctimas, magistrados, fiscales, testigos, periodistas, entre otros. Ese acto represent\u00f3 el inicio de la tercera fase del proceso de justicia transicional entre los paramilitares y el Estado colombiano, conocido como Justicia y Paz. Ese d\u00eda iniciaron las \u2018versiones libres\u2019 de paramilitares desmovilizados. Wilson Salazar Carrascal, el Loro, fue el primero.<\/p>\n<p>La fecha qued\u00f3 en la memoria de algunos y, a partir de entonces, surgieron varias inquietudes: \u00bfser\u00e1 que Justicia y Paz es un sistema judicial efectivo?, \u00bfhabr\u00e1 impunidad?, \u00bfreparar\u00e1n a las v\u00edctimas?, y\u2026 \u00bfhabr\u00e1 verdad?<\/p>\n<p>En 2016, Andr\u00e9s D\u00e1vila Ladr\u00f3n de Guevara y Juan David Velasco, polit\u00f3logos y profesores de la Pontificia Universidad Javeriana, decidieron conmemorar los 10 a\u00f1os de las confesiones del Loro, tratando de establecer, precisamente, la calidad de la verdad judicial de Justicia y Paz.<\/p>\n<p>\u00bfC\u00f3mo evaluar \u2015medir\u2015 el cumplimiento del derecho a la verdad en Justicia y Paz de forma objetiva? Esa era la cuesti\u00f3n.<\/p>\n<p>Entendiendo la magnitud del proyecto, D\u00e1vila y Velasco \u2015con un equipo de ocho investigadores\u2015encontraron que las sentencias condenatorias realizadas por las salas de Justicia y Paz eran instrumentos cuantificables, y que en ellas hab\u00eda todo un universo de verdad judicial.<\/p>\n<p>Recolectaron las 51 sentencias proferidas entre 2006 y 2017 \u2015 cada una con cerca de 600 p\u00e1ginas\u2015 y, a partir de su revisi\u00f3n, teniendo en cuenta los est\u00e1ndares nacionales e internacionales del contenido del derecho a la verdad en instrumentos judiciales (razones de hecho, no repetici\u00f3n, reparaci\u00f3n y se\u00f1alamientos), analizaron y clasificaron la verdad revisando cuatro variables: la determinaci\u00f3n de los m\u00f3viles del delito, la determinaci\u00f3n de las circunstancias de tiempo y lugar, la determinaci\u00f3n de los responsables y la prevalencia del testimonio considerado.<\/p>\n<p>Mejor dicho, buscaron responder \u00bfcu\u00e1ntas sentencias determinaron los m\u00f3viles del delito?, \u00bfcu\u00e1ntas determinaron las circunstancias de tiempo y lugar?, \u00bfcu\u00e1ntas determinaron a los responsables?, \u00bfcu\u00e1ntas les dieron prevalencia a las v\u00edctimas en el testimonio?<\/p>\n<p>Y, con base en esas respuestas \u2015las variables\u2015, midieron el cumplimiento de los m\u00ednimos del derecho a la verdad de las v\u00edctimas y, adicionalmente, la calidad de la verdad: a mayor cantidad de elementos, la sentencia ten\u00eda una calidad alta, sin que su ausencia significara una calidad mala.<\/p>\n<p>\u201cNosotros propusimos una metodolog\u00eda in\u00e9dita en las mediciones de la verdad judicial de todo el mundo. Creamos un \u00edndice y un porcentaje del valor y, con estos elementos, valoramos la calidad de la verdad judicial en Justicia y Paz, clasificamos las redes de apoyo al paramilitarismo y analizamos c\u00f3mo las v\u00edctimas contribuyeron o no a la narraci\u00f3n de los hechos judiciales\u201d, explica Velasco, quien adem\u00e1s trabaja como asesor de la Direcci\u00f3n de la Unidad de Investigaci\u00f3n y Acusaci\u00f3n de la Justicia Especial para la Paz (JEP).<\/p>\n<blockquote><p>\u201cNo pretend\u00edamos decir qu\u00e9 tan buena o mala es Justicia y Paz, sino bajo qu\u00e9 medida la verdad judicial se cumpl\u00eda en mayor o menor medida\u201d. Lina Chaparro, investigadora javeriana<\/p><\/blockquote>\n<p>Las cifras consignadas en el libro <em>La verdad en las sentencias de Justicia y Paz<\/em> arrojaron que la calidad de la verdad judicial en Justicia y Paz era baja en un 44 %, media en un 55 % y alta en un 1 %. Tambi\u00e9n se evidenci\u00f3 que en el 72 % de las sentencias hay 573 se\u00f1alamientos contra terceros (Ej\u00e9rcito Nacional, Polic\u00eda Nacional, Armada Nacional y empresarios) como presuntos miembros de la estructura paramilitar. Y, finalmente, entre otros hallazgos, se revel\u00f3 que la fuente de los hechos legalizados se corresponde en su mayor\u00eda con las versiones de paramilitares (79 %), mientras que los testimonios de las v\u00edctimas ocuparon tan solo un 6 % del total.<\/p>\n<p>Esas cifras y muchas otras se hicieron p\u00fablicas en marzo de 2019, cuando el grupo de investigadores present\u00f3 el libro. D\u00edas despu\u00e9s, <em>El Espectador<\/em> public\u00f3 un texto titulado \u201cLa verdad que a\u00fan nos debe la Ley de Justicia y Paz\u201d, en el que citaba las cifras de la investigaci\u00f3n, y comentaba: \u201cResulta muy dif\u00edcil hablar de verdad cuando lo m\u00e1s b\u00e1sico para encontrarla no se logra determinar\u201d.<\/p>\n<h3><strong>El derecho a la verdad<\/strong><\/h3>\n<p>\u201cEn su momento la investigaci\u00f3n fue descontextualizada\u201d, dice Lina Chaparro, investigadora y profesora de la Facultad de Derecho de la Pontificia Universidad Javeriana, \u201cnuestra intenci\u00f3n era clasificar m\u00e1s que calificar. No pretend\u00edamos decir qu\u00e9 tan buena o mala es Justicia y Paz, sino de qu\u00e9 manera pod\u00edan medirse los esfuerzos por el cumplimiento de los est\u00e1ndares jur\u00eddicos de verdad judicial en justicia transicional. Y en ese sentido son sentencias de gran calidad\u201d.<\/p>\n<p>\u201cLo que nosotros hacemos en el informe es valorar, a pesar de sus limitaciones, falta de recursos y demoras, el proceso de Justicia y Paz\u201d, dice Andr\u00e9s D\u00e1vila. \u201cLo que se cont\u00f3 y se cuenta gracias a Justicia y Paz \u2015incluyendo la voz de las v\u00edctimas y sus testimonios\u2015 devela lo que hicieron los paras en el conflicto junto con otros actores \u2015como los empresarios y las Fuerzas Militares\u2015, y eso es supremamente valioso\u201d.<\/p>\n<p>Es tal el valor de Justicia y Paz \u2015coinciden los investigadores\u2015 que muchos mecanismos fueron adaptados o aprehendidos por la JEP. La experiencia de Justicia y Paz, y de sus magistrados y fiscales, en temas como desaparici\u00f3n forzada, homicidio e investigaciones de contexto ha sido vital para el desarrollo de la JEP. Tambi\u00e9n han sido vitales, por ejemplo, los registros de las v\u00edctimas de secuestro con que cuenta Justicia y Paz, que fueron el primer insumo de la JEP para involucrar a las v\u00edctimas de ese crimen a manos de las FARC-EP.<\/p>\n<p>\u201cAunque la JEP fue muy cr\u00edtica con Justicia y Paz, aprendi\u00f3 y se nutri\u00f3 de lo bueno y lo malo\u2026 pero eso casi nadie lo va a reconocer\u201d, afirma D\u00e1vila. Y concluye: \u201cEn esta investigaci\u00f3n estamos, en el fondo, haciendo justicia a una cantidad de informaci\u00f3n que est\u00e1 en las sentencias y que no se est\u00e1 aprovechando\u201d.<\/p>\n<hr \/>\n<p><strong>T\u00cdTULO DE LA INVESTIGACI\u00d3N:<\/strong> La verdad en las sentencias de Justicia y Paz<br \/>\n<strong>INVESTIGADOR PRINCIPAL:<\/strong> Juan David Velasco<br \/>\n<strong>COINVESTIGADORES:<\/strong> M\u00f3nica del Pilar Burgos, Lina Chaparro, Vanessa Clavijo, Andr\u00e9s Felipe G\u00f3mez, Claudia Medina Aguilar, Paula Ang\u00e9lica Mu\u00f1oz y Diana Katherine Rico<br \/>\nCentro Internacional de Toledo para la Paz (CITpax), Instituto de Salud P\u00fablica, Pontificia Universidad Javeriana, Facultad de Ciencias Pol\u00edticas y Relaciones Internacionales, Departamento de Ciencia Pol\u00edtica, Pontificia Universidad Javeriana<br \/>\n<strong>PERIODO DE LA INVESTIGACI\u00d3N:<\/strong> 2016-2018<\/p>\n<p style=\"text-align: right;\"><a href=\"http:\/\/www.javeriana.edu.co\/pesquisa\/las-consultoras-culpa-y-descargo\/\" rel=\"noopener\"><img decoding=\"async\" class=\"size-full wp-image-16258\" src=\"http:\/\/www.javeriana.edu.co\/pesquisa\/wp-content\/uploads\/2020\/08\/ART\u00cdCULO-ANTERIOR-1.png\" alt=\"ART\u00cdCULO-ANTERIOR\" width=\"67\" height=\"120\" \/><\/a> <a href=\"http:\/\/www.javeriana.edu.co\/pesquisa\/edicion-53\" rel=\"noopener\"><img decoding=\"async\" class=\"size-full wp-image-16259\" src=\"http:\/\/www.javeriana.edu.co\/pesquisa\/wp-content\/uploads\/2020\/08\/REGRESAR-A-P53.png\" alt=\"REGRESAR-A-P53\" width=\"89\" height=\"121\" \/><\/a> <a href=\"http:\/\/www.javeriana.edu.co\/pesquisa\/baru-un-paraiso-sin-tierra-para-su-pueblo\/\" rel=\"noopener\"> <img decoding=\"async\" class=\"size-full wp-image-16260\" src=\"http:\/\/www.javeriana.edu.co\/pesquisa\/wp-content\/uploads\/2020\/08\/SIGUIENTE-ART\u00cdCULO.png\" alt=\"SIGUIENTE-ART\u00cdCULO\" width=\"69\" height=\"120\" \/><\/a><\/p>\n","protected":false},"excerpt":{"rendered":"<p>El derecho a la verdad es vital para lograr la paz. Investigadores javerianos construyen un m\u00e9todo para medir la calidad de la verdad judicial.<\/p>\n","protected":false},"author":38,"featured_media":22255,"comment_status":"open","ping_status":"open","sticky":false,"template":"","format":"standard","meta":{"footnotes":""},"categories":[2370,380,373],"tags":[371,3084,1824,751,370,3085],"class_list":{"0":"post-16237","1":"post","2":"type-post","3":"status-publish","4":"format-standard","5":"has-post-thumbnail","7":"category-pesquisa-53","8":"category-pesquisa-impresa","9":"category-sociedad","10":"tag-colombia","11":"tag-el-derecho-a-la-verdad","12":"tag-jep","13":"tag-justicia","14":"tag-paz","15":"tag-sentencias"},"_links":{"self":[{"href":"http:\/\/www.javeriana.edu.co\/pesquisa\/wp-json\/wp\/v2\/posts\/16237","targetHints":{"allow":["GET"]}}],"collection":[{"href":"http:\/\/www.javeriana.edu.co\/pesquisa\/wp-json\/wp\/v2\/posts"}],"about":[{"href":"http:\/\/www.javeriana.edu.co\/pesquisa\/wp-json\/wp\/v2\/types\/post"}],"author":[{"embeddable":true,"href":"http:\/\/www.javeriana.edu.co\/pesquisa\/wp-json\/wp\/v2\/users\/38"}],"replies":[{"embeddable":true,"href":"http:\/\/www.javeriana.edu.co\/pesquisa\/wp-json\/wp\/v2\/comments?post=16237"}],"version-history":[{"count":9,"href":"http:\/\/www.javeriana.edu.co\/pesquisa\/wp-json\/wp\/v2\/posts\/16237\/revisions"}],"predecessor-version":[{"id":31450,"href":"http:\/\/www.javeriana.edu.co\/pesquisa\/wp-json\/wp\/v2\/posts\/16237\/revisions\/31450"}],"wp:featuredmedia":[{"embeddable":true,"href":"http:\/\/www.javeriana.edu.co\/pesquisa\/wp-json\/wp\/v2\/media\/22255"}],"wp:attachment":[{"href":"http:\/\/www.javeriana.edu.co\/pesquisa\/wp-json\/wp\/v2\/media?parent=16237"}],"wp:term":[{"taxonomy":"category","embeddable":true,"href":"http:\/\/www.javeriana.edu.co\/pesquisa\/wp-json\/wp\/v2\/categories?post=16237"},{"taxonomy":"post_tag","embeddable":true,"href":"http:\/\/www.javeriana.edu.co\/pesquisa\/wp-json\/wp\/v2\/tags?post=16237"}],"curies":[{"name":"wp","href":"https:\/\/api.w.org\/{rel}","templated":true}]}}