{"id":16399,"date":"2020-09-11T09:07:05","date_gmt":"2020-09-11T14:07:05","guid":{"rendered":"http:\/\/www.javeriana.edu.co\/pesquisa\/?p=16399"},"modified":"2022-05-17T12:29:15","modified_gmt":"2022-05-17T17:29:15","slug":"las-industrias-creativas-y-culturales-se-contagiaron-con-covid-19","status":"publish","type":"post","link":"http:\/\/www.javeriana.edu.co\/pesquisa\/las-industrias-creativas-y-culturales-se-contagiaron-con-covid-19\/","title":{"rendered":"Las industrias creativas y culturales se contagiaron con covid-19"},"content":{"rendered":"<p>Museos y galer\u00edas cerrados, teatros y salas de cine sin poder vender boletas, la pandemia no le ha dado tregua a los artistas, quienes vieron paralizadas sus actividades creativas de la noche a la ma\u00f1ana.<\/p>\n<p>Pero antes que lamentarse, cuatro representantes de las hoy llamadas \u2018industrias creativas y culturales\u2019, pasan la p\u00e1gina y empiezan a ver la situaci\u00f3n como una oportunidad m\u00e1s que como amenaza.<\/p>\n<p>No se puede negar que no la han tenido f\u00e1cil. Pero su esencia es la generaci\u00f3n de ideas constantemente, y, al decir de la artista, empresaria y gestora cultural Vanessa Ortiz Severino, \u201cel sector s\u00ed est\u00e1 vulnerable, pero eso genera fertilidad\u201d.<\/p>\n<p>Ortiz particip\u00f3 este jueves en el Tercer Panel del IV Encuentro Javeriano de Arte y Creatividad que debati\u00f3 sobre el papel de la Investigaci\u00f3n + Creaci\u00f3n en la crisis de las industrias culturales y creativas con motivo de la COVID-19. A trav\u00e9s de la pantalla, unas 50 personas la escucharon, as\u00ed como al profesor e investigador de la Javeriana seccional Cali, Manuel Sevilla, al decano de la Facultad de Comunicaci\u00f3n y Creaci\u00f3n de la Universidad el Bosque, Juan Pablo Salcedo, y a la directora de la Fundaci\u00f3n Gilberto Alzate Avenda\u00f1o, Adriana Padilla.<\/p>\n<p>Todos son optimistas, a pesar de las circunstancias. Sevilla, por ejemplo, equilibra su posici\u00f3n diciendo que \u201cen la coyuntura del COVID se ha afectado sobre todo la dimensi\u00f3n que tiene que ver con el acceso a los distintos fondos. Pero tambi\u00e9n surge una oportunidad grande de abrir la perspectiva hacia los procesos de desarrollo que no se circunscriben a los elementos de generaci\u00f3n de r\u00e9ditos econ\u00f3micos a partir de las artes y la cultura, y a mantener un \u00e9nfasis en el fortalecimiento de la base de pr\u00e1cticas culturales como humus de las industrias creativas que se derivan de ellas\u201d.<\/p>\n<p>Para Ortiz la crisis viene de atr\u00e1s y se ha manifestado de diferentes formas. La situaci\u00f3n que enfrenta el mundo hoy por la pandemia lo que ha permitido es preguntarse \u00bfc\u00f3mo generamos unas nuevas colectividades desde una estructura de confianza, de combinaci\u00f3n de medios, que es lo que ha permitido que los creadores se sit\u00faen en otro lugar cuando se redujeron los espect\u00e1culos y se cancelaron contratos, y ver c\u00f3mo esa nueva agremiaci\u00f3n construye unos nuevos lenguajes para enfrentar la crisis?\u201d. El secreto, dice, est\u00e1 en las audiencias. \u201cTenemos que preocuparnos m\u00e1s por los espectadores\u201d, remata.<\/p>\n<p>Padilla la secunda: \u201cToda nueva realidad implica nuevos retos\u201d, afirma y contin\u00faa diciendo que es necesario \u201cfortalecer la capacidad creadora, no solo enfocada en los artistas sino en los ciudadanos y ciudadanas\u201d.<\/p>\n<p>Manifestaciones art\u00edsticas como la m\u00fasica, el teatro, el cine, son sin duda creaciones colectivas, donde la presencia de los artistas es vital. Pero en tiempos de cuarentena, \u201cesto nos enfrenta a preguntas complejas sobre la din\u00e1mica de creaci\u00f3n conjunta\u201d, se cuestiona Sevilla. \u201c\u00bfVolveremos al encuentro o aprovecharemos los aprendizajes que hemos tenido para promover nuevas formas de creaci\u00f3n?\u201d.<\/p>\n<p>Justamente en el encierro los ciudadanos han tenido acceso a la m\u00fasica, a Netflix, a videos sobre los museos de manera gratuita, lo que preocupa a Salcedo, quien percibe esta situaci\u00f3n como una \u2018desvalorizaci\u00f3n de los creadores\u2019: \u201dSomos como unos grandes \u2018jockers\u2019 (comodines) de la corte que tenemos que entretener a toda la sociedad. Eso es muy peligroso\u201d.<\/p>\n<p>Los retos y las posibilidades de trabajo para el sector de las industrias creativas y culturales se resumen en el trabajo colaborativo y en formular nuevas narrativas para comprender la diversidad cultural, base de la riqueza del pa\u00eds, de acuerdo con Sevilla. Redefinir los roles cuando se produce investigaci\u00f3n creaci\u00f3n y reconocer con responsabilidad social los aportes de los creadores, por ejemplo de los artesanos, seg\u00fan Salcedo.<\/p>\n<p>\u201cEntender la crisis como un todo que nos permitir\u00e1 generar nuevas formas de agremiaci\u00f3n y entender que estamos en territorio f\u00e9rtil que nos puede sugerir nuevas formas de creaci\u00f3n, circulaci\u00f3n y sostenibilidad\u201d, al decir de Ortiz y documentarlo todo, registrar el momento, para recordar lo que se hizo bien y los aprendizajes que dieron lugar al cambio y a la evoluci\u00f3n del sector, remat\u00f3 Padilla.<\/p>\n<p>As\u00ed, el economista Javier Rodr\u00edguez, actualmente l\u00edder de Cultmars, congreso internacional sobre las industrias creativas y culturales que se realiza en Bogot\u00e1, y quien actu\u00f3 como moderador, cerr\u00f3 el panel, invitando a los participantes a continuar escuchando la programaci\u00f3n del IV Encuentro, que se extiende hasta el 18 de septiembre.<\/p>\n<p>Vea a continuaci\u00f3n el video completo de este panel.<\/p>\n<p><iframe src=\"https:\/\/www.youtube.com\/embed\/laH-AQ4vfPA?start=285\" allowfullscreen=\"allowfullscreen\" width=\"560\" height=\"315\" frameborder=\"0\"><\/iframe><\/p>\n","protected":false},"excerpt":{"rendered":"<p>El aislamiento obligatorio le dio un duro golpe al sector de las artes en Colombia. No obstante, expertos en este campo vislumbran varias alternativas centradas en las audiencias y en la reinvenci\u00f3n de la industria.<\/p>\n","protected":false},"author":25,"featured_media":22274,"comment_status":"open","ping_status":"open","sticky":false,"template":"","format":"standard","meta":{"footnotes":""},"categories":[199,373],"tags":[2224,563,811,2225,997,1666,1840,745,1178,1768],"class_list":{"0":"post-16399","1":"post","2":"type-post","3":"status-publish","4":"format-standard","5":"has-post-thumbnail","7":"category-cultura","8":"category-sociedad","9":"tag-covid-19","10":"tag-creacion","11":"tag-creatividad","12":"tag-cuarentena","13":"tag-cultura","14":"tag-industrias-creativas","15":"tag-industrias-culturales","16":"tag-practicas-culturales","17":"tag-teatro","18":"tag-teatros"},"_links":{"self":[{"href":"http:\/\/www.javeriana.edu.co\/pesquisa\/wp-json\/wp\/v2\/posts\/16399","targetHints":{"allow":["GET"]}}],"collection":[{"href":"http:\/\/www.javeriana.edu.co\/pesquisa\/wp-json\/wp\/v2\/posts"}],"about":[{"href":"http:\/\/www.javeriana.edu.co\/pesquisa\/wp-json\/wp\/v2\/types\/post"}],"author":[{"embeddable":true,"href":"http:\/\/www.javeriana.edu.co\/pesquisa\/wp-json\/wp\/v2\/users\/25"}],"replies":[{"embeddable":true,"href":"http:\/\/www.javeriana.edu.co\/pesquisa\/wp-json\/wp\/v2\/comments?post=16399"}],"version-history":[{"count":4,"href":"http:\/\/www.javeriana.edu.co\/pesquisa\/wp-json\/wp\/v2\/posts\/16399\/revisions"}],"predecessor-version":[{"id":31462,"href":"http:\/\/www.javeriana.edu.co\/pesquisa\/wp-json\/wp\/v2\/posts\/16399\/revisions\/31462"}],"wp:featuredmedia":[{"embeddable":true,"href":"http:\/\/www.javeriana.edu.co\/pesquisa\/wp-json\/wp\/v2\/media\/22274"}],"wp:attachment":[{"href":"http:\/\/www.javeriana.edu.co\/pesquisa\/wp-json\/wp\/v2\/media?parent=16399"}],"wp:term":[{"taxonomy":"category","embeddable":true,"href":"http:\/\/www.javeriana.edu.co\/pesquisa\/wp-json\/wp\/v2\/categories?post=16399"},{"taxonomy":"post_tag","embeddable":true,"href":"http:\/\/www.javeriana.edu.co\/pesquisa\/wp-json\/wp\/v2\/tags?post=16399"}],"curies":[{"name":"wp","href":"https:\/\/api.w.org\/{rel}","templated":true}]}}