{"id":16810,"date":"2020-11-10T08:53:22","date_gmt":"2020-11-10T13:53:22","guid":{"rendered":"http:\/\/www.javeriana.edu.co\/pesquisa\/?p=16810"},"modified":"2022-05-17T17:57:40","modified_gmt":"2022-05-17T22:57:40","slug":"mirada-genetica-al-oso-andino-en-colombia","status":"publish","type":"post","link":"http:\/\/www.javeriana.edu.co\/pesquisa\/mirada-genetica-al-oso-andino-en-colombia\/","title":{"rendered":"Mirada gen\u00e9tica al oso andino en Colombia"},"content":{"rendered":"<p style=\"text-align: right;\">El Oso Andino, que vive en los Andes<br \/>\n<em> usa anteojos negros y gorro de estambre.<\/em><\/p>\n<p style=\"text-align: right;\"><em>Le gustan las frutas y la miel de abejas,<\/em><br \/>\n<em> con grandes berridos su encuentro festeja.<\/em><\/p>\n<p style=\"text-align: right;\"><em>Salvaje lo llama la gente del campo,<\/em><br \/>\n<em> pero e\u0301l no es malo ni tampoco santo.<\/em><br \/>\n<em> Es el u\u0301nico Oso de la cordillera.<\/em><\/p>\n<p style=\"text-align: right;\"><em>Debemos amarlo y obrar con cautela,<\/em><br \/>\n<em> pues de lo contrario el bello animal<\/em><br \/>\n<em> en muy breve tiempo ya no existira\u0301.<\/em><\/p>\n<p style=\"text-align: right;\">Fanny Uzc\u00e1tegu\u00ed, en la obra <a href=\"https:\/\/www.parquesnacionales.gov.co\/portal\/wp-content\/uploads\/2013\/08\/ElOsoAndinoenelMacizodeChingaza.pdf\" target=\"_blank\" rel=\"noopener\"><em>El Oso Andino en el Macizo de Chingaza<\/em><\/a>.<\/p>\n<p>El oso andino es un animal imponente, fuerte y pesado; es uno de mam\u00edferos m\u00e1s grandes de Am\u00e9rica del Sur, que transita a lo largo de la Cordillera de los Andes entre p\u00e1ramos y bosques. El <em>Tremarctos ornatus<\/em> tambi\u00e9n es conocido como oso de anteojos porque lleva dos \u201cbinoculares\u201d en su rostro, es decir, dos manchas blancas sobre su hocico.<\/p>\n<p>Aunque este oso es experto en trepar \u00e1rboles gracias a sus grandes y filosas garras que le permiten adem\u00e1s enfrentar a sus oponentes, este peludo suramericano actualmente es una especie vulnerable de amenaza (VU), de acuerdo con el <a href=\"https:\/\/Resolucio\u0301n 0192 de 2014: https:\/\/www.minambiente.gov.co\/images\/normativa\/resoluciones\/2014\/res_0192_2014.pdf\" target=\"_blank\" rel=\"noopener\" data-wplink-url-error=\"true\">Ministerio de Ambiente y Desarrollo Sostenible<\/a> y vulnerable a extincio\u0301n seg\u00fan la Uni\u00f3n Internacional para la Conservaci\u00f3n de la Naturaleza (UICN).<\/p>\n<p>As\u00ed, con el fin de generar estrategias de conservaci\u00f3n para el oso andino, promover la conciencia colectiva sobre su protecci\u00f3n e impulsar exploraciones acad\u00e9micas sobre este mam\u00edfero, en 1977 ingres\u00f3 al Convenio Internacional contra el Tr\u00e1fico de Especies Silvestres (CITES) y en 1998 se consolid\u00f3 como la <a href=\"https:\/\/www.parquesnacionales.gov.co\/portal\/wp-content\/uploads\/2020\/05\/Manual-Identidad-Visual-2019-v9-2020.pdf\" target=\"_blank\" rel=\"noopener\">imagen institucional<\/a> de Parques Nacionales Naturales de Colombia. Adem\u00e1s, ha sido fuente de inspiraci\u00f3n para <a href=\"https:\/\/scienti.colciencias.gov.co:8081\/cvlac\/visualizador\/generarCurriculoCv.do?cod_rh=0000029025\" target=\"_blank\" rel=\"noopener\">Manuel Ruiz-Garc\u00eda<\/a>, doctor en Mastozoolog\u00eda y l\u00edder del grupo Gen\u00e9tica de poblaciones molecular y biolog\u00eda evolutiva de la Pontificia Universidad Javeriana.<\/p>\n<p>A prop\u00f3sito de la celebraci\u00f3n de los 60 a\u00f1os de PNN y de ver al oso andino en su escudo, Pesquisa Javeriana convers\u00f3 con Ruiz-Garc\u00eda, que acumula 20 a\u00f1os de trabajo investigativo sobre esta especie, sobre las razones por las que el \u2018Guardi\u00e1n de los bosques\u2019 se encuentra en estado de vulnerabilidad, las medidas para conservar su ecosistema y los novedosos hallazgos que su grupo de investigaci\u00f3n ha encontrado, producto de las recientes exploraciones cient\u00edficas sobre esta especie.<\/p>\n<figure id=\"attachment_22131\" aria-describedby=\"caption-attachment-22131\" style=\"width: 674px\" class=\"wp-caption aligncenter\"><img fetchpriority=\"high\" decoding=\"async\" class=\"wp-image-22131 size-full\" src=\"http:\/\/www.javeriana.edu.co\/pesquisa\/wp-content\/uploads\/2020\/11\/oso-de-antojos-en-colombia.jpg\" alt=\"Oso andino Colombia\" width=\"674\" height=\"490\" srcset=\"http:\/\/www.javeriana.edu.co\/pesquisa\/wp-content\/uploads\/2020\/11\/oso-de-antojos-en-colombia.jpg 674w, http:\/\/www.javeriana.edu.co\/pesquisa\/wp-content\/uploads\/2020\/11\/oso-de-antojos-en-colombia-300x218.jpg 300w, http:\/\/www.javeriana.edu.co\/pesquisa\/wp-content\/uploads\/2020\/11\/oso-de-antojos-en-colombia-150x109.jpg 150w, http:\/\/www.javeriana.edu.co\/pesquisa\/wp-content\/uploads\/2020\/11\/oso-de-antojos-en-colombia-450x327.jpg 450w\" sizes=\"(max-width: 674px) 100vw, 674px\" \/><figcaption id=\"caption-attachment-22131\" class=\"wp-caption-text\">Fotograf\u00eda: Parques Nacionales Naturales \/ Manuel Ruiz<\/figcaption><\/figure>\n<blockquote><p>El oso de anteojos es la imagen de la moneda de $50 pesos en Colombia.<\/p><\/blockquote>\n<h3><strong>El oso de anteojos est\u00e1 en la punta de la pir\u00e1mide alimenticia de las especies que habitan en la Cordillera de los Andes, pero entonces \u00bfa qu\u00e9 se debe que est\u00e9 en la categor\u00eda de vulnerabilidad?<\/strong><\/h3>\n<p><strong>Manuel Ruiz-Garc\u00eda (MRG):<\/strong>\u00a0En los cerros de los Andes tenemos dos grandes mam\u00edferos carn\u00edvoros, el puma y el oso andino. Lo primero que ocurre es que estos depredadores tienen conflictos con los humanos por ser carn\u00edvoros, ya que ellos los se\u00f1alan como responsables de destrozos en la ganader\u00eda o la agricultura. Una segunda raz\u00f3n tiene que ver con su tiempo generacional, esto significa que el n\u00famero de cr\u00edas que tienen los osos de anteojos durante su vida es limitado, restringiendo as\u00ed su capacidad de poblar de una forma r\u00e1pida los ambientes donde habita.<\/p>\n<h3><strong>En casos como estos, \u00bfcu\u00e1l ser\u00eda la mejor alternativa para la conservaci\u00f3n de la especie?<\/strong><\/h3>\n<p><strong>MRG:<\/strong>\u00a0Podr\u00edamos pensar que mover a los osos de una zona a otra es una buena alternativa, pero no es tan sencillo porque al empezar a reubicarlos se puede generar alg\u00fan tipo de contaminaci\u00f3n gen\u00e9tica. Entonces nuestra tarea all\u00ed, desde los estudios gen\u00e9tico-poblacionales, es proporcionar informaci\u00f3n sobre la conectividad, flujo gen\u00e9tico y posible heterogeneidad de genes entre las poblaciones de una misma especie, sobre el tama\u00f1o de las poblaciones a lo largo del tiempo, sobre los procesos de posibles cambios demogr\u00e1ficos (cuello de botella o de expansi\u00f3n poblacional), y la posible estructura espacial de una especie en su distribuci\u00f3n geogr\u00e1fica con el fin de generar alternativas para su correcta clasificaci\u00f3n y su conservaci\u00f3n biol\u00f3gica.<\/p>\n<h3><strong>\u00bfHay avances al respecto para la conservaci\u00f3n del oso de anteojos?<\/strong><\/h3>\n<p><strong>MRG:<\/strong>\u00a0Recientemente publicamos algunos art\u00edculos de investigaci\u00f3n* que analizan los genes nucleares (genes de los padres y de las madres) y mitocondriales (genes de las madres) de 300 osos de anteojos de Ecuador, Venezuela, Colombia, Per\u00fa y Bolivia con el fin de conformar un banco de datos gen\u00e9ticos suficientemente grande para poder determinar cu\u00e1ntos acervos gen\u00e9ticos diferentes pueden existir en un \u00e1rea geogr\u00e1fica concreta; tambi\u00e9n para sugerir si la reubicaci\u00f3n de espec\u00edmenes en un territorio dado est\u00e1 introduciendo contaminaci\u00f3n gen\u00e9tica o manteniendo las caracter\u00edsticas propias de una poblaci\u00f3n al momento de plantear estrategias de conservaci\u00f3n biol\u00f3gica.<\/p>\n<h3><strong>\u00bfY ya tienen resultados de este ejercicio de investigaci\u00f3n?<\/strong><\/h3>\n<p><strong>MRG:<\/strong> S\u00ed, ya hemos generado una gran cantidad de resultados. Por ejemplo, encontramos que independientemente si los osos de Ecuador son de una cordillera u otra, gen\u00e9ticamente son muy parecidos. Eso significa que no habr\u00eda contaminaci\u00f3n gen\u00e9tica a la hora de reubicar a ejemplares de esta especie en el territorio. Sin embargo, para el caso de Colombia, el asunto es diferente porque si bien en Nari\u00f1o y Cundinamarca existen osos gen\u00e9ticamente muy similares, los osos ubicados en la cordillera occidental en Antioquia y en la Cordillera Oriental en Norte de Santander, est\u00e1n gen\u00e9ticamente algo diferenciados.<\/p>\n<h3><strong>Entonces, \u00bfqu\u00e9 ocurre en este caso con los osos que no pueden moverse de un territorio a otro?<\/strong><\/h3>\n<p><strong>MRG:<\/strong> Lo primero es entender que los osos seguir\u00e1n habitando estas zonas y que si bien estos predadores son omn\u00edvoros (comen carne como productos vegetales), son principalmente herb\u00edvoros. Esto significa que en Colombia los osos andinos se alimentan de bromelias, frutos, ra\u00edces, cortezas, hojas y hongos, aunque no desde\u00f1an la carro\u00f1a o alguna presa si se les presenta la oportunidad. Sin embargo, cuando las personas arrasan con la vegetaci\u00f3n y perturban los bosques andinos, muy seguramente modifican la dieta de los osos y \u00e9stos pueden estar m\u00e1s predispuestos a atacar a la ganader\u00eda. Entonces, un primer asunto es asumir la responsabilidad que tenemos como seres humanos respecto a la conservaci\u00f3n de estos ecosistemas y del h\u00e1bitat de estos espec\u00edmenes.<\/p>\n<p>Un segundo factor, evolutivo y natural, tiene que ver con la declinaci\u00f3n de la especie a lo largo de su historia porque, por ejemplo, los estudios gen\u00e9ticos muestran que hubo una expansi\u00f3n poblacional en esta especie hace aproximadamente 200.000 a\u00f1os, mientras que, durante los \u00faltimos 7.000 a\u00f1os, ha habido un decrecimiento de los individuos de su especie, hasta llegar a un estimado de cerca de 18.000 osos en la actualidad.<\/p>\n<blockquote><p>El oso de los Andes cumple importantes funciones ecol\u00f3gicas como la dispersi\u00f3n de semillas, la depredaci\u00f3n y polinizaci\u00f3n.<\/p><\/blockquote>\n<h3><strong>En 1977, el oso de anteojos ingres\u00f3 al Convenio Internacional contra el Tr\u00e1fico de Especies Silvestres (CITES) con el fin de evitar su tr\u00e1fico ilegal. \u00bfCree que el objetivo de este convenio sigue vigente?<\/strong><\/h3>\n<p><strong>MRG:<\/strong> S\u00ed. Actualmente no existe tr\u00e1fico ilegal de oso en el interior de Colombia, pero s\u00ed es cierto que en el mercado oriental, los asi\u00e1ticos emplean muchas partes del cuerpo del animal como f\u00e1rmaco. Por ejemplo, en pa\u00edses andinos como Per\u00fa y Bolivia, los ind\u00edgenas y curanderos suelen utilizar partes de los osos como insumos para sus encantos. Por eso no hay que perder de vista su conservaci\u00f3n.<\/p>\n<h3><strong>Art\u00edculos de investigaci\u00f3n*<\/strong><\/h3>\n<p>\u2022 Ruiz-Garc\u00eda M, J Arias-V\u00e1squez, A. Castellanos, L K\u00f6lter, JM Shostell (2020). <a href=\"https:\/\/www.researchgate.net\/publication\/331287231_Molecular_Evolution_Mitochondrial_and_Nuclear_Microsatellites_Markers_in_the_Andean_Bear_Tremarctos_ornatus_Ursidae_Carnivora_How_Many_ESUs_Are_There\" target=\"_blank\" rel=\"noopener\">Molecular Evolution (Mitochondrial and Nuclear Microsatellites Markers) in the Andean Bear (Tremarctos ornatus; Ursidae, Carnivora): How Many ESUs Are There?<\/a> Pp. 165-194. En Conservation Genetics in Mammals (Ortega J &amp; JE Maldonado). Springer Verlag Switzerland.<\/p>\n<p>\u2022 Ruiz-Garc\u00eda M, A, Castellanos, J Arias-V\u00e1squez, JM Shostell (2020). <a href=\"https:\/\/www.tandfonline.com\/doi\/abs\/10.1080\/24701394.2020.1769088\" target=\"_blank\" rel=\"noopener\">Genetics of the Andean bear (Tremarctos ornatus; Ursidae, Carnivora) in Ecuador: when the Andean Cordilleras are not an Obstacle. Mitochondrial<\/a> DNA Part A 31: 190-208.<\/p>\n<p>\u2022 Ruiz-Garc\u00eda M, J Arias-V\u00e1squez, H Restrepo, CH C\u00e1ceres-Mart\u00ednez, JM Shostell (2020).<a href=\"https:\/\/www.researchgate.net\/publication\/331286909_The_genetic_structure_of_the_Andean_bear_Tremarctos_ornatus_Ursidae_Carnivora_in_Colombia_by_means_of_mitochondrial_and_microsatellite_markers\" target=\"_blank\" rel=\"noopener\">The genetic structure of the spectacled bear (Tremarctos ornatus; Ursidae, Carnivora) in Colombia by means of mitochondrial and microsatellite markers<\/a>. Journal of Mammalogy 101: 1072-1090.<\/p>\n","protected":false},"excerpt":{"rendered":"<p>El oso andino es la figura que acompa\u00f1a el escudo de Parques Nacionales Naturales, entidad que cumpli\u00f3 60 a\u00f1os este 9 de noviembre Para conocer la realidad del \u2018Guardi\u00e1n de los bosques\u2019, Pesquisa Javeriana habl\u00f3 con un especialista en esta especie, quien se refiere a los estudios gen\u00e9ticos que se efect\u00faan en estos animales.  <\/p>\n","protected":false},"author":39,"featured_media":22130,"comment_status":"open","ping_status":"open","sticky":false,"template":"","format":"standard","meta":{"footnotes":""},"categories":[376,48],"tags":[1663,692,1937,2424,2417,430,371,445,1052,2420,1392,740,1020,697,97,2421,856,1138,516,2153,2418,2419,2423,441,2415,122,405,2422,1248],"class_list":{"0":"post-16810","1":"post","2":"type-post","3":"status-publish","4":"format-standard","5":"has-post-thumbnail","7":"category-ambiente","8":"category-entrevistas","9":"tag-ambiente","10":"tag-america-del-sur","11":"tag-articulos-cientificos","12":"tag-articulos-de-divulgacion-cientifica","13":"tag-articulos-de-investigacion","14":"tag-biologia","15":"tag-colombia","16":"tag-conservacion","17":"tag-contaminacion","18":"tag-depredador","19":"tag-desarrollo-sostenible","20":"tag-ecosistema","21":"tag-ecosistemas","22":"tag-especies","23":"tag-investigacion","24":"tag-mamifero","25":"tag-mamiferos","26":"tag-ministerio-de-ambiente-y-desarrollo-sostenible","27":"tag-naturaleza","28":"tag-oso-andino","29":"tag-oso-de-anteojos","30":"tag-oso-de-los-andes","31":"tag-oso","32":"tag-parques","33":"tag-parques-nacionales","34":"tag-pesquisa","35":"tag-pesquisa-javeriana","36":"tag-vulnerable","37":"tag-zoologia"},"_links":{"self":[{"href":"http:\/\/www.javeriana.edu.co\/pesquisa\/wp-json\/wp\/v2\/posts\/16810","targetHints":{"allow":["GET"]}}],"collection":[{"href":"http:\/\/www.javeriana.edu.co\/pesquisa\/wp-json\/wp\/v2\/posts"}],"about":[{"href":"http:\/\/www.javeriana.edu.co\/pesquisa\/wp-json\/wp\/v2\/types\/post"}],"author":[{"embeddable":true,"href":"http:\/\/www.javeriana.edu.co\/pesquisa\/wp-json\/wp\/v2\/users\/39"}],"replies":[{"embeddable":true,"href":"http:\/\/www.javeriana.edu.co\/pesquisa\/wp-json\/wp\/v2\/comments?post=16810"}],"version-history":[{"count":8,"href":"http:\/\/www.javeriana.edu.co\/pesquisa\/wp-json\/wp\/v2\/posts\/16810\/revisions"}],"predecessor-version":[{"id":31424,"href":"http:\/\/www.javeriana.edu.co\/pesquisa\/wp-json\/wp\/v2\/posts\/16810\/revisions\/31424"}],"wp:featuredmedia":[{"embeddable":true,"href":"http:\/\/www.javeriana.edu.co\/pesquisa\/wp-json\/wp\/v2\/media\/22130"}],"wp:attachment":[{"href":"http:\/\/www.javeriana.edu.co\/pesquisa\/wp-json\/wp\/v2\/media?parent=16810"}],"wp:term":[{"taxonomy":"category","embeddable":true,"href":"http:\/\/www.javeriana.edu.co\/pesquisa\/wp-json\/wp\/v2\/categories?post=16810"},{"taxonomy":"post_tag","embeddable":true,"href":"http:\/\/www.javeriana.edu.co\/pesquisa\/wp-json\/wp\/v2\/tags?post=16810"}],"curies":[{"name":"wp","href":"https:\/\/api.w.org\/{rel}","templated":true}]}}