{"id":16846,"date":"2020-11-19T08:39:36","date_gmt":"2020-11-19T13:39:36","guid":{"rendered":"http:\/\/www.javeriana.edu.co\/pesquisa\/?p=16846"},"modified":"2022-06-21T15:36:16","modified_gmt":"2022-06-21T20:36:16","slug":"oceanos-calientes-el-combustible-para-los-huracanes","status":"publish","type":"post","link":"http:\/\/www.javeriana.edu.co\/pesquisa\/oceanos-calientes-el-combustible-para-los-huracanes\/","title":{"rendered":"Oc\u00e9anos calientes, el \u2018combustible\u2019 para los huracanes"},"content":{"rendered":"<p>Durante el \u00faltimo mes, Colombia ha padecido una crisis por las fuertes lluvias y las inundaciones producto del fen\u00f3meno de La Ni\u00f1a y de la transformaci\u00f3n de la tormenta tropical IOTA en hurac\u00e1n categor\u00eda 5, cuyo ojo pas\u00f3 a 18 kil\u00f3metros de la isla de Providencia y que arras\u00f3 con m\u00e1s del 98 % de su infraestructura.<\/p>\n<p>Para entender mejor esta situaci\u00f3n, Pesquisa Javeriana dialog\u00f3 con <a href=\"https:\/\/scienti.colciencias.gov.co:8081\/cvlac\/visualizador\/generarCurriculoCv.do?cod_rh=0000546666\" target=\"_blank\" rel=\"noopener\">Juan Diego Giraldo Osorio<\/a>, doctor en Gesti\u00f3n de Recursos H\u00eddricos y profesor del Departamento de Ingenier\u00eda Civil de la Pontificia Universidad Javeriana, que explica este fen\u00f3meno natural, sus causas y algunas reflexiones para la ciudadan\u00eda y el Estado.<\/p>\n<figure id=\"attachment_22106\" aria-describedby=\"caption-attachment-22106\" style=\"width: 800px\" class=\"wp-caption aligncenter\"><img fetchpriority=\"high\" decoding=\"async\" class=\"wp-image-22106 size-full\" src=\"http:\/\/www.javeriana.edu.co\/pesquisa\/wp-content\/uploads\/2020\/11\/calentamiento-del-mar-huracan.jpg\" alt=\"\" width=\"800\" height=\"500\" srcset=\"http:\/\/www.javeriana.edu.co\/pesquisa\/wp-content\/uploads\/2020\/11\/calentamiento-del-mar-huracan.jpg 800w, http:\/\/www.javeriana.edu.co\/pesquisa\/wp-content\/uploads\/2020\/11\/calentamiento-del-mar-huracan-300x188.jpg 300w, http:\/\/www.javeriana.edu.co\/pesquisa\/wp-content\/uploads\/2020\/11\/calentamiento-del-mar-huracan-150x94.jpg 150w, http:\/\/www.javeriana.edu.co\/pesquisa\/wp-content\/uploads\/2020\/11\/calentamiento-del-mar-huracan-450x281.jpg 450w, http:\/\/www.javeriana.edu.co\/pesquisa\/wp-content\/uploads\/2020\/11\/calentamiento-del-mar-huracan-768x480.jpg 768w, http:\/\/www.javeriana.edu.co\/pesquisa\/wp-content\/uploads\/2020\/11\/calentamiento-del-mar-huracan-480x300.jpg 480w\" sizes=\"(max-width: 800px) 100vw, 800px\" \/><figcaption id=\"caption-attachment-22106\" class=\"wp-caption-text\">De acuerdo con el Ideam, existe un 40% de probabilidad de que haya una nueva formaci\u00f3n cicl\u00f3nica.<\/figcaption><\/figure>\n<h3><strong>\u00bfQu\u00e9 es un hurac\u00e1n y c\u00f3mo se forma?<\/strong><\/h3>\n<p><strong>Juan Diego Giraldo (JDG):<\/strong> Hay dos condiciones necesarias para que se formen los huracanes. Primero, aguas c\u00e1lidas en los oc\u00e9anos, entre los 26 \u00b0C a 28 \u00b0C, y segundo, suficiente fuerza de Coriolis, una fuerza aparente que experimentan los cuerpos que se mueven sobre un cuerpo en rotaci\u00f3n, como la Tierra, y que hace que todo cuerpo en movimiento sobre \u00e9l se desv\u00ede de su trayectoria recta. Adem\u00e1s, para que un hurac\u00e1n se forme, es necesario que presente zonas de baja presi\u00f3n sobre ese oc\u00e9ano c\u00e1lido, denominadas depresiones tropicales, para que los vientos sean \u201cllamados\u201d hacia esas zonas y, si las condiciones son favorables, las r\u00e1fagas de aire comiencen a girar alrededor de la depresi\u00f3n tropical.<\/p>\n<h3><strong>\u00bfPor qu\u00e9 los huracanes se forman sobre la regi\u00f3n Caribe?<\/strong><\/h3>\n<p><strong>JDG:<\/strong> Sobre la l\u00ednea del Ecuador, la fuerza de Coriolis es nula y en los polos es m\u00e1xima. Entonces los huracanes no pueden formarse sobre ese paralelo (fuerza de Coriolis nula) , pero tampoco en las aguas extratropicales m\u00e1s cercanas de los polos (aguas del oc\u00e9ano muy fr\u00edas). Por eso, estos fen\u00f3menos suelen desarrollarse sobre los oc\u00e9anos aproximadamente a los 10 grados de latitud norte o sur, donde se da la combinaci\u00f3n de una fuerza de Coriolis suficiente que aliente el giro de los vientos, y unas aguas c\u00e1lidas del oc\u00e9ano que mantengan las condiciones de baja presi\u00f3n. La temporada de huracanes del Mar Caribe, la cual afecta el territorio colombiano, se declara oficialmente entre los meses de mayo y noviembre, cuando las aguas del Oc\u00e9ano Atl\u00e1ntico Norte tienen altas temperaturas debido a la temporada de verano del hemisferio.<\/p>\n<h3><strong>Es la primera vez que un hurac\u00e1n de categor\u00eda cinco toca el archipi\u00e9lago de San Andr\u00e9s, Providencia y Santa Catalina, porque generalmente estos fen\u00f3menos se dirigen hacia el Golfo de M\u00e9xico y la zona norte de Am\u00e9rica.\u00a0 \u00bfA qu\u00e9 se debe la fuerza y cambio de direcci\u00f3n de IOTA?<\/strong><\/h3>\n<p><strong>JDG:<\/strong> Es muy extra\u00f1o que un hurac\u00e1n tenga la trayectoria que tuvo IOTA recientemente o Johan en 1988, al golpear al archipi\u00e9lago. Es un fen\u00f3meno raro que ha roto todos los r\u00e9cords para un hurac\u00e1n de esa categor\u00eda, no solo porque se ha movido mucho m\u00e1s al sur, sino porque adem\u00e1s tiene una fuerza inusual. Es una pregunta muy dif\u00edcil y creo que eso va a ser un tema de investigaci\u00f3n despu\u00e9s de que pase toda esta temporada de huracanes.<\/p>\n<p>Una presunci\u00f3n razonable sobre esto tiene que ver con el cambio clim\u00e1tico. Como mencion\u00e9 al principio, los huracanes se alimentan de aguas c\u00e1lidas de los oc\u00e9anos, entonces si las aguas de los oc\u00e9anos se calientan, porque el planeta se est\u00e1 calentando debido al cambio clim\u00e1tico, lo normal es esperar que estos fen\u00f3menos se afecten. Ahora los\u00a0 huracanes categor\u00eda cuatro o cinco son m\u00e1s comunes, y eso se debe en gran medida a que el oc\u00e9ano tiene temperaturas m\u00e1s altas.<\/p>\n<blockquote><p>Estudios indican que la <strong>m\u00e1xima velocidad<\/strong> de los vientos de un hurac\u00e1n puede estar alrededor de los 300 km\/h.<\/p><\/blockquote>\n<h3><strong>El ojo del hurac\u00e1n IOTA pas\u00f3 a 18 kil\u00f3metros del archipi\u00e9lago, con vientos de hasta 230 kil\u00f3metros por hora. Con tal destrucci\u00f3n tras su recorrido, \u00bfa qu\u00e9 se debe que los ojos de los huracanes sean aparentemente tan \u201cpac\u00edficos\u201d en su interior?<\/strong><\/h3>\n<p><strong>JDG:<\/strong> Las paredes del ojo son la zona m\u00e1s da\u00f1ina del hurac\u00e1n. All\u00ed es donde se presentan las velocidades m\u00e1s altas y las lluvias extremas m\u00e1s da\u00f1inas. Por eso, hoy vemos que la infraestructura de Providencia, por ejemplo, fue casi totalmente destruida. Pero lo que hay que entender es que cuando los vientos son atra\u00eddos hacia el centro del hurac\u00e1n, se forma una clase de singularidad, una especie de embudo con las paredes de las nubes a su alrededor y por eso es que es relativamente tranquilo; sin embargo, el aire all\u00ed es tremendamente h\u00famedo y sofocante por el fen\u00f3meno de evaporaci\u00f3n constante.<\/p>\n<p><iframe src=\"https:\/\/www.youtube.com\/embed\/-NSjnc3NL2k\" width=\"560\" height=\"315\" frameborder=\"0\" allowfullscreen=\"allowfullscreen\"><\/iframe><\/p>\n<h3><strong>Durante los \u00faltimos meses, el pa\u00eds ha sido testigo de los efectos del fen\u00f3meno de La Ni\u00f1a y sus intensas lluvias, llevando a alcaldes y gobernadores a decretar alerta roja por inundaciones. Ante esto y lo ocurrido con el hurac\u00e1n, como dice el dicho, \u00bf\u201csi por all\u00e1 llueve, por ac\u00e1 no escampa\u201d?<\/strong><\/h3>\n<p><strong>JDG:<\/strong> Muchas veces pensamos en los r\u00edos como solo el flujo de agua que va restringido por las paredes del canal natural. Sin embargo, para entenderlos completamente, debemos pensar en ellos como ese flujo m\u00e1s su llanura de inundaci\u00f3n. Posiblemente las crecientes que vamos a experimentar con el r\u00edo Bogot\u00e1, el r\u00edo Magdalena y el r\u00edo Cauca son inundaciones que pasan todos los a\u00f1os pero este va a ser excepcional porque estamos en una temporada de La Ni\u00f1a bastante intensa. Una manera de evitar los da\u00f1os producidos por las inundaciones es realizar una ocupaci\u00f3n m\u00e1s inteligente del territorio para no \u201cmeternos\u201d en el r\u00edo, y aprender a conocer sus llanuras de inundaci\u00f3n.<\/p>\n<h3><strong>Desde su experiencia investigativa y acad\u00e9mica, \u00bfqu\u00e9 alternativas propone la ciencia para enfrentar estos fen\u00f3menos naturales como los huracanes y las temporadas invernales?<\/strong><\/h3>\n<p><strong>JDG:<\/strong> Respecto al tema de los huracanes debemos educar a las personas, ense\u00f1arles a guardar la calma, proteger sus vidas y bienes, y a ser m\u00e1s conscientes sobre el consumo global, el uso de la energ\u00eda, de carros y aviones, incentivar las pr\u00e1cticas de reciclaje y apuntarle a la reducci\u00f3n de los Gases de Efecto Invernadero (GEI).<\/p>\n<p>Con respecto a las fuertes lluvias e inundaciones, es fundamental conocer las din\u00e1micas de los r\u00edos y aprender a negociar con ellos; es decir, es necesario apostarle a infraestructuras que puedan ser inundadas en las llanuras de inundaci\u00f3n, como parques y senderos ecol\u00f3gicos, y ubicar aquellas que son m\u00e1s indispensables para los humanos (hospitales, estaciones de bomberos y polic\u00eda, etc), lejos de los r\u00edos, porque seguramente en alg\u00fan momento ocupar\u00e1n sus llanuras de inundaci\u00f3n.<\/p>\n<h3><strong>Finalmente, \u00bfhar\u00eda alg\u00fan llamado al Gobierno Nacional en materia de prevenci\u00f3n de desastres?<\/strong><\/h3>\n<p><strong>JDG:<\/strong> El llamado al Gobierno es a invertir en el conocimiento del territorio, a formular pol\u00edticas p\u00fablicas que tengan en cuenta el cauce natural de los r\u00edos y sus llanuras de inundaci\u00f3n; a educar a las personas en estos temas y a invertir m\u00e1s en investigaci\u00f3n que permita entender el comportamiento de los huracanes en el futuro, porque si pas\u00f3 este fen\u00f3meno por el archipi\u00e9lago con el aumento de la temperatura del agua del Caribe, probablemente con el tiempo huracanes podr\u00edan pasar m\u00e1s cerca de la pen\u00ednsula de La Guajira y afectar a Riohacha, Santa Marta, y todo el conjunto del Caribe colombiano.<br \/>\n<iframe src=\"https:\/\/embed.windy.com\/embed2.html?lat=9.622&amp;lon=-91.604&amp;detailLat=9.622&amp;detailLon=-91.604&amp;width=650&amp;height=450&amp;zoom=5&amp;level=surface&amp;overlay=gustAccu&amp;product=ecmwf&amp;menu=&amp;message=&amp;marker=&amp;calendar=now&amp;pressure=&amp;type=map&amp;location=coordinates&amp;detail=&amp;metricWind=default&amp;metricTemp=default&amp;radarRange=-1\" width=\"650\" height=\"450\" frameborder=\"0\"><\/iframe><\/p>\n","protected":false},"excerpt":{"rendered":"<p>El hurac\u00e1n Iota tuvo un efecto devastador en Providencia. \u00bfA qu\u00e9 se debe que este fen\u00f3meno inusual se presente en el pa\u00eds? \u00bfPodr\u00eda tener alguna relaci\u00f3n con el cambio clim\u00e1tico? Juan Diego Giraldo, doctor en Gesti\u00f3n de Recursos H\u00eddricos, responde estas y otras preguntas.<\/p>\n","protected":false},"author":39,"featured_media":22105,"comment_status":"open","ping_status":"open","sticky":false,"template":"","format":"standard","meta":{"footnotes":""},"categories":[376,3687,48],"tags":[2436,777,2435,1593,2438,787,122,405,599,2437],"class_list":{"0":"post-16846","1":"post","2":"type-post","3":"status-publish","4":"format-standard","5":"has-post-thumbnail","7":"category-ambiente","8":"category-cambio-climatico","9":"category-entrevistas","10":"tag-archipielago","11":"tag-cambio-climatico","12":"tag-huracan","13":"tag-inundaciones","14":"tag-iota","15":"tag-lluvias","16":"tag-pesquisa","17":"tag-pesquisa-javeriana","18":"tag-providencia","19":"tag-san-andres"},"_links":{"self":[{"href":"http:\/\/www.javeriana.edu.co\/pesquisa\/wp-json\/wp\/v2\/posts\/16846","targetHints":{"allow":["GET"]}}],"collection":[{"href":"http:\/\/www.javeriana.edu.co\/pesquisa\/wp-json\/wp\/v2\/posts"}],"about":[{"href":"http:\/\/www.javeriana.edu.co\/pesquisa\/wp-json\/wp\/v2\/types\/post"}],"author":[{"embeddable":true,"href":"http:\/\/www.javeriana.edu.co\/pesquisa\/wp-json\/wp\/v2\/users\/39"}],"replies":[{"embeddable":true,"href":"http:\/\/www.javeriana.edu.co\/pesquisa\/wp-json\/wp\/v2\/comments?post=16846"}],"version-history":[{"count":5,"href":"http:\/\/www.javeriana.edu.co\/pesquisa\/wp-json\/wp\/v2\/posts\/16846\/revisions"}],"predecessor-version":[{"id":31421,"href":"http:\/\/www.javeriana.edu.co\/pesquisa\/wp-json\/wp\/v2\/posts\/16846\/revisions\/31421"}],"wp:featuredmedia":[{"embeddable":true,"href":"http:\/\/www.javeriana.edu.co\/pesquisa\/wp-json\/wp\/v2\/media\/22105"}],"wp:attachment":[{"href":"http:\/\/www.javeriana.edu.co\/pesquisa\/wp-json\/wp\/v2\/media?parent=16846"}],"wp:term":[{"taxonomy":"category","embeddable":true,"href":"http:\/\/www.javeriana.edu.co\/pesquisa\/wp-json\/wp\/v2\/categories?post=16846"},{"taxonomy":"post_tag","embeddable":true,"href":"http:\/\/www.javeriana.edu.co\/pesquisa\/wp-json\/wp\/v2\/tags?post=16846"}],"curies":[{"name":"wp","href":"https:\/\/api.w.org\/{rel}","templated":true}]}}