{"id":16993,"date":"2020-12-21T06:00:29","date_gmt":"2020-12-21T11:00:29","guid":{"rendered":"http:\/\/www.javeriana.edu.co\/pesquisa\/?p=16993"},"modified":"2022-06-21T17:39:30","modified_gmt":"2022-06-21T22:39:30","slug":"reactivar-la-economia-o-mas-bien-repensarla","status":"publish","type":"post","link":"http:\/\/www.javeriana.edu.co\/pesquisa\/reactivar-la-economia-o-mas-bien-repensarla\/","title":{"rendered":"\u00bfReactivar la econom\u00eda o m\u00e1s bien repensarla?"},"content":{"rendered":"<p><span data-contrast=\"auto\">La sesi\u00f3n plenaria de la Asamblea General de la Organizaci\u00f3n de las Naciones Unidas (ONU) aprob\u00f3, en 2009, una declaraci\u00f3n formal que reconoc\u00eda a las cooperativas como promotoras de desarrollo social. Esta declaraci\u00f3n, sin duda, apalanc\u00f3 y afianz\u00f3 estas organizaciones como un componente importante \u2015m\u00e1s all\u00e1 de las empresas capitalistas\u2015 en la estructura econ\u00f3mica de los pa\u00edses. Sin embargo, lo anterior no ha sido suficiente para que se potencie su visibilidad en el \u00e1mbito territorial por parte de los gobiernos. Tampoco ha hecho que los investigadores, en los centros educativos, generen evidencia documentada de la potencialidad de las cooperativas \u2015que hacen parte del conglomerado empresarial\u2015 para construir progreso social en Colombia.<\/span><span data-ccp-props=\"{&quot;201341983&quot;:0,&quot;335559739&quot;:160,&quot;335559740&quot;:259}\">\u00a0<\/span><\/p>\n<p><span data-contrast=\"auto\">Eso, por lo menos, es lo que piensa Juan Fernando \u00c1lvarez, profesor de planta del Departamento de Desarrollo Rural y Regional, de la Facultad de Estudios Ambientales y Rurales, de la Pontificia Universidad Javeriana: \u201cTradicionalmente, el estudio de este tipo de organizaciones solidarias no se cubre de manera transversal, cuando de organizaciones se trata. Esto ni en antropolog\u00eda, ni en sociolog\u00eda, ni en administraci\u00f3n, ni en derecho\u2026 Mucho menos en econom\u00eda. Se cree que la \u00fanica forma de organizaci\u00f3n es la empresarial, la capitalista. Por eso no existen muchos acercamientos emp\u00edricos y conceptuales que demuestren la incidencia de las cooperativas en aspectos como la sostenibilidad empresarial, la dinamizaci\u00f3n de los territorios y las condiciones para el desarrollo local, lo que es problem\u00e1tico, porque no se tienden puentes entre las econom\u00edas solidarias, la academia, la sociedad y los gobiernos\u201d.<\/span><span data-ccp-props=\"{&quot;201341983&quot;:0,&quot;335559739&quot;:160,&quot;335559740&quot;:259}\">\u00a0<\/span><\/p>\n<p><span data-contrast=\"auto\">Por eso, desde hace varias d\u00e9cadas, el profesor \u00c1lvarez, junto con el equipo de la Facultad de Estudios Ambientales y Rurales, ha desarrollado proyectos investigativos que evidencian, de manera emp\u00edrica, la potencialidad e importancia de las cooperativas en la sociedad en general, desde la aplicaci\u00f3n de metodolog\u00edas cuantitativas.\u00a0<\/span><span data-ccp-props=\"{&quot;201341983&quot;:0,&quot;335559739&quot;:160,&quot;335559740&quot;:259}\">\u00a0<\/span><\/p>\n<p><span data-contrast=\"auto\">Una de esas investigaciones, que desarroll\u00f3 con el profesor Miguel \u00c1ngel Alarc\u00f3n Conde, de la Universidad de Castilla La Mancha, en Espa\u00f1a, relacion\u00f3 las contribuciones de las cooperativas \u2015a trav\u00e9s de sus siete Principios Cooperativos\u2015 en las metas de los Objetivos de Desarrollo Sostenible (ODS).<\/span><span data-ccp-props=\"{&quot;201341983&quot;:0,&quot;335559739&quot;:160,&quot;335559740&quot;:259}\">\u00a0<\/span><\/p>\n<p><span data-contrast=\"auto\">\u00bfCu\u00e1nto aportan los resultados de las cooperativas a los ODS? Esa fue la cuesti\u00f3n.<\/span><span data-ccp-props=\"{&quot;201341983&quot;:0,&quot;335559739&quot;:160,&quot;335559740&quot;:259}\">\u00a0<\/span><\/p>\n<p><span data-contrast=\"auto\">Y para responderla, los profesores \u00c1lvarez y Alarc\u00f3n se valieron de dos metodolog\u00edas. La primera es la encuesta Delphi, con base en la cual los investigadores indagaron entre 16 l\u00edderes de cooperativas colombianas y estudiosos cu\u00e1l podr\u00eda ser la relaci\u00f3n entre los Principios Cooperativos y los ODS. A partir de ese resultado estad\u00edstico, desarrollaron la segunda metodolog\u00eda: el an\u00e1lisis de redes sociales, un m\u00e9todo matem\u00e1tico en el que se entrelazan nodos \u2015en este caso, los Principios Cooperativos con m\u00e1s incidencia sobre los ODS\u2015 para expresar lazos entre ellos. De esta manera, aplicando una escala de las aportaciones de los Principios a los ODS, identificaron las relaciones m\u00e1s intensas y, a partir de estas, demostraron el impacto, en general, que puede tener, por ejemplo, un principio cooperativo espec\u00edfico \u2015como la igualdad\u2015 en un ODS espec\u00edfico \u2015el fin de la pobreza\u2015.<\/span><span data-ccp-props=\"{&quot;201341983&quot;:0,&quot;335559739&quot;:160,&quot;335559740&quot;:259}\">\u00a0<\/span><\/p>\n<p><span data-contrast=\"auto\">Con base en lo anterior, los investigadores encontraron, por ejemplo, que las cooperativas destinan cerca de un cuarto de sus excedentes a acciones que contribuyen a los ODS, sobre todo en \u201cactividades de preservaci\u00f3n medioambiental, captura de carbono, trabajo decente y educaci\u00f3n\u201d, de acuerdo con el documento acad\u00e9mico.<\/span><\/p>\n<p><span data-contrast=\"auto\">Tambi\u00e9n descubrieron que m\u00e1s de un 80 % de las cooperativas realiza o financia iniciativas sostenibles. Adicionalmente, entre otros hallazgos, evidenciaron que el principio cooperativo que m\u00e1s contribuye a los ODS es la preocupaci\u00f3n por la comunidad, y que este tiene un impacto significativo en dos objetivos: ciudades y comunidades sostenibles, y educaci\u00f3n de calidad.<\/span><span data-ccp-props=\"{&quot;201341983&quot;:0,&quot;335559739&quot;:160,&quot;335559740&quot;:259}\">\u00a0<\/span><\/p>\n<p><span data-contrast=\"auto\">En ese sentido, concluyen \u2015a partir de indicadores verificables y contrastables\u2015 que las pr\u00e1cticas de algunas cooperativas en Colombia, gracias a su \u201cno prioridad del \u00e1nimo de lucro personalista\u201d, est\u00e1n en sinton\u00eda con los ODS.<\/span><span data-ccp-props=\"{&quot;201341983&quot;:0,&quot;335559739&quot;:160,&quot;335559740&quot;:259}\">\u00a0<\/span><\/p>\n<p><span data-contrast=\"auto\">Ahora bien, advierte el profesor \u00c1lvarez, estos resultados son tan solo una generalizaci\u00f3n: \u201cSon una aproximaci\u00f3n susceptible de debates y mejoras y, a su vez, abiertas a su r\u00e9plica en diferentes contextos\u201d.<\/span><span data-ccp-props=\"{&quot;201341983&quot;:0,&quot;335559739&quot;:160,&quot;335559740&quot;:259}\">\u00a0<\/span><\/p>\n<p><span data-contrast=\"auto\">De cualquier forma, la investigaci\u00f3n y sus resultados son un aporte a la consolidaci\u00f3n del cooperativismo \u2015y, en general, al estudio de las econom\u00edas solidarias\u2015 desde una perspectiva acad\u00e9mica. Ese es su valor: \u201cImag\u00ednate un iceberg. En la punta est\u00e1n todos los estudios econ\u00f3micos sobre el impacto de las empresas capitalistas a la econom\u00eda, pero abajo est\u00e1n las otras formas de hacer econom\u00eda y tambi\u00e9n las otras formas de estudiar y medir los beneficios, que van m\u00e1s all\u00e1 de los valores monetarios. Bueno, eso es lo que hacemos: medir lo de abajo del iceberg\u201d. Y concluye: \u201cNosotros insistimos en medir lo que importa medir. \u00bfY qu\u00e9 es? \u00a1Pues el resultado! La capacidad de transformar [\u2026]. El indicador no es el dinero\u201d.<\/span><span data-ccp-props=\"{&quot;201341983&quot;:0,&quot;335559739&quot;:160,&quot;335559740&quot;:259}\">\u00a0<\/span><\/p>\n<p><span data-contrast=\"auto\">Al profesor \u00c1lvarez lo acusaban de \u201cso\u00f1ador\u201d \u2015a\u00fan hoy\u2015 por este tipo de comentarios y apuestas. \u00bfC\u00f3mo as\u00ed que la plata no es el indicador estrella del \u00e9xito de una empresa?<\/span><span data-ccp-props=\"{&quot;201341983&quot;:0,&quot;335559739&quot;:160,&quot;335559740&quot;:259}\">\u00a0<\/span><\/p>\n<p><span data-contrast=\"auto\">Pensaban que \u00e9ramos un grupo dogm\u00e1tico. Nos preguntaban qu\u00e9 hab\u00edamos tomado para plantear que la medici\u00f3n de las organizaciones est\u00e1 en su capacidad de generar transformaciones\u201d, sonr\u00ede. \u201cY mira, en octubre el papa Francisco public\u00f3 su enc\u00edclica social Fratelli\u00a0<\/span><span data-contrast=\"auto\">tutti<\/span><span data-contrast=\"auto\">\u00a0y en esta \u00e9l nombra 14 veces a las econom\u00edas solidarias y a las cooperativas como una forma para cambiar nuestros h\u00e1bitos de consumo y producci\u00f3n\u201d, vuelve a sonre\u00edr.\u00a0<\/span><span data-ccp-props=\"{&quot;201341983&quot;:0,&quot;335559739&quot;:160,&quot;335559740&quot;:259}\">\u00a0<\/span><\/p>\n<p><span data-contrast=\"auto\">El papa Francisco tambi\u00e9n es parte de este grupo de supuestos dogm\u00e1ticos. Ah\u00ed est\u00e1 la prueba.<\/span><\/p>\n<h3><b><span data-contrast=\"auto\">LOS SIETE PRINCIPIOS COOPERATIVOS SON:\u00a0<\/span><\/b><span data-ccp-props=\"{&quot;201341983&quot;:0,&quot;335559739&quot;:160,&quot;335559740&quot;:259}\">\u00a0<\/span><\/h3>\n<ul>\n<li data-leveltext=\"\uf0b7\" data-font=\"Symbol\" data-listid=\"1\" data-aria-posinset=\"1\" data-aria-level=\"1\"><span data-contrast=\"auto\">Asociaci\u00f3n\u00a0<\/span><span data-contrast=\"auto\">voluntaria<\/span><span data-contrast=\"auto\">\u00a0y\u00a0<\/span><span data-contrast=\"auto\">abierta<\/span><span data-contrast=\"auto\">.\u00a0<\/span><span data-ccp-props=\"{&quot;134233279&quot;:true,&quot;201341983&quot;:0,&quot;335559739&quot;:160,&quot;335559740&quot;:259}\">\u00a0<\/span><\/li>\n<li data-leveltext=\"\uf0b7\" data-font=\"Symbol\" data-listid=\"1\" data-aria-posinset=\"2\" data-aria-level=\"1\"><span data-contrast=\"auto\">Control\u00a0<\/span><span data-contrast=\"auto\">democr\u00e1tico<\/span><span data-contrast=\"auto\">\u00a0de los\u00a0<\/span><span data-contrast=\"auto\">miembros<\/span><span data-contrast=\"auto\">.\u00a0<\/span><span data-ccp-props=\"{&quot;134233279&quot;:true,&quot;201341983&quot;:0,&quot;335559739&quot;:160,&quot;335559740&quot;:259}\">\u00a0<\/span><\/li>\n<li data-leveltext=\"\uf0b7\" data-font=\"Symbol\" data-listid=\"1\" data-aria-posinset=\"3\" data-aria-level=\"1\"><span data-contrast=\"auto\">Participaci\u00f3n<\/span><span data-contrast=\"auto\">\u00a0<\/span><span data-contrast=\"auto\">econ\u00f3mica<\/span><span data-contrast=\"auto\">\u00a0de los\u00a0<\/span><span data-contrast=\"auto\">asociados<\/span><span data-contrast=\"auto\">.\u00a0<\/span><span data-ccp-props=\"{&quot;134233279&quot;:true,&quot;201341983&quot;:0,&quot;335559739&quot;:160,&quot;335559740&quot;:259}\">\u00a0<\/span><\/li>\n<li data-leveltext=\"\uf0b7\" data-font=\"Symbol\" data-listid=\"1\" data-aria-posinset=\"4\" data-aria-level=\"1\"><span data-contrast=\"auto\">Autonom\u00eda<\/span><span data-contrast=\"auto\">\u00a0e\u00a0<\/span><span data-contrast=\"auto\">independencia<\/span><span data-contrast=\"auto\">.<\/span><\/li>\n<li data-leveltext=\"\uf0b7\" data-font=\"Symbol\" data-listid=\"1\" data-aria-posinset=\"4\" data-aria-level=\"1\"><span data-contrast=\"auto\">Educaci\u00f3n<\/span><span data-contrast=\"auto\">,\u00a0<\/span><span data-contrast=\"auto\">formaci\u00f3n<\/span><span data-contrast=\"auto\">\u00a0e\u00a0<\/span><span data-contrast=\"auto\">informaci\u00f3n<\/span><span data-contrast=\"auto\">.\u00a0<\/span><span data-ccp-props=\"{&quot;134233279&quot;:true,&quot;201341983&quot;:0,&quot;335559739&quot;:160,&quot;335559740&quot;:259}\">\u00a0<\/span><\/li>\n<li data-leveltext=\"\uf0b7\" data-font=\"Symbol\" data-listid=\"1\" data-aria-posinset=\"4\" data-aria-level=\"1\"><span data-contrast=\"auto\">Cooperaci\u00f3n<\/span><span data-contrast=\"auto\">\u00a0entre\u00a0<\/span><span data-contrast=\"auto\">cooperativas<\/span><span data-contrast=\"auto\">.\u00a0<\/span><span data-ccp-props=\"{&quot;134233279&quot;:true,&quot;201341983&quot;:0,&quot;335559739&quot;:160,&quot;335559740&quot;:259}\">\u00a0<\/span><\/li>\n<li data-leveltext=\"\uf0b7\" data-font=\"Symbol\" data-listid=\"1\" data-aria-posinset=\"4\" data-aria-level=\"1\"><span data-contrast=\"auto\">Preocupaci\u00f3n<\/span><span data-contrast=\"auto\">\u00a0por la\u00a0<\/span><span data-contrast=\"auto\">comunidad<\/span><span data-contrast=\"auto\">.<\/span><span data-ccp-props=\"{&quot;134233279&quot;:true,&quot;201341983&quot;:0,&quot;335559739&quot;:160,&quot;335559740&quot;:259}\">\u00a0<\/span><\/li>\n<\/ul>\n<h3><b><span data-contrast=\"auto\">LOS ODS CON MAYOR IMPACTO GRACIAS A LOS PRINCIPIOS COOPERATIVOS SON:<\/span><\/b><span data-contrast=\"auto\">\u00a0\u00a0<\/span><span data-ccp-props=\"{&quot;201341983&quot;:0,&quot;335559739&quot;:160,&quot;335559740&quot;:259}\">\u00a0<\/span><\/h3>\n<ul>\n<li data-leveltext=\"\uf0b7\" data-font=\"Symbol\" data-listid=\"2\" data-aria-posinset=\"1\" data-aria-level=\"1\"><span data-contrast=\"auto\">Ciudades<\/span><span data-contrast=\"auto\">\u00a0y\u00a0<\/span><span data-contrast=\"auto\">comunidades<\/span><span data-contrast=\"auto\">\u00a0<\/span><span data-contrast=\"auto\">sostenibles<\/span><span data-contrast=\"auto\">.\u00a0<\/span><span data-ccp-props=\"{&quot;134233279&quot;:true,&quot;201341983&quot;:0,&quot;335559739&quot;:160,&quot;335559740&quot;:259}\">\u00a0<\/span><\/li>\n<li data-leveltext=\"\uf0b7\" data-font=\"Symbol\" data-listid=\"2\" data-aria-posinset=\"2\" data-aria-level=\"1\"><span data-contrast=\"auto\">Educaci\u00f3n<\/span><span data-contrast=\"auto\">\u00a0de\u00a0<\/span><span data-contrast=\"auto\">calidad<\/span><span data-contrast=\"auto\">.<\/span><span data-ccp-props=\"{&quot;134233279&quot;:true,&quot;201341983&quot;:0,&quot;335559739&quot;:160,&quot;335559740&quot;:259}\">\u00a0<\/span><\/li>\n<\/ul>\n<p><b><span data-contrast=\"auto\">Para leer\u00a0<\/span><\/b><b><span data-contrast=\"auto\">m\u00e1s<\/span><\/b><b><span data-contrast=\"auto\">:<\/span><\/b><span data-contrast=\"auto\">\u00a0<\/span><span data-ccp-props=\"{&quot;201341983&quot;:0,&quot;335559739&quot;:160,&quot;335559740&quot;:259}\">\u00a0<\/span><span data-contrast=\"auto\">Alarc\u00f3n Conde, M. \u00c1. y \u00c1lvarez Rodr\u00edguez, J. F. \u201cEl balance social y las\u00a0<\/span><span data-contrast=\"auto\">relaciones<\/span><span data-contrast=\"auto\">\u00a0entre los\u00a0<\/span><span data-contrast=\"auto\">Objetivos<\/span><span data-contrast=\"auto\">\u00a0de Desarrollo\u00a0<\/span><span data-contrast=\"auto\">Sostenible<\/span><span data-contrast=\"auto\">\u00a0y los\u00a0<\/span><span data-contrast=\"auto\">Principios<\/span><span data-contrast=\"auto\">\u00a0<\/span><span data-contrast=\"auto\">Cooperativos<\/span><span data-contrast=\"auto\">\u00a0<\/span><span data-contrast=\"auto\">mediante<\/span><span data-contrast=\"auto\">\u00a0un\u00a0<\/span><span data-contrast=\"auto\">an\u00e1lisis<\/span><span data-contrast=\"auto\">\u00a0de redes\u00a0<\/span><span data-contrast=\"auto\">sociales<\/span><span data-contrast=\"auto\">\u201d.\u00a0<\/span><span data-contrast=\"auto\">Revista<\/span><span data-contrast=\"auto\">\u00a0de\u00a0<\/span><span data-contrast=\"auto\">Econom\u00eda<\/span><span data-contrast=\"auto\">\u00a0P\u00fablica, Social y Cooperativa, 2020, (99), 57-87.<\/span><span data-ccp-props=\"{&quot;201341983&quot;:0,&quot;335559739&quot;:160,&quot;335559740&quot;:259}\">\u00a0<\/span><\/p>\n<hr \/>\n<p><b><span data-contrast=\"auto\">T\u00cdTULO DE LA INVESTIGACI\u00d3N:<\/span><\/b><span data-contrast=\"auto\">\u00a0<\/span><span data-contrast=\"auto\">El balance social y las\u00a0<\/span><span data-contrast=\"auto\">relaciones<\/span><span data-contrast=\"auto\">\u00a0entre los\u00a0<\/span><span data-contrast=\"auto\">Objetivos<\/span><span data-contrast=\"auto\">\u00a0de Desarrollo\u00a0<\/span><span data-contrast=\"auto\">Sostenible<\/span><span data-contrast=\"auto\">\u00a0y los\u00a0<\/span><span data-contrast=\"auto\">Principios<\/span><span data-contrast=\"auto\">\u00a0<\/span><span data-contrast=\"auto\">Cooperativos<\/span><span data-contrast=\"auto\">\u00a0<\/span><span data-contrast=\"auto\">mediante<\/span><span data-contrast=\"auto\">\u00a0un\u00a0<\/span><span data-contrast=\"auto\">an\u00e1lisis<\/span><span data-contrast=\"auto\">\u00a0de redes\u00a0<\/span><span data-contrast=\"auto\">sociales.<\/span><span data-ccp-props=\"{&quot;201341983&quot;:0,&quot;335559739&quot;:160,&quot;335559740&quot;:259}\"><br \/>\n<\/span><b><span data-contrast=\"auto\">INVESTIGADORES:<\/span><\/b><span data-ccp-props=\"{&quot;201341983&quot;:0,&quot;335559739&quot;:160,&quot;335559740&quot;:259}\">\u00a0<\/span><span data-contrast=\"auto\">Juan Fernando \u00c1lvarez Rodr\u00edguez y Miguel \u00c1ngel Alarc\u00f3n Conde.<\/span><span data-ccp-props=\"{&quot;201341983&quot;:0,&quot;335559739&quot;:160,&quot;335559740&quot;:259}\"><br \/>\n<\/span><b><span data-contrast=\"auto\">PERIODO DE LA INVESTIGACI\u00d3N:<\/span><\/b><span data-ccp-props=\"{&quot;201341983&quot;:0,&quot;335559739&quot;:160,&quot;335559740&quot;:259}\">\u00a0<\/span><span data-contrast=\"auto\">2019-2020.<\/span><\/p>\n<p style=\"text-align: right;\"><a href=\"http:\/\/www.javeriana.edu.co\/pesquisa\/inteligencia-artificial-una-aliada-para-el-desminado-humanitario\/\" rel=\"noopener\"><img decoding=\"async\" class=\"alignnone wp-image-17102\" src=\"http:\/\/www.javeriana.edu.co\/pesquisa\/wp-content\/uploads\/2020\/12\/BOT%C3%93N-ANTERIOR.png\" alt=\"\" width=\"66\" height=\"120\" \/><\/a><a href=\"http:\/\/www.javeriana.edu.co\/pesquisa\/edicion-54\" rel=\"noopener\"><img decoding=\"async\" class=\"alignnone wp-image-17104\" src=\"http:\/\/www.javeriana.edu.co\/pesquisa\/wp-content\/uploads\/2020\/12\/REGRESAR-A-P54.png\" alt=\"\" width=\"89\" height=\"120\" srcset=\"http:\/\/www.javeriana.edu.co\/pesquisa\/wp-content\/uploads\/2020\/12\/REGRESAR-A-P54.png 328w, http:\/\/www.javeriana.edu.co\/pesquisa\/wp-content\/uploads\/2020\/12\/REGRESAR-A-P54-222x300.png 222w, http:\/\/www.javeriana.edu.co\/pesquisa\/wp-content\/uploads\/2020\/12\/REGRESAR-A-P54-150x203.png 150w\" sizes=\"(max-width: 89px) 100vw, 89px\" \/><\/a><a href=\"http:\/\/www.javeriana.edu.co\/pesquisa\/transparente-como-el-agua-una-mirada-mas-profunda-al-agua-que-consumimos\/\" rel=\"noopener\"><img decoding=\"async\" class=\"alignnone wp-image-17103\" src=\"http:\/\/www.javeriana.edu.co\/pesquisa\/wp-content\/uploads\/2020\/12\/BOTON-SIGUIENTE.png\" alt=\"\" width=\"69\" height=\"120\" srcset=\"http:\/\/www.javeriana.edu.co\/pesquisa\/wp-content\/uploads\/2020\/12\/BOTON-SIGUIENTE.png 262w, http:\/\/www.javeriana.edu.co\/pesquisa\/wp-content\/uploads\/2020\/12\/BOTON-SIGUIENTE-173x300.png 173w, http:\/\/www.javeriana.edu.co\/pesquisa\/wp-content\/uploads\/2020\/12\/BOTON-SIGUIENTE-150x260.png 150w\" sizes=\"(max-width: 69px) 100vw, 69px\" \/><\/a><\/p>\n","protected":false},"excerpt":{"rendered":"<p>La cooperaci\u00f3n se puede medir, pero no necesariamente en t\u00e9rminos monetarios. As\u00ed lo demuestra esta investigaci\u00f3n, que reivindica y prueba el valor de las econom\u00edas solidarias.<\/p>\n","protected":false},"author":38,"featured_media":22009,"comment_status":"open","ping_status":"open","sticky":false,"template":"","format":"standard","meta":{"footnotes":""},"categories":[3691,2468,380,373],"tags":[728,773,2386,774,587,1392,530,2105,1761,783,2106,1712,707],"class_list":{"0":"post-16993","1":"post","2":"type-post","3":"status-publish","4":"format-standard","5":"has-post-thumbnail","7":"category-economia","8":"category-pesquisa-54","9":"category-pesquisa-impresa","10":"category-sociedad","11":"tag-academia","12":"tag-antropologia","13":"tag-consumo","14":"tag-cooperacion","15":"tag-desarrollo","16":"tag-desarrollo-sostenible","17":"tag-economia","18":"tag-objetivos-de-desarrollo-sostenible","19":"tag-pobreza","20":"tag-sociedad","21":"tag-sostenibilidad","22":"tag-territorio","23":"tag-territorios"},"_links":{"self":[{"href":"http:\/\/www.javeriana.edu.co\/pesquisa\/wp-json\/wp\/v2\/posts\/16993","targetHints":{"allow":["GET"]}}],"collection":[{"href":"http:\/\/www.javeriana.edu.co\/pesquisa\/wp-json\/wp\/v2\/posts"}],"about":[{"href":"http:\/\/www.javeriana.edu.co\/pesquisa\/wp-json\/wp\/v2\/types\/post"}],"author":[{"embeddable":true,"href":"http:\/\/www.javeriana.edu.co\/pesquisa\/wp-json\/wp\/v2\/users\/38"}],"replies":[{"embeddable":true,"href":"http:\/\/www.javeriana.edu.co\/pesquisa\/wp-json\/wp\/v2\/comments?post=16993"}],"version-history":[{"count":14,"href":"http:\/\/www.javeriana.edu.co\/pesquisa\/wp-json\/wp\/v2\/posts\/16993\/revisions"}],"predecessor-version":[{"id":24104,"href":"http:\/\/www.javeriana.edu.co\/pesquisa\/wp-json\/wp\/v2\/posts\/16993\/revisions\/24104"}],"wp:featuredmedia":[{"embeddable":true,"href":"http:\/\/www.javeriana.edu.co\/pesquisa\/wp-json\/wp\/v2\/media\/22009"}],"wp:attachment":[{"href":"http:\/\/www.javeriana.edu.co\/pesquisa\/wp-json\/wp\/v2\/media?parent=16993"}],"wp:term":[{"taxonomy":"category","embeddable":true,"href":"http:\/\/www.javeriana.edu.co\/pesquisa\/wp-json\/wp\/v2\/categories?post=16993"},{"taxonomy":"post_tag","embeddable":true,"href":"http:\/\/www.javeriana.edu.co\/pesquisa\/wp-json\/wp\/v2\/tags?post=16993"}],"curies":[{"name":"wp","href":"https:\/\/api.w.org\/{rel}","templated":true}]}}