{"id":17006,"date":"2022-07-23T20:33:00","date_gmt":"2022-07-24T01:33:00","guid":{"rendered":"http:\/\/www.javeriana.edu.co\/pesquisa\/?p=17006"},"modified":"2022-08-10T21:21:18","modified_gmt":"2022-08-11T02:21:18","slug":"el-reto-de-promover-la-salud-integral-en-ninos-con-labio-y-paladar-hendido","status":"publish","type":"post","link":"http:\/\/www.javeriana.edu.co\/pesquisa\/el-reto-de-promover-la-salud-integral-en-ninos-con-labio-y-paladar-hendido\/","title":{"rendered":"El reto de promover la salud integral en ni\u00f1os con labio y paladar hendido"},"content":{"rendered":"<p><em><strong>Este art\u00edculo titulado El reto de promover la salud integral en ni\u00f1os con labio y paladar hendido fue publicado el 11 de diciembre de 2020 y se reproduce tal cual como circul\u00f3 originalmente.<\/strong><\/em><\/p>\n<p>Desde la antig\u00fcedad, la humanidad se ha enfrentado <a href=\"https:\/\/www.intramed.net\/contenidover.asp?contenidoid=75681\" target=\"_blank\" rel=\"noopener\">al reto de tener individuos con hendiduras o malformaciones en su cara<\/a>, ojos, labios o paladar, que han sido discriminados o aceptados socialmente a tal punto de considerarlos dioses en culturas como la griega, china o egipcia.<\/p>\n<p>Aunque esto ocurr\u00eda hace miles de a\u00f1os, todav\u00eda en la sociedad colombiana es com\u00fan oir expresiones como \u201c\u00bfqu\u00e9 tiene ese ni\u00f1o en la boca?\u201d, \u201c\u00bfpor qu\u00e9 no se entiende lo que habla?\u201d, \u201c\u00a1Ah, es que tiene labio leporino!\u201d, lo cual no es de extra\u00f1arse porque cualquier condici\u00f3n de la cara que se aleje de la \u201cnormalidad\u201c llama la atenci\u00f3n y m\u00e1s aun porque el rostro es el conjunto de facciones y rasgos que le dan parte de la individualidad e identidad a cada persona.<\/p>\n<p>En la actualidad, tener alguna anomal\u00eda craneofacial sigue siendo un reto m\u00e9dico y social. Unas de las m\u00e1s comunes son las malformaciones en el labio y el paladar, que se presentan entre el 0.09 % y 0.10 % de la poblaci\u00f3n colombiana, seg\u00fan el <a href=\"https:\/\/www.minsalud.gov.co\/sites\/rid\/Lists\/BibliotecaDigital\/RIDE\/VS\/PP\/ENSAB-IV-Situacion-Bucal-Actual.pdf\" target=\"_blank\" rel=\"noopener\">IV Estudio Nacional de Salud Bucal<\/a> del a\u00f1o 2015 del Ministerio de Salud y Protecci\u00f3n Social.<\/p>\n<p>En esta medida, el nacimiento de un ni\u00f1o con hendidura labiopalatina, que se conoce coloquialmente como \u2018labio leporino\u2019, tiene gran impacto en la persona pues la complejidad de esta condici\u00f3n genera alteraciones psicol\u00f3gicas, est\u00e9ticas y funcionales que pueden afectar la alimentaci\u00f3n, audici\u00f3n, respiraci\u00f3n, masticaci\u00f3n y el habla del paciente frente a su entorno social, escolar y familiar.<\/p>\n<blockquote><p>El t\u00e9rmino <strong>\u201cleporino\u201d<\/strong> viene de la palabra latina \u201cleporum\u201d, que significa \u201clabio libre\u201d, semejando la forma del labio de los conejos. Actualmente se prefiere evitar esta palabra.<\/p><\/blockquote>\n<p>En el tratamiento de esta condici\u00f3n es necesaria la participaci\u00f3n de un grupo de especialistas que act\u00faen de manera articulada para que el desarrollo y la rehabilitaci\u00f3n de estos pacientes y de sus familias se d\u00e9 integralmente. En este proceso es importante involucrar a los cuidadores, para que sea posible cumplir los objetivos propuestos.<\/p>\n<p>El acompa\u00f1amiento se debe iniciar por un equipo de especialistas en gen\u00e9tica, pediatr\u00eda, cirug\u00eda pl\u00e1stica y\/o maxilofacial, odontopediatr\u00eda, fonoaudiolog\u00eda, psicolog\u00eda, ortodoncia, periodoncia, restauraci\u00f3n oral, entre otros. Es ideal que est\u00e9n presentes desde el embarazo de la madre para brindar asesor\u00eda, con el fin de que se puedan despejar dudas y se oriente a los padres sobre el cumplimiento de las necesidades b\u00e1sicas de sus hijos como la alimentaci\u00f3n del beb\u00e9 que viene con esta condici\u00f3n. Aunque esta suele ser una de las mayores dificultades porque se pueden presentar cuadros de ahogo, paso de l\u00edquido entre la nariz y boca, los expertos han identificado que es posible implementar la lactancia materna como primera opci\u00f3n para el neonato que nace con alg\u00fan tipo de hendidura en el labio o paladar.<\/p>\n<p>A medida que el beb\u00e9 va a creciendo, es fundamental que los padres sepan cu\u00e1l es la mejor manera de alimentarlos, con el fin de estimular sus m\u00fasculos, proporcionarles una ganancia \u00f3ptima de peso y prepararlos para las primeras cirug\u00edas del cierre del labio y del paladar. Adem\u00e1s, en este contexto, la decisi\u00f3n o no de realizar aparatos para moldear la boca o la nariz debe partir de las condiciones particulares de cada individuo y de las necesidades del c\u00edrculo familiar. Por otro lado, es necesario el acompa\u00f1amiento del odontopediatra y del fonoaudi\u00f3logo, que indican el momento propicio para iniciar el cepillado dental, los controles de la erupci\u00f3n de sus dientes y hacer seguimiento a los procesos de succi\u00f3n, degluci\u00f3n, masticaci\u00f3n, respiraci\u00f3n, habla y lenguaje.<\/p>\n<p>Por lo anterior, el tratamiento de ni\u00f1os con malformaciones en el labio y el paladar requiere de diversos profesionales que trabajen coordinadamente y en equipo, adem\u00e1s de poseer gran conciencia social, valores y formaci\u00f3n integral. Considerando que lo ideal en salud es la prevenci\u00f3n de la enfermedad y la promoci\u00f3n de salud, el grupo interdisciplinario para el manejo de las hendiduras labiopalatinas de la Facultad de Odontolog\u00eda: <em>Construyendo Futuro<\/em>, plantea estrategias desde hace aproximadamente 20 a\u00f1os para lograr la salud integral de los ni\u00f1os con esas condiciones, donde la educaci\u00f3n y la promoci\u00f3n de la salud empodere a los pacientes y sus familias para minimizar cualquier manera de discriminaci\u00f3n.<\/p>\n<figure id=\"attachment_22056\" aria-describedby=\"caption-attachment-22056\" style=\"width: 1024px\" class=\"wp-caption aligncenter\"><img fetchpriority=\"high\" decoding=\"async\" class=\"wp-image-22056 size-full\" src=\"http:\/\/www.javeriana.edu.co\/pesquisa\/wp-content\/uploads\/2020\/12\/paladar-hendido-javeriana.jpg\" alt=\"\" width=\"1024\" height=\"661\" srcset=\"http:\/\/www.javeriana.edu.co\/pesquisa\/wp-content\/uploads\/2020\/12\/paladar-hendido-javeriana.jpg 1024w, http:\/\/www.javeriana.edu.co\/pesquisa\/wp-content\/uploads\/2020\/12\/paladar-hendido-javeriana-300x194.jpg 300w, http:\/\/www.javeriana.edu.co\/pesquisa\/wp-content\/uploads\/2020\/12\/paladar-hendido-javeriana-150x97.jpg 150w, http:\/\/www.javeriana.edu.co\/pesquisa\/wp-content\/uploads\/2020\/12\/paladar-hendido-javeriana-450x290.jpg 450w, http:\/\/www.javeriana.edu.co\/pesquisa\/wp-content\/uploads\/2020\/12\/paladar-hendido-javeriana-768x496.jpg 768w\" sizes=\"(max-width: 1024px) 100vw, 1024px\" \/><figcaption id=\"caption-attachment-22056\" class=\"wp-caption-text\">Fotograf\u00eda: iStock<\/figcaption><\/figure>\n<p>De esta manera, a ra\u00edz de la pandemia ocasionada por la COVID-19 y con motivo del aniversario de los 70 a\u00f1os de la Facultad de Odontolog\u00eda de la Universidad Javeriana, el \u00e1rea de Odontopediatr\u00eda y Fonoaudiolog\u00eda se propuso brindar un acompa\u00f1amiento a los pacientes con Labio y Paladar Hendido (LPH) y a sus familias a trav\u00e9s de un material educativo, con el fin de mejorar y optimizar su desempe\u00f1o en las \u00e1reas de la salud oral, alimentaci\u00f3n, forma de hablar y desarrollo del lenguaje de los ni\u00f1os desde el nacimiento hasta los 18 a\u00f1os de edad.<\/p>\n<p>Este material incluye videos, infograf\u00edas y un <a href=\"https:\/\/camilaodp.blogspot.com\/\" target=\"_blank\" rel=\"noopener\">blog interactivo <\/a>que busca ilustrar los cuidados y la forma correcta de alimentar a un beb\u00e9 con LPH durante los primeros meses con lactancia materna, c\u00f3mo realizarles su higiene bucal, presenta una gu\u00eda alimenticia para optimizar su nutrici\u00f3n y proporciona pautas para la estimulaci\u00f3n correcta del habla y del lenguaje de los ni\u00f1os.<\/p>\n<p>A continuaci\u00f3n, le invitamos a consultar el material educativo:<\/p>\n<ul>\n<li><a href=\"http:\/\/www.javeriana.edu.co\/pesquisa\/wp-content\/uploads\/2020\/12\/Lactancia-materna-en-bebe\u0301s-con-labio-y_o-paladar-hendido_compressed.pdf\" target=\"_blank\" rel=\"noopener\">Lactancia materna en bebe\u0301s con labio y paladar hendido<\/a><\/li>\n<li><a href=\"http:\/\/www.javeriana.edu.co\/pesquisa\/wp-content\/uploads\/2020\/12\/Desarrollo-del-habla-y-lenguaje_compressed.pdf\" target=\"_blank\" rel=\"noopener\">Desarrollo del habla y el lenguaje<\/a><\/li>\n<li><a href=\"http:\/\/www.javeriana.edu.co\/pesquisa\/wp-content\/uploads\/2020\/12\/Cuidados-orales-de-los-bebe\u0301s-con-hendiduras-labio-palatinas-entre-0-6-meses_compressed.pdf\" target=\"_blank\" rel=\"noopener\">Cuidados orales de los bebe\u0301s entre 0-6 meses\u00a0con labio y paladar hendido<\/a><\/li>\n<li><a href=\"http:\/\/www.javeriana.edu.co\/pesquisa\/wp-content\/uploads\/2020\/12\/Habitos-en-LPH_compressed.pdf\" target=\"_blank\" rel=\"noopener\">H\u00e1bitos de los pacientes con\u00a0labio y paladar hendido<\/a><\/li>\n<\/ul>\n<p>Este material fue dise\u00f1ado por el grupo de residentes de segundo a\u00f1o de la <a href=\"https:\/\/www.javeriana.edu.co\/especializacion-odontopediatria\">Especializaci\u00f3n en Odontopediatr\u00eda<\/a> de la Facultad de Odontolog\u00eda: Camila \u00c1lvarez, Tatiana Bustos, Alexandra Eras, Luc\u00eda Galindo, Karen Hern\u00e1ndez, Gabriela Oviedo, Silvia Rojas y Sarah Villalobos. Adem\u00e1s, cont\u00f3 con la participaci\u00f3n de la estomat\u00f3loga pediatra Mar\u00eda del Pilar Bernal y la fonoaudi\u00f3loga especialista en Terapia Miofuncional y Disfagia, Mar\u00eda Ximena Abello, profesoras de la Pontificia Universidad Javeriana.<\/p>\n<figure id=\"attachment_22059\" aria-describedby=\"caption-attachment-22059\" style=\"width: 1024px\" class=\"wp-caption aligncenter\"><img decoding=\"async\" class=\"wp-image-22059 size-full\" src=\"http:\/\/www.javeriana.edu.co\/pesquisa\/wp-content\/uploads\/2020\/12\/investigacion-paladar-hendido.jpg\" alt=\"\" width=\"1024\" height=\"661\" srcset=\"http:\/\/www.javeriana.edu.co\/pesquisa\/wp-content\/uploads\/2020\/12\/investigacion-paladar-hendido.jpg 1024w, http:\/\/www.javeriana.edu.co\/pesquisa\/wp-content\/uploads\/2020\/12\/investigacion-paladar-hendido-300x194.jpg 300w, http:\/\/www.javeriana.edu.co\/pesquisa\/wp-content\/uploads\/2020\/12\/investigacion-paladar-hendido-150x97.jpg 150w, http:\/\/www.javeriana.edu.co\/pesquisa\/wp-content\/uploads\/2020\/12\/investigacion-paladar-hendido-450x290.jpg 450w, http:\/\/www.javeriana.edu.co\/pesquisa\/wp-content\/uploads\/2020\/12\/investigacion-paladar-hendido-768x496.jpg 768w\" sizes=\"(max-width: 1024px) 100vw, 1024px\" \/><figcaption id=\"caption-attachment-22059\" class=\"wp-caption-text\">Fotograf\u00eda: iStock<\/figcaption><\/figure>\n","protected":false},"excerpt":{"rendered":"<p>En el D\u00eda del Labio y Paladar Hendido recordamos la estrategia de acompa\u00f1amiento a pacientes con Labio y Paladar Hendido (LPH) de la Facultad de Odontolog\u00eda de la Universidad Javeriana.<\/p>\n","protected":false},"author":45,"featured_media":22053,"comment_status":"open","ping_status":"open","sticky":false,"template":"","format":"standard","meta":{"footnotes":""},"categories":[3515,374,3698],"tags":[2467,2224,1001,759,1900,74,2464,2076,1119,319,2465,2466,1934,2080,389,792,2414,350,575],"class_list":{"0":"post-17006","1":"post","2":"type-post","3":"status-publish","4":"format-standard","5":"has-post-thumbnail","7":"category-investigadores","8":"category-salud","9":"category-semilleros","10":"tag-atencion-integral","11":"tag-covid-19","12":"tag-enfermedad","13":"tag-estetica","14":"tag-fonoaudiologia","15":"tag-genetica","16":"tag-labio-hendido","17":"tag-labio-leporino","18":"tag-nino","19":"tag-ninos","20":"tag-odontologia","21":"tag-odontopediatria","22":"tag-pacientes","23":"tag-paladar-hendido","24":"tag-prevencion","25":"tag-proteccion","26":"tag-restauracion","27":"tag-salud","28":"tag-salud-oral"},"_links":{"self":[{"href":"http:\/\/www.javeriana.edu.co\/pesquisa\/wp-json\/wp\/v2\/posts\/17006","targetHints":{"allow":["GET"]}}],"collection":[{"href":"http:\/\/www.javeriana.edu.co\/pesquisa\/wp-json\/wp\/v2\/posts"}],"about":[{"href":"http:\/\/www.javeriana.edu.co\/pesquisa\/wp-json\/wp\/v2\/types\/post"}],"author":[{"embeddable":true,"href":"http:\/\/www.javeriana.edu.co\/pesquisa\/wp-json\/wp\/v2\/users\/45"}],"replies":[{"embeddable":true,"href":"http:\/\/www.javeriana.edu.co\/pesquisa\/wp-json\/wp\/v2\/comments?post=17006"}],"version-history":[{"count":15,"href":"http:\/\/www.javeriana.edu.co\/pesquisa\/wp-json\/wp\/v2\/posts\/17006\/revisions"}],"predecessor-version":[{"id":34222,"href":"http:\/\/www.javeriana.edu.co\/pesquisa\/wp-json\/wp\/v2\/posts\/17006\/revisions\/34222"}],"wp:featuredmedia":[{"embeddable":true,"href":"http:\/\/www.javeriana.edu.co\/pesquisa\/wp-json\/wp\/v2\/media\/22053"}],"wp:attachment":[{"href":"http:\/\/www.javeriana.edu.co\/pesquisa\/wp-json\/wp\/v2\/media?parent=17006"}],"wp:term":[{"taxonomy":"category","embeddable":true,"href":"http:\/\/www.javeriana.edu.co\/pesquisa\/wp-json\/wp\/v2\/categories?post=17006"},{"taxonomy":"post_tag","embeddable":true,"href":"http:\/\/www.javeriana.edu.co\/pesquisa\/wp-json\/wp\/v2\/tags?post=17006"}],"curies":[{"name":"wp","href":"https:\/\/api.w.org\/{rel}","templated":true}]}}