{"id":17030,"date":"2020-12-14T09:01:45","date_gmt":"2020-12-14T14:01:45","guid":{"rendered":"http:\/\/www.javeriana.edu.co\/pesquisa\/?p=17030"},"modified":"2022-05-17T13:47:35","modified_gmt":"2022-05-17T18:47:35","slug":"sintomas-de-covid-19-su-cuerpo-le-puede-estar-hablando","status":"publish","type":"post","link":"http:\/\/www.javeriana.edu.co\/pesquisa\/sintomas-de-covid-19-su-cuerpo-le-puede-estar-hablando\/","title":{"rendered":"\u00bfS\u00edntomas de COVID-19? Su cuerpo le puede estar \u2018hablando\u2019"},"content":{"rendered":"<p>En estos momentos uno de los mejores ant\u00eddotos contra la COVID-19, adem\u00e1s de las medidas de protecci\u00f3n, es estar informado. As\u00ed lo confirma la Organizaci\u00f3n Panamericana de la Salud (OPS), pues insiste en que si se facilita informaci\u00f3n precisa, la poblaci\u00f3n podr\u00e1 tomar decisiones y adoptar comportamientos positivos.<\/p>\n<p>Pesquisa Javeriana se une a este llamado, haciendo un resumen de diversas noticias que hemos publicado sobre los conceptos de expertos javerianos con respecto a los avances del virus.<\/p>\n<p>En primer lugar, recordar que las afectaciones en cada una de las personas que padecen la COVID-19 son variables. Adem\u00e1s de los llamados asintom\u00e1ticos, hay otro grupo de personas que puede experimentar los s\u00edntomas comunes como fiebre, tos seca, dificultad para respirar, y adicionalmente p\u00e9rdida del gusto y del olfato, afecciones en la piel, en el coraz\u00f3n e incluso n\u00e1useas, v\u00f3mito y diarrea.<\/p>\n<h3><strong><a href=\"http:\/\/www.javeriana.edu.co\/pesquisa\/oxigene-sus-conocimientos-sobre-la-COVID-19\/\">Oxigene sus conocimientos sobre la COVID-19<\/a><\/strong><\/h3>\n<p>El asma, la Enfermedad Pulmonar Obstructiva Cr\u00f3nica (EPOC) o la falla cardiaca est\u00e1n acompa\u00f1adas de una sensaci\u00f3n de falta de aire, o deficiente nivel de saturaci\u00f3n de ox\u00edgeno, es decir, por debajo de 90 (hipoxemia), cuando en valores normales se espera que est\u00e9 entre 95 y 100%.<\/p>\n<p>Sin embargo, la particularidad en algunos pacientes con COVID-19, comenta el m\u00e9dico internista javeriano Juan David Botero, es que pueden presentar este signo sin estar acompa\u00f1adas de la sensaci\u00f3n de ahogo; a esto lo han denominado \u201chappy hipoxemia\u201d: aunque a la persona le falta el ox\u00edgeno y su cuerpo se est\u00e1 viendo afectado (su coraz\u00f3n tiene que trabajar m\u00e1s, las c\u00e9lulas sufren por su carencia), no lo siente. Esa es una de las razones por las cuales los pacientes consultan tarde, sin saber que ya la infecci\u00f3n est\u00e1 avanzada.<\/p>\n<p>Como ya lo han sugerido algunas publicaciones, estas personas deben recibir ox\u00edgeno de formas no tan invasivas y monitorear su saturaci\u00f3n intentando estabilizarla, pero si esto no mejora, \u201cla instancia siguiente y que tratamos de evitar es la ventilaci\u00f3n mec\u00e1nica (intubaci\u00f3n)\u201d, complementa Botero. Ante la falta de ox\u00edgeno, una forma de aumentar su generaci\u00f3n es haciendo uso de la antigua t\u00e9cnica de mover el diafragma, colocando al paciente boca abajo y con la cabeza de lado para mejorar la respiraci\u00f3n, se\u00f1ala el internista. No obstante, esta alternativa es de alta complejidad, por lo que solo debe ser realizada por expertos.<\/p>\n<h3><strong><a href=\"http:\/\/www.javeriana.edu.co\/pesquisa\/olores-y-sabores-que-no-se-pierda-el-sentido-en-tiempo-de-pandemia\/\">Olores y sabores, que no se pierda el sentido en tiempo de pandemia<\/a><\/strong><\/h3>\n<p>El debate sobre si las alteraciones en el olfato y gusto deber\u00edan considerarse un s\u00edntoma de la COVID-19 ha sido una constante. Sin embargo, cada vez hay m\u00e1s reportes de la presencia de estas alteraciones en pacientes con signos compatibles o con diagn\u00f3stico confirmado del actual coronavirus, lo que ha llamado la atenci\u00f3n de investigadores a nivel global.<\/p>\n<p>Para la doctora javeriana Mar\u00eda Manuela Chemas, residente de otorrinolaringolog\u00eda y cirug\u00eda maxilofacial, no se puede desconocer la importancia de estas se\u00f1ales f\u00edsicas. \u201cSi atendemos de forma oportuna al llamado de estas manifestaciones, podemos evitar que la persona asintom\u00e1tica, pero con p\u00e9rdida del gusto o el olfato, siga propagando el virus\u201d, explica. Por esta raz\u00f3n, las personas que presenten p\u00e9rdida del gusto u olfato y no hayan tenido antecedentes de congesti\u00f3n nasal cr\u00f3nica con patolog\u00edas como rinitis al\u00e9rgica o sinusitis aguda, deben practicarse pruebas diagn\u00f3sticas y someterse al aislamiento preventivo, pues la experta asegura que estos signos son un potencial indicador para identificar a los portadores del virus en fases tempranas.<\/p>\n<h3><strong><a href=\"http:\/\/www.javeriana.edu.co\/pesquisa\/en-la-piel-tambien-se-reflejan-sintomas-de-COVID-19\/\">En la piel tambi\u00e9n se reflejan s\u00edntomas de COVID-19<\/a><\/strong><\/h3>\n<p>Seg\u00fan reportes cient\u00edficos, la piel no se escapa de los efectos del coronavirus, pues la COVID-19 puede manifestarse a trav\u00e9s de erupciones en distintas partes del cuerpo como manos, pies, tronco, espalda, axilas, entre otros.<\/p>\n<p>Las manifestaciones cut\u00e1neas provocadas por esta enfermedad son materia de an\u00e1lisis por las m\u00faltiples formas en las pueden llegar a presentarse y porque se parecen a otras que ya se han visto antes en la piel como varicela o sarampi\u00f3n, lo que hace m\u00e1s dif\u00edcil distinguirlas.<\/p>\n<h3><strong><a href=\"http:\/\/www.javeriana.edu.co\/pesquisa\/COVID-19-su-estomago-tambien-podria-estar-en-riesgo\/\">COVID-19: su est\u00f3mago tambi\u00e9n podr\u00eda estar en riesgo<\/a><\/strong><\/h3>\n<p>S\u00edntomas como fiebre, tos seca o dificultad para respirar han sido claramente identificados en pacientes con la COVID-19, pero manifestaciones como n\u00e1useas, v\u00f3mito y diarrea parecen ser una novedad. Al respecto, la gastroenter\u00f3loga javeriana Ana Mar\u00eda Manzano explica que seg\u00fan estudios realizados a la enzima (agiotensina-2), por medio de la cual ingresa el virus, confirman que est\u00e1 presente en diferentes tramos del tracto digestivo, como en el intestino delgado, lo que puede explicar la presencia del virus en esta parte del cuerpo.<\/p>\n<p>En cuanto a la afectaci\u00f3n que tiene el virus en el h\u00edgado, se ha visto que del 14% al 53% de los pacientes con COVID-19 reportan lesi\u00f3n en este \u00f3rgano y, dice la experta, la mayor\u00eda de las alteraciones a este nivel son transitorias y leves. Adem\u00e1s, muchas de ellas apuntan a que el compromiso hep\u00e1tico puede ser resultado del tratamiento farmacol\u00f3gico usado para tratar el SARS-Cov-2 y no directamente generado por este coronavirus.<\/p>\n<p>Aunque no hay evidencia concluyente que confirme la transmisi\u00f3n del SARS-CoV-2 de forma fecal-oral, Manzano recomienda la desinfecci\u00f3n frecuente de \u00e1reas compartidas. Si un paciente est\u00e1 bajo aislamiento porque tiene la presencia de la enfermedad, lo ideal es que pueda tener un ba\u00f1o personal. Sugiere, adem\u00e1s, que este lugar sea usado por otras personas solo 14 d\u00edas despu\u00e9s de haber salido de hospitalizaci\u00f3n o de pasar el aislamiento en casa.<\/p>\n<h3><a href=\"http:\/\/www.javeriana.edu.co\/pesquisa\/que-no-le-duela-el-corazon-por-culpa-de-la-COVID-19\/\"><strong>Que no le duela el coraz\u00f3n por culpa de la COVID-19<\/strong><\/a><\/h3>\n<p>Diversos estudios internacionales est\u00e1n dando cuenta de la relaci\u00f3n que hay entre el coraz\u00f3n y la COVID-19. El virus puede afectarlo de diversas formas, asegura el m\u00e9dico javeriano Julio Aldana; puede ser de manera directa, cuando afecta al m\u00fasculo (miocardio), cuando hay una falta de ox\u00edgeno en la sangre porque el virus est\u00e1 atacando a los pulmones o cuando desencadena una inflamaci\u00f3n en los \u00f3rganos.<\/p>\n<p>Las conclusiones de los expertos indican que las afecciones cardiacas en pacientes con COVID-19 se deben, en el caso de adultos mayores, al incremento de la exigencia al coraz\u00f3n por la edad y una capacidad ya disminuida en la reserva card\u00edaca. En pacientes menores se podr\u00eda tratar de una miocarditis causada propiamente por el virus. Adem\u00e1s, hallazgos cient\u00edficos confirman que quienes tienen enfermedades cardiovasculares preexistentes son pacientes de alto riesgo y quienes no han presentado problemas previos a la adquisici\u00f3n del virus pueden empezar a padecerlos.<\/p>\n<h3><strong><a href=\"http:\/\/www.javeriana.edu.co\/pesquisa\/tapabocas-como-protegen-a-medicos-y-enfermeras\/\">\u00bfC\u00f3mo protegen los tapabocas?<\/a><\/strong><\/h3>\n<p>El estornudo, la tos y dem\u00e1s expresiones que impliquen la expulsi\u00f3n de got\u00edculas de saliva son fuente principal de transmisi\u00f3n del virus, m\u00e1s a\u00fan, sabiendo que hay personas asintom\u00e1ticas que pueden estar propagando la enfermedad. Por ello, usar una m\u00e1scara de protecci\u00f3n es esencial.<\/p>\n<p>Para el caso del personal m\u00e9dico, hay diferentes tipos de respiradores y EPP (Elementos de Protecci\u00f3n Personal) que tienen caracter\u00edsticas particulares y cubren necesidades espec\u00edficas, por lo que su uso no es gen\u00e9rico. De esta manera se recomienda conocer cu\u00e1l es el respirador adecuado para cada uno.<\/p>\n","protected":false},"excerpt":{"rendered":"<p>Expertos javerianos del sector de la salud analizan los s\u00edntomas del actual coronavirus en distintas partes del cuerpo. Adem\u00e1s de fiebre, tos y dificultad respiratoria, en la piel, el est\u00f3mago y el coraz\u00f3n tambi\u00e9n puede manifestarse esta enfermedad. <\/p>\n","protected":false},"author":27,"featured_media":22046,"comment_status":"open","ping_status":"open","sticky":false,"template":"","format":"standard","meta":{"footnotes":""},"categories":[374],"tags":[2226,870,925,2204,2224,907,1001,1681,2002,1952,1986,2360,2449,2207,2363,2446,2382],"class_list":{"0":"post-17030","1":"post","2":"type-post","3":"status-publish","4":"format-standard","5":"has-post-thumbnail","7":"category-salud","8":"tag-aislamiento","9":"tag-cientificos","10":"tag-corazon","11":"tag-coronavirus","12":"tag-covid-19","13":"tag-diarrea","14":"tag-enfermedad","15":"tag-enfermedades","16":"tag-enfermedades-cardiovasculares","17":"tag-falla-cardiaca","18":"tag-infeccion","19":"tag-olfato","20":"tag-oxigeno","21":"tag-pandemia","22":"tag-sintomas","23":"tag-sintomas-de-covid-19","24":"tag-tapabocas"},"_links":{"self":[{"href":"http:\/\/www.javeriana.edu.co\/pesquisa\/wp-json\/wp\/v2\/posts\/17030","targetHints":{"allow":["GET"]}}],"collection":[{"href":"http:\/\/www.javeriana.edu.co\/pesquisa\/wp-json\/wp\/v2\/posts"}],"about":[{"href":"http:\/\/www.javeriana.edu.co\/pesquisa\/wp-json\/wp\/v2\/types\/post"}],"author":[{"embeddable":true,"href":"http:\/\/www.javeriana.edu.co\/pesquisa\/wp-json\/wp\/v2\/users\/27"}],"replies":[{"embeddable":true,"href":"http:\/\/www.javeriana.edu.co\/pesquisa\/wp-json\/wp\/v2\/comments?post=17030"}],"version-history":[{"count":2,"href":"http:\/\/www.javeriana.edu.co\/pesquisa\/wp-json\/wp\/v2\/posts\/17030\/revisions"}],"predecessor-version":[{"id":22049,"href":"http:\/\/www.javeriana.edu.co\/pesquisa\/wp-json\/wp\/v2\/posts\/17030\/revisions\/22049"}],"wp:featuredmedia":[{"embeddable":true,"href":"http:\/\/www.javeriana.edu.co\/pesquisa\/wp-json\/wp\/v2\/media\/22046"}],"wp:attachment":[{"href":"http:\/\/www.javeriana.edu.co\/pesquisa\/wp-json\/wp\/v2\/media?parent=17030"}],"wp:term":[{"taxonomy":"category","embeddable":true,"href":"http:\/\/www.javeriana.edu.co\/pesquisa\/wp-json\/wp\/v2\/categories?post=17030"},{"taxonomy":"post_tag","embeddable":true,"href":"http:\/\/www.javeriana.edu.co\/pesquisa\/wp-json\/wp\/v2\/tags?post=17030"}],"curies":[{"name":"wp","href":"https:\/\/api.w.org\/{rel}","templated":true}]}}