{"id":17114,"date":"2020-12-19T21:43:11","date_gmt":"2020-12-20T02:43:11","guid":{"rendered":"http:\/\/www.javeriana.edu.co\/pesquisa\/?p=17114"},"modified":"2022-06-21T18:10:58","modified_gmt":"2022-06-21T23:10:58","slug":"novedades-editoriales-10","status":"publish","type":"post","link":"http:\/\/www.javeriana.edu.co\/pesquisa\/novedades-editoriales-10\/","title":{"rendered":"Novedades editoriales"},"content":{"rendered":"<p><img fetchpriority=\"high\" decoding=\"async\" class=\"alignleft size-full wp-image-22033\" src=\"http:\/\/www.javeriana.edu.co\/pesquisa\/wp-content\/uploads\/2020\/12\/libro-ecosistemas-en-riesgo-colombianos.jpg\" alt=\"libro-ecosistemas-en-riesgo-colombianos\" width=\"250\" height=\"300\" srcset=\"http:\/\/www.javeriana.edu.co\/pesquisa\/wp-content\/uploads\/2020\/12\/libro-ecosistemas-en-riesgo-colombianos.jpg 250w, http:\/\/www.javeriana.edu.co\/pesquisa\/wp-content\/uploads\/2020\/12\/libro-ecosistemas-en-riesgo-colombianos-150x180.jpg 150w\" sizes=\"(max-width: 250px) 100vw, 250px\" \/><\/p>\n<p><strong>Territorio, planeaci\u00f3n y pol\u00edticas p\u00fablicas. Variaciones sobre un trinomio imperfecto.<\/strong><\/p>\n<p>Jean-Fran\u00e7ois Jolly (editor acad\u00e9mico). Editorial Pontificia Universidad Javeriana, 2020, 210 pp.<\/p>\n<p>En la b\u00fasqueda de construir puentes conceptuales entre campos del conocimiento, este libro responde a la pregunta de en qu\u00e9 medida el territorio es un medio o un producto de la acci\u00f3n p\u00fablica, como lo indica Jean-Fran\u00e7ois Jolly, su editor acad\u00e9mico. As\u00ed, se establece una relaci\u00f3n epistemol\u00f3gica entre los estudios arquitect\u00f3nicos y la planificaci\u00f3n urbana, para analizar sus pol\u00edticas de manera interrelacionada e interdisciplinaria. Los planteamientos y las formulaciones de diversos autores integran esta visi\u00f3n hol\u00edstica sobre las l\u00f3gicas, la organizaci\u00f3n de los actores y el espacio, a partir de las perspectivas de las ciencias pol\u00edticas y administrativas, de la geograf\u00eda y del ordenamiento territorial.<\/p>\n<p><img decoding=\"async\" class=\"alignleft size-full wp-image-22034\" src=\"http:\/\/www.javeriana.edu.co\/pesquisa\/wp-content\/uploads\/2020\/12\/comunicarnos-sin-dano-libro.jpg\" alt=\"comunicarnos-sin-dano-libro\" width=\"250\" height=\"300\" srcset=\"http:\/\/www.javeriana.edu.co\/pesquisa\/wp-content\/uploads\/2020\/12\/comunicarnos-sin-dano-libro.jpg 250w, http:\/\/www.javeriana.edu.co\/pesquisa\/wp-content\/uploads\/2020\/12\/comunicarnos-sin-dano-libro-150x180.jpg 150w\" sizes=\"(max-width: 250px) 100vw, 250px\" \/><\/p>\n<p>Carlos G\u00f3mez-Restrepo, Marisol Cano Busquets, Miriam Forero Ariza y Mar\u00eda Jos\u00e9 Sarmiento Su\u00e1rez. Editorial Pontificia Universidad Javeriana, 2020, 212 pp.<\/p>\n<p>En este libro se presenta una serie de reflexiones sobre los efectos de la comunicaci\u00f3n en los procesos de reconciliaci\u00f3n y en la salud mental de quienes consumen informaci\u00f3n, quienes la producen y quienes la protagonizan. As\u00ed mismo, se ofrece un c\u00famulo de recomendaciones para producir piezas comunicativas que propendan al bienestar general y a la reconciliaci\u00f3n, en situaciones como las emergencias de salud p\u00fablica, la protesta social, los asuntos de g\u00e9nero, la migraci\u00f3n, el racismo, el conflicto, el posconflicto y las historias de infancia y adolescencia. As\u00ed mismo, se tienen en cuenta aspectos transversales, como el uso del lenguaje, el contexto, el manejo de cifras e im\u00e1genes, la aproximaci\u00f3n a las fuentes, la dignificaci\u00f3n de las personas y el respeto a la privacidad.<\/p>\n<p><img decoding=\"async\" class=\"alignleft size-full wp-image-22035\" src=\"http:\/\/www.javeriana.edu.co\/pesquisa\/wp-content\/uploads\/2020\/12\/organizacion-social-de-ninos-ninas-y-adolescentes.jpg\" alt=\"organizacion-social-de-ninos-ninas-y-adolescentes\" width=\"250\" height=\"300\" srcset=\"http:\/\/www.javeriana.edu.co\/pesquisa\/wp-content\/uploads\/2020\/12\/organizacion-social-de-ninos-ninas-y-adolescentes.jpg 250w, http:\/\/www.javeriana.edu.co\/pesquisa\/wp-content\/uploads\/2020\/12\/organizacion-social-de-ninos-ninas-y-adolescentes-150x180.jpg 150w\" sizes=\"(max-width: 250px) 100vw, 250px\" \/><strong>La organizaci\u00f3n social del cuidado de ni\u00f1os, ni\u00f1as y adolescentes en Colombia. Experiencias urbanas.<\/strong><\/p>\n<p>Yolanda Puyana Villamizar, Amparo Hern\u00e1ndez Bello y Martha Luc\u00eda Guti\u00e9rrez Bonilla (editoras acad\u00e9micas). Editorial Pontificia Universidad Javeriana, 2020, 426 pp.<\/p>\n<p>Uno de los interrogantes m\u00e1s importantes en las crisis sociales y de salud, como la que enfrentamos en este momento, es el del cuidado: cuidarnos y cuidar al otro atraviesa nuestro comportamiento como criaturas sociales y, a su vez, forma parte del engranaje cultural. Es a trav\u00e9s del cuidado que establecemos puentes simb\u00f3licos y armamos la red que llamamos sociedad. Este libro explora la concepci\u00f3n social del cuidado, entendido como un trabajo con una potente acci\u00f3n transformadora dirigida a personas cuya vida y bienestar dependen de una atenci\u00f3n particularizada, continua y cotidiana. A partir de este planteamiento, se analizan las din\u00e1micas del cuidado de ni\u00f1os, ni\u00f1as y adolescentes en el contexto colombiano, en cinco ciudades: Bogot\u00e1, Bucaramanga, Cali, Cartagena y Medell\u00edn. Se perciben, entonces, unas pr\u00e1cticas y estrategias para la organizaci\u00f3n social del cuidado por parte del Estado, el mercado y, finalmente, las redes vecinales y las ONG.<\/p>\n<p><img loading=\"lazy\" decoding=\"async\" class=\"alignleft size-full wp-image-22036\" src=\"http:\/\/www.javeriana.edu.co\/pesquisa\/wp-content\/uploads\/2020\/12\/el-cine-como-maquina-libro.jpg\" alt=\"el-cine-como-maquina-libro\" width=\"250\" height=\"300\" srcset=\"http:\/\/www.javeriana.edu.co\/pesquisa\/wp-content\/uploads\/2020\/12\/el-cine-como-maquina-libro.jpg 250w, http:\/\/www.javeriana.edu.co\/pesquisa\/wp-content\/uploads\/2020\/12\/el-cine-como-maquina-libro-150x180.jpg 150w\" sizes=\"(max-width: 250px) 100vw, 250px\" \/><strong>El cine como m\u00e1quina de pensamiento y control. Aparatos, dispositivos y aut\u00f3matas.<\/strong><\/p>\n<p>Mauricio Dur\u00e1n Castro. Editorial Pontificia Universidad Javeriana, 2020, 190 pp.<\/p>\n<p>Tanto en su complejidad mec\u00e1nica como en su articulaci\u00f3n con el cuerpo social, el cine puede ser entendido como una m\u00e1quina que tiene la capacidad de representar y narrar el mundo y el ser humano, pero tambi\u00e9n puede ser visto como un aparato de control y sometimiento de hombres y mujeres, que vigila y registra todo desde cualquier lugar y momento o desde el poder hipn\u00f3tico de sus im\u00e1genes, capaz de mover las emociones de las masas. Pensar la posibilidad de una m\u00e1quina inteligente a partir de los dispositivos mec\u00e1nicos de percepci\u00f3n \u00f3ptica y auditiva permite no solo comparar y confrontar la m\u00e1quina con su productor, el ser humano, sino que tambi\u00e9n ayuda a estudiar estas relaciones como una expresi\u00f3n de las sociedades industriales. Mauricio Dur\u00e1n Castro examina en este libro la doble potencia del cine, como una creaci\u00f3n que le permite al hombre moderno ampliar su mirada cient\u00edfica y filos\u00f3fica y, a la vez, atrapar su inconsciente. De esta manera, el cine, con sus creadores y sus espectadores, es estudiado desde las ideas de m\u00e1quina de guerra, aparato de control, dispositivo de visi\u00f3n y aut\u00f3mata. Este acercamiento cr\u00edtico invita a revisar la obra de cineastas como Dziga V\u00e9rtov, Jean Epstein, Sergei Eisenstein, Alfred Hitchcock, Roberto Rossellini, Stanley Kubrick, Alain Resnais, Jean-Luc Godard, Harun Farocki o Chris Marker, a partir de las conceptualizaciones de importantes pensadores del siglo XX, como Gilles Deleuze, F\u00e9lix Guattari, Walter Benjamin, Michel Foucault, Giorgio Agamben y Henri Bergson.<\/p>\n<p style=\"text-align: right;\"><a href=\"http:\/\/www.javeriana.edu.co\/pesquisa\/una-cita-para-comprender-la-creacion-como-conocimiento\/\" rel=\"noopener\">\u00a0\u00a0<\/a><a href=\"http:\/\/www.javeriana.edu.co\/pesquisa\/seguimiento-a-fetos-para-prevenir-enfermedades-en-adultos\/\" rel=\"noopener\"><img loading=\"lazy\" decoding=\"async\" class=\"alignnone wp-image-17102\" src=\"http:\/\/www.javeriana.edu.co\/pesquisa\/wp-content\/uploads\/2020\/12\/BOT%C3%93N-ANTERIOR.png\" alt=\"\" width=\"66\" height=\"120\" \/><\/a><a href=\"http:\/\/www.javeriana.edu.co\/pesquisa\/edicion-53\" rel=\"noopener\">\u00a0<\/a><a href=\"http:\/\/www.javeriana.edu.co\/pesquisa\/edicion-54\" rel=\"noopener\"><img loading=\"lazy\" decoding=\"async\" class=\"alignnone wp-image-17104\" src=\"http:\/\/www.javeriana.edu.co\/pesquisa\/wp-content\/uploads\/2020\/12\/REGRESAR-A-P54.png\" alt=\"\" width=\"89\" height=\"120\" srcset=\"http:\/\/www.javeriana.edu.co\/pesquisa\/wp-content\/uploads\/2020\/12\/REGRESAR-A-P54.png 328w, http:\/\/www.javeriana.edu.co\/pesquisa\/wp-content\/uploads\/2020\/12\/REGRESAR-A-P54-222x300.png 222w, http:\/\/www.javeriana.edu.co\/pesquisa\/wp-content\/uploads\/2020\/12\/REGRESAR-A-P54-150x203.png 150w\" sizes=\"(max-width: 89px) 100vw, 89px\" \/><\/a><\/p>\n","protected":false},"excerpt":{"rendered":"<p>Rese\u00f1as de los libros: Territorio, planeaci\u00f3n y pol\u00edticas p\u00fablicas. Variaciones sobre un trinomio imperfecto, Comunicarnos sin da\u00f1o. Convivencia y salud mental, La organizaci\u00f3n social del cuidado de ni\u00f1os, ni\u00f1as y adolescentes en Colombia. Experiencias urbanas y El cine como m\u00e1quina de pensamiento y control. Aparatos, dispositivos y aut\u00f3matas.<\/p>\n","protected":false},"author":40,"featured_media":22025,"comment_status":"open","ping_status":"open","sticky":false,"template":"","format":"standard","meta":{"footnotes":""},"categories":[380,3695,2468],"tags":[1109,2469,1828,562],"class_list":{"0":"post-17114","1":"post","2":"type-post","3":"status-publish","4":"format-standard","5":"has-post-thumbnail","7":"category-pesquisa-impresa","8":"category-literatura","9":"category-pesquisa-54","10":"tag-editorial-javeriana","11":"tag-lanzamientos","12":"tag-libro","13":"tag-libros"},"_links":{"self":[{"href":"http:\/\/www.javeriana.edu.co\/pesquisa\/wp-json\/wp\/v2\/posts\/17114","targetHints":{"allow":["GET"]}}],"collection":[{"href":"http:\/\/www.javeriana.edu.co\/pesquisa\/wp-json\/wp\/v2\/posts"}],"about":[{"href":"http:\/\/www.javeriana.edu.co\/pesquisa\/wp-json\/wp\/v2\/types\/post"}],"author":[{"embeddable":true,"href":"http:\/\/www.javeriana.edu.co\/pesquisa\/wp-json\/wp\/v2\/users\/40"}],"replies":[{"embeddable":true,"href":"http:\/\/www.javeriana.edu.co\/pesquisa\/wp-json\/wp\/v2\/comments?post=17114"}],"version-history":[{"count":8,"href":"http:\/\/www.javeriana.edu.co\/pesquisa\/wp-json\/wp\/v2\/posts\/17114\/revisions"}],"predecessor-version":[{"id":26890,"href":"http:\/\/www.javeriana.edu.co\/pesquisa\/wp-json\/wp\/v2\/posts\/17114\/revisions\/26890"}],"wp:featuredmedia":[{"embeddable":true,"href":"http:\/\/www.javeriana.edu.co\/pesquisa\/wp-json\/wp\/v2\/media\/22025"}],"wp:attachment":[{"href":"http:\/\/www.javeriana.edu.co\/pesquisa\/wp-json\/wp\/v2\/media?parent=17114"}],"wp:term":[{"taxonomy":"category","embeddable":true,"href":"http:\/\/www.javeriana.edu.co\/pesquisa\/wp-json\/wp\/v2\/categories?post=17114"},{"taxonomy":"post_tag","embeddable":true,"href":"http:\/\/www.javeriana.edu.co\/pesquisa\/wp-json\/wp\/v2\/tags?post=17114"}],"curies":[{"name":"wp","href":"https:\/\/api.w.org\/{rel}","templated":true}]}}