{"id":17191,"date":"2020-12-22T11:56:22","date_gmt":"2020-12-22T16:56:22","guid":{"rendered":"http:\/\/www.javeriana.edu.co\/pesquisa\/?p=17191"},"modified":"2022-05-16T11:55:53","modified_gmt":"2022-05-16T16:55:53","slug":"guacharos-sembradores-de-arboles-amazonicos","status":"publish","type":"post","link":"http:\/\/www.javeriana.edu.co\/pesquisa\/guacharos-sembradores-de-arboles-amazonicos\/","title":{"rendered":"Gu\u00e1charos, sembradores de \u00e1rboles amaz\u00f3nicos"},"content":{"rendered":"<p>Los gu\u00e1charos son curiosos, audaces y tienen un poderoso olfato. Viven en cuevas o criptas, y aunque no son murci\u00e9lagos, s\u00ed comparten un mismo poder: la ecolocalizaci\u00f3n para ubicarse en su h\u00e1bitat. Se trata del ave de las cavernas o p\u00e1jaro aceitoso, popular por su capacidad de consumir frutos de hasta cinco cent\u00edmetros de longitud. Esta cualidad lo convierte en un dispersor ideal de semillas de gran tama\u00f1o y un instrumento de conservaci\u00f3n de la biodiversidad de la Amazon\u00eda, una regi\u00f3n que entre enero y marzo de 2020 sufri\u00f3 la deforestaci\u00f3n de cerca de 64.000 hect\u00e1reas de bosque, de acuerdo con el <a href=\"https:\/\/documentacion.ideam.gov.co\/openbiblio\/bvirtual\/023892\/23BOLETIN_AT.pdf\" target=\"_blank\" rel=\"noopener\">Instituto de Hidrolog\u00eda, Meteorolog\u00eda y Estudios Ambientales (Ideam).<\/a><\/p>\n<blockquote><p>El gu\u00e1charo fue descrito por Alexander von Humboldt en la Cueva del Gu\u00e1charo, en Caripe (Venezuela), durante su viaje a Sudam\u00e9rica en 1799.<\/p><\/blockquote>\n<p>Con el fin de conocer cu\u00e1les son los h\u00e1bitats m\u00e1s visitados por estas aves, qu\u00e9 uso les dan a los ecosistemas en los que se mueven e identificar la relaci\u00f3n entre su movimiento y la dispersi\u00f3n de semillas, Sasha C\u00e1rdenas, mag\u00edster en Conservaci\u00f3n y Uso de Biodiversidad de la Pontificia Universidad Javeriana, desarroll\u00f3 un proyecto de investigaci\u00f3n entre 2017 y 2019, con la direcci\u00f3n de <a href=\"https:\/\/scienti.minciencias.gov.co\/cvlac\/visualizador\/generarCurriculoCv.do?cod_rh=0000428159\" target=\"_blank\" rel=\"noopener\">Mar\u00eda \u00c1ngela Echeverry<\/a>-Galvis, profesora de la <a href=\"https:\/\/fear.javeriana.edu.co\" target=\"_blank\" rel=\"noopener\">Facultad de Estudios Ambientales y Rurales<\/a> de la misma universidad, y con la colaboraci\u00f3n de funcionarios de Parques Nacionales Naturales de Colombia.<\/p>\n<p>\u201cLos gu\u00e1charos pueden pasar tres, cuatro o cinco d\u00edas fuera de las cuevas buscando alimento; ellos solo est\u00e1n muy amarrados a las cavernas cuando cr\u00edan porque all\u00ed est\u00e1n sus nidos, probablemente porque en estas zonas se reducen las tasas de depredaci\u00f3n\u201d, describe Mar\u00eda \u00c1ngela Echeverry-Galvis, quien es directora de la <a href=\"https:\/\/www.javeriana.edu.co\/maestria-conservacion-y-uso-de-biodiversidad\">Maestr\u00eda en Conservaci\u00f3n y Uso de Biodiversidad <\/a>de la Universidad Javeriana.<\/p>\n<p>El <a href=\"https:\/\/www.parquesnacionales.gov.co\/portal\/es\/ecoturismo\/region-andina\/parque-nacional-natural-cueva-de-los-guacharos\/\" target=\"_blank\" rel=\"noopener\">Parque Nacional Natural Cueva de los Gu\u00e1charos<\/a>, ubicado en los departamentos del Huila y Caquet\u00e1, fue el lugar elegido por C\u00e1rdenas para la implementaci\u00f3n de su investigaci\u00f3n. El primer paso fue identificar los h\u00e1bitos diarios de estas aves y para ello ubic\u00f3 GPS en siete de ellas con la intenci\u00f3n de rastrear sus movimientos, comprender su relaci\u00f3n con los ecosistemas que habitan e identificar la altitud en la que permanecen.<\/p>\n<p>Luego de d\u00edas de seguimiento y rastreo, C\u00e1rdenas hall\u00f3 que estos p\u00e1jaros alcanzan distancias de hasta 55 km en busca de alimento, en especial de los frutos de los aguacatillos\u00a0(<em>Persea caerulea<\/em>), un \u00e1rbol propio de Suram\u00e9rica, reconocido por su abultado follaje, grandes bayas color verde oliva y tronco robusto que les permite a las bandadas de gu\u00e1charos asentarse sobre ellos.<\/p>\n<blockquote><p>Estudios colombianos y venezolanos sugieren que los gu\u00e1charos recorren largas distancias, llegando a volar fuera de las cuevas entre 40 km y 300 km diarios.<\/p><\/blockquote>\n<p>Asimismo, esta bi\u00f3loga encontr\u00f3 que una vez las aves est\u00e1n fuera de su cueva, prefieren moverse en alturas que oscilan entre 500 m y 2.000 m y sus ecosistemas predilectos son los bosques densos de tierra firme, lo que involucra zonas donde hoy hay cultivos de caf\u00e9 y cacao con \u00e1rboles de gran tama\u00f1o, tambi\u00e9n conocidos como cafetales o cacaotales con sombr\u00edo.<\/p>\n<p>\u201cNosotros tenemos una hip\u00f3tesis: al haber \u00e1rboles con troncos grandes, los gu\u00e1charos no tienen que pasar la noche solos, dado que estos troncos pueden soportar muchos individuos\u201d, puntualiza Echeverry-Galvis, quien tambi\u00e9n es una apasionada por el avistamiento de aves, en especial de las rapaces y las grallarias o tororois.<\/p>\n<figure id=\"attachment_22000\" aria-describedby=\"caption-attachment-22000\" style=\"width: 600px\" class=\"wp-caption aligncenter\"><img fetchpriority=\"high\" decoding=\"async\" class=\"wp-image-22000 size-full\" src=\"http:\/\/www.javeriana.edu.co\/pesquisa\/wp-content\/uploads\/2020\/12\/caripensis-scollazos.jpg\" alt=\"\" width=\"600\" height=\"454\" srcset=\"http:\/\/www.javeriana.edu.co\/pesquisa\/wp-content\/uploads\/2020\/12\/caripensis-scollazos.jpg 600w, http:\/\/www.javeriana.edu.co\/pesquisa\/wp-content\/uploads\/2020\/12\/caripensis-scollazos-300x227.jpg 300w, http:\/\/www.javeriana.edu.co\/pesquisa\/wp-content\/uploads\/2020\/12\/caripensis-scollazos-150x114.jpg 150w, http:\/\/www.javeriana.edu.co\/pesquisa\/wp-content\/uploads\/2020\/12\/caripensis-scollazos-450x341.jpg 450w\" sizes=\"(max-width: 600px) 100vw, 600px\" \/><figcaption id=\"caption-attachment-22000\" class=\"wp-caption-text\">Steatornis caripensis. Fotograf\u00eda: Sergio Collazos.<\/figcaption><\/figure>\n<h3><strong>Los aspersores de semillas en el sur de los Andes<\/strong><\/h3>\n<p>De acuerdo con el Ideam, en Colombia se deforestaron cerca de 158.894 hect\u00e1reas de bosque en 2019, de las cuales 62 % correspond\u00edan a la regi\u00f3n amaz\u00f3nica. Con esta informaci\u00f3n y ante el hist\u00f3rico porcentaje de p\u00e9rdida de cobertura boscosa en este territorio durante 2018 -cerca del 70 %-, C\u00e1rdenas se pregunt\u00f3 si los gu\u00e1charos podr\u00edan jugar un papel importante para la dispersi\u00f3n de semillas en bosques fragmentados con el fin de regenerar estos ecosistemas.<\/p>\n<p>Ella se dedic\u00f3 a averiguar qu\u00e9 tipos de semillas consumen los gu\u00e1charos, identificar su calidad y capacidad de germinaci\u00f3n despu\u00e9s de pasar por el tracto digestivo del ave e identificar las zonas donde dispersan las semillas a trav\u00e9s sus deposiciones. Para lograr estos objetivos, el equipo investigativo instal\u00f3 seis trampas cerca de las paredes de la cueva principal del PNN La Cueva de los Gu\u00e1charos, con el fin de recoger las semillas que depositaban all\u00ed. Esto les permiti\u00f3 identificar no solo nueve diferentes tipos de frutos, que posteriormente pasaron por un proceso de monitoreo de seis a diez meses, sino tambi\u00e9n un 98 % de \u00e9xito en su germinaci\u00f3n en algunas de ellas.<\/p>\n<p>Y luego, \u00a1Eureka! Result\u00f3 que dos de las nueve semillas de los \u00e1rboles que germinaron se encuentran en categor\u00eda de riesgo de extinci\u00f3n: la palmera <em><a href=\"https:\/\/catalogoplantasdecolombia.unal.edu.co\/es\/resultados\/especie\/Geonoma%20undata\/\" target=\"_blank\" rel=\"noopener\">Geonoma undate<\/a><\/em> y el \u00e1rbol <em><a href=\"https:\/\/herbariovaa.org\/taxa\/index.php?taxon=23845\" target=\"_blank\" rel=\"noopener\">Ocotea rugosa<\/a><\/em>, apetecidos por la industria maderera. Ante este hallazgo y luego de identificar que estas aves se mueven en un rango de unos 5.000 km<sup>2<\/sup> pasando noches fuera de la cueva, fue posible concluir que los gu\u00e1charos tienen el potencial para cumplir un papel importante en la dispersi\u00f3n de semillas de gran tama\u00f1o, tanto para aquellas que est\u00e1n en peligro, las cuales en contextos de tala selectiva son m\u00e1s afectadas, como para especies comunes que son importantes elementos de paisajes amaz\u00f3nicos.<\/p>\n<blockquote><p>Una cueva de gu\u00e1charos puede contener cerca de 100.000 individuos, en promedio.<\/p><\/blockquote>\n<p>A pesar de que la investigaci\u00f3n finaliz\u00f3 en 2019, con este hallazgo el trabajo hasta ahora inicia. As\u00ed, el llamado es a comprender que los gu\u00e1charos son sembradores de la Amazon\u00eda y si se pierde este territorio, se desaparecen los servicios ecosist\u00e9micos. Adem\u00e1s, cabe tener en cuenta que la conservaci\u00f3n de los Parques Nacionales no solo corresponde a su territorio interno, tambi\u00e9n hay influencia de estas reservas al exterior de sus fronteras.<\/p>\n<p>\u201cA futuro quisi\u00e9ramos ponerles m\u00e1s telemetr\u00eda a gu\u00e1charos, ver qu\u00e9 otros sitios ocupan e identificar si pueden llegar m\u00e1s lejos. Adem\u00e1s, desear\u00edamos establecer viveros para las semillas que caen en las cuevas, con el fin de que puedan ser plantas que nos ayuden en procesos de reforestaci\u00f3n\u201d, concluye Mar\u00eda \u00c1ngela Echeverry-Galvis.<\/p>\n","protected":false},"excerpt":{"rendered":"<p>Estas aves de las cavernas son el medio ecol\u00f3gico ideal para conservar la biodiversidad del paisaje amaz\u00f3nico y un veh\u00edculo natural para la dispersi\u00f3n de semillas de dos \u00e1rboles que actualmente est\u00e1n riesgo de extinci\u00f3n.<\/p>\n","protected":false},"author":39,"featured_media":21997,"comment_status":"open","ping_status":"open","sticky":false,"template":"","format":"standard","meta":{"footnotes":""},"categories":[376],"tags":[1176,513,527,62,445,2120,1695,902,740,1020,697,2333,2470,2415,2229,111,901],"class_list":{"0":"post-17191","1":"post","2":"type-post","3":"status-publish","4":"format-standard","5":"has-post-thumbnail","7":"category-ambiente","8":"tag-amazonia","9":"tag-aves","10":"tag-avistamiento","11":"tag-biodiversidad","12":"tag-conservacion","13":"tag-cultivos","14":"tag-deforestacion","15":"tag-dispersion","16":"tag-ecosistema","17":"tag-ecosistemas","18":"tag-especies","19":"tag-extincion","20":"tag-guacharos","21":"tag-parques-nacionales","22":"tag-reforestacion","23":"tag-riesgo-de-extincion","24":"tag-semillas"},"_links":{"self":[{"href":"http:\/\/www.javeriana.edu.co\/pesquisa\/wp-json\/wp\/v2\/posts\/17191","targetHints":{"allow":["GET"]}}],"collection":[{"href":"http:\/\/www.javeriana.edu.co\/pesquisa\/wp-json\/wp\/v2\/posts"}],"about":[{"href":"http:\/\/www.javeriana.edu.co\/pesquisa\/wp-json\/wp\/v2\/types\/post"}],"author":[{"embeddable":true,"href":"http:\/\/www.javeriana.edu.co\/pesquisa\/wp-json\/wp\/v2\/users\/39"}],"replies":[{"embeddable":true,"href":"http:\/\/www.javeriana.edu.co\/pesquisa\/wp-json\/wp\/v2\/comments?post=17191"}],"version-history":[{"count":6,"href":"http:\/\/www.javeriana.edu.co\/pesquisa\/wp-json\/wp\/v2\/posts\/17191\/revisions"}],"predecessor-version":[{"id":22004,"href":"http:\/\/www.javeriana.edu.co\/pesquisa\/wp-json\/wp\/v2\/posts\/17191\/revisions\/22004"}],"wp:featuredmedia":[{"embeddable":true,"href":"http:\/\/www.javeriana.edu.co\/pesquisa\/wp-json\/wp\/v2\/media\/21997"}],"wp:attachment":[{"href":"http:\/\/www.javeriana.edu.co\/pesquisa\/wp-json\/wp\/v2\/media?parent=17191"}],"wp:term":[{"taxonomy":"category","embeddable":true,"href":"http:\/\/www.javeriana.edu.co\/pesquisa\/wp-json\/wp\/v2\/categories?post=17191"},{"taxonomy":"post_tag","embeddable":true,"href":"http:\/\/www.javeriana.edu.co\/pesquisa\/wp-json\/wp\/v2\/tags?post=17191"}],"curies":[{"name":"wp","href":"https:\/\/api.w.org\/{rel}","templated":true}]}}